{"id":941,"date":"2013-02-11T11:30:08","date_gmt":"2013-02-11T17:30:08","guid":{"rendered":"https:\/\/tecnicashablarenpublico.com\/blog\/?p=941"},"modified":"2015-10-02T12:53:38","modified_gmt":"2015-10-02T18:53:38","slug":"como-hablar-en-publico-5-claves-para-hablar-y-expresarte-mejor","status":"publish","type":"post","link":"https:\/\/tecnicashablarenpublico.com\/blog\/como-hablar-en-publico-5-claves-para-hablar-y-expresarte-mejor\/","title":{"rendered":"C\u00f3mo Hablar En P\u00fablico | 5 Claves para Hablar y Expresarte Mejor"},"content":{"rendered":"<figure id=\"attachment_955\" aria-describedby=\"caption-attachment-955\" style=\"width: 260px\" class=\"wp-caption alignleft\"><a href=\"https:\/\/tecnicashablarenpublico.com\/\"><img decoding=\"async\" data-attachment-id=\"955\" data-permalink=\"https:\/\/tecnicashablarenpublico.com\/blog\/como-hablar-en-publico-5-claves-para-hablar-y-expresarte-mejor\/como-hablar-en-publico-5-claves-para-hablar-y-expresarte-mejor-2\/\" data-orig-file=\"https:\/\/i0.wp.com\/tecnicashablarenpublico.com\/blog\/wp-content\/uploads\/2013\/02\/como-hablar-en-publico-5-claves-para-hablar-y-expresarte-mejor.jpg?fit=320%2C368&amp;ssl=1\" data-orig-size=\"320,368\" data-comments-opened=\"0\" data-image-meta=\"{&quot;aperture&quot;:&quot;0&quot;,&quot;credit&quot;:&quot;&quot;,&quot;camera&quot;:&quot;&quot;,&quot;caption&quot;:&quot;&quot;,&quot;created_timestamp&quot;:&quot;0&quot;,&quot;copyright&quot;:&quot;&quot;,&quot;focal_length&quot;:&quot;0&quot;,&quot;iso&quot;:&quot;0&quot;,&quot;shutter_speed&quot;:&quot;0&quot;,&quot;title&quot;:&quot;&quot;}\" data-image-title=\"C\u00f3mo Hablar En P\u00fablico | 5 Claves para Hablar y Expresarte Mejor\" data-image-description=\"&lt;p&gt;C\u00f3mo Hablar En P\u00fablico | 5 Claves para Hablar y Expresarte Mejor&lt;\/p&gt;\n\" data-image-caption=\"&lt;p&gt;C\u00f3mo Hablar En P\u00fablico&lt;\/p&gt;\n\" data-large-file=\"https:\/\/i0.wp.com\/tecnicashablarenpublico.com\/blog\/wp-content\/uploads\/2013\/02\/como-hablar-en-publico-5-claves-para-hablar-y-expresarte-mejor.jpg?fit=320%2C368&amp;ssl=1\" class=\"size-medium wp-image-955 lazyload\" alt=\"C\u00f3mo Hablar En P\u00fablico | 5 Claves para Hablar y Expresarte Mejor\" src=\"data:image\/gif;base64,R0lGODlhAQABAIAAAAAAAP\/\/\/yH5BAEAAAAALAAAAAABAAEAAAIBRAA7\" data-src=\"https:\/\/tecnicashablarenpublico.com\/blog\/wp-content\/uploads\/2013\/02\/como-hablar-en-publico-5-claves-para-hablar-y-expresarte-mejor-260x300.jpg\" width=\"260\" height=\"300\" \/><figcaption id=\"caption-attachment-955\" class=\"wp-caption-text\"><noscript><img data-recalc-dims=\"1\" decoding=\"async\" data-attachment-id=\"955\" data-permalink=\"https:\/\/tecnicashablarenpublico.com\/blog\/como-hablar-en-publico-5-claves-para-hablar-y-expresarte-mejor\/como-hablar-en-publico-5-claves-para-hablar-y-expresarte-mejor-2\/\" data-orig-file=\"https:\/\/i0.wp.com\/tecnicashablarenpublico.com\/blog\/wp-content\/uploads\/2013\/02\/como-hablar-en-publico-5-claves-para-hablar-y-expresarte-mejor.jpg?fit=320%2C368&amp;ssl=1\" data-orig-size=\"320,368\" data-comments-opened=\"0\" data-image-meta=\"{&quot;aperture&quot;:&quot;0&quot;,&quot;credit&quot;:&quot;&quot;,&quot;camera&quot;:&quot;&quot;,&quot;caption&quot;:&quot;&quot;,&quot;created_timestamp&quot;:&quot;0&quot;,&quot;copyright&quot;:&quot;&quot;,&quot;focal_length&quot;:&quot;0&quot;,&quot;iso&quot;:&quot;0&quot;,&quot;shutter_speed&quot;:&quot;0&quot;,&quot;title&quot;:&quot;&quot;}\" data-image-title=\"C\u00f3mo Hablar En P\u00fablico | 5 Claves para Hablar y Expresarte Mejor\" data-image-description=\"&lt;p&gt;C\u00f3mo Hablar En P\u00fablico | 5 Claves para Hablar y Expresarte Mejor&lt;\/p&gt;\n\" data-image-caption=\"&lt;p&gt;C\u00f3mo Hablar En P\u00fablico&lt;\/p&gt;\n\" data-large-file=\"https:\/\/i0.wp.com\/tecnicashablarenpublico.com\/blog\/wp-content\/uploads\/2013\/02\/como-hablar-en-publico-5-claves-para-hablar-y-expresarte-mejor.jpg?fit=320%2C368&amp;ssl=1\" class=\"size-medium wp-image-955 lazyload\" alt=\"C\u00f3mo Hablar En P\u00fablico | 5 Claves para Hablar y Expresarte Mejor\" src=\"https:\/\/i0.wp.com\/tecnicashablarenpublico.com\/blog\/wp-content\/uploads\/2013\/02\/como-hablar-en-publico-5-claves-para-hablar-y-expresarte-mejor.jpg?fit=260%2C300&ssl=1\" width=\"260\" height=\"300\" \/><\/noscript><\/a> C\u00f3mo Hablar En P\u00fablico<\/figcaption><\/figure>\n<p>\u00bfTe gustar\u00eda aprender a expresarte mejor al <strong>Hablar en P\u00fablico<\/strong>? \u00bfQuieres saber <strong><em>C\u00f3mo Hablar Mejor<\/em><\/strong> en P\u00fablico?<\/p>\n<p>A continuaci\u00f3n voy a compartir contigo las <span style=\"text-decoration: underline;\">5 claves principales<\/span> para hablar y expresarte mejor&#8230;<\/p>\n<p>Si aplicas al menos 2 de ellas en tu pr\u00f3xima presentaci\u00f3n, notar\u00e1s como te es mucho m\u00e1s f\u00e1cil expresarte, <strong>hablar tranquilo<\/strong> y lograr que la gente te entienda.<\/p>\n<p>Lo m\u00e1s importante que tienes que hacer para realizar una presentaci\u00f3n exitosa es dise\u00f1ar tu contenido, preparar tu mensaje y <strong><em>divertirte<\/em><\/strong>.<\/p>\n<p>Por eso es necesario que te tomes en cuenta las siguientes 5 claves al prepararte y presentarte:<\/p>\n<p><strong>1. Claridad Primero.<\/strong><\/p>\n<p>La pregunta m\u00e1s importante que debes responder antes de empezar a preparar tu presentaci\u00f3n es: <em><span style=\"text-decoration: underline;\">\u00bfQu\u00e9 es lo que quieres transmitir?<\/span><\/em><\/p>\n<p>Desarrolla en ti esa claridad de comprensi\u00f3n sobre tu tema, el enfoque que le vas a dar y a donde quieres llegar.<\/p>\n<p><strong>2. M\u00e1s ejemplos, menos explicaci\u00f3n.<\/strong><\/p>\n<p>La teor\u00eda, el an\u00e1lisis y el exceso de explicaciones aburren a la gente. Ellos prefieren los <strong><span style=\"text-decoration: underline;\">casos pr\u00e1cticos<\/span><\/strong>.<\/p>\n<p>Por ejemplo, si vas a hablar de c\u00f3mo aprender a vender mejor, no es tan efectivo ense\u00f1ar teor\u00edas, t\u00e9cnicas o f\u00f3rmulas de ventas. Lo mejor ser\u00eda mostrar ejemplos pr\u00e1cticos de c\u00f3mo vender, c\u00f3mo hablar y c\u00f3mo reaccionar en cada una de las diferentes situaciones, y mejor a\u00fan si haces peque\u00f1os ejercicios haciendo que tus alumnos vendan algo imaginario a sus compa\u00f1eros.<\/p>\n<p><strong>3. Lenguaje Sencillo.<\/strong><\/p>\n<p>Est\u00e1 comprobado que tiene m\u00e1s impacto el vocabulario <span style=\"text-decoration: underline;\">sencillo y simple<\/span>. Recuerda que lo importante es la pasi\u00f3n que le inyectas a tus palabras, y no el grado de perfecci\u00f3n gramatical de tu discurso.<\/p>\n<p>Est\u00e1s preparando una <em><strong>presentaci\u00f3n en p\u00fablico<\/strong><\/em> no est\u00e1s escribiendo un libro ni un ensayo cient\u00edfico.<\/p>\n<p><a align=\"center\" title=\"Como Hablar en Publico\" href=\"http:\/\/comohablarenpublico.me\" target=\"_blank\"><img decoding=\"async\" data-attachment-id=\"2057\" data-permalink=\"https:\/\/tecnicashablarenpublico.com\/blog\/palabras-de-agradecimiento-oratoria-practica\/como_hablar_en_publico_victor_toscano-compressor\/\" data-orig-file=\"https:\/\/i0.wp.com\/tecnicashablarenpublico.com\/blog\/wp-content\/uploads\/2014\/11\/como_hablar_en_publico_victor_toscano-compressor.png?fit=300%2C169&amp;ssl=1\" data-orig-size=\"300,169\" data-comments-opened=\"0\" data-image-meta=\"{&quot;aperture&quot;:&quot;0&quot;,&quot;credit&quot;:&quot;&quot;,&quot;camera&quot;:&quot;&quot;,&quot;caption&quot;:&quot;&quot;,&quot;created_timestamp&quot;:&quot;0&quot;,&quot;copyright&quot;:&quot;&quot;,&quot;focal_length&quot;:&quot;0&quot;,&quot;iso&quot;:&quot;0&quot;,&quot;shutter_speed&quot;:&quot;0&quot;,&quot;title&quot;:&quot;&quot;}\" data-image-title=\"como_hablar_en_publico_victor_toscano-compressor\" data-image-description=\"\" data-image-caption=\"\" data-large-file=\"https:\/\/i0.wp.com\/tecnicashablarenpublico.com\/blog\/wp-content\/uploads\/2014\/11\/como_hablar_en_publico_victor_toscano-compressor.png?fit=300%2C169&amp;ssl=1\" class=\"aligncenter wp-image-2057 size-full lazyload\" align=\"center\" title=\"como hablar en publico\" alt=\"como hablar en publico\" src=\"data:image\/gif;base64,R0lGODlhAQABAIAAAAAAAP\/\/\/yH5BAEAAAAALAAAAAABAAEAAAIBRAA7\" data-src=\"https:\/\/tecnicashablarenpublico.com\/blog\/wp-content\/uploads\/2014\/11\/como_hablar_en_publico_victor_toscano-compressor.png\" alt=\"como_hablar_en_publico_victor_toscano-compressor\" width=\"300\" height=\"169\" \/><noscript><img data-recalc-dims=\"1\" decoding=\"async\" data-attachment-id=\"2057\" data-permalink=\"https:\/\/tecnicashablarenpublico.com\/blog\/palabras-de-agradecimiento-oratoria-practica\/como_hablar_en_publico_victor_toscano-compressor\/\" data-orig-file=\"https:\/\/i0.wp.com\/tecnicashablarenpublico.com\/blog\/wp-content\/uploads\/2014\/11\/como_hablar_en_publico_victor_toscano-compressor.png?fit=300%2C169&amp;ssl=1\" data-orig-size=\"300,169\" data-comments-opened=\"0\" data-image-meta=\"{&quot;aperture&quot;:&quot;0&quot;,&quot;credit&quot;:&quot;&quot;,&quot;camera&quot;:&quot;&quot;,&quot;caption&quot;:&quot;&quot;,&quot;created_timestamp&quot;:&quot;0&quot;,&quot;copyright&quot;:&quot;&quot;,&quot;focal_length&quot;:&quot;0&quot;,&quot;iso&quot;:&quot;0&quot;,&quot;shutter_speed&quot;:&quot;0&quot;,&quot;title&quot;:&quot;&quot;}\" data-image-title=\"como_hablar_en_publico_victor_toscano-compressor\" data-image-description=\"\" data-image-caption=\"\" data-large-file=\"https:\/\/i0.wp.com\/tecnicashablarenpublico.com\/blog\/wp-content\/uploads\/2014\/11\/como_hablar_en_publico_victor_toscano-compressor.png?fit=300%2C169&amp;ssl=1\" class=\"aligncenter wp-image-2057 size-full lazyload\" align=\"center\" title=\"como hablar en publico\" alt=\"como hablar en publico\" src=\"https:\/\/i0.wp.com\/tecnicashablarenpublico.com\/blog\/wp-content\/uploads\/2014\/11\/como_hablar_en_publico_victor_toscano-compressor.png?fit=300%2C169&ssl=1\" alt=\"como_hablar_en_publico_victor_toscano-compressor\" width=\"300\" height=\"169\" \/><\/noscript><\/a><\/p>\n<address style=\"text-align: center;\"><a title=\"Como Hablar en Publico\" href=\"http:\/\/comohablarenpublico.me\" target=\"_blank\">&gt;&gt; Haz Click Aqu\u00ed Para Aprender C\u00f3mo Hablar en P\u00fablico<\/a><\/address>\n<p><strong>4. Directo al punto.<\/strong><\/p>\n<p>No trates de hablar mucho, sino de entregar el mensaje correcto sin rodeos. Preg\u00fantate: <strong><em>\u00bfC\u00f3mo puedo hablar menos y decir m\u00e1s?<\/em><\/strong><\/p>\n<p>Lo mejor que puedes hacer es preparar de dos a cuatro frases de introducci\u00f3n al tema que te permitan captar la atenci\u00f3n del p\u00fablico, y luego entrar a la parte importante del tema sin perder m\u00e1s tiempo.<\/p>\n<p><strong>5. Tu Estado Emocional.<\/strong><\/p>\n<p>No es lo mismo hablar de felicidad cuando est\u00e1s deprimido que hacerlo en un momento en que te sientes lleno de euforia.<\/p>\n<p>Es por eso que debes de dise\u00f1ar primero cu\u00e1les son <span style=\"text-decoration: underline;\"><em>las emociones que quieres transmitir<\/em><\/span> a las personas, y despu\u00e9s, propiciar en ti el estado emocional adecuado, antes de empezar a hablar. Recuerda que saber hablar y expresarte bien no se trata s\u00f3lo de transmitir informaci\u00f3n, sino tambi\u00e9n, emociones.<\/p>\n<p>He visto muchas presentaciones llenas de teor\u00eda in\u00fatil, con demasiado contenido, sin un mensaje claro, con lenguaje dif\u00edcil de entender y que no proyectan ninguna emoci\u00f3n. A\u00fan as\u00ed se preguntan <strong><span style=\"text-decoration: underline;\">c\u00f3mo puedo hablar mejor en p\u00fablico<\/span><\/strong>.<\/p>\n<p>Para que no te pase eso a ti, ponte las pilas al hablar en p\u00fablico, y aplica estas 5 claves para hablar y expresarte mejor\u00a0que acabo de compartir contigo.<\/p>\n<p>En este art\u00edculo espero haber respondido tu pregunta sobre como hablar en p\u00fablico y expresarte mejor.<\/p>\n<p><iframe class=\"lazyload\" data-src=\"https:\/\/www.youtube.com\/embed\/PmFuykM643c?rel=0&amp;theme=light&amp;autohide=1&amp;showinfo=0&amp;html5=true&amp;controls=1&amp;autoplay=0&amp;modestbranding=1\" width=\"640\" height=\"360\" frameborder=\"0\" allowfullscreen=\"allowfullscreen\"><\/iframe><\/p>\n<p>Si deseas m\u00e1s informaci\u00f3n al respecto, mira este video:\u00a0<b id=\"internal-source-marker_0.6890056156553328\">\u2192\u00a0<a href=\"https:\/\/tecnicashablarenpublico.com\/\">https:\/\/tecnicashablarenpublico.com<\/a><\/b><\/p>\n<p><strong>V\u00edctor Toscano<\/strong><br \/>\n<a href=\"https:\/\/tecnicashablarenpublico.com\/\" target=\"_blank\">TecnicasHablarEnPublico.com<\/a><\/p>\n<p><em><strong>P.D: Si te parece \u00fatil esta informaci\u00f3n, por favor haz clic en \u201cGoogle +1\u201d y comp\u00e1rtelo en \u00abFacebook\u00bb y \u201cTwitter\u201d. \u00a1Muchas Gracias!<\/strong><\/em><\/p>\n","protected":false},"excerpt":{"rendered":"<p>\u00bfTe gustar\u00eda aprender a expresarte mejor al Hablar en P\u00fablico? \u00bfQuieres saber C\u00f3mo Hablar Mejor en P\u00fablico? A continuaci\u00f3n voy a compartir contigo las 5 claves principales para hablar y expresarte mejor&#8230; Si aplicas al menos 2 de ellas en tu pr\u00f3xima presentaci\u00f3n, notar\u00e1s como te es mucho m\u00e1s f\u00e1cil expresarte, hablar tranquilo y lograr [&hellip;]<\/p>\n","protected":false},"author":1,"featured_media":0,"comment_status":"open","ping_status":"closed","sticky":false,"template":"","format":"standard","meta":{"jetpack_post_was_ever_published":false,"_jetpack_newsletter_access":"","_jetpack_dont_email_post_to_subs":false,"_jetpack_newsletter_tier_id":0,"_jetpack_memberships_contains_paywalled_content":false,"_jetpack_memberships_contains_paid_content":false,"footnotes":"","jetpack_publicize_message":"","jetpack_publicize_feature_enabled":true,"jetpack_social_post_already_shared":true,"jetpack_social_options":{"image_generator_settings":{"template":"highway","default_image_id":0,"font":"","enabled":false},"version":2}},"categories":[35,33,32],"tags":[9,39,41,6,23,4],"class_list":["post-941","post","type-post","status-publish","format-standard","hentry","category-aprender-a-hablar-en-publico","category-como-aprender-oratoria","category-como-hablar-en-publico-2","tag-como-agradar-a-tu-publico","tag-como-aprender-oratoria-2","tag-como-controlar-los-nervios-al-hablar","tag-como-hablar-en-publico","tag-como-hablar-en-publico-sin-nervios","tag-hablar-en-publico","post-wrapper","thrv_wrapper"],"yoast_head":"<!-- This site is optimized with the Yoast SEO plugin v27.5 - https:\/\/yoast.com\/product\/yoast-seo-wordpress\/ -->\n<title>C\u00f3mo Hablar En P\u00fablico | 5 Claves para Hablar y Expresarte Mejor - TecnicasHablarEnPublico.Com<\/title>\n<meta name=\"robots\" content=\"index, follow, max-snippet:-1, max-image-preview:large, max-video-preview:-1\" \/>\n<link rel=\"canonical\" href=\"https:\/\/tecnicashablarenpublico.com\/blog\/como-hablar-en-publico-5-claves-para-hablar-y-expresarte-mejor\/\" \/>\n<meta property=\"og:locale\" content=\"es_ES\" \/>\n<meta property=\"og:type\" content=\"article\" \/>\n<meta property=\"og:title\" content=\"C\u00f3mo Hablar En P\u00fablico | 5 Claves para Hablar y Expresarte Mejor - TecnicasHablarEnPublico.Com\" \/>\n<meta property=\"og:description\" content=\"\u00bfTe gustar\u00eda aprender a expresarte mejor al Hablar en P\u00fablico? \u00bfQuieres saber C\u00f3mo Hablar Mejor en P\u00fablico? A continuaci\u00f3n voy a compartir contigo las 5 claves principales para hablar y expresarte mejor&#8230; Si aplicas al menos 2 de ellas en tu pr\u00f3xima presentaci\u00f3n, notar\u00e1s como te es mucho m\u00e1s f\u00e1cil expresarte, hablar tranquilo y lograr [&hellip;]\" \/>\n<meta property=\"og:url\" content=\"https:\/\/tecnicashablarenpublico.com\/blog\/como-hablar-en-publico-5-claves-para-hablar-y-expresarte-mejor\/\" \/>\n<meta property=\"og:site_name\" content=\"TecnicasHablarEnPublico.Com\" \/>\n<meta property=\"article:publisher\" content=\"https:\/\/www.facebook.com\/VictorToscanoOficial\/\" \/>\n<meta property=\"article:author\" content=\"https:\/\/www.facebook.com\/victortoscanooficial\" \/>\n<meta property=\"article:published_time\" content=\"2013-02-11T17:30:08+00:00\" \/>\n<meta property=\"article:modified_time\" content=\"2015-10-02T18:53:38+00:00\" \/>\n<meta property=\"og:image\" content=\"https:\/\/tecnicashablarenpublico.com\/blog\/wp-content\/uploads\/2013\/02\/como-hablar-en-publico-5-claves-para-hablar-y-expresarte-mejor-260x300.jpg\" \/>\n<meta name=\"author\" content=\"Victor Toscano T V\" \/>\n<meta name=\"twitter:card\" content=\"summary_large_image\" \/>\n<meta name=\"twitter:creator\" content=\"@_victortoscano\" \/>\n<meta name=\"twitter:label1\" content=\"Escrito por\" \/>\n\t<meta name=\"twitter:data1\" content=\"Victor Toscano T V\" \/>\n\t<meta name=\"twitter:label2\" content=\"Tiempo de lectura\" \/>\n\t<meta name=\"twitter:data2\" content=\"3 minutos\" \/>\n<script type=\"application\/ld+json\" class=\"yoast-schema-graph\">{\"@context\":\"https:\\\/\\\/schema.org\",\"@graph\":[{\"@type\":\"Article\",\"@id\":\"https:\\\/\\\/tecnicashablarenpublico.com\\\/blog\\\/como-hablar-en-publico-5-claves-para-hablar-y-expresarte-mejor\\\/#article\",\"isPartOf\":{\"@id\":\"https:\\\/\\\/tecnicashablarenpublico.com\\\/blog\\\/como-hablar-en-publico-5-claves-para-hablar-y-expresarte-mejor\\\/\"},\"author\":{\"name\":\"Victor Toscano T V\",\"@id\":\"https:\\\/\\\/tecnicashablarenpublico.com\\\/blog\\\/#\\\/schema\\\/person\\\/f6a96b9bb773de8f08f84e4d6e6cf28f\"},\"headline\":\"C\u00f3mo Hablar En P\u00fablico | 5 Claves para Hablar y Expresarte Mejor\",\"datePublished\":\"2013-02-11T17:30:08+00:00\",\"dateModified\":\"2015-10-02T18:53:38+00:00\",\"mainEntityOfPage\":{\"@id\":\"https:\\\/\\\/tecnicashablarenpublico.com\\\/blog\\\/como-hablar-en-publico-5-claves-para-hablar-y-expresarte-mejor\\\/\"},\"wordCount\":637,\"commentCount\":5446,\"publisher\":{\"@id\":\"https:\\\/\\\/tecnicashablarenpublico.com\\\/blog\\\/#organization\"},\"image\":{\"@id\":\"https:\\\/\\\/tecnicashablarenpublico.com\\\/blog\\\/como-hablar-en-publico-5-claves-para-hablar-y-expresarte-mejor\\\/#primaryimage\"},\"thumbnailUrl\":\"https:\\\/\\\/tecnicashablarenpublico.com\\\/blog\\\/wp-content\\\/uploads\\\/2013\\\/02\\\/como-hablar-en-publico-5-claves-para-hablar-y-expresarte-mejor-260x300.jpg\",\"keywords\":[\"como agradar a tu publico\",\"como aprender oratoria\",\"como controlar los nervios al hablar\",\"como hablar en publico\",\"como hablar en publico sin nervios\",\"hablar en publico\"],\"articleSection\":[\"Aprender a Hablar en Publico\",\"Como Aprender Oratoria\",\"Como Hablar en Publico\"],\"inLanguage\":\"es\"},{\"@type\":\"WebPage\",\"@id\":\"https:\\\/\\\/tecnicashablarenpublico.com\\\/blog\\\/como-hablar-en-publico-5-claves-para-hablar-y-expresarte-mejor\\\/\",\"url\":\"https:\\\/\\\/tecnicashablarenpublico.com\\\/blog\\\/como-hablar-en-publico-5-claves-para-hablar-y-expresarte-mejor\\\/\",\"name\":\"C\u00f3mo Hablar En P\u00fablico | 5 Claves para Hablar y Expresarte Mejor - TecnicasHablarEnPublico.Com\",\"isPartOf\":{\"@id\":\"https:\\\/\\\/tecnicashablarenpublico.com\\\/blog\\\/#website\"},\"primaryImageOfPage\":{\"@id\":\"https:\\\/\\\/tecnicashablarenpublico.com\\\/blog\\\/como-hablar-en-publico-5-claves-para-hablar-y-expresarte-mejor\\\/#primaryimage\"},\"image\":{\"@id\":\"https:\\\/\\\/tecnicashablarenpublico.com\\\/blog\\\/como-hablar-en-publico-5-claves-para-hablar-y-expresarte-mejor\\\/#primaryimage\"},\"thumbnailUrl\":\"https:\\\/\\\/tecnicashablarenpublico.com\\\/blog\\\/wp-content\\\/uploads\\\/2013\\\/02\\\/como-hablar-en-publico-5-claves-para-hablar-y-expresarte-mejor-260x300.jpg\",\"datePublished\":\"2013-02-11T17:30:08+00:00\",\"dateModified\":\"2015-10-02T18:53:38+00:00\",\"breadcrumb\":{\"@id\":\"https:\\\/\\\/tecnicashablarenpublico.com\\\/blog\\\/como-hablar-en-publico-5-claves-para-hablar-y-expresarte-mejor\\\/#breadcrumb\"},\"inLanguage\":\"es\",\"potentialAction\":[{\"@type\":\"ReadAction\",\"target\":[\"https:\\\/\\\/tecnicashablarenpublico.com\\\/blog\\\/como-hablar-en-publico-5-claves-para-hablar-y-expresarte-mejor\\\/\"]}]},{\"@type\":\"ImageObject\",\"inLanguage\":\"es\",\"@id\":\"https:\\\/\\\/tecnicashablarenpublico.com\\\/blog\\\/como-hablar-en-publico-5-claves-para-hablar-y-expresarte-mejor\\\/#primaryimage\",\"url\":\"https:\\\/\\\/i0.wp.com\\\/tecnicashablarenpublico.com\\\/blog\\\/wp-content\\\/uploads\\\/2013\\\/02\\\/como-hablar-en-publico-5-claves-para-hablar-y-expresarte-mejor.jpg?fit=320%2C368&ssl=1\",\"contentUrl\":\"https:\\\/\\\/i0.wp.com\\\/tecnicashablarenpublico.com\\\/blog\\\/wp-content\\\/uploads\\\/2013\\\/02\\\/como-hablar-en-publico-5-claves-para-hablar-y-expresarte-mejor.jpg?fit=320%2C368&ssl=1\",\"width\":320,\"height\":368,\"caption\":\"C\u00f3mo Hablar En P\u00fablico\"},{\"@type\":\"BreadcrumbList\",\"@id\":\"https:\\\/\\\/tecnicashablarenpublico.com\\\/blog\\\/como-hablar-en-publico-5-claves-para-hablar-y-expresarte-mejor\\\/#breadcrumb\",\"itemListElement\":[{\"@type\":\"ListItem\",\"position\":1,\"name\":\"Portada\",\"item\":\"https:\\\/\\\/tecnicashablarenpublico.com\\\/blog\\\/\"},{\"@type\":\"ListItem\",\"position\":2,\"name\":\"C\u00f3mo Hablar En P\u00fablico | 5 Claves para Hablar y Expresarte Mejor\"}]},{\"@type\":\"WebSite\",\"@id\":\"https:\\\/\\\/tecnicashablarenpublico.com\\\/blog\\\/#website\",\"url\":\"https:\\\/\\\/tecnicashablarenpublico.com\\\/blog\\\/\",\"name\":\"TecnicasHablarEnPublico.Com\",\"description\":\"Blog\",\"publisher\":{\"@id\":\"https:\\\/\\\/tecnicashablarenpublico.com\\\/blog\\\/#organization\"},\"potentialAction\":[{\"@type\":\"SearchAction\",\"target\":{\"@type\":\"EntryPoint\",\"urlTemplate\":\"https:\\\/\\\/tecnicashablarenpublico.com\\\/blog\\\/?s={search_term_string}\"},\"query-input\":{\"@type\":\"PropertyValueSpecification\",\"valueRequired\":true,\"valueName\":\"search_term_string\"}}],\"inLanguage\":\"es\"},{\"@type\":\"Organization\",\"@id\":\"https:\\\/\\\/tecnicashablarenpublico.com\\\/blog\\\/#organization\",\"name\":\"TecnicasHablarEnPublico\",\"url\":\"https:\\\/\\\/tecnicashablarenpublico.com\\\/blog\\\/\",\"logo\":{\"@type\":\"ImageObject\",\"inLanguage\":\"es\",\"@id\":\"https:\\\/\\\/tecnicashablarenpublico.com\\\/blog\\\/#\\\/schema\\\/logo\\\/image\\\/\",\"url\":\"https:\\\/\\\/i0.wp.com\\\/tecnicashablarenpublico.com\\\/blog\\\/wp-content\\\/uploads\\\/2014\\\/11\\\/logo_cuadrado.png?fit=286%2C255&ssl=1\",\"contentUrl\":\"https:\\\/\\\/i0.wp.com\\\/tecnicashablarenpublico.com\\\/blog\\\/wp-content\\\/uploads\\\/2014\\\/11\\\/logo_cuadrado.png?fit=286%2C255&ssl=1\",\"width\":286,\"height\":255,\"caption\":\"TecnicasHablarEnPublico\"},\"image\":{\"@id\":\"https:\\\/\\\/tecnicashablarenpublico.com\\\/blog\\\/#\\\/schema\\\/logo\\\/image\\\/\"},\"sameAs\":[\"https:\\\/\\\/www.facebook.com\\\/VictorToscanoOficial\\\/\"]},{\"@type\":\"Person\",\"@id\":\"https:\\\/\\\/tecnicashablarenpublico.com\\\/blog\\\/#\\\/schema\\\/person\\\/f6a96b9bb773de8f08f84e4d6e6cf28f\",\"name\":\"Victor Toscano T V\",\"image\":{\"@type\":\"ImageObject\",\"inLanguage\":\"es\",\"@id\":\"https:\\\/\\\/secure.gravatar.com\\\/avatar\\\/e45c6f1f2986615bd1357fd094a24ab45a2ce7ca867817458fbebca30cd78e46?s=96&d=mm&r=g\",\"url\":\"https:\\\/\\\/secure.gravatar.com\\\/avatar\\\/e45c6f1f2986615bd1357fd094a24ab45a2ce7ca867817458fbebca30cd78e46?s=96&d=mm&r=g\",\"contentUrl\":\"https:\\\/\\\/secure.gravatar.com\\\/avatar\\\/e45c6f1f2986615bd1357fd094a24ab45a2ce7ca867817458fbebca30cd78e46?s=96&d=mm&r=g\",\"caption\":\"Victor Toscano T V\"},\"description\":\"Un apasionado en el tema de Hablar en P\u00fablico y el Crecimiento Personal, que pas\u00f3 de \\\"t\u00edmido\\\" a Conferencista Internacional en menos de dos a\u00f1os.\",\"sameAs\":[\"http:\\\/\\\/www.tecnicashablarenpublico.com\",\"https:\\\/\\\/www.facebook.com\\\/victortoscanooficial\",\"http:\\\/\\\/mx.linkedin.com\\\/in\\\/victortoscano\\\/\",\"http:\\\/\\\/www.pinterest.com\\\/victortoscano\\\/\",\"https:\\\/\\\/x.com\\\/_victortoscano\",\"http:\\\/\\\/victortoscano.com.mx\\\/youtube\"],\"url\":\"https:\\\/\\\/tecnicashablarenpublico.com\\\/blog\\\/author\\\/vict26\\\/\"}]}<\/script>\n<!-- \/ Yoast SEO plugin. -->","yoast_head_json":{"title":"C\u00f3mo Hablar En P\u00fablico | 5 Claves para Hablar y Expresarte Mejor - TecnicasHablarEnPublico.Com","robots":{"index":"index","follow":"follow","max-snippet":"max-snippet:-1","max-image-preview":"max-image-preview:large","max-video-preview":"max-video-preview:-1"},"canonical":"https:\/\/tecnicashablarenpublico.com\/blog\/como-hablar-en-publico-5-claves-para-hablar-y-expresarte-mejor\/","og_locale":"es_ES","og_type":"article","og_title":"C\u00f3mo Hablar En P\u00fablico | 5 Claves para Hablar y Expresarte Mejor - TecnicasHablarEnPublico.Com","og_description":"\u00bfTe gustar\u00eda aprender a expresarte mejor al Hablar en P\u00fablico? \u00bfQuieres saber C\u00f3mo Hablar Mejor en P\u00fablico? A continuaci\u00f3n voy a compartir contigo las 5 claves principales para hablar y expresarte mejor&#8230; Si aplicas al menos 2 de ellas en tu pr\u00f3xima presentaci\u00f3n, notar\u00e1s como te es mucho m\u00e1s f\u00e1cil expresarte, hablar tranquilo y lograr [&hellip;]","og_url":"https:\/\/tecnicashablarenpublico.com\/blog\/como-hablar-en-publico-5-claves-para-hablar-y-expresarte-mejor\/","og_site_name":"TecnicasHablarEnPublico.Com","article_publisher":"https:\/\/www.facebook.com\/VictorToscanoOficial\/","article_author":"https:\/\/www.facebook.com\/victortoscanooficial","article_published_time":"2013-02-11T17:30:08+00:00","article_modified_time":"2015-10-02T18:53:38+00:00","og_image":[{"url":"https:\/\/tecnicashablarenpublico.com\/blog\/wp-content\/uploads\/2013\/02\/como-hablar-en-publico-5-claves-para-hablar-y-expresarte-mejor-260x300.jpg","type":"","width":"","height":""}],"author":"Victor Toscano T V","twitter_card":"summary_large_image","twitter_creator":"@_victortoscano","twitter_misc":{"Escrito por":"Victor Toscano T V","Tiempo de lectura":"3 minutos"},"schema":{"@context":"https:\/\/schema.org","@graph":[{"@type":"Article","@id":"https:\/\/tecnicashablarenpublico.com\/blog\/como-hablar-en-publico-5-claves-para-hablar-y-expresarte-mejor\/#article","isPartOf":{"@id":"https:\/\/tecnicashablarenpublico.com\/blog\/como-hablar-en-publico-5-claves-para-hablar-y-expresarte-mejor\/"},"author":{"name":"Victor Toscano T V","@id":"https:\/\/tecnicashablarenpublico.com\/blog\/#\/schema\/person\/f6a96b9bb773de8f08f84e4d6e6cf28f"},"headline":"C\u00f3mo Hablar En P\u00fablico | 5 Claves para Hablar y Expresarte Mejor","datePublished":"2013-02-11T17:30:08+00:00","dateModified":"2015-10-02T18:53:38+00:00","mainEntityOfPage":{"@id":"https:\/\/tecnicashablarenpublico.com\/blog\/como-hablar-en-publico-5-claves-para-hablar-y-expresarte-mejor\/"},"wordCount":637,"commentCount":5446,"publisher":{"@id":"https:\/\/tecnicashablarenpublico.com\/blog\/#organization"},"image":{"@id":"https:\/\/tecnicashablarenpublico.com\/blog\/como-hablar-en-publico-5-claves-para-hablar-y-expresarte-mejor\/#primaryimage"},"thumbnailUrl":"https:\/\/tecnicashablarenpublico.com\/blog\/wp-content\/uploads\/2013\/02\/como-hablar-en-publico-5-claves-para-hablar-y-expresarte-mejor-260x300.jpg","keywords":["como agradar a tu publico","como aprender oratoria","como controlar los nervios al hablar","como hablar en publico","como hablar en publico sin nervios","hablar en publico"],"articleSection":["Aprender a Hablar en Publico","Como Aprender Oratoria","Como Hablar en Publico"],"inLanguage":"es"},{"@type":"WebPage","@id":"https:\/\/tecnicashablarenpublico.com\/blog\/como-hablar-en-publico-5-claves-para-hablar-y-expresarte-mejor\/","url":"https:\/\/tecnicashablarenpublico.com\/blog\/como-hablar-en-publico-5-claves-para-hablar-y-expresarte-mejor\/","name":"C\u00f3mo Hablar En P\u00fablico | 5 Claves para Hablar y Expresarte Mejor - TecnicasHablarEnPublico.Com","isPartOf":{"@id":"https:\/\/tecnicashablarenpublico.com\/blog\/#website"},"primaryImageOfPage":{"@id":"https:\/\/tecnicashablarenpublico.com\/blog\/como-hablar-en-publico-5-claves-para-hablar-y-expresarte-mejor\/#primaryimage"},"image":{"@id":"https:\/\/tecnicashablarenpublico.com\/blog\/como-hablar-en-publico-5-claves-para-hablar-y-expresarte-mejor\/#primaryimage"},"thumbnailUrl":"https:\/\/tecnicashablarenpublico.com\/blog\/wp-content\/uploads\/2013\/02\/como-hablar-en-publico-5-claves-para-hablar-y-expresarte-mejor-260x300.jpg","datePublished":"2013-02-11T17:30:08+00:00","dateModified":"2015-10-02T18:53:38+00:00","breadcrumb":{"@id":"https:\/\/tecnicashablarenpublico.com\/blog\/como-hablar-en-publico-5-claves-para-hablar-y-expresarte-mejor\/#breadcrumb"},"inLanguage":"es","potentialAction":[{"@type":"ReadAction","target":["https:\/\/tecnicashablarenpublico.com\/blog\/como-hablar-en-publico-5-claves-para-hablar-y-expresarte-mejor\/"]}]},{"@type":"ImageObject","inLanguage":"es","@id":"https:\/\/tecnicashablarenpublico.com\/blog\/como-hablar-en-publico-5-claves-para-hablar-y-expresarte-mejor\/#primaryimage","url":"https:\/\/i0.wp.com\/tecnicashablarenpublico.com\/blog\/wp-content\/uploads\/2013\/02\/como-hablar-en-publico-5-claves-para-hablar-y-expresarte-mejor.jpg?fit=320%2C368&ssl=1","contentUrl":"https:\/\/i0.wp.com\/tecnicashablarenpublico.com\/blog\/wp-content\/uploads\/2013\/02\/como-hablar-en-publico-5-claves-para-hablar-y-expresarte-mejor.jpg?fit=320%2C368&ssl=1","width":320,"height":368,"caption":"C\u00f3mo Hablar En P\u00fablico"},{"@type":"BreadcrumbList","@id":"https:\/\/tecnicashablarenpublico.com\/blog\/como-hablar-en-publico-5-claves-para-hablar-y-expresarte-mejor\/#breadcrumb","itemListElement":[{"@type":"ListItem","position":1,"name":"Portada","item":"https:\/\/tecnicashablarenpublico.com\/blog\/"},{"@type":"ListItem","position":2,"name":"C\u00f3mo Hablar En P\u00fablico | 5 Claves para Hablar y Expresarte Mejor"}]},{"@type":"WebSite","@id":"https:\/\/tecnicashablarenpublico.com\/blog\/#website","url":"https:\/\/tecnicashablarenpublico.com\/blog\/","name":"TecnicasHablarEnPublico.Com","description":"Blog","publisher":{"@id":"https:\/\/tecnicashablarenpublico.com\/blog\/#organization"},"potentialAction":[{"@type":"SearchAction","target":{"@type":"EntryPoint","urlTemplate":"https:\/\/tecnicashablarenpublico.com\/blog\/?s={search_term_string}"},"query-input":{"@type":"PropertyValueSpecification","valueRequired":true,"valueName":"search_term_string"}}],"inLanguage":"es"},{"@type":"Organization","@id":"https:\/\/tecnicashablarenpublico.com\/blog\/#organization","name":"TecnicasHablarEnPublico","url":"https:\/\/tecnicashablarenpublico.com\/blog\/","logo":{"@type":"ImageObject","inLanguage":"es","@id":"https:\/\/tecnicashablarenpublico.com\/blog\/#\/schema\/logo\/image\/","url":"https:\/\/i0.wp.com\/tecnicashablarenpublico.com\/blog\/wp-content\/uploads\/2014\/11\/logo_cuadrado.png?fit=286%2C255&ssl=1","contentUrl":"https:\/\/i0.wp.com\/tecnicashablarenpublico.com\/blog\/wp-content\/uploads\/2014\/11\/logo_cuadrado.png?fit=286%2C255&ssl=1","width":286,"height":255,"caption":"TecnicasHablarEnPublico"},"image":{"@id":"https:\/\/tecnicashablarenpublico.com\/blog\/#\/schema\/logo\/image\/"},"sameAs":["https:\/\/www.facebook.com\/VictorToscanoOficial\/"]},{"@type":"Person","@id":"https:\/\/tecnicashablarenpublico.com\/blog\/#\/schema\/person\/f6a96b9bb773de8f08f84e4d6e6cf28f","name":"Victor Toscano T V","image":{"@type":"ImageObject","inLanguage":"es","@id":"https:\/\/secure.gravatar.com\/avatar\/e45c6f1f2986615bd1357fd094a24ab45a2ce7ca867817458fbebca30cd78e46?s=96&d=mm&r=g","url":"https:\/\/secure.gravatar.com\/avatar\/e45c6f1f2986615bd1357fd094a24ab45a2ce7ca867817458fbebca30cd78e46?s=96&d=mm&r=g","contentUrl":"https:\/\/secure.gravatar.com\/avatar\/e45c6f1f2986615bd1357fd094a24ab45a2ce7ca867817458fbebca30cd78e46?s=96&d=mm&r=g","caption":"Victor Toscano T V"},"description":"Un apasionado en el tema de Hablar en P\u00fablico y el Crecimiento Personal, que pas\u00f3 de \"t\u00edmido\" a Conferencista Internacional en menos de dos a\u00f1os.","sameAs":["http:\/\/www.tecnicashablarenpublico.com","https:\/\/www.facebook.com\/victortoscanooficial","http:\/\/mx.linkedin.com\/in\/victortoscano\/","http:\/\/www.pinterest.com\/victortoscano\/","https:\/\/x.com\/_victortoscano","http:\/\/victortoscano.com.mx\/youtube"],"url":"https:\/\/tecnicashablarenpublico.com\/blog\/author\/vict26\/"}]}},"jetpack_publicize_connections":[],"jetpack_featured_media_url":"","jetpack_shortlink":"https:\/\/wp.me\/p338RC-fb","jetpack-related-posts":[{"id":951,"url":"https:\/\/tecnicashablarenpublico.com\/blog\/curso-de-oratoria-gratis-aprendiendo-a-hablar-en-publico\/","url_meta":{"origin":941,"position":0},"title":"Curso De Oratoria GRATIS &#8211; Aprendiendo A Hablar En P\u00fablico","author":"Victor Toscano T V","date":"14\/02\/2013","format":false,"excerpt":"Hace aproximadamente un mes decid\u00ed grabar 4 VIDEOS donde explico varias t\u00e9cnicas para Hablar en P\u00fablico... Aunque originalmente ten\u00eda pensado ponerlos a la venta como parte de mi nuevo curso de oratoria online, decid\u00ed permitir el acceso Gratis a ellos. Para mi sorpresa, fueron todo un \u00c9xito cuando los publiqu\u00e9\u2026","rel":"","context":"En \u00abAprender a Hablar en Publico\u00bb","block_context":{"text":"Aprender a Hablar en Publico","link":"https:\/\/tecnicashablarenpublico.com\/blog\/category\/aprender-a-hablar-en-publico\/"},"img":{"alt_text":"Curso De Oratoria GRATIS - Aprendiendo A Hablar En P\u00fablico","src":"https:\/\/i0.wp.com\/optimizacionpaginasmedia.s3.amazonaws.com\/2020\/05\/curso-de-oratoria-gratis-aprender-a-hablar-en-publico.jpg?fit=900%2C550&ssl=1&resize=350%2C200","width":350,"height":200,"srcset":"https:\/\/i0.wp.com\/optimizacionpaginasmedia.s3.amazonaws.com\/2020\/05\/curso-de-oratoria-gratis-aprender-a-hablar-en-publico.jpg?fit=900%2C550&ssl=1&resize=350%2C200 1x, https:\/\/i0.wp.com\/optimizacionpaginasmedia.s3.amazonaws.com\/2020\/05\/curso-de-oratoria-gratis-aprender-a-hablar-en-publico.jpg?fit=900%2C550&ssl=1&resize=525%2C300 1.5x, https:\/\/i0.wp.com\/optimizacionpaginasmedia.s3.amazonaws.com\/2020\/05\/curso-de-oratoria-gratis-aprender-a-hablar-en-publico.jpg?fit=900%2C550&ssl=1&resize=700%2C400 2x"},"classes":[]},{"id":2177,"url":"https:\/\/tecnicashablarenpublico.com\/blog\/como-hablar-en-publico-como-un-profesional-sin-miedo-y-sin-nervios-descarga-gratis-libro-pdf\/","url_meta":{"origin":941,"position":1},"title":"C\u00f3mo Hablar en P\u00fablico Como Un Profesional: Sin Miedo y Sin Nervios | Descarga Gratis Libro PDF","author":"Victor Toscano T V","date":"24\/06\/2015","format":false,"excerpt":"\u00bfC\u00f3mo Hablar en P\u00fablico? C\u00f3mo Hablar en P\u00fablico Sin Miedo y Sin Nervios. Descarga Gratis este Libro en PDF por V\u00edctor Toscano, y Accede al Curso de Oratoria Moderna Online... https:\/\/youtu.be\/WuxxwXEW06Q Descarga GRATIS este Libro en PDF de C\u00f3mo Hablar en P\u00fablico por V\u00edctor Toscano y Accede sin costo al\u2026","rel":"","context":"En \u00abComo Hablar en Publico\u00bb","block_context":{"text":"Como Hablar en Publico","link":"https:\/\/tecnicashablarenpublico.com\/blog\/category\/como-hablar-en-publico-2\/"},"img":{"alt_text":"Como hablar en p\u00fablico sin miedo y controlar los nervios","src":"https:\/\/i0.wp.com\/optimizacionpaginasmedia.s3.amazonaws.com\/2020\/05\/como-hablar-en-publico-sin-miedo-y-controlar-los-nervios.jpg?fit=900%2C550&ssl=1&resize=350%2C200","width":350,"height":200,"srcset":"https:\/\/i0.wp.com\/optimizacionpaginasmedia.s3.amazonaws.com\/2020\/05\/como-hablar-en-publico-sin-miedo-y-controlar-los-nervios.jpg?fit=900%2C550&ssl=1&resize=350%2C200 1x, https:\/\/i0.wp.com\/optimizacionpaginasmedia.s3.amazonaws.com\/2020\/05\/como-hablar-en-publico-sin-miedo-y-controlar-los-nervios.jpg?fit=900%2C550&ssl=1&resize=525%2C300 1.5x, https:\/\/i0.wp.com\/optimizacionpaginasmedia.s3.amazonaws.com\/2020\/05\/como-hablar-en-publico-sin-miedo-y-controlar-los-nervios.jpg?fit=900%2C550&ssl=1&resize=700%2C400 2x"},"classes":[]},{"id":864,"url":"https:\/\/tecnicashablarenpublico.com\/blog\/como-aumentar-y-modular-la-voz-para-hablar-mas-fuerte\/","url_meta":{"origin":941,"position":2},"title":"C\u00f3mo Aumentar Y Modular La Voz Para Hablar M\u00e1s Fuerte","author":"Victor Toscano T V","date":"21\/01\/2013","format":false,"excerpt":"Como Modular Y Dar FUERZA A Tu Voz Esto que te voy a ense\u00f1ar aqu\u00ed, te permitir\u00e1\u00a0hablar en p\u00fablico\u00a0con\u00a0una voz m\u00e1s fuerte, potente y modulada. La\u00a0voz d\u00e9bil\u00a0que nadie escucha, la que es\u00a0mon\u00f3tona, la que\u00a0NO est\u00e1 bien modulada\u00a0y la que\u00a0NO\u00a0transmite\u00a0convicci\u00f3n, es el principal problema de quienes desean hablar bien en p\u00fablico...\u2026","rel":"","context":"En \u00abAprender a Hablar en Publico\u00bb","block_context":{"text":"Aprender a Hablar en Publico","link":"https:\/\/tecnicashablarenpublico.com\/blog\/category\/aprender-a-hablar-en-publico\/"},"img":{"alt_text":"C\u00f3mo Aumentar Y Modular La Voz Para Hablar M\u00e1s Fuerte","src":"https:\/\/i0.wp.com\/optimizacionpaginasmedia.s3.amazonaws.com\/2020\/05\/como-aumentar-y-modular-la-voz-para-hablar-mas-fuerte.jpg?fit=900%2C550&ssl=1&resize=350%2C200","width":350,"height":200,"srcset":"https:\/\/i0.wp.com\/optimizacionpaginasmedia.s3.amazonaws.com\/2020\/05\/como-aumentar-y-modular-la-voz-para-hablar-mas-fuerte.jpg?fit=900%2C550&ssl=1&resize=350%2C200 1x, https:\/\/i0.wp.com\/optimizacionpaginasmedia.s3.amazonaws.com\/2020\/05\/como-aumentar-y-modular-la-voz-para-hablar-mas-fuerte.jpg?fit=900%2C550&ssl=1&resize=525%2C300 1.5x, https:\/\/i0.wp.com\/optimizacionpaginasmedia.s3.amazonaws.com\/2020\/05\/como-aumentar-y-modular-la-voz-para-hablar-mas-fuerte.jpg?fit=900%2C550&ssl=1&resize=700%2C400 2x"},"classes":[]},{"id":1240,"url":"https:\/\/tecnicashablarenpublico.com\/blog\/curso-como-hablar-en-publico-en-guadalajara-mexico-taller-presencial\/","url_meta":{"origin":941,"position":3},"title":"Curso Como Hablar en P\u00fablico en Guadalajara, M\u00e9xico (TALLER PRESENCIAL) &#8211; Te Enviamos Capacitaci\u00f3n","author":"Victor Toscano T V","date":"03\/06\/2013","format":false,"excerpt":"\u00bfTe gustar\u00eda Aprender a Hablar en P\u00fablico y Conseguir un Mejor Trabajo?\u00bfNecesitas un Curso de Comunicaci\u00f3n para los Empleados de tu Empresa?\u00bfQuieres Aprender a Usar Mejor tu Voz y Proyectar Seguridad y Convicci\u00f3n? Curso-Taller: \u201cComunicaci\u00f3n Efectiva\u201d Este curso tiene como objetivo ayudar en el desarrollo de habilidades efectivas de comunicaci\u00f3n\u2026","rel":"","context":"En \u00abComo Hablar en Publico\u00bb","block_context":{"text":"Como Hablar en Publico","link":"https:\/\/tecnicashablarenpublico.com\/blog\/category\/como-hablar-en-publico-2\/"},"img":{"alt_text":"CURSO: Como Hablar en P\u00fablico en Guadalajara, M\u00e9xico (taller presencial de comunicaci\u00f3n efectiva)","src":"https:\/\/i0.wp.com\/optimizacionpaginasmedia.s3.amazonaws.com\/2020\/05\/curso-como-hablar-en-publico-en-guadalajara-mexico-taller-presencial-1.jpg?fit=900%2C550&ssl=1&resize=350%2C200","width":350,"height":200,"srcset":"https:\/\/i0.wp.com\/optimizacionpaginasmedia.s3.amazonaws.com\/2020\/05\/curso-como-hablar-en-publico-en-guadalajara-mexico-taller-presencial-1.jpg?fit=900%2C550&ssl=1&resize=350%2C200 1x, https:\/\/i0.wp.com\/optimizacionpaginasmedia.s3.amazonaws.com\/2020\/05\/curso-como-hablar-en-publico-en-guadalajara-mexico-taller-presencial-1.jpg?fit=900%2C550&ssl=1&resize=525%2C300 1.5x, https:\/\/i0.wp.com\/optimizacionpaginasmedia.s3.amazonaws.com\/2020\/05\/curso-como-hablar-en-publico-en-guadalajara-mexico-taller-presencial-1.jpg?fit=900%2C550&ssl=1&resize=700%2C400 2x"},"classes":[]},{"id":820,"url":"https:\/\/tecnicashablarenpublico.com\/blog\/tecnica-para-dominar-los-nervios-al-hablar-en-publico-6\/","url_meta":{"origin":941,"position":4},"title":"T\u00e9cnica Para Dominar Los Nervios Al Hablar En P\u00fablico #6","author":"Victor Toscano T V","date":"16\/01\/2013","format":false,"excerpt":"\u00a0 [headline_arial_medium_centered color=\"#aa0000\"]\"Utiliza Material De Apoyo\"[\/headline_arial_medium_centered] El material de apoyo hace m\u00e1s f\u00e1cil para tu p\u00fablico prestar atenci\u00f3n y\u00a0aumenta tu confianza como expositor. Hace que sea pr\u00e1cticamente imposible que olvides tus puntos principales. Si no est\u00e1s seguro del punto siguiente, s\u00f3lo necesitas revisar el material de apoyo que sigue. Adem\u00e1s,\u2026","rel":"","context":"En \u00abAprender a Hablar en Publico\u00bb","block_context":{"text":"Aprender a Hablar en Publico","link":"https:\/\/tecnicashablarenpublico.com\/blog\/category\/aprender-a-hablar-en-publico\/"},"img":{"alt_text":"","src":"https:\/\/i0.wp.com\/tecnicashablarenpublico.com\/blog\/wp-content\/themes\/OptimizePress\/images\/large-signupnow.png?resize=350%2C200&ssl=1","width":350,"height":200},"classes":[]},{"id":1202,"url":"https:\/\/tecnicashablarenpublico.com\/blog\/como-memorizar-tu-tema-al-hablar-en-publico-o-video\/","url_meta":{"origin":941,"position":5},"title":"C\u00f3mo Memorizar tu Tema al Hablar en P\u00fablico o Video","author":"Victor Toscano T V","date":"13\/05\/2013","format":false,"excerpt":"\u00bfTe ha pasado que a la mitad de tu EXPOSICI\u00d3N de alg\u00fan tema, se te olvida lo que vas a decir? Mira este video y descubre mi secreto para recordarlo: Te reto a poner en pr\u00e1ctica esto que acabas de aprender en este video y comprobar los resultados por ti\u2026","rel":"","context":"En \u00abComo Hablar en Publico\u00bb","block_context":{"text":"Como Hablar en Publico","link":"https:\/\/tecnicashablarenpublico.com\/blog\/category\/como-hablar-en-publico-2\/"},"img":{"alt_text":"como hablar en publico","src":"https:\/\/i0.wp.com\/tecnicashablarenpublico.com\/blog\/wp-content\/uploads\/2014\/11\/como_hablar_en_publico_victor_toscano-compressor.png?resize=350%2C200&ssl=1","width":350,"height":200},"classes":[]}],"jetpack_sharing_enabled":true,"_links":{"self":[{"href":"https:\/\/tecnicashablarenpublico.com\/blog\/wp-json\/wp\/v2\/posts\/941","targetHints":{"allow":["GET"]}}],"collection":[{"href":"https:\/\/tecnicashablarenpublico.com\/blog\/wp-json\/wp\/v2\/posts"}],"about":[{"href":"https:\/\/tecnicashablarenpublico.com\/blog\/wp-json\/wp\/v2\/types\/post"}],"author":[{"embeddable":true,"href":"https:\/\/tecnicashablarenpublico.com\/blog\/wp-json\/wp\/v2\/users\/1"}],"replies":[{"embeddable":true,"href":"https:\/\/tecnicashablarenpublico.com\/blog\/wp-json\/wp\/v2\/comments?post=941"}],"version-history":[{"count":0,"href":"https:\/\/tecnicashablarenpublico.com\/blog\/wp-json\/wp\/v2\/posts\/941\/revisions"}],"wp:attachment":[{"href":"https:\/\/tecnicashablarenpublico.com\/blog\/wp-json\/wp\/v2\/media?parent=941"}],"wp:term":[{"taxonomy":"category","embeddable":true,"href":"https:\/\/tecnicashablarenpublico.com\/blog\/wp-json\/wp\/v2\/categories?post=941"},{"taxonomy":"post_tag","embeddable":true,"href":"https:\/\/tecnicashablarenpublico.com\/blog\/wp-json\/wp\/v2\/tags?post=941"}],"curies":[{"name":"wp","href":"https:\/\/api.w.org\/{rel}","templated":true}]}}