{"id":713,"date":"2013-01-12T18:27:27","date_gmt":"2013-01-12T23:27:27","guid":{"rendered":"https:\/\/tecnicashablarenpublico.com\/blog\/?p=713"},"modified":"2023-06-14T15:27:11","modified_gmt":"2023-06-14T21:27:11","slug":"video-3-pasos-para-vencer-el-miedo-a-hablar-en-publico-importante","status":"publish","type":"post","link":"https:\/\/tecnicashablarenpublico.com\/blog\/video-3-pasos-para-vencer-el-miedo-a-hablar-en-publico-importante\/","title":{"rendered":"VIDEO: 3 Pasos Para Vencer El Miedo A Hablar En P\u00fablico (importante)"},"content":{"rendered":"<p>En este VIDEO te ense\u00f1ar\u00e9 3 Pasos que te ayudar\u00e1n a vencer tu <strong><span style=\"text-decoration: underline\">miedo a hablar en p\u00fablico<\/span><\/strong>. Presta mucha atenci\u00f3n, porque esto es Clave:<\/p>\n<span class=\"embed-youtube\" style=\"text-align:center; display: block;\"><iframe class=\"youtube-player\" width=\"550\" height=\"309\" src=\"https:\/\/www.youtube.com\/embed\/TSgJmaB5IgY?version=3&#038;rel=0&#038;showsearch=0&#038;showinfo=0&#038;iv_load_policy=1&#038;fs=1&#038;hl=es-ES&#038;autohide=2&#038;wmode=transparent\" allowfullscreen=\"true\" style=\"border:0;\" sandbox=\"allow-scripts allow-same-origin allow-popups allow-presentation allow-popups-to-escape-sandbox\"><\/iframe><\/span>\n<p>&#8230;<\/p>\n<p><strong><em> \u00abLa \u00fanica manera de vencer un miedo es ENFRENT\u00c1NDOLO.\u00bb<\/em><\/strong><\/p>\n<p>\u00bfTienes el valor de enfrentar y <span style=\"text-decoration: underline\">superar tus miedos<\/span>?<\/p>\n<p>La clave est\u00e1 en tenerla determinaci\u00f3n y la iniciativa de hacerlo, con el tiempo llegara una gran <strong>CONFIANZA<\/strong> que te permitir\u00e1 crecer todav\u00eda m\u00e1s.<\/p>\n<p>Te recomiendo que <strong><span style=\"text-decoration: underline\">pongas en pr\u00e1ctica<\/span><\/strong> y apliques esto que acabas de aprender en este video, porque te va a permitir convertirte en esa persona segura de si misma que siempre has querido ser.<\/p>\n<p><strong>V\u00edctor Toscano<\/strong><\/p>\n<p><em><strong>P.D: Si te parece \u00fatil esta informaci\u00f3n, por favor haz clic en \u201cGoogle +1\u201d y comp\u00e1rtelo en \u00abFacebook\u00bb y \u201cTwitter\u201d. \u00a1Muchas Gracias!<\/strong><\/em><\/p>\n","protected":false},"excerpt":{"rendered":"<p>En este VIDEO te ense\u00f1ar\u00e9 3 Pasos que te ayudar\u00e1n a vencer tu miedo a hablar en p\u00fablico. Presta mucha atenci\u00f3n, porque esto es Clave: &#8230; \u00abLa \u00fanica manera de vencer un miedo es ENFRENT\u00c1NDOLO.\u00bb \u00bfTienes el valor de enfrentar y superar tus miedos? La clave est\u00e1 en tenerla determinaci\u00f3n y la iniciativa de hacerlo, [&hellip;]<\/p>\n","protected":false},"author":1,"featured_media":3299,"comment_status":"open","ping_status":"closed","sticky":false,"template":"","format":"standard","meta":{"jetpack_post_was_ever_published":false,"_jetpack_newsletter_access":"","_jetpack_dont_email_post_to_subs":false,"_jetpack_newsletter_tier_id":0,"_jetpack_memberships_contains_paywalled_content":false,"_jetpack_memberships_contains_paid_content":false,"footnotes":"","jetpack_publicize_message":"","jetpack_publicize_feature_enabled":true,"jetpack_social_post_already_shared":true,"jetpack_social_options":{"image_generator_settings":{"template":"highway","default_image_id":0,"font":"","enabled":false},"version":2}},"categories":[32,21],"tags":[6,28,15,22],"class_list":["post-713","post","type-post","status-publish","format-standard","has-post-thumbnail","hentry","category-como-hablar-en-publico-2","category-miedo-a-hablar-en-publico","tag-como-hablar-en-publico","tag-hablar-en-publico-tecnicas","tag-hablar-en-publico-video","tag-miedo-a-hablar-en-publico-2","post-wrapper","thrv_wrapper"],"yoast_head":"<!-- This site is optimized with the Yoast SEO plugin v27.5 - https:\/\/yoast.com\/product\/yoast-seo-wordpress\/ -->\n<title>VIDEO: 3 Pasos Para Vencer El Miedo A Hablar En P\u00fablico (importante) - TecnicasHablarEnPublico.Com<\/title>\n<meta name=\"robots\" content=\"index, follow, max-snippet:-1, max-image-preview:large, max-video-preview:-1\" \/>\n<link rel=\"canonical\" href=\"https:\/\/tecnicashablarenpublico.com\/blog\/video-3-pasos-para-vencer-el-miedo-a-hablar-en-publico-importante\/\" \/>\n<meta property=\"og:locale\" content=\"es_ES\" \/>\n<meta property=\"og:type\" content=\"article\" \/>\n<meta property=\"og:title\" content=\"VIDEO: 3 Pasos Para Vencer El Miedo A Hablar En P\u00fablico (importante) - TecnicasHablarEnPublico.Com\" \/>\n<meta property=\"og:description\" content=\"En este VIDEO te ense\u00f1ar\u00e9 3 Pasos que te ayudar\u00e1n a vencer tu miedo a hablar en p\u00fablico. Presta mucha atenci\u00f3n, porque esto es Clave: &#8230; \u00abLa \u00fanica manera de vencer un miedo es ENFRENT\u00c1NDOLO.\u00bb \u00bfTienes el valor de enfrentar y superar tus miedos? La clave est\u00e1 en tenerla determinaci\u00f3n y la iniciativa de hacerlo, [&hellip;]\" \/>\n<meta property=\"og:url\" content=\"https:\/\/tecnicashablarenpublico.com\/blog\/video-3-pasos-para-vencer-el-miedo-a-hablar-en-publico-importante\/\" \/>\n<meta property=\"og:site_name\" content=\"TecnicasHablarEnPublico.Com\" \/>\n<meta property=\"article:publisher\" content=\"https:\/\/www.facebook.com\/VictorToscanoOficial\/\" \/>\n<meta property=\"article:author\" content=\"https:\/\/www.facebook.com\/victortoscanooficial\" \/>\n<meta property=\"article:published_time\" content=\"2013-01-12T23:27:27+00:00\" \/>\n<meta property=\"article:modified_time\" content=\"2023-06-14T21:27:11+00:00\" \/>\n<meta property=\"og:image\" content=\"https:\/\/optimizacionpaginasmedia.s3.amazonaws.com\/2023\/06\/FvRLujXD-4-min.jpg\" \/>\n\t<meta property=\"og:image:width\" content=\"500\" \/>\n\t<meta property=\"og:image:height\" content=\"333\" \/>\n\t<meta property=\"og:image:type\" content=\"image\/jpeg\" \/>\n<meta name=\"author\" content=\"Victor Toscano T V\" \/>\n<meta name=\"twitter:card\" content=\"summary_large_image\" \/>\n<meta name=\"twitter:creator\" content=\"@_victortoscano\" \/>\n<meta name=\"twitter:label1\" content=\"Escrito por\" \/>\n\t<meta name=\"twitter:data1\" content=\"Victor Toscano T V\" \/>\n\t<meta name=\"twitter:label2\" content=\"Tiempo de lectura\" \/>\n\t<meta name=\"twitter:data2\" content=\"1 minuto\" \/>\n<script type=\"application\/ld+json\" class=\"yoast-schema-graph\">{\"@context\":\"https:\\\/\\\/schema.org\",\"@graph\":[{\"@type\":\"Article\",\"@id\":\"https:\\\/\\\/tecnicashablarenpublico.com\\\/blog\\\/video-3-pasos-para-vencer-el-miedo-a-hablar-en-publico-importante\\\/#article\",\"isPartOf\":{\"@id\":\"https:\\\/\\\/tecnicashablarenpublico.com\\\/blog\\\/video-3-pasos-para-vencer-el-miedo-a-hablar-en-publico-importante\\\/\"},\"author\":{\"name\":\"Victor Toscano T V\",\"@id\":\"https:\\\/\\\/tecnicashablarenpublico.com\\\/blog\\\/#\\\/schema\\\/person\\\/f6a96b9bb773de8f08f84e4d6e6cf28f\"},\"headline\":\"VIDEO: 3 Pasos Para Vencer El Miedo A Hablar En P\u00fablico (importante)\",\"datePublished\":\"2013-01-12T23:27:27+00:00\",\"dateModified\":\"2023-06-14T21:27:11+00:00\",\"mainEntityOfPage\":{\"@id\":\"https:\\\/\\\/tecnicashablarenpublico.com\\\/blog\\\/video-3-pasos-para-vencer-el-miedo-a-hablar-en-publico-importante\\\/\"},\"wordCount\":164,\"commentCount\":5446,\"publisher\":{\"@id\":\"https:\\\/\\\/tecnicashablarenpublico.com\\\/blog\\\/#organization\"},\"image\":{\"@id\":\"https:\\\/\\\/tecnicashablarenpublico.com\\\/blog\\\/video-3-pasos-para-vencer-el-miedo-a-hablar-en-publico-importante\\\/#primaryimage\"},\"thumbnailUrl\":\"https:\\\/\\\/i0.wp.com\\\/optimizacionpaginasmedia.s3.amazonaws.com\\\/2023\\\/06\\\/FvRLujXD-4-min.jpg?fit=500%2C333&ssl=1\",\"keywords\":[\"como hablar en publico\",\"hablar en publico tecnicas\",\"hablar en publico video\",\"miedo a hablar en publico\"],\"articleSection\":[\"Como Hablar en Publico\",\"Miedo a Hablar en P\u00fablico\"],\"inLanguage\":\"es\"},{\"@type\":\"WebPage\",\"@id\":\"https:\\\/\\\/tecnicashablarenpublico.com\\\/blog\\\/video-3-pasos-para-vencer-el-miedo-a-hablar-en-publico-importante\\\/\",\"url\":\"https:\\\/\\\/tecnicashablarenpublico.com\\\/blog\\\/video-3-pasos-para-vencer-el-miedo-a-hablar-en-publico-importante\\\/\",\"name\":\"VIDEO: 3 Pasos Para Vencer El Miedo A Hablar En P\u00fablico (importante) - TecnicasHablarEnPublico.Com\",\"isPartOf\":{\"@id\":\"https:\\\/\\\/tecnicashablarenpublico.com\\\/blog\\\/#website\"},\"primaryImageOfPage\":{\"@id\":\"https:\\\/\\\/tecnicashablarenpublico.com\\\/blog\\\/video-3-pasos-para-vencer-el-miedo-a-hablar-en-publico-importante\\\/#primaryimage\"},\"image\":{\"@id\":\"https:\\\/\\\/tecnicashablarenpublico.com\\\/blog\\\/video-3-pasos-para-vencer-el-miedo-a-hablar-en-publico-importante\\\/#primaryimage\"},\"thumbnailUrl\":\"https:\\\/\\\/i0.wp.com\\\/optimizacionpaginasmedia.s3.amazonaws.com\\\/2023\\\/06\\\/FvRLujXD-4-min.jpg?fit=500%2C333&ssl=1\",\"datePublished\":\"2013-01-12T23:27:27+00:00\",\"dateModified\":\"2023-06-14T21:27:11+00:00\",\"breadcrumb\":{\"@id\":\"https:\\\/\\\/tecnicashablarenpublico.com\\\/blog\\\/video-3-pasos-para-vencer-el-miedo-a-hablar-en-publico-importante\\\/#breadcrumb\"},\"inLanguage\":\"es\",\"potentialAction\":[{\"@type\":\"ReadAction\",\"target\":[\"https:\\\/\\\/tecnicashablarenpublico.com\\\/blog\\\/video-3-pasos-para-vencer-el-miedo-a-hablar-en-publico-importante\\\/\"]}]},{\"@type\":\"ImageObject\",\"inLanguage\":\"es\",\"@id\":\"https:\\\/\\\/tecnicashablarenpublico.com\\\/blog\\\/video-3-pasos-para-vencer-el-miedo-a-hablar-en-publico-importante\\\/#primaryimage\",\"url\":\"https:\\\/\\\/i0.wp.com\\\/optimizacionpaginasmedia.s3.amazonaws.com\\\/2023\\\/06\\\/FvRLujXD-4-min.jpg?fit=500%2C333&ssl=1\",\"contentUrl\":\"https:\\\/\\\/i0.wp.com\\\/optimizacionpaginasmedia.s3.amazonaws.com\\\/2023\\\/06\\\/FvRLujXD-4-min.jpg?fit=500%2C333&ssl=1\",\"width\":500,\"height\":333},{\"@type\":\"BreadcrumbList\",\"@id\":\"https:\\\/\\\/tecnicashablarenpublico.com\\\/blog\\\/video-3-pasos-para-vencer-el-miedo-a-hablar-en-publico-importante\\\/#breadcrumb\",\"itemListElement\":[{\"@type\":\"ListItem\",\"position\":1,\"name\":\"Portada\",\"item\":\"https:\\\/\\\/tecnicashablarenpublico.com\\\/blog\\\/\"},{\"@type\":\"ListItem\",\"position\":2,\"name\":\"VIDEO: 3 Pasos Para Vencer El Miedo A Hablar En P\u00fablico (importante)\"}]},{\"@type\":\"WebSite\",\"@id\":\"https:\\\/\\\/tecnicashablarenpublico.com\\\/blog\\\/#website\",\"url\":\"https:\\\/\\\/tecnicashablarenpublico.com\\\/blog\\\/\",\"name\":\"TecnicasHablarEnPublico.Com\",\"description\":\"Blog\",\"publisher\":{\"@id\":\"https:\\\/\\\/tecnicashablarenpublico.com\\\/blog\\\/#organization\"},\"potentialAction\":[{\"@type\":\"SearchAction\",\"target\":{\"@type\":\"EntryPoint\",\"urlTemplate\":\"https:\\\/\\\/tecnicashablarenpublico.com\\\/blog\\\/?s={search_term_string}\"},\"query-input\":{\"@type\":\"PropertyValueSpecification\",\"valueRequired\":true,\"valueName\":\"search_term_string\"}}],\"inLanguage\":\"es\"},{\"@type\":\"Organization\",\"@id\":\"https:\\\/\\\/tecnicashablarenpublico.com\\\/blog\\\/#organization\",\"name\":\"TecnicasHablarEnPublico\",\"url\":\"https:\\\/\\\/tecnicashablarenpublico.com\\\/blog\\\/\",\"logo\":{\"@type\":\"ImageObject\",\"inLanguage\":\"es\",\"@id\":\"https:\\\/\\\/tecnicashablarenpublico.com\\\/blog\\\/#\\\/schema\\\/logo\\\/image\\\/\",\"url\":\"https:\\\/\\\/i0.wp.com\\\/tecnicashablarenpublico.com\\\/blog\\\/wp-content\\\/uploads\\\/2014\\\/11\\\/logo_cuadrado.png?fit=286%2C255&ssl=1\",\"contentUrl\":\"https:\\\/\\\/i0.wp.com\\\/tecnicashablarenpublico.com\\\/blog\\\/wp-content\\\/uploads\\\/2014\\\/11\\\/logo_cuadrado.png?fit=286%2C255&ssl=1\",\"width\":286,\"height\":255,\"caption\":\"TecnicasHablarEnPublico\"},\"image\":{\"@id\":\"https:\\\/\\\/tecnicashablarenpublico.com\\\/blog\\\/#\\\/schema\\\/logo\\\/image\\\/\"},\"sameAs\":[\"https:\\\/\\\/www.facebook.com\\\/VictorToscanoOficial\\\/\"]},{\"@type\":\"Person\",\"@id\":\"https:\\\/\\\/tecnicashablarenpublico.com\\\/blog\\\/#\\\/schema\\\/person\\\/f6a96b9bb773de8f08f84e4d6e6cf28f\",\"name\":\"Victor Toscano T V\",\"image\":{\"@type\":\"ImageObject\",\"inLanguage\":\"es\",\"@id\":\"https:\\\/\\\/secure.gravatar.com\\\/avatar\\\/e45c6f1f2986615bd1357fd094a24ab45a2ce7ca867817458fbebca30cd78e46?s=96&d=mm&r=g\",\"url\":\"https:\\\/\\\/secure.gravatar.com\\\/avatar\\\/e45c6f1f2986615bd1357fd094a24ab45a2ce7ca867817458fbebca30cd78e46?s=96&d=mm&r=g\",\"contentUrl\":\"https:\\\/\\\/secure.gravatar.com\\\/avatar\\\/e45c6f1f2986615bd1357fd094a24ab45a2ce7ca867817458fbebca30cd78e46?s=96&d=mm&r=g\",\"caption\":\"Victor Toscano T V\"},\"description\":\"Un apasionado en el tema de Hablar en P\u00fablico y el Crecimiento Personal, que pas\u00f3 de \\\"t\u00edmido\\\" a Conferencista Internacional en menos de dos a\u00f1os.\",\"sameAs\":[\"http:\\\/\\\/www.tecnicashablarenpublico.com\",\"https:\\\/\\\/www.facebook.com\\\/victortoscanooficial\",\"http:\\\/\\\/mx.linkedin.com\\\/in\\\/victortoscano\\\/\",\"http:\\\/\\\/www.pinterest.com\\\/victortoscano\\\/\",\"https:\\\/\\\/x.com\\\/_victortoscano\",\"http:\\\/\\\/victortoscano.com.mx\\\/youtube\"],\"url\":\"https:\\\/\\\/tecnicashablarenpublico.com\\\/blog\\\/author\\\/vict26\\\/\"}]}<\/script>\n<!-- \/ Yoast SEO plugin. -->","yoast_head_json":{"title":"VIDEO: 3 Pasos Para Vencer El Miedo A Hablar En P\u00fablico (importante) - TecnicasHablarEnPublico.Com","robots":{"index":"index","follow":"follow","max-snippet":"max-snippet:-1","max-image-preview":"max-image-preview:large","max-video-preview":"max-video-preview:-1"},"canonical":"https:\/\/tecnicashablarenpublico.com\/blog\/video-3-pasos-para-vencer-el-miedo-a-hablar-en-publico-importante\/","og_locale":"es_ES","og_type":"article","og_title":"VIDEO: 3 Pasos Para Vencer El Miedo A Hablar En P\u00fablico (importante) - TecnicasHablarEnPublico.Com","og_description":"En este VIDEO te ense\u00f1ar\u00e9 3 Pasos que te ayudar\u00e1n a vencer tu miedo a hablar en p\u00fablico. Presta mucha atenci\u00f3n, porque esto es Clave: &#8230; \u00abLa \u00fanica manera de vencer un miedo es ENFRENT\u00c1NDOLO.\u00bb \u00bfTienes el valor de enfrentar y superar tus miedos? La clave est\u00e1 en tenerla determinaci\u00f3n y la iniciativa de hacerlo, [&hellip;]","og_url":"https:\/\/tecnicashablarenpublico.com\/blog\/video-3-pasos-para-vencer-el-miedo-a-hablar-en-publico-importante\/","og_site_name":"TecnicasHablarEnPublico.Com","article_publisher":"https:\/\/www.facebook.com\/VictorToscanoOficial\/","article_author":"https:\/\/www.facebook.com\/victortoscanooficial","article_published_time":"2013-01-12T23:27:27+00:00","article_modified_time":"2023-06-14T21:27:11+00:00","og_image":[{"width":500,"height":333,"url":"https:\/\/optimizacionpaginasmedia.s3.amazonaws.com\/2023\/06\/FvRLujXD-4-min.jpg","type":"image\/jpeg"}],"author":"Victor Toscano T V","twitter_card":"summary_large_image","twitter_creator":"@_victortoscano","twitter_misc":{"Escrito por":"Victor Toscano T V","Tiempo de lectura":"1 minuto"},"schema":{"@context":"https:\/\/schema.org","@graph":[{"@type":"Article","@id":"https:\/\/tecnicashablarenpublico.com\/blog\/video-3-pasos-para-vencer-el-miedo-a-hablar-en-publico-importante\/#article","isPartOf":{"@id":"https:\/\/tecnicashablarenpublico.com\/blog\/video-3-pasos-para-vencer-el-miedo-a-hablar-en-publico-importante\/"},"author":{"name":"Victor Toscano T V","@id":"https:\/\/tecnicashablarenpublico.com\/blog\/#\/schema\/person\/f6a96b9bb773de8f08f84e4d6e6cf28f"},"headline":"VIDEO: 3 Pasos Para Vencer El Miedo A Hablar En P\u00fablico (importante)","datePublished":"2013-01-12T23:27:27+00:00","dateModified":"2023-06-14T21:27:11+00:00","mainEntityOfPage":{"@id":"https:\/\/tecnicashablarenpublico.com\/blog\/video-3-pasos-para-vencer-el-miedo-a-hablar-en-publico-importante\/"},"wordCount":164,"commentCount":5446,"publisher":{"@id":"https:\/\/tecnicashablarenpublico.com\/blog\/#organization"},"image":{"@id":"https:\/\/tecnicashablarenpublico.com\/blog\/video-3-pasos-para-vencer-el-miedo-a-hablar-en-publico-importante\/#primaryimage"},"thumbnailUrl":"https:\/\/i0.wp.com\/optimizacionpaginasmedia.s3.amazonaws.com\/2023\/06\/FvRLujXD-4-min.jpg?fit=500%2C333&ssl=1","keywords":["como hablar en publico","hablar en publico tecnicas","hablar en publico video","miedo a hablar en publico"],"articleSection":["Como Hablar en Publico","Miedo a Hablar en P\u00fablico"],"inLanguage":"es"},{"@type":"WebPage","@id":"https:\/\/tecnicashablarenpublico.com\/blog\/video-3-pasos-para-vencer-el-miedo-a-hablar-en-publico-importante\/","url":"https:\/\/tecnicashablarenpublico.com\/blog\/video-3-pasos-para-vencer-el-miedo-a-hablar-en-publico-importante\/","name":"VIDEO: 3 Pasos Para Vencer El Miedo A Hablar En P\u00fablico (importante) - TecnicasHablarEnPublico.Com","isPartOf":{"@id":"https:\/\/tecnicashablarenpublico.com\/blog\/#website"},"primaryImageOfPage":{"@id":"https:\/\/tecnicashablarenpublico.com\/blog\/video-3-pasos-para-vencer-el-miedo-a-hablar-en-publico-importante\/#primaryimage"},"image":{"@id":"https:\/\/tecnicashablarenpublico.com\/blog\/video-3-pasos-para-vencer-el-miedo-a-hablar-en-publico-importante\/#primaryimage"},"thumbnailUrl":"https:\/\/i0.wp.com\/optimizacionpaginasmedia.s3.amazonaws.com\/2023\/06\/FvRLujXD-4-min.jpg?fit=500%2C333&ssl=1","datePublished":"2013-01-12T23:27:27+00:00","dateModified":"2023-06-14T21:27:11+00:00","breadcrumb":{"@id":"https:\/\/tecnicashablarenpublico.com\/blog\/video-3-pasos-para-vencer-el-miedo-a-hablar-en-publico-importante\/#breadcrumb"},"inLanguage":"es","potentialAction":[{"@type":"ReadAction","target":["https:\/\/tecnicashablarenpublico.com\/blog\/video-3-pasos-para-vencer-el-miedo-a-hablar-en-publico-importante\/"]}]},{"@type":"ImageObject","inLanguage":"es","@id":"https:\/\/tecnicashablarenpublico.com\/blog\/video-3-pasos-para-vencer-el-miedo-a-hablar-en-publico-importante\/#primaryimage","url":"https:\/\/i0.wp.com\/optimizacionpaginasmedia.s3.amazonaws.com\/2023\/06\/FvRLujXD-4-min.jpg?fit=500%2C333&ssl=1","contentUrl":"https:\/\/i0.wp.com\/optimizacionpaginasmedia.s3.amazonaws.com\/2023\/06\/FvRLujXD-4-min.jpg?fit=500%2C333&ssl=1","width":500,"height":333},{"@type":"BreadcrumbList","@id":"https:\/\/tecnicashablarenpublico.com\/blog\/video-3-pasos-para-vencer-el-miedo-a-hablar-en-publico-importante\/#breadcrumb","itemListElement":[{"@type":"ListItem","position":1,"name":"Portada","item":"https:\/\/tecnicashablarenpublico.com\/blog\/"},{"@type":"ListItem","position":2,"name":"VIDEO: 3 Pasos Para Vencer El Miedo A Hablar En P\u00fablico (importante)"}]},{"@type":"WebSite","@id":"https:\/\/tecnicashablarenpublico.com\/blog\/#website","url":"https:\/\/tecnicashablarenpublico.com\/blog\/","name":"TecnicasHablarEnPublico.Com","description":"Blog","publisher":{"@id":"https:\/\/tecnicashablarenpublico.com\/blog\/#organization"},"potentialAction":[{"@type":"SearchAction","target":{"@type":"EntryPoint","urlTemplate":"https:\/\/tecnicashablarenpublico.com\/blog\/?s={search_term_string}"},"query-input":{"@type":"PropertyValueSpecification","valueRequired":true,"valueName":"search_term_string"}}],"inLanguage":"es"},{"@type":"Organization","@id":"https:\/\/tecnicashablarenpublico.com\/blog\/#organization","name":"TecnicasHablarEnPublico","url":"https:\/\/tecnicashablarenpublico.com\/blog\/","logo":{"@type":"ImageObject","inLanguage":"es","@id":"https:\/\/tecnicashablarenpublico.com\/blog\/#\/schema\/logo\/image\/","url":"https:\/\/i0.wp.com\/tecnicashablarenpublico.com\/blog\/wp-content\/uploads\/2014\/11\/logo_cuadrado.png?fit=286%2C255&ssl=1","contentUrl":"https:\/\/i0.wp.com\/tecnicashablarenpublico.com\/blog\/wp-content\/uploads\/2014\/11\/logo_cuadrado.png?fit=286%2C255&ssl=1","width":286,"height":255,"caption":"TecnicasHablarEnPublico"},"image":{"@id":"https:\/\/tecnicashablarenpublico.com\/blog\/#\/schema\/logo\/image\/"},"sameAs":["https:\/\/www.facebook.com\/VictorToscanoOficial\/"]},{"@type":"Person","@id":"https:\/\/tecnicashablarenpublico.com\/blog\/#\/schema\/person\/f6a96b9bb773de8f08f84e4d6e6cf28f","name":"Victor Toscano T V","image":{"@type":"ImageObject","inLanguage":"es","@id":"https:\/\/secure.gravatar.com\/avatar\/e45c6f1f2986615bd1357fd094a24ab45a2ce7ca867817458fbebca30cd78e46?s=96&d=mm&r=g","url":"https:\/\/secure.gravatar.com\/avatar\/e45c6f1f2986615bd1357fd094a24ab45a2ce7ca867817458fbebca30cd78e46?s=96&d=mm&r=g","contentUrl":"https:\/\/secure.gravatar.com\/avatar\/e45c6f1f2986615bd1357fd094a24ab45a2ce7ca867817458fbebca30cd78e46?s=96&d=mm&r=g","caption":"Victor Toscano T V"},"description":"Un apasionado en el tema de Hablar en P\u00fablico y el Crecimiento Personal, que pas\u00f3 de \"t\u00edmido\" a Conferencista Internacional en menos de dos a\u00f1os.","sameAs":["http:\/\/www.tecnicashablarenpublico.com","https:\/\/www.facebook.com\/victortoscanooficial","http:\/\/mx.linkedin.com\/in\/victortoscano\/","http:\/\/www.pinterest.com\/victortoscano\/","https:\/\/x.com\/_victortoscano","http:\/\/victortoscano.com.mx\/youtube"],"url":"https:\/\/tecnicashablarenpublico.com\/blog\/author\/vict26\/"}]}},"jetpack_publicize_connections":[],"jetpack_featured_media_url":"https:\/\/i0.wp.com\/optimizacionpaginasmedia.s3.amazonaws.com\/2023\/06\/FvRLujXD-4-min.jpg?fit=500%2C333&ssl=1","jetpack_shortlink":"https:\/\/wp.me\/p338RC-bv","jetpack-related-posts":[{"id":2209,"url":"https:\/\/tecnicashablarenpublico.com\/blog\/panico-escenico-como-perder-el-miedo-a-hablar-en-publico-oratoria\/","url_meta":{"origin":713,"position":0},"title":"P\u00e1nico Esc\u00e9nico: C\u00f3mo Perder el Miedo a Hablar en P\u00fablico | Oratoria","author":"Victor Toscano T V","date":"13\/08\/2015","format":false,"excerpt":"P\u00e1nico Esc\u00e9nico: C\u00f3mo puedes Vencer\u00a0y Perder el Miedo a Hablar en P\u00fablico, definitivamente... Mira el video aqu\u00ed: \u00a1Suscr\u00edbete a mi canal en YOUTUBE! (V\u00edctor Toscano TV)... \u2022\u2022 C\u00f3mo perder el miedo a hablar en p\u00fablico (p\u00e1nico esc\u00e9nico)\u00a0\u2022\u2022 Vencer el p\u00e1nico esc\u00e9nico suena como todo un reto, \u00bfcierto? Las encuestas demuestran\u2026","rel":"","context":"En \u00abMiedo a Hablar en P\u00fablico\u00bb","block_context":{"text":"Miedo a Hablar en P\u00fablico","link":"https:\/\/tecnicashablarenpublico.com\/blog\/category\/miedo-a-hablar-en-publico\/"},"img":{"alt_text":"","src":"https:\/\/i0.wp.com\/optimizacionpaginasmedia.s3.amazonaws.com\/2023\/06\/yCFgpYyV-como-vencer-el-panico-escenico-dragon-copia-min.png?fit=500%2C281&ssl=1&resize=350%2C200","width":350,"height":200},"classes":[]},{"id":1381,"url":"https:\/\/tecnicashablarenpublico.com\/blog\/te-da-miedo-hablar-en-publico-aqui-la-respuesta\/","url_meta":{"origin":713,"position":1},"title":"\u00bfTe da Miedo Hablar en P\u00fablico? | Aqu\u00ed la RESPUESTA:","author":"Victor Toscano T V","date":"30\/07\/2013","format":false,"excerpt":"En este video voy a compartir contigo algunos consejos que te ayudar\u00e1n a vencer el miedo a Hablar en P\u00fablico... Haz clic y M\u00cdRALO AHORA: \u00a0\u00bfQue piensas de este video? Me encantar\u00eda saber si te identificaste con lo que me pas\u00f3 y c\u00f3mo vas a aplicar estos consejos en tu\u2026","rel":"","context":"En \u00abT\u00e9cnicas Para Hablar En P\u00fablico\u00bb","block_context":{"text":"T\u00e9cnicas Para Hablar En P\u00fablico","link":"https:\/\/tecnicashablarenpublico.com\/blog\/category\/tecnicas-para-hablar-en-publico\/"},"img":{"alt_text":"Curso de Tecnicas para Hablar en P\u00fablico como Experto","src":"https:\/\/i0.wp.com\/tecnicashablarenpublico.com\/blog\/wp-content\/uploads\/2013\/07\/Sin-t%C3%ADtulo-300x171.png?resize=350%2C200&ssl=1","width":350,"height":200},"classes":[]},{"id":2394,"url":"https:\/\/tecnicashablarenpublico.com\/blog\/4-tecnicas-de-oratoria-como-perder-el-miedo-a-hablar-en-publico-y-vencer-el-miedo-escenico\/","url_meta":{"origin":713,"position":2},"title":"4 T\u00c9CNICAS DE ORATORIA | C\u00f3mo Perder el Miedo a Hablar en P\u00fablico y Vencer el Miedo Esc\u00e9nico","author":"Victor Toscano T V","date":"16\/08\/2017","format":false,"excerpt":"C\u00f3mo hablar en p\u00fablico correctamente y sin miedo. Ejercicios para hablar en p\u00fablico, vencer los nervios, la ansiedad y la fobia social en la oratoria... \u00bb Mira el VIDEO Aqu\u00ed: \u00bb Suscr\u00edbete en Youtube: http:\/\/victor-toscano.com\/youtube \u00bb M\u00e1s videos de Oratoria:\u00a0https:\/\/tecnicashablarenpublico.com C\u00f3mo hablar en p\u00fablico sin ponerte nervioso. Millones de personas\u2026","rel":"","context":"En \u00abT\u00e9cnicas Para Hablar En P\u00fablico\u00bb","block_context":{"text":"T\u00e9cnicas Para Hablar En P\u00fablico","link":"https:\/\/tecnicashablarenpublico.com\/blog\/category\/tecnicas-para-hablar-en-publico\/"},"img":{"alt_text":"","src":"https:\/\/i0.wp.com\/optimizacionpaginasmedia.s3.amazonaws.com\/2023\/06\/cnNM9PX4-como-vencer-el-panico-escenico-copia-min.png?fit=500%2C281&ssl=1&resize=350%2C200","width":350,"height":200},"classes":[]},{"id":2358,"url":"https:\/\/tecnicashablarenpublico.com\/blog\/oratoria-como-hablar-en-publico-sin-miedo\/","url_meta":{"origin":713,"position":3},"title":"5 Mitos Sobre Hablar en P\u00fablico y C\u00f3mo Vencerlos | Curso de Oratoria, Hablar Correctamente Sin Miedo","author":"Victor Toscano T V","date":"14\/03\/2017","format":false,"excerpt":"Oratoria: Ejercicios, Consejos y T\u00e9cnicas para Hablar en P\u00fablico y Exponer: C\u00f3mo Hablar Correctamente y Sin Miedo | Clases y Curso de Oratoria\u2026 \u00bb Mira el VIDEO Aqu\u00ed: \u00bb Suscr\u00edbete en Youtube: http:\/\/victor-toscano.com\/youtube \u00bb M\u00e1s videos de Oratoria:\u00a0https:\/\/tecnicashablarenpublico.com 5 Mitos Sobre Hablar en P\u00fablico y C\u00f3mo Vencerlos. Si t\u00fa eres\u2026","rel":"","context":"En \u00abT\u00e9cnicas Para Hablar En P\u00fablico\u00bb","block_context":{"text":"T\u00e9cnicas Para Hablar En P\u00fablico","link":"https:\/\/tecnicashablarenpublico.com\/blog\/category\/tecnicas-para-hablar-en-publico\/"},"img":{"alt_text":"","src":"https:\/\/i0.wp.com\/optimizacionpaginasmedia.s3.amazonaws.com\/2023\/06\/V1VmLqKe-Mitos-de-hablar-en-publico-copia.png?fit=500%2C281&ssl=1&resize=350%2C200","width":350,"height":200},"classes":[]},{"id":837,"url":"https:\/\/tecnicashablarenpublico.com\/blog\/tecnica-especial-para-dominar-el-miedo-a-hablar-en-publico\/","url_meta":{"origin":713,"position":4},"title":"T\u00e9cnica Especial Para Dominar El Miedo A Hablar En P\u00fablico","author":"Victor Toscano T V","date":"16\/01\/2013","format":false,"excerpt":"\u00a0 [headline_arial_medium_centered color=\"#aa0000\"]\"C\u00f3mo Vencer El Miedo\"[\/headline_arial_medium_centered] Hay tres soluciones principales para ayudarte a reducir el miedo y hacer que\u00a0funcione a tu favor\u00a0y no en tu contra: [headline_arial_small_centered color=\"#000000\"]1. Ac\u00e9ptalo como una manera natural de ayudarte a ti.[\/headline_arial_small_centered] No tienes por qu\u00e9 estar aterrado del miedo cuando aceptas que\u00a0es una forma\u2026","rel":"","context":"En \u00abAprender a Hablar en Publico\u00bb","block_context":{"text":"Aprender a Hablar en Publico","link":"https:\/\/tecnicashablarenpublico.com\/blog\/category\/aprender-a-hablar-en-publico\/"},"img":{"alt_text":"","src":"https:\/\/i0.wp.com\/tecnicashablarenpublico.com\/blog\/wp-content\/themes\/OptimizePress\/images\/large-signupnow.png?resize=350%2C200&ssl=1","width":350,"height":200},"classes":[]},{"id":2177,"url":"https:\/\/tecnicashablarenpublico.com\/blog\/como-hablar-en-publico-como-un-profesional-sin-miedo-y-sin-nervios-descarga-gratis-libro-pdf\/","url_meta":{"origin":713,"position":5},"title":"C\u00f3mo Hablar en P\u00fablico Como Un Profesional: Sin Miedo y Sin Nervios | Descarga Gratis Libro PDF","author":"Victor Toscano T V","date":"24\/06\/2015","format":false,"excerpt":"\u00bfC\u00f3mo Hablar en P\u00fablico? C\u00f3mo Hablar en P\u00fablico Sin Miedo y Sin Nervios. Descarga Gratis este Libro en PDF por V\u00edctor Toscano, y Accede al Curso de Oratoria Moderna Online... https:\/\/youtu.be\/WuxxwXEW06Q Descarga GRATIS este Libro en PDF de C\u00f3mo Hablar en P\u00fablico por V\u00edctor Toscano y Accede sin costo al\u2026","rel":"","context":"En \u00abComo Hablar en Publico\u00bb","block_context":{"text":"Como Hablar en Publico","link":"https:\/\/tecnicashablarenpublico.com\/blog\/category\/como-hablar-en-publico-2\/"},"img":{"alt_text":"Como hablar en p\u00fablico sin miedo y controlar los nervios","src":"https:\/\/i0.wp.com\/optimizacionpaginasmedia.s3.amazonaws.com\/2020\/05\/como-hablar-en-publico-sin-miedo-y-controlar-los-nervios.jpg?fit=900%2C550&ssl=1&resize=350%2C200","width":350,"height":200,"srcset":"https:\/\/i0.wp.com\/optimizacionpaginasmedia.s3.amazonaws.com\/2020\/05\/como-hablar-en-publico-sin-miedo-y-controlar-los-nervios.jpg?fit=900%2C550&ssl=1&resize=350%2C200 1x, https:\/\/i0.wp.com\/optimizacionpaginasmedia.s3.amazonaws.com\/2020\/05\/como-hablar-en-publico-sin-miedo-y-controlar-los-nervios.jpg?fit=900%2C550&ssl=1&resize=525%2C300 1.5x, https:\/\/i0.wp.com\/optimizacionpaginasmedia.s3.amazonaws.com\/2020\/05\/como-hablar-en-publico-sin-miedo-y-controlar-los-nervios.jpg?fit=900%2C550&ssl=1&resize=700%2C400 2x"},"classes":[]}],"jetpack_sharing_enabled":true,"_links":{"self":[{"href":"https:\/\/tecnicashablarenpublico.com\/blog\/wp-json\/wp\/v2\/posts\/713","targetHints":{"allow":["GET"]}}],"collection":[{"href":"https:\/\/tecnicashablarenpublico.com\/blog\/wp-json\/wp\/v2\/posts"}],"about":[{"href":"https:\/\/tecnicashablarenpublico.com\/blog\/wp-json\/wp\/v2\/types\/post"}],"author":[{"embeddable":true,"href":"https:\/\/tecnicashablarenpublico.com\/blog\/wp-json\/wp\/v2\/users\/1"}],"replies":[{"embeddable":true,"href":"https:\/\/tecnicashablarenpublico.com\/blog\/wp-json\/wp\/v2\/comments?post=713"}],"version-history":[{"count":0,"href":"https:\/\/tecnicashablarenpublico.com\/blog\/wp-json\/wp\/v2\/posts\/713\/revisions"}],"wp:featuredmedia":[{"embeddable":true,"href":"https:\/\/tecnicashablarenpublico.com\/blog\/wp-json\/wp\/v2\/media\/3299"}],"wp:attachment":[{"href":"https:\/\/tecnicashablarenpublico.com\/blog\/wp-json\/wp\/v2\/media?parent=713"}],"wp:term":[{"taxonomy":"category","embeddable":true,"href":"https:\/\/tecnicashablarenpublico.com\/blog\/wp-json\/wp\/v2\/categories?post=713"},{"taxonomy":"post_tag","embeddable":true,"href":"https:\/\/tecnicashablarenpublico.com\/blog\/wp-json\/wp\/v2\/tags?post=713"}],"curies":[{"name":"wp","href":"https:\/\/api.w.org\/{rel}","templated":true}]}}