{"id":564,"date":"2012-08-22T10:56:09","date_gmt":"2012-08-22T15:56:09","guid":{"rendered":"https:\/\/tecnicashablarenpublico.com\/blog\/?p=564"},"modified":"2013-02-12T10:31:57","modified_gmt":"2013-02-12T16:31:57","slug":"como-inspirar-a-tu-publico-con-tu-discurso","status":"publish","type":"post","link":"https:\/\/tecnicashablarenpublico.com\/blog\/como-inspirar-a-tu-publico-con-tu-discurso\/","title":{"rendered":"C\u00f3mo Inspirar A Tu P\u00fablico Con Tu Discurso"},"content":{"rendered":"<p><a href=\"https:\/\/tecnicashablarenpublico.com\"><\/p>\n<figure id=\"attachment_566\" aria-describedby=\"caption-attachment-566\" style=\"width: 300px\" class=\"wp-caption alignleft\"><a href=\"https:\/\/tecnicashablarenpublico.com\"><img decoding=\"async\" data-attachment-id=\"566\" data-permalink=\"https:\/\/tecnicashablarenpublico.com\/blog\/como-inspirar-a-tu-publico-con-tu-discurso\/como-inspirar-a-tu-publico-con-tu-discurso-2\/\" data-orig-file=\"https:\/\/i0.wp.com\/tecnicashablarenpublico.com\/blog\/wp-content\/uploads\/2012\/08\/C%C3%B3mo-Inspirar-A-Tu-P%C3%BAblico-Con-Tu-Discurso1.jpg?fit=851%2C564&amp;ssl=1\" data-orig-size=\"851,564\" data-comments-opened=\"0\" data-image-meta=\"{&quot;aperture&quot;:&quot;0&quot;,&quot;credit&quot;:&quot;&quot;,&quot;camera&quot;:&quot;QSS-32_33&quot;,&quot;caption&quot;:&quot;&quot;,&quot;created_timestamp&quot;:&quot;&quot;,&quot;copyright&quot;:&quot;&quot;,&quot;focal_length&quot;:&quot;0&quot;,&quot;iso&quot;:&quot;0&quot;,&quot;shutter_speed&quot;:&quot;0&quot;,&quot;title&quot;:&quot;&quot;}\" data-image-title=\"C\u00f3mo Inspirar A Tu P\u00fablico Con Tu Discurso\" data-image-description=\"&lt;p&gt;C\u00f3mo Inspirar A Tu P\u00fablico Con Tu Discurso&lt;\/p&gt;\n\" data-image-caption=\"&lt;p&gt;C\u00f3mo Inspirar A Tu P\u00fablico Con Tu Discurso&lt;\/p&gt;\n\" data-large-file=\"https:\/\/i0.wp.com\/tecnicashablarenpublico.com\/blog\/wp-content\/uploads\/2012\/08\/C%C3%B3mo-Inspirar-A-Tu-P%C3%BAblico-Con-Tu-Discurso1.jpg?fit=851%2C564&amp;ssl=1\" class=\"size-medium wp-image-566  lazyload\" title=\"C\u00f3mo Inspirar A Tu P\u00fablico Con Tu Discurso\" alt=\"C\u00f3mo Inspirar A Tu P\u00fablico Con Tu Discurso\" src=\"data:image\/gif;base64,R0lGODlhAQABAIAAAAAAAP\/\/\/yH5BAEAAAAALAAAAAABAAEAAAIBRAA7\" data-src=\"https:\/\/tecnicashablarenpublico.com\/blog\/wp-content\/uploads\/2012\/08\/C\u00f3mo-Inspirar-A-Tu-P\u00fablico-Con-Tu-Discurso1-300x198.jpg\" width=\"300\" height=\"198\" \/><figcaption id=\"caption-attachment-566\" class=\"wp-caption-text\"><noscript><img data-recalc-dims=\"1\" decoding=\"async\" data-attachment-id=\"566\" data-permalink=\"https:\/\/tecnicashablarenpublico.com\/blog\/como-inspirar-a-tu-publico-con-tu-discurso\/como-inspirar-a-tu-publico-con-tu-discurso-2\/\" data-orig-file=\"https:\/\/i0.wp.com\/tecnicashablarenpublico.com\/blog\/wp-content\/uploads\/2012\/08\/C%C3%B3mo-Inspirar-A-Tu-P%C3%BAblico-Con-Tu-Discurso1.jpg?fit=851%2C564&amp;ssl=1\" data-orig-size=\"851,564\" data-comments-opened=\"0\" data-image-meta=\"{&quot;aperture&quot;:&quot;0&quot;,&quot;credit&quot;:&quot;&quot;,&quot;camera&quot;:&quot;QSS-32_33&quot;,&quot;caption&quot;:&quot;&quot;,&quot;created_timestamp&quot;:&quot;&quot;,&quot;copyright&quot;:&quot;&quot;,&quot;focal_length&quot;:&quot;0&quot;,&quot;iso&quot;:&quot;0&quot;,&quot;shutter_speed&quot;:&quot;0&quot;,&quot;title&quot;:&quot;&quot;}\" data-image-title=\"C\u00f3mo Inspirar A Tu P\u00fablico Con Tu Discurso\" data-image-description=\"&lt;p&gt;C\u00f3mo Inspirar A Tu P\u00fablico Con Tu Discurso&lt;\/p&gt;\n\" data-image-caption=\"&lt;p&gt;C\u00f3mo Inspirar A Tu P\u00fablico Con Tu Discurso&lt;\/p&gt;\n\" data-large-file=\"https:\/\/i0.wp.com\/tecnicashablarenpublico.com\/blog\/wp-content\/uploads\/2012\/08\/C%C3%B3mo-Inspirar-A-Tu-P%C3%BAblico-Con-Tu-Discurso1.jpg?fit=851%2C564&amp;ssl=1\" class=\"size-medium wp-image-566  lazyload\" title=\"C\u00f3mo Inspirar A Tu P\u00fablico Con Tu Discurso\" alt=\"C\u00f3mo Inspirar A Tu P\u00fablico Con Tu Discurso\" src=\"https:\/\/i0.wp.com\/tecnicashablarenpublico.com\/blog\/wp-content\/uploads\/2012\/08\/C%C3%B3mo-Inspirar-A-Tu-P%C3%BAblico-Con-Tu-Discurso1.jpg?fit=300%2C198&ssl=1\" width=\"300\" height=\"198\" srcset=\"https:\/\/i0.wp.com\/tecnicashablarenpublico.com\/blog\/wp-content\/uploads\/2012\/08\/C%C3%B3mo-Inspirar-A-Tu-P%C3%BAblico-Con-Tu-Discurso1.jpg?fit=300%2C198&amp;ssl=1 300w, https:\/\/i0.wp.com\/tecnicashablarenpublico.com\/blog\/wp-content\/uploads\/2012\/08\/C%C3%B3mo-Inspirar-A-Tu-P%C3%BAblico-Con-Tu-Discurso1.jpg?fit=851%2C564&amp;ssl=1 851w\" sizes=\"(max-width: 300px) 100vw, 300px\" \/><\/noscript><\/p>\n<p><\/a> C\u00f3mo Inspirar A Tu P\u00fablico<\/figcaption><\/figure>\n<p><\/a><\/p>\n<p>El m\u00e1ximo logro de un buen orador es poder realizar\u00a0<strong><em>un discurso que INSPIRE<\/em><\/strong>\u00a0a las personas.<\/p>\n<p>\u00bfTe gustar\u00eda aprender a\u00a0<strong>inspirar a tu p\u00fablico<\/strong>\u00a0con tus discursos, y disfrutar esa satisfacci\u00f3n de haberlos conmovido y de haber influido en sus vidas?\u00a0<em>Lee con atenci\u00f3n&#8230;<\/em><\/p>\n<p>El otro d\u00eda acept\u00e9 el reto de realizar un discurso para\u00a0<strong><em>inspirar a un grupo de personas<\/em><\/strong>. No fue f\u00e1cil, porque se trataba de gente que\u00a0no ten\u00eda un inter\u00e9s en com\u00fan, no ten\u00edan la intenci\u00f3n de ser inspirados.<\/p>\n<p>Pero al final logre el objetivo de mi discurso y algunos de los oyentes hasta\u00a0<strong>me dieron las gracias<\/strong>\u00a0porque sintieron que les lleg\u00f3 mi mensaje.<\/p>\n<p>Ahora te voy a contar\u00a0lo que hice\u00a0para conseguirlo:<img decoding=\"async\" class=\"lazyload\" title=\"M\u00e1s...\" alt=\"\" src=\"data:image\/gif;base64,R0lGODlhAQABAIAAAAAAAP\/\/\/yH5BAEAAAAALAAAAAABAAEAAAIBRAA7\" data-src=\"http:\/\/miedohablarenpublico.wordpress.com\/wp-includes\/js\/tinymce\/plugins\/wordpress\/img\/trans.gif\" \/><noscript><img data-recalc-dims=\"1\" decoding=\"async\" class=\"lazyload\" title=\"M\u00e1s...\" alt=\"\" src=\"https:\/\/i0.wp.com\/miedohablarenpublico.wordpress.com\/wp-includes\/js\/tinymce\/plugins\/wordpress\/img\/trans.gif\" \/><\/noscript><!--more--><\/p>\n<p><strong>1. El Tema.<\/strong><\/p>\n<p>En primer lugar me pregunt\u00e9:\u00a0<strong><em>\u00ab\u00bfqu\u00e9 es realmente inspirar?\u00bb<\/em><\/strong>\u00a0y descubr\u00ed que es tocar las emociones m\u00e1s profundas de las personas, de manera que alcancen un cambio trascendental no s\u00f3lo a nivel mental, sino en su alma y en sus corazones.<\/p>\n<p>Entonces me dediqu\u00e9 a decidir de qu\u00e9 tema iba a hablar, tomando en cuenta que necesitaba lograr una\u00a0<strong>conexi\u00f3n fuerte<\/strong>\u00a0con ellos para poder\u00a0<strong>inspirarlos<\/strong>. Decid\u00ed hablar sobre Dios, desde la perspectiva de mi propia experiencia y de c\u00f3mo estar cerca de Dios me ha permitido superar los\u00a0momentos m\u00e1s dif\u00edciles\u00a0de mi vida.<\/p>\n<p>Al involucrar\u00a0<strong><em>mi historia personal<\/em><\/strong>\u00a0y contarles sobre las etapas dif\u00edciles que he tenido que enfrentar en mi vida, pude crear esa conexi\u00f3n con ellos.<\/p>\n<p><strong>2. La Inspiraci\u00f3n.<\/strong><\/p>\n<p>Para poder inspirar a alguien m\u00e1s, primero debo\u00a0<strong><em>despertar esa inspiraci\u00f3n en mi<\/em><\/strong>. As\u00ed que a medida que mi discurso iba tomando forma, buscaba siempre mantenerme inspirado con cada nuevo elemento que agregaba. Cuando agregaba una\u00a0<strong>reflexi\u00f3n\u00a0<\/strong>en espec\u00edfico, me quedaba pensando en ella hasta estar muy inspirado.<\/p>\n<p>No fue necesario practicar muchas veces este discurso, porque iba a hablar sobre mi mismo y sobre un tema que ya dominaba bastante gracias a toda la\u00a0<strong>meditaci\u00f3n y an\u00e1lisis<\/strong>\u00a0que ya he realizado.<\/p>\n<p>Pero s\u00ed fue necesario repasar en mi mente cada punto y cada idea, buscar\u00a0<strong>las palabras m\u00e1s emocionales<\/strong>\u00a0y encontrar la mejor manera de organizarlas, de tal modo que una emoci\u00f3n derivara en otra cada vez\u00a0<strong><em>m\u00e1s intensa y profunda<\/em><\/strong>.<\/p>\n<p><strong>3. El Contagio.<\/strong><\/p>\n<p>Ya me hab\u00eda inspirado a mi mismo y ya ten\u00eda muy claro el mensaje que quer\u00eda transmitir. Ahora solo necesitaba\u00a0<strong><em>contagiar esa inspiraci\u00f3n<\/em><\/strong>\u00a0y todas esas emociones al p\u00fablico.<\/p>\n<p>Trat\u00e9 de mantenerme lo m\u00e1s tranquilo posible y\u00a0empezar con calma, llevando a las personas poco a poco al\u00a0<strong>estado emocional indicado<\/strong>\u00a0para recibir la siguiente idea. Buscaba en todo momento estar al pendiente de c\u00f3mo se sent\u00edan ellos, verificando que estuvieran recibiendo el mensaje y que estaba\u00a0<strong>tocando sus emociones<\/strong>.<\/p>\n<p>Despu\u00e9s de la mitad de mi discurso al ver que las personas estaban conectadas conmigo, me pude olvidar de todos los aspectos t\u00e9cnicos y\u00a0me entregu\u00e9 al p\u00fablico. Me dej\u00e9 llevar por la emoci\u00f3n del mensaje que transmit\u00eda, logrando que mi voz y mi cuerpo actuaran por s\u00ed solos, y en mi interior sent\u00eda como\u00a0<strong><em>la emoci\u00f3n crec\u00eda y flu\u00eda<\/em><\/strong>\u00a0a trav\u00e9s de mis palabras.<\/p>\n<p>As\u00ed fue como logr\u00e9 tocar las emociones de las personas y entregar un mensaje lleno de inspiraci\u00f3n. Te cuento c\u00f3mo lo hice yo, para que t\u00fa tambi\u00e9n lo hagas.<\/p>\n<p>Siempre que hables en p\u00fablico debes enfocarte en\u00a0<strong>apuntar hacia las emociones<\/strong>\u00a0m\u00e1s profundas de las personas. As\u00ed no s\u00f3lo lograr\u00e1s convencer a su mente, sino tambi\u00e9n inspirar y conmover sus corazones.<\/p>\n<p><strong>V\u00edctor Toscano<\/strong><\/p>\n<p><em><strong>P.D: Si te parece \u00fatil esta informaci\u00f3n, por favor haz clic en \u201cGoogle +1\u201d y comp\u00e1rtelo en \u00abFacebook\u00bb y \u201cTwitter\u201d. \u00a1Muchas Gracias!<\/strong><\/em><\/p>\n","protected":false},"excerpt":{"rendered":"<p>El m\u00e1ximo logro de un buen orador es poder realizar\u00a0un discurso que INSPIRE\u00a0a las personas. \u00bfTe gustar\u00eda aprender a\u00a0inspirar a tu p\u00fablico\u00a0con tus discursos, y disfrutar esa satisfacci\u00f3n de haberlos conmovido y de haber influido en sus vidas?\u00a0Lee con atenci\u00f3n&#8230; El otro d\u00eda acept\u00e9 el reto de realizar un discurso para\u00a0inspirar a un grupo de [&hellip;]<\/p>\n","protected":false},"author":1,"featured_media":0,"comment_status":"open","ping_status":"closed","sticky":false,"template":"","format":"standard","meta":{"jetpack_post_was_ever_published":false,"_jetpack_newsletter_access":"","_jetpack_dont_email_post_to_subs":false,"_jetpack_newsletter_tier_id":0,"_jetpack_memberships_contains_paywalled_content":false,"_jetpack_memberships_contains_paid_content":false,"footnotes":"","jetpack_publicize_message":"","jetpack_publicize_feature_enabled":true,"jetpack_social_post_already_shared":false,"jetpack_social_options":{"image_generator_settings":{"template":"highway","default_image_id":0,"font":"","enabled":false},"version":2}},"categories":[3],"tags":[20,17],"class_list":["post-564","post","type-post","status-publish","format-standard","hentry","category-tecnicas-para-hablar-en-publico","tag-discurso-para-oratoria","tag-ejemplos-de-discurso","post-wrapper","thrv_wrapper"],"yoast_head":"<!-- This site is optimized with the Yoast SEO plugin v27.5 - https:\/\/yoast.com\/product\/yoast-seo-wordpress\/ -->\n<title>C\u00f3mo Inspirar A Tu P\u00fablico Con Tu Discurso - TecnicasHablarEnPublico.Com<\/title>\n<meta name=\"robots\" content=\"index, follow, max-snippet:-1, max-image-preview:large, max-video-preview:-1\" \/>\n<link rel=\"canonical\" href=\"https:\/\/tecnicashablarenpublico.com\/blog\/como-inspirar-a-tu-publico-con-tu-discurso\/\" \/>\n<meta property=\"og:locale\" content=\"es_ES\" \/>\n<meta property=\"og:type\" content=\"article\" \/>\n<meta property=\"og:title\" content=\"C\u00f3mo Inspirar A Tu P\u00fablico Con Tu Discurso - TecnicasHablarEnPublico.Com\" \/>\n<meta property=\"og:description\" content=\"El m\u00e1ximo logro de un buen orador es poder realizar\u00a0un discurso que INSPIRE\u00a0a las personas. \u00bfTe gustar\u00eda aprender a\u00a0inspirar a tu p\u00fablico\u00a0con tus discursos, y disfrutar esa satisfacci\u00f3n de haberlos conmovido y de haber influido en sus vidas?\u00a0Lee con atenci\u00f3n&#8230; El otro d\u00eda acept\u00e9 el reto de realizar un discurso para\u00a0inspirar a un grupo de [&hellip;]\" \/>\n<meta property=\"og:url\" content=\"https:\/\/tecnicashablarenpublico.com\/blog\/como-inspirar-a-tu-publico-con-tu-discurso\/\" \/>\n<meta property=\"og:site_name\" content=\"TecnicasHablarEnPublico.Com\" \/>\n<meta property=\"article:publisher\" content=\"https:\/\/www.facebook.com\/VictorToscanoOficial\/\" \/>\n<meta property=\"article:author\" content=\"https:\/\/www.facebook.com\/victortoscanooficial\" \/>\n<meta property=\"article:published_time\" content=\"2012-08-22T15:56:09+00:00\" \/>\n<meta property=\"article:modified_time\" content=\"2013-02-12T16:31:57+00:00\" \/>\n<meta property=\"og:image\" content=\"https:\/\/tecnicashablarenpublico.com\/blog\/wp-content\/uploads\/2012\/08\/C\u00f3mo-Inspirar-A-Tu-P\u00fablico-Con-Tu-Discurso1-300x198.jpg\" \/>\n<meta name=\"author\" content=\"Victor Toscano T V\" \/>\n<meta name=\"twitter:card\" content=\"summary_large_image\" \/>\n<meta name=\"twitter:creator\" content=\"@_victortoscano\" \/>\n<meta name=\"twitter:label1\" content=\"Escrito por\" \/>\n\t<meta name=\"twitter:data1\" content=\"Victor Toscano T V\" \/>\n\t<meta name=\"twitter:label2\" content=\"Tiempo de lectura\" \/>\n\t<meta name=\"twitter:data2\" content=\"3 minutos\" \/>\n<script type=\"application\/ld+json\" class=\"yoast-schema-graph\">{\"@context\":\"https:\\\/\\\/schema.org\",\"@graph\":[{\"@type\":\"Article\",\"@id\":\"https:\\\/\\\/tecnicashablarenpublico.com\\\/blog\\\/como-inspirar-a-tu-publico-con-tu-discurso\\\/#article\",\"isPartOf\":{\"@id\":\"https:\\\/\\\/tecnicashablarenpublico.com\\\/blog\\\/como-inspirar-a-tu-publico-con-tu-discurso\\\/\"},\"author\":{\"name\":\"Victor Toscano T V\",\"@id\":\"https:\\\/\\\/tecnicashablarenpublico.com\\\/blog\\\/#\\\/schema\\\/person\\\/f6a96b9bb773de8f08f84e4d6e6cf28f\"},\"headline\":\"C\u00f3mo Inspirar A Tu P\u00fablico Con Tu Discurso\",\"datePublished\":\"2012-08-22T15:56:09+00:00\",\"dateModified\":\"2013-02-12T16:31:57+00:00\",\"mainEntityOfPage\":{\"@id\":\"https:\\\/\\\/tecnicashablarenpublico.com\\\/blog\\\/como-inspirar-a-tu-publico-con-tu-discurso\\\/\"},\"wordCount\":681,\"commentCount\":5446,\"publisher\":{\"@id\":\"https:\\\/\\\/tecnicashablarenpublico.com\\\/blog\\\/#organization\"},\"image\":{\"@id\":\"https:\\\/\\\/tecnicashablarenpublico.com\\\/blog\\\/como-inspirar-a-tu-publico-con-tu-discurso\\\/#primaryimage\"},\"thumbnailUrl\":\"http:\\\/\\\/miedohablarenpublico.wordpress.com\\\/wp-includes\\\/js\\\/tinymce\\\/plugins\\\/wordpress\\\/img\\\/trans.gif\",\"keywords\":[\"discurso para oratoria\",\"ejemplos de discurso\"],\"articleSection\":[\"T\u00e9cnicas Para Hablar En P\u00fablico\"],\"inLanguage\":\"es\"},{\"@type\":\"WebPage\",\"@id\":\"https:\\\/\\\/tecnicashablarenpublico.com\\\/blog\\\/como-inspirar-a-tu-publico-con-tu-discurso\\\/\",\"url\":\"https:\\\/\\\/tecnicashablarenpublico.com\\\/blog\\\/como-inspirar-a-tu-publico-con-tu-discurso\\\/\",\"name\":\"C\u00f3mo Inspirar A Tu P\u00fablico Con Tu Discurso - TecnicasHablarEnPublico.Com\",\"isPartOf\":{\"@id\":\"https:\\\/\\\/tecnicashablarenpublico.com\\\/blog\\\/#website\"},\"primaryImageOfPage\":{\"@id\":\"https:\\\/\\\/tecnicashablarenpublico.com\\\/blog\\\/como-inspirar-a-tu-publico-con-tu-discurso\\\/#primaryimage\"},\"image\":{\"@id\":\"https:\\\/\\\/tecnicashablarenpublico.com\\\/blog\\\/como-inspirar-a-tu-publico-con-tu-discurso\\\/#primaryimage\"},\"thumbnailUrl\":\"http:\\\/\\\/miedohablarenpublico.wordpress.com\\\/wp-includes\\\/js\\\/tinymce\\\/plugins\\\/wordpress\\\/img\\\/trans.gif\",\"datePublished\":\"2012-08-22T15:56:09+00:00\",\"dateModified\":\"2013-02-12T16:31:57+00:00\",\"breadcrumb\":{\"@id\":\"https:\\\/\\\/tecnicashablarenpublico.com\\\/blog\\\/como-inspirar-a-tu-publico-con-tu-discurso\\\/#breadcrumb\"},\"inLanguage\":\"es\",\"potentialAction\":[{\"@type\":\"ReadAction\",\"target\":[\"https:\\\/\\\/tecnicashablarenpublico.com\\\/blog\\\/como-inspirar-a-tu-publico-con-tu-discurso\\\/\"]}]},{\"@type\":\"ImageObject\",\"inLanguage\":\"es\",\"@id\":\"https:\\\/\\\/tecnicashablarenpublico.com\\\/blog\\\/como-inspirar-a-tu-publico-con-tu-discurso\\\/#primaryimage\",\"url\":\"http:\\\/\\\/miedohablarenpublico.wordpress.com\\\/wp-includes\\\/js\\\/tinymce\\\/plugins\\\/wordpress\\\/img\\\/trans.gif\",\"contentUrl\":\"http:\\\/\\\/miedohablarenpublico.wordpress.com\\\/wp-includes\\\/js\\\/tinymce\\\/plugins\\\/wordpress\\\/img\\\/trans.gif\"},{\"@type\":\"BreadcrumbList\",\"@id\":\"https:\\\/\\\/tecnicashablarenpublico.com\\\/blog\\\/como-inspirar-a-tu-publico-con-tu-discurso\\\/#breadcrumb\",\"itemListElement\":[{\"@type\":\"ListItem\",\"position\":1,\"name\":\"Portada\",\"item\":\"https:\\\/\\\/tecnicashablarenpublico.com\\\/blog\\\/\"},{\"@type\":\"ListItem\",\"position\":2,\"name\":\"C\u00f3mo Inspirar A Tu P\u00fablico Con Tu Discurso\"}]},{\"@type\":\"WebSite\",\"@id\":\"https:\\\/\\\/tecnicashablarenpublico.com\\\/blog\\\/#website\",\"url\":\"https:\\\/\\\/tecnicashablarenpublico.com\\\/blog\\\/\",\"name\":\"TecnicasHablarEnPublico.Com\",\"description\":\"Blog\",\"publisher\":{\"@id\":\"https:\\\/\\\/tecnicashablarenpublico.com\\\/blog\\\/#organization\"},\"potentialAction\":[{\"@type\":\"SearchAction\",\"target\":{\"@type\":\"EntryPoint\",\"urlTemplate\":\"https:\\\/\\\/tecnicashablarenpublico.com\\\/blog\\\/?s={search_term_string}\"},\"query-input\":{\"@type\":\"PropertyValueSpecification\",\"valueRequired\":true,\"valueName\":\"search_term_string\"}}],\"inLanguage\":\"es\"},{\"@type\":\"Organization\",\"@id\":\"https:\\\/\\\/tecnicashablarenpublico.com\\\/blog\\\/#organization\",\"name\":\"TecnicasHablarEnPublico\",\"url\":\"https:\\\/\\\/tecnicashablarenpublico.com\\\/blog\\\/\",\"logo\":{\"@type\":\"ImageObject\",\"inLanguage\":\"es\",\"@id\":\"https:\\\/\\\/tecnicashablarenpublico.com\\\/blog\\\/#\\\/schema\\\/logo\\\/image\\\/\",\"url\":\"https:\\\/\\\/i0.wp.com\\\/tecnicashablarenpublico.com\\\/blog\\\/wp-content\\\/uploads\\\/2014\\\/11\\\/logo_cuadrado.png?fit=286%2C255&ssl=1\",\"contentUrl\":\"https:\\\/\\\/i0.wp.com\\\/tecnicashablarenpublico.com\\\/blog\\\/wp-content\\\/uploads\\\/2014\\\/11\\\/logo_cuadrado.png?fit=286%2C255&ssl=1\",\"width\":286,\"height\":255,\"caption\":\"TecnicasHablarEnPublico\"},\"image\":{\"@id\":\"https:\\\/\\\/tecnicashablarenpublico.com\\\/blog\\\/#\\\/schema\\\/logo\\\/image\\\/\"},\"sameAs\":[\"https:\\\/\\\/www.facebook.com\\\/VictorToscanoOficial\\\/\"]},{\"@type\":\"Person\",\"@id\":\"https:\\\/\\\/tecnicashablarenpublico.com\\\/blog\\\/#\\\/schema\\\/person\\\/f6a96b9bb773de8f08f84e4d6e6cf28f\",\"name\":\"Victor Toscano T V\",\"image\":{\"@type\":\"ImageObject\",\"inLanguage\":\"es\",\"@id\":\"https:\\\/\\\/secure.gravatar.com\\\/avatar\\\/e45c6f1f2986615bd1357fd094a24ab45a2ce7ca867817458fbebca30cd78e46?s=96&d=mm&r=g\",\"url\":\"https:\\\/\\\/secure.gravatar.com\\\/avatar\\\/e45c6f1f2986615bd1357fd094a24ab45a2ce7ca867817458fbebca30cd78e46?s=96&d=mm&r=g\",\"contentUrl\":\"https:\\\/\\\/secure.gravatar.com\\\/avatar\\\/e45c6f1f2986615bd1357fd094a24ab45a2ce7ca867817458fbebca30cd78e46?s=96&d=mm&r=g\",\"caption\":\"Victor Toscano T V\"},\"description\":\"Un apasionado en el tema de Hablar en P\u00fablico y el Crecimiento Personal, que pas\u00f3 de \\\"t\u00edmido\\\" a Conferencista Internacional en menos de dos a\u00f1os.\",\"sameAs\":[\"http:\\\/\\\/www.tecnicashablarenpublico.com\",\"https:\\\/\\\/www.facebook.com\\\/victortoscanooficial\",\"http:\\\/\\\/mx.linkedin.com\\\/in\\\/victortoscano\\\/\",\"http:\\\/\\\/www.pinterest.com\\\/victortoscano\\\/\",\"https:\\\/\\\/x.com\\\/_victortoscano\",\"http:\\\/\\\/victortoscano.com.mx\\\/youtube\"],\"url\":\"https:\\\/\\\/tecnicashablarenpublico.com\\\/blog\\\/author\\\/vict26\\\/\"}]}<\/script>\n<!-- \/ Yoast SEO plugin. -->","yoast_head_json":{"title":"C\u00f3mo Inspirar A Tu P\u00fablico Con Tu Discurso - TecnicasHablarEnPublico.Com","robots":{"index":"index","follow":"follow","max-snippet":"max-snippet:-1","max-image-preview":"max-image-preview:large","max-video-preview":"max-video-preview:-1"},"canonical":"https:\/\/tecnicashablarenpublico.com\/blog\/como-inspirar-a-tu-publico-con-tu-discurso\/","og_locale":"es_ES","og_type":"article","og_title":"C\u00f3mo Inspirar A Tu P\u00fablico Con Tu Discurso - TecnicasHablarEnPublico.Com","og_description":"El m\u00e1ximo logro de un buen orador es poder realizar\u00a0un discurso que INSPIRE\u00a0a las personas. \u00bfTe gustar\u00eda aprender a\u00a0inspirar a tu p\u00fablico\u00a0con tus discursos, y disfrutar esa satisfacci\u00f3n de haberlos conmovido y de haber influido en sus vidas?\u00a0Lee con atenci\u00f3n&#8230; El otro d\u00eda acept\u00e9 el reto de realizar un discurso para\u00a0inspirar a un grupo de [&hellip;]","og_url":"https:\/\/tecnicashablarenpublico.com\/blog\/como-inspirar-a-tu-publico-con-tu-discurso\/","og_site_name":"TecnicasHablarEnPublico.Com","article_publisher":"https:\/\/www.facebook.com\/VictorToscanoOficial\/","article_author":"https:\/\/www.facebook.com\/victortoscanooficial","article_published_time":"2012-08-22T15:56:09+00:00","article_modified_time":"2013-02-12T16:31:57+00:00","og_image":[{"url":"https:\/\/tecnicashablarenpublico.com\/blog\/wp-content\/uploads\/2012\/08\/C\u00f3mo-Inspirar-A-Tu-P\u00fablico-Con-Tu-Discurso1-300x198.jpg","type":"","width":"","height":""}],"author":"Victor Toscano T V","twitter_card":"summary_large_image","twitter_creator":"@_victortoscano","twitter_misc":{"Escrito por":"Victor Toscano T V","Tiempo de lectura":"3 minutos"},"schema":{"@context":"https:\/\/schema.org","@graph":[{"@type":"Article","@id":"https:\/\/tecnicashablarenpublico.com\/blog\/como-inspirar-a-tu-publico-con-tu-discurso\/#article","isPartOf":{"@id":"https:\/\/tecnicashablarenpublico.com\/blog\/como-inspirar-a-tu-publico-con-tu-discurso\/"},"author":{"name":"Victor Toscano T V","@id":"https:\/\/tecnicashablarenpublico.com\/blog\/#\/schema\/person\/f6a96b9bb773de8f08f84e4d6e6cf28f"},"headline":"C\u00f3mo Inspirar A Tu P\u00fablico Con Tu Discurso","datePublished":"2012-08-22T15:56:09+00:00","dateModified":"2013-02-12T16:31:57+00:00","mainEntityOfPage":{"@id":"https:\/\/tecnicashablarenpublico.com\/blog\/como-inspirar-a-tu-publico-con-tu-discurso\/"},"wordCount":681,"commentCount":5446,"publisher":{"@id":"https:\/\/tecnicashablarenpublico.com\/blog\/#organization"},"image":{"@id":"https:\/\/tecnicashablarenpublico.com\/blog\/como-inspirar-a-tu-publico-con-tu-discurso\/#primaryimage"},"thumbnailUrl":"http:\/\/miedohablarenpublico.wordpress.com\/wp-includes\/js\/tinymce\/plugins\/wordpress\/img\/trans.gif","keywords":["discurso para oratoria","ejemplos de discurso"],"articleSection":["T\u00e9cnicas Para Hablar En P\u00fablico"],"inLanguage":"es"},{"@type":"WebPage","@id":"https:\/\/tecnicashablarenpublico.com\/blog\/como-inspirar-a-tu-publico-con-tu-discurso\/","url":"https:\/\/tecnicashablarenpublico.com\/blog\/como-inspirar-a-tu-publico-con-tu-discurso\/","name":"C\u00f3mo Inspirar A Tu P\u00fablico Con Tu Discurso - TecnicasHablarEnPublico.Com","isPartOf":{"@id":"https:\/\/tecnicashablarenpublico.com\/blog\/#website"},"primaryImageOfPage":{"@id":"https:\/\/tecnicashablarenpublico.com\/blog\/como-inspirar-a-tu-publico-con-tu-discurso\/#primaryimage"},"image":{"@id":"https:\/\/tecnicashablarenpublico.com\/blog\/como-inspirar-a-tu-publico-con-tu-discurso\/#primaryimage"},"thumbnailUrl":"http:\/\/miedohablarenpublico.wordpress.com\/wp-includes\/js\/tinymce\/plugins\/wordpress\/img\/trans.gif","datePublished":"2012-08-22T15:56:09+00:00","dateModified":"2013-02-12T16:31:57+00:00","breadcrumb":{"@id":"https:\/\/tecnicashablarenpublico.com\/blog\/como-inspirar-a-tu-publico-con-tu-discurso\/#breadcrumb"},"inLanguage":"es","potentialAction":[{"@type":"ReadAction","target":["https:\/\/tecnicashablarenpublico.com\/blog\/como-inspirar-a-tu-publico-con-tu-discurso\/"]}]},{"@type":"ImageObject","inLanguage":"es","@id":"https:\/\/tecnicashablarenpublico.com\/blog\/como-inspirar-a-tu-publico-con-tu-discurso\/#primaryimage","url":"http:\/\/miedohablarenpublico.wordpress.com\/wp-includes\/js\/tinymce\/plugins\/wordpress\/img\/trans.gif","contentUrl":"http:\/\/miedohablarenpublico.wordpress.com\/wp-includes\/js\/tinymce\/plugins\/wordpress\/img\/trans.gif"},{"@type":"BreadcrumbList","@id":"https:\/\/tecnicashablarenpublico.com\/blog\/como-inspirar-a-tu-publico-con-tu-discurso\/#breadcrumb","itemListElement":[{"@type":"ListItem","position":1,"name":"Portada","item":"https:\/\/tecnicashablarenpublico.com\/blog\/"},{"@type":"ListItem","position":2,"name":"C\u00f3mo Inspirar A Tu P\u00fablico Con Tu Discurso"}]},{"@type":"WebSite","@id":"https:\/\/tecnicashablarenpublico.com\/blog\/#website","url":"https:\/\/tecnicashablarenpublico.com\/blog\/","name":"TecnicasHablarEnPublico.Com","description":"Blog","publisher":{"@id":"https:\/\/tecnicashablarenpublico.com\/blog\/#organization"},"potentialAction":[{"@type":"SearchAction","target":{"@type":"EntryPoint","urlTemplate":"https:\/\/tecnicashablarenpublico.com\/blog\/?s={search_term_string}"},"query-input":{"@type":"PropertyValueSpecification","valueRequired":true,"valueName":"search_term_string"}}],"inLanguage":"es"},{"@type":"Organization","@id":"https:\/\/tecnicashablarenpublico.com\/blog\/#organization","name":"TecnicasHablarEnPublico","url":"https:\/\/tecnicashablarenpublico.com\/blog\/","logo":{"@type":"ImageObject","inLanguage":"es","@id":"https:\/\/tecnicashablarenpublico.com\/blog\/#\/schema\/logo\/image\/","url":"https:\/\/i0.wp.com\/tecnicashablarenpublico.com\/blog\/wp-content\/uploads\/2014\/11\/logo_cuadrado.png?fit=286%2C255&ssl=1","contentUrl":"https:\/\/i0.wp.com\/tecnicashablarenpublico.com\/blog\/wp-content\/uploads\/2014\/11\/logo_cuadrado.png?fit=286%2C255&ssl=1","width":286,"height":255,"caption":"TecnicasHablarEnPublico"},"image":{"@id":"https:\/\/tecnicashablarenpublico.com\/blog\/#\/schema\/logo\/image\/"},"sameAs":["https:\/\/www.facebook.com\/VictorToscanoOficial\/"]},{"@type":"Person","@id":"https:\/\/tecnicashablarenpublico.com\/blog\/#\/schema\/person\/f6a96b9bb773de8f08f84e4d6e6cf28f","name":"Victor Toscano T V","image":{"@type":"ImageObject","inLanguage":"es","@id":"https:\/\/secure.gravatar.com\/avatar\/e45c6f1f2986615bd1357fd094a24ab45a2ce7ca867817458fbebca30cd78e46?s=96&d=mm&r=g","url":"https:\/\/secure.gravatar.com\/avatar\/e45c6f1f2986615bd1357fd094a24ab45a2ce7ca867817458fbebca30cd78e46?s=96&d=mm&r=g","contentUrl":"https:\/\/secure.gravatar.com\/avatar\/e45c6f1f2986615bd1357fd094a24ab45a2ce7ca867817458fbebca30cd78e46?s=96&d=mm&r=g","caption":"Victor Toscano T V"},"description":"Un apasionado en el tema de Hablar en P\u00fablico y el Crecimiento Personal, que pas\u00f3 de \"t\u00edmido\" a Conferencista Internacional en menos de dos a\u00f1os.","sameAs":["http:\/\/www.tecnicashablarenpublico.com","https:\/\/www.facebook.com\/victortoscanooficial","http:\/\/mx.linkedin.com\/in\/victortoscano\/","http:\/\/www.pinterest.com\/victortoscano\/","https:\/\/x.com\/_victortoscano","http:\/\/victortoscano.com.mx\/youtube"],"url":"https:\/\/tecnicashablarenpublico.com\/blog\/author\/vict26\/"}]}},"jetpack_publicize_connections":[],"jetpack_featured_media_url":"","jetpack_shortlink":"https:\/\/wp.me\/p338RC-96","jetpack-related-posts":[{"id":1409,"url":"https:\/\/tecnicashablarenpublico.com\/blog\/como-desarrollar-un-tema-en-publico-enfoca-tu-discurso\/","url_meta":{"origin":564,"position":0},"title":"C\u00f3mo Desarrollar un Tema en P\u00fablico | Enfoca tu Discurso","author":"Victor Toscano T V","date":"13\/09\/2013","format":false,"excerpt":"\u00bfTe ha pasado que tienes que realizar una presentaci\u00f3n en p\u00fablico pero NO sabes c\u00f3mo abordar el tema? Cuando enfrentas el momento en que tienes que pararte y dar un discurso, lo m\u00e1s importante que te tienes que responder es el \"por qu\u00e9 vas a dar esa presentacion.\" No estamos\u2026","rel":"","context":"En \u00abConsejos de Oratoria\u00bb","block_context":{"text":"Consejos de Oratoria","link":"https:\/\/tecnicashablarenpublico.com\/blog\/category\/consejos-de-oratoria\/"},"img":{"alt_text":"Como Desarrollar un Tema en Publico  Enfoca tu Discurso","src":"https:\/\/i0.wp.com\/tecnicashablarenpublico.com\/blog\/wp-content\/uploads\/2013\/09\/Como-Desarrollar-un-Tema-en-Publico-Enfoca-tu-Discurso-300x225.jpg?resize=350%2C200&ssl=1","width":350,"height":200},"classes":[]},{"id":2386,"url":"https:\/\/tecnicashablarenpublico.com\/blog\/7-tecnicas-para-hablar-en-publico-muy-efectivas\/","url_meta":{"origin":564,"position":1},"title":"7 T\u00e9cnicas para Hablar en P\u00fablico (Muy Efectivas)  | Curso de Oratoria y Liderazgo","author":"Victor Toscano T V","date":"30\/06\/2017","format":false,"excerpt":"7 t\u00e9cnicas para hablar en p\u00fablico de manera adecuada | En este curso de oratoria y liderazgo aprender\u00e1s t\u00e9cnicas cient\u00edficas y trucos de c\u00f3mo hablar bien en p\u00fablico... \u00bb Mira el VIDEO Aqu\u00ed: \u00bb Suscr\u00edbete en Youtube: https:\/\/www.youtube.com\/@VictorToscano \u00bb M\u00e1s videos de Oratoria:\u00a0https:\/\/tecnicashablarenpublico.com 7 t\u00e9cnicas de oratoria y liderazgo para\u2026","rel":"","context":"En \u00abT\u00e9cnicas Para Hablar En P\u00fablico\u00bb","block_context":{"text":"T\u00e9cnicas Para Hablar En P\u00fablico","link":"https:\/\/tecnicashablarenpublico.com\/blog\/category\/tecnicas-para-hablar-en-publico\/"},"img":{"alt_text":"","src":"https:\/\/i0.wp.com\/optimizacionpaginasmedia.s3.amazonaws.com\/2023\/06\/7uC2wni6-7-tecnicas-para-hablar-en-publico-copia-min.png?fit=500%2C281&ssl=1&resize=350%2C200","width":350,"height":200},"classes":[]},{"id":2198,"url":"https:\/\/tecnicashablarenpublico.com\/blog\/presentaciones-efectivas-como-hacer-una-presentacion-audio-visual-extraordinaria\/","url_meta":{"origin":564,"position":2},"title":"Presentaciones Efectivas | Como Hacer una Presentaci\u00f3n Audio-Visual Extraordinaria VIDEO 3","author":"Victor Toscano T V","date":"15\/07\/2015","format":false,"excerpt":"Presentaciones Efectivas: Como hacer presentaciones con apoyos audio visuales y material de apoyo electr\u00f3nico... Mira el video ahora: \u00a1Suscr\u00edbete a mi canal en YOUTUBE! (V\u00edctor Toscano TV)... \u2022\u2022 Presentaciones Efectivas\u00a0\u2022\u2022 Conferencia de ejemplo: https:\/\/tecnicashablarenpublico.com\/jill-bolte-taylor SERIE ACTUAL: C\u00f3mo usar correctamente las ayudas visuales (material de apoyo) al hablar en p\u00fablico. VIDEO\u2026","rel":"","context":"En \u00abT\u00e9cnicas Para Hablar En P\u00fablico\u00bb","block_context":{"text":"T\u00e9cnicas Para Hablar En P\u00fablico","link":"https:\/\/tecnicashablarenpublico.com\/blog\/category\/tecnicas-para-hablar-en-publico\/"},"img":{"alt_text":"","src":"https:\/\/i0.wp.com\/optimizacionpaginasmedia.s3.amazonaws.com\/2023\/06\/VdTUbich-presentaciones-efectivas-copia-min.png?fit=500%2C281&ssl=1&resize=350%2C200","width":350,"height":200},"classes":[]},{"id":872,"url":"https:\/\/tecnicashablarenpublico.com\/blog\/5-sencillos-pasos-para-preparar-un-discurso-extraordinario\/","url_meta":{"origin":564,"position":3},"title":"5 Sencillos Pasos Para Preparar Un Discurso Extraordinario","author":"Victor Toscano T V","date":"23\/01\/2013","format":false,"excerpt":"IMPORTANTE: La mayor\u00eda de las personas se equivoca al momento de preparar una presentaci\u00f3n en p\u00fablico y por eso todo le sale mal al momento de estar en frente de su auditorio... A continuaci\u00f3n voy a compartir contigo 5 Sencillos pero Efectivos Pasos que te guiar\u00e1n para que prepares y\u2026","rel":"","context":"En \u00abComo Aprender Oratoria\u00bb","block_context":{"text":"Como Aprender Oratoria","link":"https:\/\/tecnicashablarenpublico.com\/blog\/category\/como-aprender-oratoria\/"},"img":{"alt_text":"5 Sencillos Pasos Para Preparar Un Discurso de Oratoria","src":"https:\/\/i0.wp.com\/optimizacionpaginasmedia.s3.amazonaws.com\/2020\/05\/pasos-para-preparar-un-discurso-de-oratoria.jpg?fit=900%2C477&ssl=1&resize=350%2C200","width":350,"height":200,"srcset":"https:\/\/i0.wp.com\/optimizacionpaginasmedia.s3.amazonaws.com\/2020\/05\/pasos-para-preparar-un-discurso-de-oratoria.jpg?fit=900%2C477&ssl=1&resize=350%2C200 1x, https:\/\/i0.wp.com\/optimizacionpaginasmedia.s3.amazonaws.com\/2020\/05\/pasos-para-preparar-un-discurso-de-oratoria.jpg?fit=900%2C477&ssl=1&resize=525%2C300 1.5x, https:\/\/i0.wp.com\/optimizacionpaginasmedia.s3.amazonaws.com\/2020\/05\/pasos-para-preparar-un-discurso-de-oratoria.jpg?fit=900%2C477&ssl=1&resize=700%2C400 2x"},"classes":[]},{"id":2129,"url":"https:\/\/tecnicashablarenpublico.com\/blog\/como-escribir-y-estructurar-un-discurso-de-oratoria-estructura-ejemplo-de-esquema\/","url_meta":{"origin":564,"position":4},"title":"C\u00f3mo Escribir y Estructurar un Discurso de Oratoria | ESTRUCTURA: Ejemplo de Esquema","author":"Victor Toscano T V","date":"10\/02\/2015","format":false,"excerpt":"A continuaci\u00f3n aprender\u00e1s los 5 pasos que necesitas seguir para\u00a0Escribir un Discurso de Oratoria que sea s\u00f3lido, que tenga un mensaje de valor y que te ayude a lograr un gran impacto con tu presentaci\u00f3n... Pero antes quiero que conozcas la Herramienta de MAPAS MENTALES que yo utilizo: Si quieres\u2026","rel":"","context":"En \u00abT\u00e9cnicas Para Hablar En P\u00fablico\u00bb","block_context":{"text":"T\u00e9cnicas Para Hablar En P\u00fablico","link":"https:\/\/tecnicashablarenpublico.com\/blog\/category\/tecnicas-para-hablar-en-publico\/"},"img":{"alt_text":"C\u00f3mo Escribir y Estructurar un Discurso de Oratoria","src":"https:\/\/i0.wp.com\/optimizacionpaginasmedia.s3.amazonaws.com\/2020\/05\/como-escribir-y-estructurar-un-discurso-de-oratoria.jpg?fit=900%2C550&ssl=1&resize=350%2C200","width":350,"height":200,"srcset":"https:\/\/i0.wp.com\/optimizacionpaginasmedia.s3.amazonaws.com\/2020\/05\/como-escribir-y-estructurar-un-discurso-de-oratoria.jpg?fit=900%2C550&ssl=1&resize=350%2C200 1x, https:\/\/i0.wp.com\/optimizacionpaginasmedia.s3.amazonaws.com\/2020\/05\/como-escribir-y-estructurar-un-discurso-de-oratoria.jpg?fit=900%2C550&ssl=1&resize=525%2C300 1.5x, https:\/\/i0.wp.com\/optimizacionpaginasmedia.s3.amazonaws.com\/2020\/05\/como-escribir-y-estructurar-un-discurso-de-oratoria.jpg?fit=900%2C550&ssl=1&resize=700%2C400 2x"},"classes":[]},{"id":720,"url":"https:\/\/tecnicashablarenpublico.com\/blog\/tecnica-para-dominar-los-nervios-al-hablar-en-publico-1\/","url_meta":{"origin":564,"position":5},"title":"T\u00e9cnica Para Dominar Los Nervios Al Hablar En P\u00fablico #1","author":"Victor Toscano T V","date":"15\/01\/2013","format":false,"excerpt":"[headline_arial_medium_centered color=\"#aa0000\"]\"Prep\u00e1rate Bien Y Practica Tu Exposici\u00f3n\"[\/headline_arial_medium_centered] Nada puede hacerte sentir m\u00e1s ansioso que saber que no est\u00e1s bien preparado. Despu\u00e9s de todo, \u00bfno se debe toda tu ansiedad a poder parecer tonto ante los ojos de tu audiencia? La mala preparaci\u00f3n garantiza esto. Para prepararte adecuadamente, en primer lugar,\u2026","rel":"","context":"En \u00abAprender a Hablar en Publico\u00bb","block_context":{"text":"Aprender a Hablar en Publico","link":"https:\/\/tecnicashablarenpublico.com\/blog\/category\/aprender-a-hablar-en-publico\/"},"img":{"alt_text":"","src":"https:\/\/i0.wp.com\/tecnicashablarenpublico.com\/blog\/wp-content\/themes\/OptimizePress\/images\/large-signupnow.png?resize=350%2C200&ssl=1","width":350,"height":200},"classes":[]}],"jetpack_sharing_enabled":true,"_links":{"self":[{"href":"https:\/\/tecnicashablarenpublico.com\/blog\/wp-json\/wp\/v2\/posts\/564","targetHints":{"allow":["GET"]}}],"collection":[{"href":"https:\/\/tecnicashablarenpublico.com\/blog\/wp-json\/wp\/v2\/posts"}],"about":[{"href":"https:\/\/tecnicashablarenpublico.com\/blog\/wp-json\/wp\/v2\/types\/post"}],"author":[{"embeddable":true,"href":"https:\/\/tecnicashablarenpublico.com\/blog\/wp-json\/wp\/v2\/users\/1"}],"replies":[{"embeddable":true,"href":"https:\/\/tecnicashablarenpublico.com\/blog\/wp-json\/wp\/v2\/comments?post=564"}],"version-history":[{"count":0,"href":"https:\/\/tecnicashablarenpublico.com\/blog\/wp-json\/wp\/v2\/posts\/564\/revisions"}],"wp:attachment":[{"href":"https:\/\/tecnicashablarenpublico.com\/blog\/wp-json\/wp\/v2\/media?parent=564"}],"wp:term":[{"taxonomy":"category","embeddable":true,"href":"https:\/\/tecnicashablarenpublico.com\/blog\/wp-json\/wp\/v2\/categories?post=564"},{"taxonomy":"post_tag","embeddable":true,"href":"https:\/\/tecnicashablarenpublico.com\/blog\/wp-json\/wp\/v2\/tags?post=564"}],"curies":[{"name":"wp","href":"https:\/\/api.w.org\/{rel}","templated":true}]}}