{"id":388,"date":"2010-09-14T16:12:09","date_gmt":"2010-09-14T21:12:09","guid":{"rendered":"https:\/\/tecnicashablarenpublico.com\/blog\/?p=388"},"modified":"2013-02-12T10:31:57","modified_gmt":"2013-02-12T16:31:57","slug":"10-tecnicas-para-hablar-en-publico","status":"publish","type":"post","link":"https:\/\/tecnicashablarenpublico.com\/blog\/10-tecnicas-para-hablar-en-publico\/","title":{"rendered":"10 T\u00e9cnicas Para Hablar En P\u00fablico (Parte 1)"},"content":{"rendered":"<p style=\"text-align: right;\">\n<p><a href=\"https:\/\/i0.wp.com\/tecnicashablarenpublico.com\/blog\/wp-content\/uploads\/2010\/09\/1224871319f5Bdi1-copia.jpg?ssl=1\"><img decoding=\"async\" data-attachment-id=\"419\" data-permalink=\"https:\/\/tecnicashablarenpublico.com\/blog\/10-tecnicas-para-hablar-en-publico\/1224871319f5bdi1-copia\/\" data-orig-file=\"https:\/\/i0.wp.com\/tecnicashablarenpublico.com\/blog\/wp-content\/uploads\/2010\/09\/1224871319f5Bdi1-copia.jpg?fit=358%2C290&amp;ssl=1\" data-orig-size=\"358,290\" data-comments-opened=\"0\" data-image-meta=\"{&quot;aperture&quot;:&quot;0&quot;,&quot;credit&quot;:&quot;&quot;,&quot;camera&quot;:&quot;&quot;,&quot;caption&quot;:&quot;&quot;,&quot;created_timestamp&quot;:&quot;0&quot;,&quot;copyright&quot;:&quot;&quot;,&quot;focal_length&quot;:&quot;0&quot;,&quot;iso&quot;:&quot;0&quot;,&quot;shutter_speed&quot;:&quot;0&quot;,&quot;title&quot;:&quot;&quot;}\" data-image-title=\"Hablar en Publico 1 &#8211; Dibujo\" data-image-description=\"\" data-image-caption=\"\" data-large-file=\"https:\/\/i0.wp.com\/tecnicashablarenpublico.com\/blog\/wp-content\/uploads\/2010\/09\/1224871319f5Bdi1-copia.jpg?fit=358%2C290&amp;ssl=1\" class=\"alignleft size-thumbnail wp-image-419 lazyload\" title=\"Hablar en Publico 1 - Dibujo\" alt=\"10 Tecnicas Para hablar en publico\" src=\"data:image\/gif;base64,R0lGODlhAQABAIAAAAAAAP\/\/\/yH5BAEAAAAALAAAAAABAAEAAAIBRAA7\" data-src=\"https:\/\/tecnicashablarenpublico.com\/blog\/wp-content\/uploads\/2010\/09\/1224871319f5Bdi1-copia-150x150.jpg\" width=\"150\" height=\"150\" hspace=\"10\" vspace=\"10\" \/><noscript><img data-recalc-dims=\"1\" decoding=\"async\" data-attachment-id=\"419\" data-permalink=\"https:\/\/tecnicashablarenpublico.com\/blog\/10-tecnicas-para-hablar-en-publico\/1224871319f5bdi1-copia\/\" data-orig-file=\"https:\/\/i0.wp.com\/tecnicashablarenpublico.com\/blog\/wp-content\/uploads\/2010\/09\/1224871319f5Bdi1-copia.jpg?fit=358%2C290&amp;ssl=1\" data-orig-size=\"358,290\" data-comments-opened=\"0\" data-image-meta=\"{&quot;aperture&quot;:&quot;0&quot;,&quot;credit&quot;:&quot;&quot;,&quot;camera&quot;:&quot;&quot;,&quot;caption&quot;:&quot;&quot;,&quot;created_timestamp&quot;:&quot;0&quot;,&quot;copyright&quot;:&quot;&quot;,&quot;focal_length&quot;:&quot;0&quot;,&quot;iso&quot;:&quot;0&quot;,&quot;shutter_speed&quot;:&quot;0&quot;,&quot;title&quot;:&quot;&quot;}\" data-image-title=\"Hablar en Publico 1 &#8211; Dibujo\" data-image-description=\"\" data-image-caption=\"\" data-large-file=\"https:\/\/i0.wp.com\/tecnicashablarenpublico.com\/blog\/wp-content\/uploads\/2010\/09\/1224871319f5Bdi1-copia.jpg?fit=358%2C290&amp;ssl=1\" class=\"alignleft size-thumbnail wp-image-419 lazyload\" title=\"Hablar en Publico 1 - Dibujo\" alt=\"10 Tecnicas Para hablar en publico\" src=\"https:\/\/i0.wp.com\/tecnicashablarenpublico.com\/blog\/wp-content\/uploads\/2010\/09\/1224871319f5Bdi1-copia.jpg?resize=150%2C150&ssl=1\" width=\"150\" height=\"150\" hspace=\"10\" vspace=\"10\" \/><\/noscript><\/a>El d\u00eda de hoy voy a compartir contigo las <strong>10 principales T\u00e9cnicas para Hablar en P\u00fablico<\/strong> que debes conocer. Tratar\u00e9 de resumirlas y explicarlas de tal manera que puedan ser <span style=\"text-decoration: underline;\">f\u00e1cilmente llevadas a la pr\u00e1ctica<\/span>.<\/p>\n<p>Estas claves son simplemente los <em><strong>10 aspectos m\u00e1s importantes<\/strong><\/em> en los que <span style=\"text-decoration: underline;\">tienes que trabajar<\/span>, para <span style=\"text-decoration: underline;\">desarrollar tu habilidad para Hablar<!--more--> en P\u00fablico<\/span>.<br \/>\n<strong><br \/>\n<\/strong><\/p>\n<p>&nbsp;<\/p>\n<h3>1. La Preparaci\u00f3n.<\/h3>\n<p>Siempre es importante estar bien preparado. Investiga hasta que <span style=\"text-decoration: underline;\">domines el tema a la perfecci\u00f3n<\/span>. Todo orador debe de conocer muy bien la informaci\u00f3n que est\u00e1 presentando a las personas, de otra forma les estar\u00eda mintiendo.<\/p>\n<p>Adem\u00e1s de investigar, debes <strong><em>organizar<\/em><\/strong> toda tu informaci\u00f3n. Al organizarla, ser\u00e1 mucho m\u00e1s f\u00e1cil de recordar y podr\u00e1s <strong>expresar de manera fluida tus ideas<\/strong>. Primero, clasifica tu informaci\u00f3n entre 5 a 15 temas. Despu\u00e9s haz un \u00edndice de todos los temas y coloca los subtemas debajo. Tambi\u00e9n puedes colocar flechas, palabras clave o nombres de personas importantes que quieras recordar. Una vez que termines, tendr\u00e1s listo el <span style=\"text-decoration: underline;\"><strong>esquema de tu presentaci\u00f3n<\/strong><\/span>.<br \/>\n<strong><br \/>\n<\/strong><\/p>\n<p>&nbsp;<\/p>\n<h3>2. La Pr\u00e1ctica.<\/h3>\n<p>Es muy importante que practiques tu presentaci\u00f3n completa al menos <strong>10 veces frente a un espejo<\/strong>, antes de tu presentaci\u00f3n real. Esta pr\u00e1ctica te ayudar\u00e1 a observar y corregir tus movimientos corporales y tambi\u00e9n a reafirmar la informaci\u00f3n. Puedes utilizar tu<span style=\"text-decoration: underline;\"> esquema como gu\u00eda<\/span>, pero recuerda que no es para leerlo, es s\u00f3lo una gu\u00eda.<\/p>\n<p>Es importante seguir <strong>repasando la informaci\u00f3n<\/strong> todos los d\u00edas antes de tu presentaci\u00f3n. \u00a0Busca amigos o familiares con quienes puedas conversar sobre el tema, <span style=\"text-decoration: underline;\">practica frente a ellos <\/span>tu presentaci\u00f3n y p\u00eddeles su opini\u00f3n. Esto te ayudar\u00e1 a reforzar a\u00fan m\u00e1s tu tema.<br \/>\n<strong><br \/>\n<\/strong><\/p>\n<p>&nbsp;<\/p>\n<h3>3. La Voz.<\/h3>\n<p>La voz es tu <strong>herramienta <\/strong>para <strong>comunicar a tu p\u00fablico lo que deseas<\/strong>, aunque no es la \u00fanica. Sin embargo, es muy importante que hables con entusiasmo, y que hagas cambios en el tono y volumen de tu voz durante tu presentaci\u00f3n. Esos cambios no s\u00f3lo servir\u00e1n para inyectar dosis de suspenso y emoci\u00f3n a tus oyentes, tambi\u00e9n evitar\u00e1n que se aburran y se queden dormidos.<\/p>\n<p>Esta es una t\u00e9cnica que te ser\u00e1 muy \u00fatil y f\u00e1cil de seguir: <em><strong>\u00abPiensa en Voz Alta\u00bb<\/strong><\/em>. Si, hazlo de preferencia cuando est\u00e9s solo, en el ba\u00f1o, en tu rec\u00e1mara o en tu auto. Piensa en voz alta las ideas que tengas sobre el tema que vas a tratar. Esto te ayudar\u00e1 a dos cosas. Primero, te ayudar\u00e1 a darle una <span style=\"text-decoration: underline;\">mayor fluidez a tus ideas <\/span>para poder expresarlas mejor frente a las personas. Y segundo, te servir\u00e1 de pr\u00e1ctica para que <span style=\"text-decoration: underline;\">aprendas a modular tu voz<\/span>.<\/p>\n<p>Estamos tan acostumbrados a expresar ideas en voz baja que no podemos hacerlo en voz alta. \u00bfNo te has dado cuenta que tus pensamientos fluyen r\u00e1pidamente cuando no hablas, y sin embargo no eres capaz de expresar esas mismas ideas en voz alta? . Pues de ahora en adelante deja que tus pensamientos fluyan en voz alta durante 10 minutos diarios. Notar\u00e1s la diferencia.<br \/>\n<strong><br \/>\n<\/strong><\/p>\n<p>&nbsp;<\/p>\n<h3>4. La\u00a0Auto-programaci\u00f3n\u00a0Mental.<\/h3>\n<p>Los seres humanos tenemos, en realidad, dos mentes: <em>la mente consciente y la mente subconsciente<\/em>. \u00bfCu\u00e1l crees que es la m\u00e1s poderosa? Bueno, <span style=\"text-decoration: underline;\">la m\u00e1s poderosa es la mente subconsciente<\/span> y es la que est\u00e1 activa la mayor parte del tiempo.<\/p>\n<p><strong>Auto-programa tu mente subconsciente de una manera positiva<\/strong>. Realiza todos los d\u00edas ejercicios de repetici\u00f3n de frases motivadoras: <em>\u00abYo puedo hacerlo\u00bb, \u00abCada d\u00eda soy mejor para comunicarme\u00bb, \u00abCada vez soy mejor orador\u00bb, \u00abMe gusta comunicarme con las personas\u00bb, \u00abSoy una persona totalmente segura de mi misma\u00bb<\/em>. Utiliza estas y cualquier otra frase tuya que te ayude a ser mejor en todos los aspectos que deseas. En pocas semanas notar\u00e1s los resultados.<\/p>\n<p>La <strong>auto-programaci\u00f3n<\/strong> funciona tambi\u00e9n en el \u00e1mbito de la salud, el desarrollo personal, situaciones financieras, correcci\u00f3n de malos h\u00e1bitos, etc\u00e9tera. Te invito a que <span style=\"text-decoration: underline;\">aproveches el poder de tu mente subconsciente<\/span>.<br \/>\n<strong><br \/>\n<\/strong><\/p>\n<p>&nbsp;<\/p>\n<h3>5. La Confianza.<\/h3>\n<p>La confianza es la <strong><span style=\"text-decoration: underline;\">clave para tener \u00e9xito<\/span><\/strong> en cualquier situaci\u00f3n. Si tienes confianza en ti mismo, puedes lograr todo lo que te propongas. A continuaci\u00f3n te voy a presentar una excelente<span style=\"text-decoration: underline;\"> t\u00e9cnica para generar confianza<\/span> en cualquier \u00e1mbito:<\/p>\n<p><strong>a) Acci\u00f3n:<\/strong> Intenta eso en lo que quieres obtener confianza hasta que logres el \u00e9xito en alg\u00fan aspecto.<\/p>\n<p><strong>b) \u00c9xito:<\/strong> Ahora, despu\u00e9s de algunos intentos, has tenido un poco de \u00e9xito.<\/p>\n<p><strong>c) Resultados:<\/strong> Con el \u00e9xito obtenido, podr\u00e1s ver que haz mejorado gracias a los resultados.<\/p>\n<p><strong>d) Creer:<\/strong> Felicidades, ahora crees m\u00e1s en ti mismo que antes de tomar acci\u00f3n. Haz logrado generar un poco m\u00e1s de confianza.<\/p>\n<p>Ahora s\u00f3lo tienes que repetir estos cuatro pasos cada vez que quieras aumentar la <span style=\"text-decoration: underline;\">confianza en ti mismo<\/span>, en cualquier actividad. De verdad te recomiendo que pongas en pr\u00e1ctica esta t\u00e9cnica, as\u00ed aumentar\u00e1s tu confianza.<\/p>\n<p>Las t\u00e9cnicas que faltan son las siguientes:<\/p>\n<p><strong>6. Control del Miedo<\/strong><\/p>\n<p><strong>7. La Respiraci\u00f3n Profunda<\/strong><\/p>\n<p><strong>8. Sinceridad<\/strong><\/p>\n<p><strong>9. Enfoque<\/strong><\/p>\n<p><strong>10. Cometer Errores<\/strong><\/p>\n<p>En el <a href=\"https:\/\/tecnicashablarenpublico.com\/blog\/2010\/09\/10-tecnicas-para-hablar-en-publico-parte-2\" class=\"broken_link\">siguiente art\u00edculo<\/a> te las explicar\u00e9 detalladamente.<\/p>\n<p><a href=\"https:\/\/tecnicashablarenpublico.com\/blog\/2010\/09\/10-tecnicas-para-hablar-en-publico-parte-2\" class=\"broken_link\">Haz clic Aqu\u00ed para leer la segunda parte de este art\u00edculo<\/a><\/p>\n","protected":false},"excerpt":{"rendered":"<p>El d\u00eda de hoy voy a compartir contigo las 10 principales T\u00e9cnicas para Hablar en P\u00fablico que debes conocer. Tratar\u00e9 de resumirlas y explicarlas de tal manera que puedan ser f\u00e1cilmente llevadas a la pr\u00e1ctica. Estas claves son simplemente los 10 aspectos m\u00e1s importantes en los que tienes que trabajar, para desarrollar tu habilidad para [&hellip;]<\/p>\n","protected":false},"author":1,"featured_media":0,"comment_status":"open","ping_status":"open","sticky":false,"template":"","format":"standard","meta":{"jetpack_post_was_ever_published":false,"_jetpack_newsletter_access":"","_jetpack_dont_email_post_to_subs":false,"_jetpack_newsletter_tier_id":0,"_jetpack_memberships_contains_paywalled_content":false,"_jetpack_memberships_contains_paid_content":false,"footnotes":"","jetpack_publicize_message":"","jetpack_publicize_feature_enabled":true,"jetpack_social_post_already_shared":false,"jetpack_social_options":{"image_generator_settings":{"template":"highway","default_image_id":0,"font":"","enabled":false},"version":2}},"categories":[3],"tags":[4,5,60],"class_list":["post-388","post","type-post","status-publish","format-standard","hentry","category-tecnicas-para-hablar-en-publico","tag-hablar-en-publico","tag-tecnicas-hablar-en-publico","tag-tecnicas-para-hablar-en-publico","post-wrapper","thrv_wrapper"],"yoast_head":"<!-- This site is optimized with the Yoast SEO plugin v27.5 - https:\/\/yoast.com\/product\/yoast-seo-wordpress\/ -->\n<title>10 T\u00e9cnicas Para Hablar En P\u00fablico (Parte 1) - TecnicasHablarEnPublico.Com<\/title>\n<meta name=\"robots\" content=\"index, follow, max-snippet:-1, max-image-preview:large, max-video-preview:-1\" \/>\n<link rel=\"canonical\" href=\"https:\/\/tecnicashablarenpublico.com\/blog\/10-tecnicas-para-hablar-en-publico\/\" \/>\n<meta property=\"og:locale\" content=\"es_ES\" \/>\n<meta property=\"og:type\" content=\"article\" \/>\n<meta property=\"og:title\" content=\"10 T\u00e9cnicas Para Hablar En P\u00fablico (Parte 1) - TecnicasHablarEnPublico.Com\" \/>\n<meta property=\"og:description\" content=\"El d\u00eda de hoy voy a compartir contigo las 10 principales T\u00e9cnicas para Hablar en P\u00fablico que debes conocer. Tratar\u00e9 de resumirlas y explicarlas de tal manera que puedan ser f\u00e1cilmente llevadas a la pr\u00e1ctica. Estas claves son simplemente los 10 aspectos m\u00e1s importantes en los que tienes que trabajar, para desarrollar tu habilidad para [&hellip;]\" \/>\n<meta property=\"og:url\" content=\"https:\/\/tecnicashablarenpublico.com\/blog\/10-tecnicas-para-hablar-en-publico\/\" \/>\n<meta property=\"og:site_name\" content=\"TecnicasHablarEnPublico.Com\" \/>\n<meta property=\"article:publisher\" content=\"https:\/\/www.facebook.com\/VictorToscanoOficial\/\" \/>\n<meta property=\"article:author\" content=\"https:\/\/www.facebook.com\/victortoscanooficial\" \/>\n<meta property=\"article:published_time\" content=\"2010-09-14T21:12:09+00:00\" \/>\n<meta property=\"article:modified_time\" content=\"2013-02-12T16:31:57+00:00\" \/>\n<meta property=\"og:image\" content=\"https:\/\/tecnicashablarenpublico.com\/blog\/wp-content\/uploads\/2010\/09\/1224871319f5Bdi1-copia-150x150.jpg\" \/>\n<meta name=\"author\" content=\"Victor Toscano T V\" \/>\n<meta name=\"twitter:card\" content=\"summary_large_image\" \/>\n<meta name=\"twitter:creator\" content=\"@_victortoscano\" \/>\n<meta name=\"twitter:label1\" content=\"Escrito por\" \/>\n\t<meta name=\"twitter:data1\" content=\"Victor Toscano T V\" \/>\n\t<meta name=\"twitter:label2\" content=\"Tiempo de lectura\" \/>\n\t<meta name=\"twitter:data2\" content=\"4 minutos\" \/>\n<script type=\"application\/ld+json\" class=\"yoast-schema-graph\">{\"@context\":\"https:\\\/\\\/schema.org\",\"@graph\":[{\"@type\":\"Article\",\"@id\":\"https:\\\/\\\/tecnicashablarenpublico.com\\\/blog\\\/10-tecnicas-para-hablar-en-publico\\\/#article\",\"isPartOf\":{\"@id\":\"https:\\\/\\\/tecnicashablarenpublico.com\\\/blog\\\/10-tecnicas-para-hablar-en-publico\\\/\"},\"author\":{\"name\":\"Victor Toscano T V\",\"@id\":\"https:\\\/\\\/tecnicashablarenpublico.com\\\/blog\\\/#\\\/schema\\\/person\\\/f6a96b9bb773de8f08f84e4d6e6cf28f\"},\"headline\":\"10 T\u00e9cnicas Para Hablar En P\u00fablico (Parte 1)\",\"datePublished\":\"2010-09-14T21:12:09+00:00\",\"dateModified\":\"2013-02-12T16:31:57+00:00\",\"mainEntityOfPage\":{\"@id\":\"https:\\\/\\\/tecnicashablarenpublico.com\\\/blog\\\/10-tecnicas-para-hablar-en-publico\\\/\"},\"wordCount\":902,\"commentCount\":54,\"publisher\":{\"@id\":\"https:\\\/\\\/tecnicashablarenpublico.com\\\/blog\\\/#organization\"},\"image\":{\"@id\":\"https:\\\/\\\/tecnicashablarenpublico.com\\\/blog\\\/10-tecnicas-para-hablar-en-publico\\\/#primaryimage\"},\"thumbnailUrl\":\"https:\\\/\\\/tecnicashablarenpublico.com\\\/blog\\\/wp-content\\\/uploads\\\/2010\\\/09\\\/1224871319f5Bdi1-copia-150x150.jpg\",\"keywords\":[\"hablar en publico\",\"tecnicas hablar en publico\",\"T\u00e9cnicas Para Hablar En P\u00fablico\"],\"articleSection\":[\"T\u00e9cnicas Para Hablar En P\u00fablico\"],\"inLanguage\":\"es\"},{\"@type\":\"WebPage\",\"@id\":\"https:\\\/\\\/tecnicashablarenpublico.com\\\/blog\\\/10-tecnicas-para-hablar-en-publico\\\/\",\"url\":\"https:\\\/\\\/tecnicashablarenpublico.com\\\/blog\\\/10-tecnicas-para-hablar-en-publico\\\/\",\"name\":\"10 T\u00e9cnicas Para Hablar En P\u00fablico (Parte 1) - TecnicasHablarEnPublico.Com\",\"isPartOf\":{\"@id\":\"https:\\\/\\\/tecnicashablarenpublico.com\\\/blog\\\/#website\"},\"primaryImageOfPage\":{\"@id\":\"https:\\\/\\\/tecnicashablarenpublico.com\\\/blog\\\/10-tecnicas-para-hablar-en-publico\\\/#primaryimage\"},\"image\":{\"@id\":\"https:\\\/\\\/tecnicashablarenpublico.com\\\/blog\\\/10-tecnicas-para-hablar-en-publico\\\/#primaryimage\"},\"thumbnailUrl\":\"https:\\\/\\\/tecnicashablarenpublico.com\\\/blog\\\/wp-content\\\/uploads\\\/2010\\\/09\\\/1224871319f5Bdi1-copia-150x150.jpg\",\"datePublished\":\"2010-09-14T21:12:09+00:00\",\"dateModified\":\"2013-02-12T16:31:57+00:00\",\"breadcrumb\":{\"@id\":\"https:\\\/\\\/tecnicashablarenpublico.com\\\/blog\\\/10-tecnicas-para-hablar-en-publico\\\/#breadcrumb\"},\"inLanguage\":\"es\",\"potentialAction\":[{\"@type\":\"ReadAction\",\"target\":[\"https:\\\/\\\/tecnicashablarenpublico.com\\\/blog\\\/10-tecnicas-para-hablar-en-publico\\\/\"]}]},{\"@type\":\"ImageObject\",\"inLanguage\":\"es\",\"@id\":\"https:\\\/\\\/tecnicashablarenpublico.com\\\/blog\\\/10-tecnicas-para-hablar-en-publico\\\/#primaryimage\",\"url\":\"https:\\\/\\\/i0.wp.com\\\/tecnicashablarenpublico.com\\\/blog\\\/wp-content\\\/uploads\\\/2010\\\/09\\\/1224871319f5Bdi1-copia.jpg?fit=358%2C290&ssl=1\",\"contentUrl\":\"https:\\\/\\\/i0.wp.com\\\/tecnicashablarenpublico.com\\\/blog\\\/wp-content\\\/uploads\\\/2010\\\/09\\\/1224871319f5Bdi1-copia.jpg?fit=358%2C290&ssl=1\",\"width\":\"358\",\"height\":\"290\",\"caption\":\"10 Tecnicas Para hablar en publico\"},{\"@type\":\"BreadcrumbList\",\"@id\":\"https:\\\/\\\/tecnicashablarenpublico.com\\\/blog\\\/10-tecnicas-para-hablar-en-publico\\\/#breadcrumb\",\"itemListElement\":[{\"@type\":\"ListItem\",\"position\":1,\"name\":\"Portada\",\"item\":\"https:\\\/\\\/tecnicashablarenpublico.com\\\/blog\\\/\"},{\"@type\":\"ListItem\",\"position\":2,\"name\":\"10 T\u00e9cnicas Para Hablar En P\u00fablico (Parte 1)\"}]},{\"@type\":\"WebSite\",\"@id\":\"https:\\\/\\\/tecnicashablarenpublico.com\\\/blog\\\/#website\",\"url\":\"https:\\\/\\\/tecnicashablarenpublico.com\\\/blog\\\/\",\"name\":\"TecnicasHablarEnPublico.Com\",\"description\":\"Blog\",\"publisher\":{\"@id\":\"https:\\\/\\\/tecnicashablarenpublico.com\\\/blog\\\/#organization\"},\"potentialAction\":[{\"@type\":\"SearchAction\",\"target\":{\"@type\":\"EntryPoint\",\"urlTemplate\":\"https:\\\/\\\/tecnicashablarenpublico.com\\\/blog\\\/?s={search_term_string}\"},\"query-input\":{\"@type\":\"PropertyValueSpecification\",\"valueRequired\":true,\"valueName\":\"search_term_string\"}}],\"inLanguage\":\"es\"},{\"@type\":\"Organization\",\"@id\":\"https:\\\/\\\/tecnicashablarenpublico.com\\\/blog\\\/#organization\",\"name\":\"TecnicasHablarEnPublico\",\"url\":\"https:\\\/\\\/tecnicashablarenpublico.com\\\/blog\\\/\",\"logo\":{\"@type\":\"ImageObject\",\"inLanguage\":\"es\",\"@id\":\"https:\\\/\\\/tecnicashablarenpublico.com\\\/blog\\\/#\\\/schema\\\/logo\\\/image\\\/\",\"url\":\"https:\\\/\\\/i0.wp.com\\\/tecnicashablarenpublico.com\\\/blog\\\/wp-content\\\/uploads\\\/2014\\\/11\\\/logo_cuadrado.png?fit=286%2C255&ssl=1\",\"contentUrl\":\"https:\\\/\\\/i0.wp.com\\\/tecnicashablarenpublico.com\\\/blog\\\/wp-content\\\/uploads\\\/2014\\\/11\\\/logo_cuadrado.png?fit=286%2C255&ssl=1\",\"width\":286,\"height\":255,\"caption\":\"TecnicasHablarEnPublico\"},\"image\":{\"@id\":\"https:\\\/\\\/tecnicashablarenpublico.com\\\/blog\\\/#\\\/schema\\\/logo\\\/image\\\/\"},\"sameAs\":[\"https:\\\/\\\/www.facebook.com\\\/VictorToscanoOficial\\\/\"]},{\"@type\":\"Person\",\"@id\":\"https:\\\/\\\/tecnicashablarenpublico.com\\\/blog\\\/#\\\/schema\\\/person\\\/f6a96b9bb773de8f08f84e4d6e6cf28f\",\"name\":\"Victor Toscano T V\",\"image\":{\"@type\":\"ImageObject\",\"inLanguage\":\"es\",\"@id\":\"https:\\\/\\\/secure.gravatar.com\\\/avatar\\\/e45c6f1f2986615bd1357fd094a24ab45a2ce7ca867817458fbebca30cd78e46?s=96&d=mm&r=g\",\"url\":\"https:\\\/\\\/secure.gravatar.com\\\/avatar\\\/e45c6f1f2986615bd1357fd094a24ab45a2ce7ca867817458fbebca30cd78e46?s=96&d=mm&r=g\",\"contentUrl\":\"https:\\\/\\\/secure.gravatar.com\\\/avatar\\\/e45c6f1f2986615bd1357fd094a24ab45a2ce7ca867817458fbebca30cd78e46?s=96&d=mm&r=g\",\"caption\":\"Victor Toscano T V\"},\"description\":\"Un apasionado en el tema de Hablar en P\u00fablico y el Crecimiento Personal, que pas\u00f3 de \\\"t\u00edmido\\\" a Conferencista Internacional en menos de dos a\u00f1os.\",\"sameAs\":[\"http:\\\/\\\/www.tecnicashablarenpublico.com\",\"https:\\\/\\\/www.facebook.com\\\/victortoscanooficial\",\"http:\\\/\\\/mx.linkedin.com\\\/in\\\/victortoscano\\\/\",\"http:\\\/\\\/www.pinterest.com\\\/victortoscano\\\/\",\"https:\\\/\\\/x.com\\\/_victortoscano\",\"http:\\\/\\\/victortoscano.com.mx\\\/youtube\"],\"url\":\"https:\\\/\\\/tecnicashablarenpublico.com\\\/blog\\\/author\\\/vict26\\\/\"}]}<\/script>\n<!-- \/ Yoast SEO plugin. -->","yoast_head_json":{"title":"10 T\u00e9cnicas Para Hablar En P\u00fablico (Parte 1) - TecnicasHablarEnPublico.Com","robots":{"index":"index","follow":"follow","max-snippet":"max-snippet:-1","max-image-preview":"max-image-preview:large","max-video-preview":"max-video-preview:-1"},"canonical":"https:\/\/tecnicashablarenpublico.com\/blog\/10-tecnicas-para-hablar-en-publico\/","og_locale":"es_ES","og_type":"article","og_title":"10 T\u00e9cnicas Para Hablar En P\u00fablico (Parte 1) - TecnicasHablarEnPublico.Com","og_description":"El d\u00eda de hoy voy a compartir contigo las 10 principales T\u00e9cnicas para Hablar en P\u00fablico que debes conocer. Tratar\u00e9 de resumirlas y explicarlas de tal manera que puedan ser f\u00e1cilmente llevadas a la pr\u00e1ctica. Estas claves son simplemente los 10 aspectos m\u00e1s importantes en los que tienes que trabajar, para desarrollar tu habilidad para [&hellip;]","og_url":"https:\/\/tecnicashablarenpublico.com\/blog\/10-tecnicas-para-hablar-en-publico\/","og_site_name":"TecnicasHablarEnPublico.Com","article_publisher":"https:\/\/www.facebook.com\/VictorToscanoOficial\/","article_author":"https:\/\/www.facebook.com\/victortoscanooficial","article_published_time":"2010-09-14T21:12:09+00:00","article_modified_time":"2013-02-12T16:31:57+00:00","og_image":[{"url":"https:\/\/tecnicashablarenpublico.com\/blog\/wp-content\/uploads\/2010\/09\/1224871319f5Bdi1-copia-150x150.jpg","type":"","width":"","height":""}],"author":"Victor Toscano T V","twitter_card":"summary_large_image","twitter_creator":"@_victortoscano","twitter_misc":{"Escrito por":"Victor Toscano T V","Tiempo de lectura":"4 minutos"},"schema":{"@context":"https:\/\/schema.org","@graph":[{"@type":"Article","@id":"https:\/\/tecnicashablarenpublico.com\/blog\/10-tecnicas-para-hablar-en-publico\/#article","isPartOf":{"@id":"https:\/\/tecnicashablarenpublico.com\/blog\/10-tecnicas-para-hablar-en-publico\/"},"author":{"name":"Victor Toscano T V","@id":"https:\/\/tecnicashablarenpublico.com\/blog\/#\/schema\/person\/f6a96b9bb773de8f08f84e4d6e6cf28f"},"headline":"10 T\u00e9cnicas Para Hablar En P\u00fablico (Parte 1)","datePublished":"2010-09-14T21:12:09+00:00","dateModified":"2013-02-12T16:31:57+00:00","mainEntityOfPage":{"@id":"https:\/\/tecnicashablarenpublico.com\/blog\/10-tecnicas-para-hablar-en-publico\/"},"wordCount":902,"commentCount":54,"publisher":{"@id":"https:\/\/tecnicashablarenpublico.com\/blog\/#organization"},"image":{"@id":"https:\/\/tecnicashablarenpublico.com\/blog\/10-tecnicas-para-hablar-en-publico\/#primaryimage"},"thumbnailUrl":"https:\/\/tecnicashablarenpublico.com\/blog\/wp-content\/uploads\/2010\/09\/1224871319f5Bdi1-copia-150x150.jpg","keywords":["hablar en publico","tecnicas hablar en publico","T\u00e9cnicas Para Hablar En P\u00fablico"],"articleSection":["T\u00e9cnicas Para Hablar En P\u00fablico"],"inLanguage":"es"},{"@type":"WebPage","@id":"https:\/\/tecnicashablarenpublico.com\/blog\/10-tecnicas-para-hablar-en-publico\/","url":"https:\/\/tecnicashablarenpublico.com\/blog\/10-tecnicas-para-hablar-en-publico\/","name":"10 T\u00e9cnicas Para Hablar En P\u00fablico (Parte 1) - TecnicasHablarEnPublico.Com","isPartOf":{"@id":"https:\/\/tecnicashablarenpublico.com\/blog\/#website"},"primaryImageOfPage":{"@id":"https:\/\/tecnicashablarenpublico.com\/blog\/10-tecnicas-para-hablar-en-publico\/#primaryimage"},"image":{"@id":"https:\/\/tecnicashablarenpublico.com\/blog\/10-tecnicas-para-hablar-en-publico\/#primaryimage"},"thumbnailUrl":"https:\/\/tecnicashablarenpublico.com\/blog\/wp-content\/uploads\/2010\/09\/1224871319f5Bdi1-copia-150x150.jpg","datePublished":"2010-09-14T21:12:09+00:00","dateModified":"2013-02-12T16:31:57+00:00","breadcrumb":{"@id":"https:\/\/tecnicashablarenpublico.com\/blog\/10-tecnicas-para-hablar-en-publico\/#breadcrumb"},"inLanguage":"es","potentialAction":[{"@type":"ReadAction","target":["https:\/\/tecnicashablarenpublico.com\/blog\/10-tecnicas-para-hablar-en-publico\/"]}]},{"@type":"ImageObject","inLanguage":"es","@id":"https:\/\/tecnicashablarenpublico.com\/blog\/10-tecnicas-para-hablar-en-publico\/#primaryimage","url":"https:\/\/i0.wp.com\/tecnicashablarenpublico.com\/blog\/wp-content\/uploads\/2010\/09\/1224871319f5Bdi1-copia.jpg?fit=358%2C290&ssl=1","contentUrl":"https:\/\/i0.wp.com\/tecnicashablarenpublico.com\/blog\/wp-content\/uploads\/2010\/09\/1224871319f5Bdi1-copia.jpg?fit=358%2C290&ssl=1","width":"358","height":"290","caption":"10 Tecnicas Para hablar en publico"},{"@type":"BreadcrumbList","@id":"https:\/\/tecnicashablarenpublico.com\/blog\/10-tecnicas-para-hablar-en-publico\/#breadcrumb","itemListElement":[{"@type":"ListItem","position":1,"name":"Portada","item":"https:\/\/tecnicashablarenpublico.com\/blog\/"},{"@type":"ListItem","position":2,"name":"10 T\u00e9cnicas Para Hablar En P\u00fablico (Parte 1)"}]},{"@type":"WebSite","@id":"https:\/\/tecnicashablarenpublico.com\/blog\/#website","url":"https:\/\/tecnicashablarenpublico.com\/blog\/","name":"TecnicasHablarEnPublico.Com","description":"Blog","publisher":{"@id":"https:\/\/tecnicashablarenpublico.com\/blog\/#organization"},"potentialAction":[{"@type":"SearchAction","target":{"@type":"EntryPoint","urlTemplate":"https:\/\/tecnicashablarenpublico.com\/blog\/?s={search_term_string}"},"query-input":{"@type":"PropertyValueSpecification","valueRequired":true,"valueName":"search_term_string"}}],"inLanguage":"es"},{"@type":"Organization","@id":"https:\/\/tecnicashablarenpublico.com\/blog\/#organization","name":"TecnicasHablarEnPublico","url":"https:\/\/tecnicashablarenpublico.com\/blog\/","logo":{"@type":"ImageObject","inLanguage":"es","@id":"https:\/\/tecnicashablarenpublico.com\/blog\/#\/schema\/logo\/image\/","url":"https:\/\/i0.wp.com\/tecnicashablarenpublico.com\/blog\/wp-content\/uploads\/2014\/11\/logo_cuadrado.png?fit=286%2C255&ssl=1","contentUrl":"https:\/\/i0.wp.com\/tecnicashablarenpublico.com\/blog\/wp-content\/uploads\/2014\/11\/logo_cuadrado.png?fit=286%2C255&ssl=1","width":286,"height":255,"caption":"TecnicasHablarEnPublico"},"image":{"@id":"https:\/\/tecnicashablarenpublico.com\/blog\/#\/schema\/logo\/image\/"},"sameAs":["https:\/\/www.facebook.com\/VictorToscanoOficial\/"]},{"@type":"Person","@id":"https:\/\/tecnicashablarenpublico.com\/blog\/#\/schema\/person\/f6a96b9bb773de8f08f84e4d6e6cf28f","name":"Victor Toscano T V","image":{"@type":"ImageObject","inLanguage":"es","@id":"https:\/\/secure.gravatar.com\/avatar\/e45c6f1f2986615bd1357fd094a24ab45a2ce7ca867817458fbebca30cd78e46?s=96&d=mm&r=g","url":"https:\/\/secure.gravatar.com\/avatar\/e45c6f1f2986615bd1357fd094a24ab45a2ce7ca867817458fbebca30cd78e46?s=96&d=mm&r=g","contentUrl":"https:\/\/secure.gravatar.com\/avatar\/e45c6f1f2986615bd1357fd094a24ab45a2ce7ca867817458fbebca30cd78e46?s=96&d=mm&r=g","caption":"Victor Toscano T V"},"description":"Un apasionado en el tema de Hablar en P\u00fablico y el Crecimiento Personal, que pas\u00f3 de \"t\u00edmido\" a Conferencista Internacional en menos de dos a\u00f1os.","sameAs":["http:\/\/www.tecnicashablarenpublico.com","https:\/\/www.facebook.com\/victortoscanooficial","http:\/\/mx.linkedin.com\/in\/victortoscano\/","http:\/\/www.pinterest.com\/victortoscano\/","https:\/\/x.com\/_victortoscano","http:\/\/victortoscano.com.mx\/youtube"],"url":"https:\/\/tecnicashablarenpublico.com\/blog\/author\/vict26\/"}]}},"jetpack_publicize_connections":[],"jetpack_featured_media_url":"","jetpack_shortlink":"https:\/\/wp.me\/p338RC-6g","jetpack-related-posts":[{"id":1202,"url":"https:\/\/tecnicashablarenpublico.com\/blog\/como-memorizar-tu-tema-al-hablar-en-publico-o-video\/","url_meta":{"origin":388,"position":0},"title":"C\u00f3mo Memorizar tu Tema al Hablar en P\u00fablico o Video","author":"Victor Toscano T V","date":"13\/05\/2013","format":false,"excerpt":"\u00bfTe ha pasado que a la mitad de tu EXPOSICI\u00d3N de alg\u00fan tema, se te olvida lo que vas a decir? Mira este video y descubre mi secreto para recordarlo: Te reto a poner en pr\u00e1ctica esto que acabas de aprender en este video y comprobar los resultados por ti\u2026","rel":"","context":"En \u00abComo Hablar en Publico\u00bb","block_context":{"text":"Como Hablar en Publico","link":"https:\/\/tecnicashablarenpublico.com\/blog\/category\/como-hablar-en-publico-2\/"},"img":{"alt_text":"como hablar en publico","src":"https:\/\/i0.wp.com\/tecnicashablarenpublico.com\/blog\/wp-content\/uploads\/2014\/11\/como_hablar_en_publico_victor_toscano-compressor.png?resize=350%2C200&ssl=1","width":350,"height":200},"classes":[]},{"id":768,"url":"https:\/\/tecnicashablarenpublico.com\/blog\/tecnica-para-dominar-los-nervios-al-hablar-en-publico-2\/","url_meta":{"origin":388,"position":1},"title":"T\u00e9cnica Para Dominar Los Nervios Al Hablar En P\u00fablico #2","author":"Victor Toscano T V","date":"16\/01\/2013","format":false,"excerpt":"[headline_arial_medium_centered color=\"#aa0000\"]\"Calienta Primero\"[\/headline_arial_medium_centered] [order_box_3 width=\"90%\" + border=\"4px\"]ATENCI\u00d3N:\u00a0Antes de seguir leyendo descarga GRATIS la\u00a0Gu\u00eda Pr\u00e1ctica \"10 Pasos Pr\u00e1cticos Para Preparar Una Presentaci\u00f3n\", donde te guiar\u00e9 paso a paso para que te prepares y todo salga muy bien:[membership_download_item_pdf link=\"https:\/\/www.tecnicashablarenpublico.com\/dsk\/descargar.php?f=GuiaPractica.pdf\" + target=\"_self\"]Haz Clic AQU\u00cd para Descargar la Gu\u00eda Pr\u00e1ctica[\/membership_download_item_pdf][\/order_box_3] Los expositores\u00a0no son diferentes\u00a0de\u2026","rel":"","context":"En \u00abAprender a Hablar en Publico\u00bb","block_context":{"text":"Aprender a Hablar en Publico","link":"https:\/\/tecnicashablarenpublico.com\/blog\/category\/aprender-a-hablar-en-publico\/"},"img":{"alt_text":"","src":"https:\/\/i0.wp.com\/tecnicashablarenpublico.com\/blog\/wp-content\/themes\/OptimizePress\/images\/large-signupnow.png?resize=350%2C200&ssl=1","width":350,"height":200},"classes":[]},{"id":437,"url":"https:\/\/tecnicashablarenpublico.com\/blog\/10-tecnicas-para-hablar-en-publico-parte-2\/","url_meta":{"origin":388,"position":2},"title":"10 T\u00e9cnicas Para Hablar En Publico (Parte 2)","author":"Victor Toscano T V","date":"23\/09\/2010","format":false,"excerpt":"En el art\u00edculo anterior te expliqu\u00e9 las primeras 5 T\u00e9cnicas para Hablar en P\u00fablico m\u00e1s importantes. Si quieres saber cu\u00e1les son, haz clic aqu\u00ed para leer el art\u00edculo anterior. En este art\u00edculo te voy a explicar las siguientes 5 t\u00e9cnicas m\u00e1s importantes para Hablar en P\u00fablico. Es muy importante que\u2026","rel":"","context":"En \u00abT\u00e9cnicas Para Hablar En P\u00fablico\u00bb","block_context":{"text":"T\u00e9cnicas Para Hablar En P\u00fablico","link":"https:\/\/tecnicashablarenpublico.com\/blog\/category\/tecnicas-para-hablar-en-publico\/"},"img":{"alt_text":"","src":"https:\/\/i0.wp.com\/tecnicashablarenpublico.com\/blog\/wp-content\/uploads\/2010\/09\/656339_public_speaking-150x150.jpg?resize=350%2C200&ssl=1","width":350,"height":200},"classes":[]},{"id":1381,"url":"https:\/\/tecnicashablarenpublico.com\/blog\/te-da-miedo-hablar-en-publico-aqui-la-respuesta\/","url_meta":{"origin":388,"position":3},"title":"\u00bfTe da Miedo Hablar en P\u00fablico? | Aqu\u00ed la RESPUESTA:","author":"Victor Toscano T V","date":"30\/07\/2013","format":false,"excerpt":"En este video voy a compartir contigo algunos consejos que te ayudar\u00e1n a vencer el miedo a Hablar en P\u00fablico... Haz clic y M\u00cdRALO AHORA: \u00a0\u00bfQue piensas de este video? Me encantar\u00eda saber si te identificaste con lo que me pas\u00f3 y c\u00f3mo vas a aplicar estos consejos en tu\u2026","rel":"","context":"En \u00abT\u00e9cnicas Para Hablar En P\u00fablico\u00bb","block_context":{"text":"T\u00e9cnicas Para Hablar En P\u00fablico","link":"https:\/\/tecnicashablarenpublico.com\/blog\/category\/tecnicas-para-hablar-en-publico\/"},"img":{"alt_text":"Curso de Tecnicas para Hablar en P\u00fablico como Experto","src":"https:\/\/i0.wp.com\/tecnicashablarenpublico.com\/blog\/wp-content\/uploads\/2013\/07\/Sin-t%C3%ADtulo-300x171.png?resize=350%2C200&ssl=1","width":350,"height":200},"classes":[]},{"id":951,"url":"https:\/\/tecnicashablarenpublico.com\/blog\/curso-de-oratoria-gratis-aprendiendo-a-hablar-en-publico\/","url_meta":{"origin":388,"position":4},"title":"Curso De Oratoria GRATIS &#8211; Aprendiendo A Hablar En P\u00fablico","author":"Victor Toscano T V","date":"14\/02\/2013","format":false,"excerpt":"Hace aproximadamente un mes decid\u00ed grabar 4 VIDEOS donde explico varias t\u00e9cnicas para Hablar en P\u00fablico... Aunque originalmente ten\u00eda pensado ponerlos a la venta como parte de mi nuevo curso de oratoria online, decid\u00ed permitir el acceso Gratis a ellos. Para mi sorpresa, fueron todo un \u00c9xito cuando los publiqu\u00e9\u2026","rel":"","context":"En \u00abAprender a Hablar en Publico\u00bb","block_context":{"text":"Aprender a Hablar en Publico","link":"https:\/\/tecnicashablarenpublico.com\/blog\/category\/aprender-a-hablar-en-publico\/"},"img":{"alt_text":"Curso De Oratoria GRATIS - Aprendiendo A Hablar En P\u00fablico","src":"https:\/\/i0.wp.com\/optimizacionpaginasmedia.s3.amazonaws.com\/2020\/05\/curso-de-oratoria-gratis-aprender-a-hablar-en-publico.jpg?fit=900%2C550&ssl=1&resize=350%2C200","width":350,"height":200,"srcset":"https:\/\/i0.wp.com\/optimizacionpaginasmedia.s3.amazonaws.com\/2020\/05\/curso-de-oratoria-gratis-aprender-a-hablar-en-publico.jpg?fit=900%2C550&ssl=1&resize=350%2C200 1x, https:\/\/i0.wp.com\/optimizacionpaginasmedia.s3.amazonaws.com\/2020\/05\/curso-de-oratoria-gratis-aprender-a-hablar-en-publico.jpg?fit=900%2C550&ssl=1&resize=525%2C300 1.5x, https:\/\/i0.wp.com\/optimizacionpaginasmedia.s3.amazonaws.com\/2020\/05\/curso-de-oratoria-gratis-aprender-a-hablar-en-publico.jpg?fit=900%2C550&ssl=1&resize=700%2C400 2x"},"classes":[]},{"id":2386,"url":"https:\/\/tecnicashablarenpublico.com\/blog\/7-tecnicas-para-hablar-en-publico-muy-efectivas\/","url_meta":{"origin":388,"position":5},"title":"7 T\u00e9cnicas para Hablar en P\u00fablico (Muy Efectivas)  | Curso de Oratoria y Liderazgo","author":"Victor Toscano T V","date":"30\/06\/2017","format":false,"excerpt":"7 t\u00e9cnicas para hablar en p\u00fablico de manera adecuada | En este curso de oratoria y liderazgo aprender\u00e1s t\u00e9cnicas cient\u00edficas y trucos de c\u00f3mo hablar bien en p\u00fablico... \u00bb Mira el VIDEO Aqu\u00ed: \u00bb Suscr\u00edbete en Youtube: https:\/\/www.youtube.com\/@VictorToscano \u00bb M\u00e1s videos de Oratoria:\u00a0https:\/\/tecnicashablarenpublico.com 7 t\u00e9cnicas de oratoria y liderazgo para\u2026","rel":"","context":"En \u00abT\u00e9cnicas Para Hablar En P\u00fablico\u00bb","block_context":{"text":"T\u00e9cnicas Para Hablar En P\u00fablico","link":"https:\/\/tecnicashablarenpublico.com\/blog\/category\/tecnicas-para-hablar-en-publico\/"},"img":{"alt_text":"","src":"https:\/\/i0.wp.com\/optimizacionpaginasmedia.s3.amazonaws.com\/2023\/06\/7uC2wni6-7-tecnicas-para-hablar-en-publico-copia-min.png?fit=500%2C281&ssl=1&resize=350%2C200","width":350,"height":200},"classes":[]}],"jetpack_sharing_enabled":true,"_links":{"self":[{"href":"https:\/\/tecnicashablarenpublico.com\/blog\/wp-json\/wp\/v2\/posts\/388","targetHints":{"allow":["GET"]}}],"collection":[{"href":"https:\/\/tecnicashablarenpublico.com\/blog\/wp-json\/wp\/v2\/posts"}],"about":[{"href":"https:\/\/tecnicashablarenpublico.com\/blog\/wp-json\/wp\/v2\/types\/post"}],"author":[{"embeddable":true,"href":"https:\/\/tecnicashablarenpublico.com\/blog\/wp-json\/wp\/v2\/users\/1"}],"replies":[{"embeddable":true,"href":"https:\/\/tecnicashablarenpublico.com\/blog\/wp-json\/wp\/v2\/comments?post=388"}],"version-history":[{"count":0,"href":"https:\/\/tecnicashablarenpublico.com\/blog\/wp-json\/wp\/v2\/posts\/388\/revisions"}],"wp:attachment":[{"href":"https:\/\/tecnicashablarenpublico.com\/blog\/wp-json\/wp\/v2\/media?parent=388"}],"wp:term":[{"taxonomy":"category","embeddable":true,"href":"https:\/\/tecnicashablarenpublico.com\/blog\/wp-json\/wp\/v2\/categories?post=388"},{"taxonomy":"post_tag","embeddable":true,"href":"https:\/\/tecnicashablarenpublico.com\/blog\/wp-json\/wp\/v2\/tags?post=388"}],"curies":[{"name":"wp","href":"https:\/\/api.w.org\/{rel}","templated":true}]}}