{"id":383,"date":"2010-09-06T15:45:44","date_gmt":"2010-09-06T20:45:44","guid":{"rendered":"https:\/\/tecnicashablarenpublico.com\/blog\/?p=383"},"modified":"2016-03-06T19:29:35","modified_gmt":"2016-03-07T01:29:35","slug":"muletillas-al-hablar-en-publico","status":"publish","type":"post","link":"https:\/\/tecnicashablarenpublico.com\/blog\/muletillas-al-hablar-en-publico\/","title":{"rendered":"Muletillas Al Hablar En P\u00fablico"},"content":{"rendered":"<p style=\"text-align: right;\">\n<p>&nbsp;<\/p>\n<figure id=\"attachment_694\" aria-describedby=\"caption-attachment-694\" style=\"width: 300px\" class=\"wp-caption alignleft\"><a href=\"https:\/\/tecnicashablarenpublico.com\/\"><img decoding=\"async\" data-attachment-id=\"694\" data-permalink=\"https:\/\/tecnicashablarenpublico.com\/blog\/muletillas-al-hablar-en-publico\/beauty-on-red\/\" data-orig-file=\"https:\/\/i0.wp.com\/tecnicashablarenpublico.com\/blog\/wp-content\/uploads\/2010\/09\/Muletillas-Al-Hablar-En-P%C3%BAblico..jpg?fit=426%2C282&amp;ssl=1\" data-orig-size=\"426,282\" data-comments-opened=\"0\" data-image-meta=\"{&quot;aperture&quot;:&quot;11&quot;,&quot;credit&quot;:&quot;Eric Hood&quot;,&quot;camera&quot;:&quot;NIKON D2X&quot;,&quot;caption&quot;:&quot;&quot;,&quot;created_timestamp&quot;:&quot;1200847539&quot;,&quot;copyright&quot;:&quot;Eric Hood&quot;,&quot;focal_length&quot;:&quot;105&quot;,&quot;iso&quot;:&quot;100&quot;,&quot;shutter_speed&quot;:&quot;0.005&quot;,&quot;title&quot;:&quot;Beauty on Red&quot;}\" data-image-title=\"Muletillas Al Hablar En P\u00fablico.\" data-image-description=\"&lt;p&gt;Muletillas Al Hablar En P\u00fablico.&lt;\/p&gt;\n\" data-image-caption=\"&lt;p&gt;Muletillas Al Hablar En P\u00fablico&lt;\/p&gt;\n\" data-large-file=\"https:\/\/i0.wp.com\/tecnicashablarenpublico.com\/blog\/wp-content\/uploads\/2010\/09\/Muletillas-Al-Hablar-En-P%C3%BAblico..jpg?fit=426%2C282&amp;ssl=1\" class=\"size-medium wp-image-694 lazyload\" alt=\"Muletillas Al Hablar En P\u00fablico.\" src=\"data:image\/gif;base64,R0lGODlhAQABAIAAAAAAAP\/\/\/yH5BAEAAAAALAAAAAABAAEAAAIBRAA7\" data-src=\"https:\/\/tecnicashablarenpublico.com\/blog\/wp-content\/uploads\/2010\/09\/Muletillas-Al-Hablar-En-P\u00fablico.-300x198.jpg\" width=\"300\" height=\"198\" \/><figcaption id=\"caption-attachment-694\" class=\"wp-caption-text\"><noscript><img data-recalc-dims=\"1\" decoding=\"async\" data-attachment-id=\"694\" data-permalink=\"https:\/\/tecnicashablarenpublico.com\/blog\/muletillas-al-hablar-en-publico\/beauty-on-red\/\" data-orig-file=\"https:\/\/i0.wp.com\/tecnicashablarenpublico.com\/blog\/wp-content\/uploads\/2010\/09\/Muletillas-Al-Hablar-En-P%C3%BAblico..jpg?fit=426%2C282&amp;ssl=1\" data-orig-size=\"426,282\" data-comments-opened=\"0\" data-image-meta=\"{&quot;aperture&quot;:&quot;11&quot;,&quot;credit&quot;:&quot;Eric Hood&quot;,&quot;camera&quot;:&quot;NIKON D2X&quot;,&quot;caption&quot;:&quot;&quot;,&quot;created_timestamp&quot;:&quot;1200847539&quot;,&quot;copyright&quot;:&quot;Eric Hood&quot;,&quot;focal_length&quot;:&quot;105&quot;,&quot;iso&quot;:&quot;100&quot;,&quot;shutter_speed&quot;:&quot;0.005&quot;,&quot;title&quot;:&quot;Beauty on Red&quot;}\" data-image-title=\"Muletillas Al Hablar En P\u00fablico.\" data-image-description=\"&lt;p&gt;Muletillas Al Hablar En P\u00fablico.&lt;\/p&gt;\n\" data-image-caption=\"&lt;p&gt;Muletillas Al Hablar En P\u00fablico&lt;\/p&gt;\n\" data-large-file=\"https:\/\/i0.wp.com\/tecnicashablarenpublico.com\/blog\/wp-content\/uploads\/2010\/09\/Muletillas-Al-Hablar-En-P%C3%BAblico..jpg?fit=426%2C282&amp;ssl=1\" class=\"size-medium wp-image-694 lazyload\" alt=\"Muletillas Al Hablar En P\u00fablico.\" src=\"https:\/\/i0.wp.com\/tecnicashablarenpublico.com\/blog\/wp-content\/uploads\/2010\/09\/Muletillas-Al-Hablar-En-P%C3%BAblico..jpg?fit=300%2C198&ssl=1\" width=\"300\" height=\"198\" srcset=\"https:\/\/i0.wp.com\/tecnicashablarenpublico.com\/blog\/wp-content\/uploads\/2010\/09\/Muletillas-Al-Hablar-En-P%C3%BAblico..jpg?fit=300%2C198&amp;ssl=1 300w, https:\/\/i0.wp.com\/tecnicashablarenpublico.com\/blog\/wp-content\/uploads\/2010\/09\/Muletillas-Al-Hablar-En-P%C3%BAblico..jpg?fit=426%2C282&amp;ssl=1 426w\" sizes=\"(max-width: 300px) 100vw, 300px\" \/><\/noscript><\/a> Muletillas Al Hablar En P\u00fablico<\/figcaption><\/figure>\n<p>Todos tenemos nuestro propio <span style=\"text-decoration: underline;\">estilo para hablar<\/span>, es lo que nos hace <strong>\u00fanicos<\/strong>. \u00bfAlguna vez has o\u00eddo a alguien hacer una observaci\u00f3n sobre la manera tan interesante o acertada como expresaste alguna frase? <em><strong>Aprendemos nuestra manera de hablar<\/strong><\/em> de nuestros padres y mentores durante nuestro crecimiento. As\u00ed que si alguna vez te has escuchado hablar a ti mismo, has podido reconocer las<em> expresiones que aprendiste<\/em> desde tu infancia.<\/p>\n<p>Tu <span style=\"text-decoration: underline;\"><strong>estilo vocal<\/strong><\/span> es lo que te diferencia como individuo \u00fanico. Pero cuando te paras delante de una multitud, esa manera \u00fanica y distintiva de hablar, te convierte en el <strong>centro de atenci\u00f3n<\/strong> de la multitud. En mayor medida, eso es lo que hace que tu estilo de presentaci\u00f3n sea <span style=\"text-decoration: underline;\">agradable para tus oyentes<\/span>. Pero a veces<!--more--> tu forma de hablar puede convertirse en <strong>motivo de distracci\u00f3n<\/strong>.<\/p>\n<p><iframe class=\"lazyload\" data-src=\"https:\/\/www.youtube.com\/embed\/gQcFRomxtEM?rel=0&amp;theme=light&amp;autohide=1&amp;showinfo=0&amp;html5=true&amp;controls=1&amp;autoplay=0&amp;modestbranding=1\" width=\"640\" height=\"360\" frameborder=\"0\" allowfullscreen=\"allowfullscreen\"><\/iframe><\/p>\n<p>Si tienes rasgos peculiares o <em><strong>\u00abmuletillas\u00bb<\/strong><\/em> que empiecen a dominar tu forma de hablar, cuando est\u00e9s en frente a un grupo, eso puede ser<span style=\"text-decoration: underline;\"> una gran distracci\u00f3n<\/span> para la gente que est\u00e1 tratando de disfrutar tu presentaci\u00f3n.<\/p>\n<p>Existen algunas peculiaridades o <strong>muletillas<\/strong> verbales muy notables, que si afectan tu capacidad de comunicarte como orador, merecen la debida atenci\u00f3n para <em>erradicarlas cuando te dirijas a la gente<\/em>. La m\u00e1s notable es la tan temida \u00ab<em>em<\/em>\u00ab, \u00ab<em>este<\/em>&#8230;\u00bb o \u00ab<em>mmm<\/em>\u00ab. De seguro alguna vez habr\u00e1s escuchado a alg\u00fan orador caer reiteradamente en alg\u00fan \u00ab<em>em<\/em>\u00bb durante una pl\u00e1tica. Es uno de los mayores indicios de que el orador est\u00e1 <strong>nervioso, inseguro o inexperto<\/strong>.<\/p>\n<p>Si analizamos por qu\u00e9 un expositor cae varias veces en un \u00ab<em>em<\/em>\u00ab, es por lo general debido a varios factores. Podr\u00eda ser porque se perdi\u00f3 entre las notas de su presentaci\u00f3n. Generalmente se pronuncia un \u00ab<em>em<\/em>\u00bb para <span style=\"text-decoration: underline;\">ganar tiemp<\/span>o, porque el orador est\u00e1 nervioso en alg\u00fan momento de silencio.<\/p>\n<p>Sin embargo, el \u00abem\u00bb no es la \u00fanica <strong>muletilla al hablar en p\u00fablico<\/strong>, que puede convertirse adem\u00e1s en una <span style=\"text-decoration: underline;\">molestia <\/span>para la multitud. Otra muletilla que com\u00fanmente se les escapa a los oradores es \u00ab<em>digamos<\/em>\u00ab. De vez en cuando se oye a algunos profesionales de la oratoria utilizar esta palabra una y otra vez, as\u00ed como el \u00ab<em>em<\/em>\u00ab. A veces, ciertas frases pegadizas con el tiempo comenzar\u00e1n a \u00ab<em><strong>infectar<\/strong><\/em>\u00bb tu forma de hablar, y se har\u00e1n muy notorias para tu p\u00fablico, pero tal vez no para ti. Otra frase muy com\u00fan es \u00ab<em>es decir<\/em>\u00ab, que es una frase bien aplicada, si la utilizas solamente una vez. Pero la puedes escuchar repetidamente de algunos oradores.<\/p>\n<p>Aqu\u00ed tienes una peque\u00f1a lista de algunas de las <span style=\"text-decoration: underline;\">muletillas m\u00e1s usadas<\/span> en el idioma espa\u00f1ol:<\/p>\n<div>\n<table width=\"400px\" align=\"center\">\n<tbody>\n<tr>\n<td width=\"25%\">eh<\/td>\n<td width=\"25%\">ok<\/td>\n<td width=\"25%\">che<\/td>\n<td width=\"25%\">\u00bfsabes?<\/td>\n<\/tr>\n<tr>\n<td>em<\/td>\n<td>oye<\/td>\n<td>obvio<\/td>\n<td>aj\u00e1<\/td>\n<\/tr>\n<tr>\n<td>mmm<\/td>\n<td>pos<\/td>\n<td>ya que&#8230;<\/td>\n<td>\u00bfverdad?<\/td>\n<\/tr>\n<tr>\n<td>este<\/td>\n<td>viste<\/td>\n<td>hombre<\/td>\n<td>y as\u00ed<\/td>\n<\/tr>\n<tr>\n<td>digamos<\/td>\n<td>es decir<\/td>\n<td>o sea<\/td>\n<td>vale<\/td>\n<\/tr>\n<\/tbody>\n<\/table>\n<\/div>\n<p>El problema real con estos rasgos vocales (muletillas) es que <em><strong>no pueden conocerse por el que las est\u00e1 diciendo<\/strong><\/em>, porque est\u00e1 muy concentrado en su tema y presentaci\u00f3n. Esto las convierte en un h\u00e1bito <span style=\"text-decoration: underline;\">dif\u00edcil de rompe<\/span>r para el que habla. Pero hay algunas <strong>alternativas <\/strong>que se pueden tomar para evitar este h\u00e1bito.<\/p>\n<p>Lo primero es <strong>identificarlas<\/strong>. Una forma de encontrar estas muletillas es grabar tu presentaci\u00f3n y escucharla m\u00e1s tarde. A muchos de nosotros no nos gusta el sonido de nuestras voces, por lo que a veces nos resulta desagradable (algo normal). Pero hay que ser valientes, ya que si puedes <span style=\"text-decoration: underline;\">identificar esas muletillas<\/span> tuyas que no conoc\u00edas, tendr\u00e1s una buena oportunidad para <span style=\"text-decoration: underline;\">eliminarlas<\/span> de tu manera de hablar.<\/p>\n<p>Otro m\u00e9todo excepcional para la identificaci\u00f3n de los h\u00e1bitos vocales que utilizas demasiado, es preguntar a los amigos, pareja, o incluso a tus hijos, invit\u00e1ndolos a que te escuchen mientras <strong>hablas p\u00fablicamente<\/strong>. Esto te ayudar\u00e1 a localizar cualquier muletilla o rasgo vocal que puedas estar utilizando. Las personas cercanas a ti, estar\u00e1n siempre dispuestas a ser brutalmente <span style=\"text-decoration: underline;\">honestos contigo<\/span>, para que puedas convertirte en un mejor orador p\u00fablico.<\/p>\n<p>Una vez que conozcas las muletillas que afectan tu estilo de presentaci\u00f3n, haz un esfuerzo consciente para <span style=\"text-decoration: underline;\"><strong>sacarlos de tu forma de hablar<\/strong><\/span>. Muchas veces caemos de nuevo en caprichos vocales cuando no estamos seguros de nuestro material. La respuesta para eso es obvia.<em><strong> Simplemente practica<\/strong><\/em>. Conoce tu presentaci\u00f3n bien para que est\u00e9s m\u00e1s seguro frente a la gente, y eso te ayudar\u00e1 a <span style=\"text-decoration: underline;\">suavizar la forma de hablar en p\u00fablico<\/span>. As\u00ed tendr\u00e1s <strong>m\u00e1s \u00e9xito<\/strong> en cualquier ocasi\u00f3n en que tengas que estar frente a un grupo de personas para hablar.<\/p>\n","protected":false},"excerpt":{"rendered":"<p>&nbsp; Todos tenemos nuestro propio estilo para hablar, es lo que nos hace \u00fanicos. \u00bfAlguna vez has o\u00eddo a alguien hacer una observaci\u00f3n sobre la manera tan interesante o acertada como expresaste alguna frase? Aprendemos nuestra manera de hablar de nuestros padres y mentores durante nuestro crecimiento. As\u00ed que si alguna vez te has escuchado [&hellip;]<\/p>\n","protected":false},"author":1,"featured_media":0,"comment_status":"open","ping_status":"open","sticky":false,"template":"","format":"standard","meta":{"jetpack_post_was_ever_published":false,"_jetpack_newsletter_access":"","_jetpack_dont_email_post_to_subs":false,"_jetpack_newsletter_tier_id":0,"_jetpack_memberships_contains_paywalled_content":false,"_jetpack_memberships_contains_paid_content":false,"footnotes":"","jetpack_publicize_message":"","jetpack_publicize_feature_enabled":true,"jetpack_social_post_already_shared":false,"jetpack_social_options":{"image_generator_settings":{"template":"highway","default_image_id":0,"font":"","enabled":false},"version":2}},"categories":[3],"tags":[6,14,4,13],"class_list":["post-383","post","type-post","status-publish","format-standard","hentry","category-tecnicas-para-hablar-en-publico","tag-como-hablar-en-publico","tag-hablar-bien-en-publico","tag-hablar-en-publico","tag-para-hablar-en-publico","post-wrapper","thrv_wrapper"],"yoast_head":"<!-- This site is optimized with the Yoast SEO plugin v27.5 - https:\/\/yoast.com\/product\/yoast-seo-wordpress\/ -->\n<title>Muletillas Al Hablar En P\u00fablico - TecnicasHablarEnPublico.Com<\/title>\n<meta name=\"robots\" content=\"index, follow, max-snippet:-1, max-image-preview:large, max-video-preview:-1\" \/>\n<link rel=\"canonical\" href=\"https:\/\/tecnicashablarenpublico.com\/blog\/muletillas-al-hablar-en-publico\/\" \/>\n<meta property=\"og:locale\" content=\"es_ES\" \/>\n<meta property=\"og:type\" content=\"article\" \/>\n<meta property=\"og:title\" content=\"Muletillas Al Hablar En P\u00fablico - TecnicasHablarEnPublico.Com\" \/>\n<meta property=\"og:description\" content=\"&nbsp; Todos tenemos nuestro propio estilo para hablar, es lo que nos hace \u00fanicos. \u00bfAlguna vez has o\u00eddo a alguien hacer una observaci\u00f3n sobre la manera tan interesante o acertada como expresaste alguna frase? Aprendemos nuestra manera de hablar de nuestros padres y mentores durante nuestro crecimiento. As\u00ed que si alguna vez te has escuchado [&hellip;]\" \/>\n<meta property=\"og:url\" content=\"https:\/\/tecnicashablarenpublico.com\/blog\/muletillas-al-hablar-en-publico\/\" \/>\n<meta property=\"og:site_name\" content=\"TecnicasHablarEnPublico.Com\" \/>\n<meta property=\"article:publisher\" content=\"https:\/\/www.facebook.com\/VictorToscanoOficial\/\" \/>\n<meta property=\"article:author\" content=\"https:\/\/www.facebook.com\/victortoscanooficial\" \/>\n<meta property=\"article:published_time\" content=\"2010-09-06T20:45:44+00:00\" \/>\n<meta property=\"article:modified_time\" content=\"2016-03-07T01:29:35+00:00\" \/>\n<meta property=\"og:image\" content=\"https:\/\/tecnicashablarenpublico.com\/blog\/wp-content\/uploads\/2010\/09\/Muletillas-Al-Hablar-En-P\u00fablico.-300x198.jpg\" \/>\n<meta name=\"author\" content=\"Victor Toscano T V\" \/>\n<meta name=\"twitter:card\" content=\"summary_large_image\" \/>\n<meta name=\"twitter:creator\" content=\"@_victortoscano\" \/>\n<meta name=\"twitter:label1\" content=\"Escrito por\" \/>\n\t<meta name=\"twitter:data1\" content=\"Victor Toscano T V\" \/>\n\t<meta name=\"twitter:label2\" content=\"Tiempo de lectura\" \/>\n\t<meta name=\"twitter:data2\" content=\"4 minutos\" \/>\n<script type=\"application\/ld+json\" class=\"yoast-schema-graph\">{\"@context\":\"https:\\\/\\\/schema.org\",\"@graph\":[{\"@type\":\"Article\",\"@id\":\"https:\\\/\\\/tecnicashablarenpublico.com\\\/blog\\\/muletillas-al-hablar-en-publico\\\/#article\",\"isPartOf\":{\"@id\":\"https:\\\/\\\/tecnicashablarenpublico.com\\\/blog\\\/muletillas-al-hablar-en-publico\\\/\"},\"author\":{\"name\":\"Victor Toscano T V\",\"@id\":\"https:\\\/\\\/tecnicashablarenpublico.com\\\/blog\\\/#\\\/schema\\\/person\\\/f6a96b9bb773de8f08f84e4d6e6cf28f\"},\"headline\":\"Muletillas Al Hablar En P\u00fablico\",\"datePublished\":\"2010-09-06T20:45:44+00:00\",\"dateModified\":\"2016-03-07T01:29:35+00:00\",\"mainEntityOfPage\":{\"@id\":\"https:\\\/\\\/tecnicashablarenpublico.com\\\/blog\\\/muletillas-al-hablar-en-publico\\\/\"},\"wordCount\":796,\"commentCount\":23,\"publisher\":{\"@id\":\"https:\\\/\\\/tecnicashablarenpublico.com\\\/blog\\\/#organization\"},\"keywords\":[\"como hablar en publico\",\"hablar bien en publico\",\"hablar en publico\",\"Para Hablar en Publico\"],\"articleSection\":[\"T\u00e9cnicas Para Hablar En P\u00fablico\"],\"inLanguage\":\"es\"},{\"@type\":\"WebPage\",\"@id\":\"https:\\\/\\\/tecnicashablarenpublico.com\\\/blog\\\/muletillas-al-hablar-en-publico\\\/\",\"url\":\"https:\\\/\\\/tecnicashablarenpublico.com\\\/blog\\\/muletillas-al-hablar-en-publico\\\/\",\"name\":\"Muletillas Al Hablar En P\u00fablico - TecnicasHablarEnPublico.Com\",\"isPartOf\":{\"@id\":\"https:\\\/\\\/tecnicashablarenpublico.com\\\/blog\\\/#website\"},\"datePublished\":\"2010-09-06T20:45:44+00:00\",\"dateModified\":\"2016-03-07T01:29:35+00:00\",\"breadcrumb\":{\"@id\":\"https:\\\/\\\/tecnicashablarenpublico.com\\\/blog\\\/muletillas-al-hablar-en-publico\\\/#breadcrumb\"},\"inLanguage\":\"es\",\"potentialAction\":[{\"@type\":\"ReadAction\",\"target\":[\"https:\\\/\\\/tecnicashablarenpublico.com\\\/blog\\\/muletillas-al-hablar-en-publico\\\/\"]}]},{\"@type\":\"BreadcrumbList\",\"@id\":\"https:\\\/\\\/tecnicashablarenpublico.com\\\/blog\\\/muletillas-al-hablar-en-publico\\\/#breadcrumb\",\"itemListElement\":[{\"@type\":\"ListItem\",\"position\":1,\"name\":\"Portada\",\"item\":\"https:\\\/\\\/tecnicashablarenpublico.com\\\/blog\\\/\"},{\"@type\":\"ListItem\",\"position\":2,\"name\":\"Muletillas Al Hablar En P\u00fablico\"}]},{\"@type\":\"WebSite\",\"@id\":\"https:\\\/\\\/tecnicashablarenpublico.com\\\/blog\\\/#website\",\"url\":\"https:\\\/\\\/tecnicashablarenpublico.com\\\/blog\\\/\",\"name\":\"TecnicasHablarEnPublico.Com\",\"description\":\"Blog\",\"publisher\":{\"@id\":\"https:\\\/\\\/tecnicashablarenpublico.com\\\/blog\\\/#organization\"},\"potentialAction\":[{\"@type\":\"SearchAction\",\"target\":{\"@type\":\"EntryPoint\",\"urlTemplate\":\"https:\\\/\\\/tecnicashablarenpublico.com\\\/blog\\\/?s={search_term_string}\"},\"query-input\":{\"@type\":\"PropertyValueSpecification\",\"valueRequired\":true,\"valueName\":\"search_term_string\"}}],\"inLanguage\":\"es\"},{\"@type\":\"Organization\",\"@id\":\"https:\\\/\\\/tecnicashablarenpublico.com\\\/blog\\\/#organization\",\"name\":\"TecnicasHablarEnPublico\",\"url\":\"https:\\\/\\\/tecnicashablarenpublico.com\\\/blog\\\/\",\"logo\":{\"@type\":\"ImageObject\",\"inLanguage\":\"es\",\"@id\":\"https:\\\/\\\/tecnicashablarenpublico.com\\\/blog\\\/#\\\/schema\\\/logo\\\/image\\\/\",\"url\":\"https:\\\/\\\/i0.wp.com\\\/tecnicashablarenpublico.com\\\/blog\\\/wp-content\\\/uploads\\\/2014\\\/11\\\/logo_cuadrado.png?fit=286%2C255&ssl=1\",\"contentUrl\":\"https:\\\/\\\/i0.wp.com\\\/tecnicashablarenpublico.com\\\/blog\\\/wp-content\\\/uploads\\\/2014\\\/11\\\/logo_cuadrado.png?fit=286%2C255&ssl=1\",\"width\":286,\"height\":255,\"caption\":\"TecnicasHablarEnPublico\"},\"image\":{\"@id\":\"https:\\\/\\\/tecnicashablarenpublico.com\\\/blog\\\/#\\\/schema\\\/logo\\\/image\\\/\"},\"sameAs\":[\"https:\\\/\\\/www.facebook.com\\\/VictorToscanoOficial\\\/\"]},{\"@type\":\"Person\",\"@id\":\"https:\\\/\\\/tecnicashablarenpublico.com\\\/blog\\\/#\\\/schema\\\/person\\\/f6a96b9bb773de8f08f84e4d6e6cf28f\",\"name\":\"Victor Toscano T V\",\"image\":{\"@type\":\"ImageObject\",\"inLanguage\":\"es\",\"@id\":\"https:\\\/\\\/secure.gravatar.com\\\/avatar\\\/e45c6f1f2986615bd1357fd094a24ab45a2ce7ca867817458fbebca30cd78e46?s=96&d=mm&r=g\",\"url\":\"https:\\\/\\\/secure.gravatar.com\\\/avatar\\\/e45c6f1f2986615bd1357fd094a24ab45a2ce7ca867817458fbebca30cd78e46?s=96&d=mm&r=g\",\"contentUrl\":\"https:\\\/\\\/secure.gravatar.com\\\/avatar\\\/e45c6f1f2986615bd1357fd094a24ab45a2ce7ca867817458fbebca30cd78e46?s=96&d=mm&r=g\",\"caption\":\"Victor Toscano T V\"},\"description\":\"Un apasionado en el tema de Hablar en P\u00fablico y el Crecimiento Personal, que pas\u00f3 de \\\"t\u00edmido\\\" a Conferencista Internacional en menos de dos a\u00f1os.\",\"sameAs\":[\"http:\\\/\\\/www.tecnicashablarenpublico.com\",\"https:\\\/\\\/www.facebook.com\\\/victortoscanooficial\",\"http:\\\/\\\/mx.linkedin.com\\\/in\\\/victortoscano\\\/\",\"http:\\\/\\\/www.pinterest.com\\\/victortoscano\\\/\",\"https:\\\/\\\/x.com\\\/_victortoscano\",\"http:\\\/\\\/victortoscano.com.mx\\\/youtube\"],\"url\":\"https:\\\/\\\/tecnicashablarenpublico.com\\\/blog\\\/author\\\/vict26\\\/\"}]}<\/script>\n<!-- \/ Yoast SEO plugin. -->","yoast_head_json":{"title":"Muletillas Al Hablar En P\u00fablico - TecnicasHablarEnPublico.Com","robots":{"index":"index","follow":"follow","max-snippet":"max-snippet:-1","max-image-preview":"max-image-preview:large","max-video-preview":"max-video-preview:-1"},"canonical":"https:\/\/tecnicashablarenpublico.com\/blog\/muletillas-al-hablar-en-publico\/","og_locale":"es_ES","og_type":"article","og_title":"Muletillas Al Hablar En P\u00fablico - TecnicasHablarEnPublico.Com","og_description":"&nbsp; Todos tenemos nuestro propio estilo para hablar, es lo que nos hace \u00fanicos. \u00bfAlguna vez has o\u00eddo a alguien hacer una observaci\u00f3n sobre la manera tan interesante o acertada como expresaste alguna frase? Aprendemos nuestra manera de hablar de nuestros padres y mentores durante nuestro crecimiento. As\u00ed que si alguna vez te has escuchado [&hellip;]","og_url":"https:\/\/tecnicashablarenpublico.com\/blog\/muletillas-al-hablar-en-publico\/","og_site_name":"TecnicasHablarEnPublico.Com","article_publisher":"https:\/\/www.facebook.com\/VictorToscanoOficial\/","article_author":"https:\/\/www.facebook.com\/victortoscanooficial","article_published_time":"2010-09-06T20:45:44+00:00","article_modified_time":"2016-03-07T01:29:35+00:00","og_image":[{"url":"https:\/\/tecnicashablarenpublico.com\/blog\/wp-content\/uploads\/2010\/09\/Muletillas-Al-Hablar-En-P\u00fablico.-300x198.jpg","type":"","width":"","height":""}],"author":"Victor Toscano T V","twitter_card":"summary_large_image","twitter_creator":"@_victortoscano","twitter_misc":{"Escrito por":"Victor Toscano T V","Tiempo de lectura":"4 minutos"},"schema":{"@context":"https:\/\/schema.org","@graph":[{"@type":"Article","@id":"https:\/\/tecnicashablarenpublico.com\/blog\/muletillas-al-hablar-en-publico\/#article","isPartOf":{"@id":"https:\/\/tecnicashablarenpublico.com\/blog\/muletillas-al-hablar-en-publico\/"},"author":{"name":"Victor Toscano T V","@id":"https:\/\/tecnicashablarenpublico.com\/blog\/#\/schema\/person\/f6a96b9bb773de8f08f84e4d6e6cf28f"},"headline":"Muletillas Al Hablar En P\u00fablico","datePublished":"2010-09-06T20:45:44+00:00","dateModified":"2016-03-07T01:29:35+00:00","mainEntityOfPage":{"@id":"https:\/\/tecnicashablarenpublico.com\/blog\/muletillas-al-hablar-en-publico\/"},"wordCount":796,"commentCount":23,"publisher":{"@id":"https:\/\/tecnicashablarenpublico.com\/blog\/#organization"},"keywords":["como hablar en publico","hablar bien en publico","hablar en publico","Para Hablar en Publico"],"articleSection":["T\u00e9cnicas Para Hablar En P\u00fablico"],"inLanguage":"es"},{"@type":"WebPage","@id":"https:\/\/tecnicashablarenpublico.com\/blog\/muletillas-al-hablar-en-publico\/","url":"https:\/\/tecnicashablarenpublico.com\/blog\/muletillas-al-hablar-en-publico\/","name":"Muletillas Al Hablar En P\u00fablico - TecnicasHablarEnPublico.Com","isPartOf":{"@id":"https:\/\/tecnicashablarenpublico.com\/blog\/#website"},"datePublished":"2010-09-06T20:45:44+00:00","dateModified":"2016-03-07T01:29:35+00:00","breadcrumb":{"@id":"https:\/\/tecnicashablarenpublico.com\/blog\/muletillas-al-hablar-en-publico\/#breadcrumb"},"inLanguage":"es","potentialAction":[{"@type":"ReadAction","target":["https:\/\/tecnicashablarenpublico.com\/blog\/muletillas-al-hablar-en-publico\/"]}]},{"@type":"BreadcrumbList","@id":"https:\/\/tecnicashablarenpublico.com\/blog\/muletillas-al-hablar-en-publico\/#breadcrumb","itemListElement":[{"@type":"ListItem","position":1,"name":"Portada","item":"https:\/\/tecnicashablarenpublico.com\/blog\/"},{"@type":"ListItem","position":2,"name":"Muletillas Al Hablar En P\u00fablico"}]},{"@type":"WebSite","@id":"https:\/\/tecnicashablarenpublico.com\/blog\/#website","url":"https:\/\/tecnicashablarenpublico.com\/blog\/","name":"TecnicasHablarEnPublico.Com","description":"Blog","publisher":{"@id":"https:\/\/tecnicashablarenpublico.com\/blog\/#organization"},"potentialAction":[{"@type":"SearchAction","target":{"@type":"EntryPoint","urlTemplate":"https:\/\/tecnicashablarenpublico.com\/blog\/?s={search_term_string}"},"query-input":{"@type":"PropertyValueSpecification","valueRequired":true,"valueName":"search_term_string"}}],"inLanguage":"es"},{"@type":"Organization","@id":"https:\/\/tecnicashablarenpublico.com\/blog\/#organization","name":"TecnicasHablarEnPublico","url":"https:\/\/tecnicashablarenpublico.com\/blog\/","logo":{"@type":"ImageObject","inLanguage":"es","@id":"https:\/\/tecnicashablarenpublico.com\/blog\/#\/schema\/logo\/image\/","url":"https:\/\/i0.wp.com\/tecnicashablarenpublico.com\/blog\/wp-content\/uploads\/2014\/11\/logo_cuadrado.png?fit=286%2C255&ssl=1","contentUrl":"https:\/\/i0.wp.com\/tecnicashablarenpublico.com\/blog\/wp-content\/uploads\/2014\/11\/logo_cuadrado.png?fit=286%2C255&ssl=1","width":286,"height":255,"caption":"TecnicasHablarEnPublico"},"image":{"@id":"https:\/\/tecnicashablarenpublico.com\/blog\/#\/schema\/logo\/image\/"},"sameAs":["https:\/\/www.facebook.com\/VictorToscanoOficial\/"]},{"@type":"Person","@id":"https:\/\/tecnicashablarenpublico.com\/blog\/#\/schema\/person\/f6a96b9bb773de8f08f84e4d6e6cf28f","name":"Victor Toscano T V","image":{"@type":"ImageObject","inLanguage":"es","@id":"https:\/\/secure.gravatar.com\/avatar\/e45c6f1f2986615bd1357fd094a24ab45a2ce7ca867817458fbebca30cd78e46?s=96&d=mm&r=g","url":"https:\/\/secure.gravatar.com\/avatar\/e45c6f1f2986615bd1357fd094a24ab45a2ce7ca867817458fbebca30cd78e46?s=96&d=mm&r=g","contentUrl":"https:\/\/secure.gravatar.com\/avatar\/e45c6f1f2986615bd1357fd094a24ab45a2ce7ca867817458fbebca30cd78e46?s=96&d=mm&r=g","caption":"Victor Toscano T V"},"description":"Un apasionado en el tema de Hablar en P\u00fablico y el Crecimiento Personal, que pas\u00f3 de \"t\u00edmido\" a Conferencista Internacional en menos de dos a\u00f1os.","sameAs":["http:\/\/www.tecnicashablarenpublico.com","https:\/\/www.facebook.com\/victortoscanooficial","http:\/\/mx.linkedin.com\/in\/victortoscano\/","http:\/\/www.pinterest.com\/victortoscano\/","https:\/\/x.com\/_victortoscano","http:\/\/victortoscano.com.mx\/youtube"],"url":"https:\/\/tecnicashablarenpublico.com\/blog\/author\/vict26\/"}]}},"jetpack_publicize_connections":[],"jetpack_featured_media_url":"","jetpack_shortlink":"https:\/\/wp.me\/p338RC-6b","jetpack-related-posts":[{"id":2004,"url":"https:\/\/tecnicashablarenpublico.com\/blog\/como-hablar-en-publico-los-3-pasos-basicos\/","url_meta":{"origin":383,"position":0},"title":"* C\u00f3mo Hablar En P\u00fablico (Los 3 Pasos B\u00e1sicos)","author":"Victor Toscano T V","date":"18\/06\/2014","format":false,"excerpt":"\u00bfEst\u00e1s provocando una imagen positiva con tu manera de hablar en p\u00fablico? A continuaci\u00f3n voy a compartir contigo los 3 pasos b\u00e1sicos sobre c\u00f3mo hablar en p\u00fablico de tal forma que causes una buena impresi\u00f3n en las personas que te escuchan. Recuerda que tienes una sola oportunidad para provocar una\u2026","rel":"","context":"En \u00abComo Hablar en Publico\u00bb","block_context":{"text":"Como Hablar en Publico","link":"https:\/\/tecnicashablarenpublico.com\/blog\/category\/como-hablar-en-publico-2\/"},"img":{"alt_text":"C\u00f3mo Hablar En P\u00fablico (Los 3 Pasos B\u00e1sicos)","src":"https:\/\/i0.wp.com\/tecnicashablarenpublico.com\/blog\/wp-content\/uploads\/2014\/06\/Como-Hablar-En-Publico-Los-3-Pasos-Basicos2.png?resize=350%2C200&ssl=1","width":350,"height":200},"classes":[]},{"id":2268,"url":"https:\/\/tecnicashablarenpublico.com\/blog\/como-eliminar-las-muletillas-para-hablar-bien-en-publico-con-elocuencia-y-fluidez-oratoria\/","url_meta":{"origin":383,"position":1},"title":"Como Eliminar las Muletillas para Hablar Bien En P\u00fablico con Elocuencia y Fluidez | Oratoria","author":"Victor Toscano T V","date":"06\/03\/2016","format":false,"excerpt":"Muletillas Ejemplos: Como Hablar Bien En P\u00fablico con Elocuencia y Fluidez, y Eliminarlas Muletillas | Curso de oratoria, comunicaci\u00f3n efectiva y fluidez verbal... \u00bb Mira el VIDEO Aqu\u00ed: \u00bb Suscr\u00edbete en Youtube: http:\/\/victor-toscano.com\/youtube \u00bb M\u00e1s videos de Oratoria:\u00a0https:\/\/tecnicashablarenpublico.com C\u00f3mo hablar con fluidez, efectividad y autenticidad. Ya es hora de que\u2026","rel":"","context":"En \u00abT\u00e9cnicas Para Hablar En P\u00fablico\u00bb","block_context":{"text":"T\u00e9cnicas Para Hablar En P\u00fablico","link":"https:\/\/tecnicashablarenpublico.com\/blog\/category\/tecnicas-para-hablar-en-publico\/"},"img":{"alt_text":"","src":"https:\/\/i0.wp.com\/optimizacionpaginasmedia.s3.amazonaws.com\/2023\/06\/GnGr0OLL-como-eliminar-las-muletillas-copia-min.png?fit=500%2C281&ssl=1&resize=350%2C200","width":350,"height":200},"classes":[]},{"id":3272,"url":"https:\/\/tecnicashablarenpublico.com\/blog\/como-eliminar-las-muletillas-y-palabras-de-relleno-para-hablar-en-publico\/","url_meta":{"origin":383,"position":2},"title":"&#x2705; C\u00f3mo ELIMINAR las Muletillas y Palabras de Relleno para Hablar en P\u00fablico con Mayor Fluidez","author":"Victor Toscano T V","date":"14\/06\/2023","format":false,"excerpt":"C\u00f3mo Eliminar Muletillas, Ruidos y Palabras de Relleno al Hablar \u00bfTe ha tocado estar en una conferencia o presentaci\u00f3n, en la que el presentador hac\u00eda muchos sonidos entre palabras, tales como: ehh, ahh, mmmm? \u00bfEst\u00e1s de acuerdo en que es una molestia escuchar esas palabras de relleno y esos ruidos?\u00a0\u2026","rel":"","context":"En \u00abT\u00e9cnicas Para Hablar En P\u00fablico\u00bb","block_context":{"text":"T\u00e9cnicas Para Hablar En P\u00fablico","link":"https:\/\/tecnicashablarenpublico.com\/blog\/category\/tecnicas-para-hablar-en-publico\/"},"img":{"alt_text":"","src":"https:\/\/i0.wp.com\/optimizacionpaginasmedia.s3.amazonaws.com\/2023\/06\/yCtEv9Ax-como-eliminar-las-muletillas-y-hablar-en-publico-con-fluidez-min.jpg?fit=500%2C281&ssl=1&resize=350%2C200","width":350,"height":200},"classes":[]},{"id":2177,"url":"https:\/\/tecnicashablarenpublico.com\/blog\/como-hablar-en-publico-como-un-profesional-sin-miedo-y-sin-nervios-descarga-gratis-libro-pdf\/","url_meta":{"origin":383,"position":3},"title":"C\u00f3mo Hablar en P\u00fablico Como Un Profesional: Sin Miedo y Sin Nervios | Descarga Gratis Libro PDF","author":"Victor Toscano T V","date":"24\/06\/2015","format":false,"excerpt":"\u00bfC\u00f3mo Hablar en P\u00fablico? C\u00f3mo Hablar en P\u00fablico Sin Miedo y Sin Nervios. Descarga Gratis este Libro en PDF por V\u00edctor Toscano, y Accede al Curso de Oratoria Moderna Online... https:\/\/youtu.be\/WuxxwXEW06Q Descarga GRATIS este Libro en PDF de C\u00f3mo Hablar en P\u00fablico por V\u00edctor Toscano y Accede sin costo al\u2026","rel":"","context":"En \u00abComo Hablar en Publico\u00bb","block_context":{"text":"Como Hablar en Publico","link":"https:\/\/tecnicashablarenpublico.com\/blog\/category\/como-hablar-en-publico-2\/"},"img":{"alt_text":"Como hablar en p\u00fablico sin miedo y controlar los nervios","src":"https:\/\/i0.wp.com\/optimizacionpaginasmedia.s3.amazonaws.com\/2020\/05\/como-hablar-en-publico-sin-miedo-y-controlar-los-nervios.jpg?fit=900%2C550&ssl=1&resize=350%2C200","width":350,"height":200,"srcset":"https:\/\/i0.wp.com\/optimizacionpaginasmedia.s3.amazonaws.com\/2020\/05\/como-hablar-en-publico-sin-miedo-y-controlar-los-nervios.jpg?fit=900%2C550&ssl=1&resize=350%2C200 1x, https:\/\/i0.wp.com\/optimizacionpaginasmedia.s3.amazonaws.com\/2020\/05\/como-hablar-en-publico-sin-miedo-y-controlar-los-nervios.jpg?fit=900%2C550&ssl=1&resize=525%2C300 1.5x, https:\/\/i0.wp.com\/optimizacionpaginasmedia.s3.amazonaws.com\/2020\/05\/como-hablar-en-publico-sin-miedo-y-controlar-los-nervios.jpg?fit=900%2C550&ssl=1&resize=700%2C400 2x"},"classes":[]},{"id":1163,"url":"https:\/\/tecnicashablarenpublico.com\/blog\/al-hablar-en-publico-funciona-imaginarlos-desnudos\/","url_meta":{"origin":383,"position":4},"title":"Al Hablar En P\u00fablico, \u00bfFunciona Imaginarlos Desnudos?","author":"Victor Toscano T V","date":"02\/05\/2013","format":false,"excerpt":"\u00bfAlguna vez has escuchado el siguiente consejo?... \"Cuando Hables en P\u00fablico s\u00f3lo tienes que imaginar a las personas DESNUDAS, as\u00ed te vas a olvidar de estar nervioso.\" La verdad NO te lo recomiendo: \u00bfPor qu\u00e9? Sigue leyendo y te explico... En una ocasi\u00f3n ten\u00eda que realizar una presentaci\u00f3n en p\u00fablico\u2026","rel":"","context":"En \u00abMiedo a Hablar en P\u00fablico\u00bb","block_context":{"text":"Miedo a Hablar en P\u00fablico","link":"https:\/\/tecnicashablarenpublico.com\/blog\/category\/miedo-a-hablar-en-publico\/"},"img":{"alt_text":"Al Hablar En P\u00fablico, \u00bfFunciona Imaginarlos Desnudos","src":"https:\/\/i0.wp.com\/tecnicashablarenpublico.com\/blog\/wp-content\/uploads\/2013\/04\/Al-Hablar-En-Publico-Funciona-Imaginarlos-Desnudos-300x183.jpg?resize=350%2C200&ssl=1","width":350,"height":200},"classes":[]},{"id":812,"url":"https:\/\/tecnicashablarenpublico.com\/blog\/tecnica-para-dominar-los-nervios-al-hablar-en-publico-5\/","url_meta":{"origin":383,"position":5},"title":"T\u00e9cnica Para Dominar Los Nervios Al Hablar En P\u00fablico #5","author":"Victor Toscano T V","date":"16\/01\/2013","format":false,"excerpt":"En lugar de preocuparte por c\u00f3mo te ves o como te escuchas, o sobre si est\u00e1s impresionando a tus oyentes,\u00a0concentra tu energ\u00eda en conseguir que el p\u00fablico entienda lo que quieres decir. https:\/\/youtu.be\/HASpsf_G-6I En otras palabras, aseg\u00farate de que tus oyentes est\u00e1n siguiendo el orden de tu exposici\u00f3n y comprenden\u2026","rel":"","context":"En \u00abAprender a Hablar en Publico\u00bb","block_context":{"text":"Aprender a Hablar en Publico","link":"https:\/\/tecnicashablarenpublico.com\/blog\/category\/aprender-a-hablar-en-publico\/"},"img":{"alt_text":"t\u00e9cnica para dominar los nervios 5","src":"https:\/\/i0.wp.com\/optimizacionpaginasmedia.s3.amazonaws.com\/2020\/05\/tecnica-para-dominar-los-nervios-5.jpg?fit=900%2C550&ssl=1&resize=350%2C200","width":350,"height":200,"srcset":"https:\/\/i0.wp.com\/optimizacionpaginasmedia.s3.amazonaws.com\/2020\/05\/tecnica-para-dominar-los-nervios-5.jpg?fit=900%2C550&ssl=1&resize=350%2C200 1x, https:\/\/i0.wp.com\/optimizacionpaginasmedia.s3.amazonaws.com\/2020\/05\/tecnica-para-dominar-los-nervios-5.jpg?fit=900%2C550&ssl=1&resize=525%2C300 1.5x, https:\/\/i0.wp.com\/optimizacionpaginasmedia.s3.amazonaws.com\/2020\/05\/tecnica-para-dominar-los-nervios-5.jpg?fit=900%2C550&ssl=1&resize=700%2C400 2x"},"classes":[]}],"jetpack_sharing_enabled":true,"_links":{"self":[{"href":"https:\/\/tecnicashablarenpublico.com\/blog\/wp-json\/wp\/v2\/posts\/383","targetHints":{"allow":["GET"]}}],"collection":[{"href":"https:\/\/tecnicashablarenpublico.com\/blog\/wp-json\/wp\/v2\/posts"}],"about":[{"href":"https:\/\/tecnicashablarenpublico.com\/blog\/wp-json\/wp\/v2\/types\/post"}],"author":[{"embeddable":true,"href":"https:\/\/tecnicashablarenpublico.com\/blog\/wp-json\/wp\/v2\/users\/1"}],"replies":[{"embeddable":true,"href":"https:\/\/tecnicashablarenpublico.com\/blog\/wp-json\/wp\/v2\/comments?post=383"}],"version-history":[{"count":0,"href":"https:\/\/tecnicashablarenpublico.com\/blog\/wp-json\/wp\/v2\/posts\/383\/revisions"}],"wp:attachment":[{"href":"https:\/\/tecnicashablarenpublico.com\/blog\/wp-json\/wp\/v2\/media?parent=383"}],"wp:term":[{"taxonomy":"category","embeddable":true,"href":"https:\/\/tecnicashablarenpublico.com\/blog\/wp-json\/wp\/v2\/categories?post=383"},{"taxonomy":"post_tag","embeddable":true,"href":"https:\/\/tecnicashablarenpublico.com\/blog\/wp-json\/wp\/v2\/tags?post=383"}],"curies":[{"name":"wp","href":"https:\/\/api.w.org\/{rel}","templated":true}]}}