{"id":338,"date":"2010-08-27T13:11:10","date_gmt":"2010-08-27T18:11:10","guid":{"rendered":"https:\/\/tecnicashablarenpublico.com\/blog\/?p=338"},"modified":"2013-02-12T10:31:58","modified_gmt":"2013-02-12T16:31:58","slug":"historias-hablar-en-publico","status":"publish","type":"post","link":"https:\/\/tecnicashablarenpublico.com\/blog\/historias-hablar-en-publico\/","title":{"rendered":"Usa Historias al Hablar en P\u00fablico"},"content":{"rendered":"<p style=\"text-align: right;\">\n<figure id=\"attachment_696\" aria-describedby=\"caption-attachment-696\" style=\"width: 200px\" class=\"wp-caption alignleft\"><a href=\"https:\/\/tecnicashablarenpublico.com\"><img decoding=\"async\" data-attachment-id=\"696\" data-permalink=\"https:\/\/tecnicashablarenpublico.com\/blog\/historias-hablar-en-publico\/usa-historias-al-hablar-en-publico\/\" data-orig-file=\"https:\/\/i0.wp.com\/tecnicashablarenpublico.com\/blog\/wp-content\/uploads\/2010\/08\/Usa-Historias-al-Hablar-en-P%C3%BAblico.jpg?fit=200%2C199&amp;ssl=1\" data-orig-size=\"200,199\" data-comments-opened=\"0\" data-image-meta=\"{&quot;aperture&quot;:&quot;0&quot;,&quot;credit&quot;:&quot;&quot;,&quot;camera&quot;:&quot;&quot;,&quot;caption&quot;:&quot;&quot;,&quot;created_timestamp&quot;:&quot;0&quot;,&quot;copyright&quot;:&quot;&quot;,&quot;focal_length&quot;:&quot;0&quot;,&quot;iso&quot;:&quot;0&quot;,&quot;shutter_speed&quot;:&quot;0&quot;,&quot;title&quot;:&quot;&quot;}\" data-image-title=\"Usa Historias al Hablar en P\u00fablico\" data-image-description=\"&lt;p&gt;Usa Historias al Hablar en P\u00fablico&lt;\/p&gt;\n\" data-image-caption=\"&lt;p&gt;Usa Historias al Hablar en P\u00fablico&lt;\/p&gt;\n\" data-large-file=\"https:\/\/i0.wp.com\/tecnicashablarenpublico.com\/blog\/wp-content\/uploads\/2010\/08\/Usa-Historias-al-Hablar-en-P%C3%BAblico.jpg?fit=200%2C199&amp;ssl=1\" class=\"size-full wp-image-696 lazyload\" alt=\"Usa Historias al Hablar en P\u00fablico\" src=\"data:image\/gif;base64,R0lGODlhAQABAIAAAAAAAP\/\/\/yH5BAEAAAAALAAAAAABAAEAAAIBRAA7\" data-src=\"https:\/\/tecnicashablarenpublico.com\/blog\/wp-content\/uploads\/2010\/08\/Usa-Historias-al-Hablar-en-P\u00fablico.jpg\" width=\"200\" height=\"199\" \/><figcaption id=\"caption-attachment-696\" class=\"wp-caption-text\"><noscript><img data-recalc-dims=\"1\" decoding=\"async\" data-attachment-id=\"696\" data-permalink=\"https:\/\/tecnicashablarenpublico.com\/blog\/historias-hablar-en-publico\/usa-historias-al-hablar-en-publico\/\" data-orig-file=\"https:\/\/i0.wp.com\/tecnicashablarenpublico.com\/blog\/wp-content\/uploads\/2010\/08\/Usa-Historias-al-Hablar-en-P%C3%BAblico.jpg?fit=200%2C199&amp;ssl=1\" data-orig-size=\"200,199\" data-comments-opened=\"0\" data-image-meta=\"{&quot;aperture&quot;:&quot;0&quot;,&quot;credit&quot;:&quot;&quot;,&quot;camera&quot;:&quot;&quot;,&quot;caption&quot;:&quot;&quot;,&quot;created_timestamp&quot;:&quot;0&quot;,&quot;copyright&quot;:&quot;&quot;,&quot;focal_length&quot;:&quot;0&quot;,&quot;iso&quot;:&quot;0&quot;,&quot;shutter_speed&quot;:&quot;0&quot;,&quot;title&quot;:&quot;&quot;}\" data-image-title=\"Usa Historias al Hablar en P\u00fablico\" data-image-description=\"&lt;p&gt;Usa Historias al Hablar en P\u00fablico&lt;\/p&gt;\n\" data-image-caption=\"&lt;p&gt;Usa Historias al Hablar en P\u00fablico&lt;\/p&gt;\n\" data-large-file=\"https:\/\/i0.wp.com\/tecnicashablarenpublico.com\/blog\/wp-content\/uploads\/2010\/08\/Usa-Historias-al-Hablar-en-P%C3%BAblico.jpg?fit=200%2C199&amp;ssl=1\" class=\"size-full wp-image-696 lazyload\" alt=\"Usa Historias al Hablar en P\u00fablico\" src=\"https:\/\/i0.wp.com\/tecnicashablarenpublico.com\/blog\/wp-content\/uploads\/2010\/08\/Usa-Historias-al-Hablar-en-P%C3%BAblico.jpg?fit=200%2C199&ssl=1\" width=\"200\" height=\"199\" \/><\/noscript><\/a> Usa Historias al Hablar en P\u00fablico<\/figcaption><\/figure>\n<p>Muchos me han preguntado:<em> \u00abpor qu\u00e9 al momento de <strong>hablar en p\u00fablico<\/strong> <span style=\"text-decoration: underline;\">la gente no me pone atenci\u00f3n y no entiende lo que les digo<\/span>.\u00bb<\/em><\/p>\n<p>La respuesta es simple: <span style=\"text-decoration: underline;\">Demasiada teor\u00eda y pocos ejemplos<\/span>.<\/p>\n<p>A las personas se les dificulta prestar atenci\u00f3n a ideas te\u00f3ricas por mucho tiempo. Por eso te recomiendo que <strong>cuentes historias al Hablar en P\u00fablico<\/strong>. Las historias atrapan la atenci\u00f3n del p\u00fablico y ponen a volar su imaginaci\u00f3n. Adem\u00e1s, as\u00ed podr\u00e1s estar seguro de que <span style=\"text-decoration: underline;\">van a entender tu punto de vista y comprender\u00e1n<!--more--> el tema<\/span>.<br \/>\n<strong><br \/>\n<\/strong><\/p>\n<p>&nbsp;<\/p>\n<h2><span style=\"color: #800000;\">Ilustra, Ilustra, e Ilustra.<\/span><\/h2>\n<p>Cuando un orador <strong><em>pierde a su p\u00fablico<\/em><\/strong>, muy a menudo es un misterio para \u00e9l. Pero para la audiencia no lo es. La causa simple es que muchos discursos, <span style=\"text-decoration: underline;\">duran demasiado tiempo hablando de una misma teor\u00eda o idea<\/span>. Y nosotros como humanos, tenemos problemas para concentrarnos en una idea abstracta por mucho tiempo, antes de perder inter\u00e9s.<\/p>\n<p>Esta es una de tantas razones por las que el orador <span style=\"text-decoration: underline;\">tiene que usar muchas historias e ilustraciones para asegurarse de mantener la atenci\u00f3n del p\u00fablico<\/span>.<\/p>\n<p>Algunos oradores no creen en la necesidad de usar ilustraciones concreatas para lograr que la audiencia se conecte con el hablante. Pero esta es una forma b\u00e1sica de <strong>comunicaci\u00f3n humana<\/strong>. De hecho, algunos de los m\u00e1s brillantes oradores en el mundo tienen conocimiento de que si un orador no puede expresar sus ideas en ilustraciones concretas, <span style=\"text-decoration: underline;\">ese orador todav\u00eda no tiene comprensi\u00f3n sobre aquellas ideas<\/span>.<\/p>\n<p>El uso de historias y humor deber\u00eda comenzar <strong>tan pronto como comience la presentaci\u00f3n<\/strong>. Uno de los problemas que el p\u00fablico experimenta con el orador, tiene que ver con la velocidad de procesamiento. La ciencia nos ha demostrado que<span style=\"text-decoration: underline;\"> la mente humana puede pensar al menos 10 veces m\u00e1s r\u00e1pido de lo que escucha<\/span>. Esto significa que<strong><em> el 90% del tiempo en el que t\u00fa le est\u00e1s hablando a un grupo, es tiempo libre para que sus mentes se distraigan<\/em><\/strong>. Si les das una historia concreta en la que puedan pensar, <span style=\"text-decoration: underline;\">le estas dando trabajo a su mente<\/span> para que analicen los detalles y no piensen en nada m\u00e1s.<\/p>\n<p>Al abrir con una historia ilustrativa y entusiasta, est\u00e1s <strong>capturando las mentes de tu p\u00fablico r\u00e1pidamente<\/strong>. El mejor tipo de historia para abrir un discurso es una de <span style=\"text-decoration: underline;\">humor<\/span>, especialmente si es alguna <span style=\"text-decoration: underline;\">an\u00e9cdota de tu pasado<\/span>. Este m\u00e9todo no solo es una maravillosa manera de decir tu relato junto a una entretenida historia, tambi\u00e9n los conecta a ti, y abre al orador a su audiencia, lo que provoca la interacci\u00f3n. Cuando elijas abrir con una historia graciosa, usa estos dos criterios para seleccionar la ilustraci\u00f3n correcta.<\/p>\n<p><em>Primero<\/em> <strong>selecciona una historia que se conecte al problema<\/strong> a ser tratado en la presentaci\u00f3n. Si el problema es un tema abstracto, como por ejemplo una teor\u00eda pol\u00edtica, puede ser dif\u00edcil relacionarlo con tu historia. Pero trata de acercarlo lo m\u00e1s posible a la ilustraci\u00f3n, al menos lo suficientemente cerca para tener lista una transici\u00f3n que lleve a tu p\u00fablico desde la historia hasta el concepto que hayas decidido discutir primero.<\/p>\n<p><em>En segundo lugar<\/em>, <strong>conecta tu historia de apertura y cada ilustraci\u00f3n de tu discurso, a tu tema<\/strong>. De esta manera en cada paso del proceso, las ilustraciones alcanzar\u00e1n a la audiencia, rescat\u00e1ndolas de cualquier desv\u00edo, tray\u00e9ndolas de regreso a la charla, y <span style=\"text-decoration: underline;\">poniendo en su mente lo que t\u00fa quieres<\/span> que piensen sobre esa parte de la presentaci\u00f3n.<\/p>\n<p><span style=\"text-decoration: underline;\">T\u00fa puedes saber si tu audiencia se distrae<\/span>. Cualquier orador ha visto que el p\u00fablico comienza a perder inter\u00e9s en lo que est\u00e1 diciendo. Los ojos de las personas comienzan a alejarse del orador. A menudo comienzan a distraerse con algo sobre sus piernas, o con alguna otra cosa. Puedes ver que est\u00e1n escribiendo, pero probablemente no sean notas sobre tu discurso. Comienzan a cabecear o simplemente puedes ver que se van a dormir por completo. Cuando veas que eso sucede, tu presentaci\u00f3n se est\u00e1 tardando demasiado en ideas te\u00f3ricas, y <strong><span style=\"text-decoration: underline;\">necesitas volver y pensar diferentes mezclas de ideas e ilustraciones<\/span><\/strong>.<\/p>\n<p>Una buena ilustraci\u00f3n al menos <strong>mantiene a la audiencia atenta a la discusi\u00f3n<\/strong>. Pero una gran ilustraci\u00f3n se convertir\u00e1 en realidad en <span style=\"text-decoration: underline;\">parte de la presentaci\u00f3n<\/span>. As\u00ed puedes contar tu historia, y despu\u00e9s usar varios elementos de la misma, como apoyo para tus pr\u00f3ximos puntos a tratar en de tu discurso. Si logras hacerlo bien, <strong><em>no perder\u00e1s a tu p\u00fablico<\/em><\/strong>, porque una historia concreta sirve perfectamente de ancla para el resto de la presentaci\u00f3n.<\/p>\n<p>Entonces, <strong>aprende el arte de contar una buena historia<\/strong>. Cualquier historia larga de alg\u00fan escritor nos ense\u00f1a que el coraz\u00f3n de una buena historia es el detalle. <span style=\"text-decoration: underline;\"><strong>Pero en p\u00fablico, una historia deber\u00eda ser breve, as\u00ed como f\u00e1cil de comprender<\/strong><\/span>. Si tiene humor, es la mejor historia posible, pero tiene que tener personalidad. Y deber\u00eda a obligar a la audiencia a conectarse con el orador, y comprender las ideas que quieres que comprendan. Y si eso sucede y no tienes un discurso fuerte como resultado, estar\u00e1s complacido con seguir el consejo de los expertos oradores. <span style=\"text-decoration: underline;\">Ilustra, Ilustra, e Ilustra<\/span>.<\/p>\n","protected":false},"excerpt":{"rendered":"<p>Muchos me han preguntado: \u00abpor qu\u00e9 al momento de hablar en p\u00fablico la gente no me pone atenci\u00f3n y no entiende lo que les digo.\u00bb La respuesta es simple: Demasiada teor\u00eda y pocos ejemplos. A las personas se les dificulta prestar atenci\u00f3n a ideas te\u00f3ricas por mucho tiempo. Por eso te recomiendo que cuentes historias [&hellip;]<\/p>\n","protected":false},"author":1,"featured_media":0,"comment_status":"open","ping_status":"open","sticky":false,"template":"","format":"standard","meta":{"jetpack_post_was_ever_published":false,"_jetpack_newsletter_access":"","_jetpack_dont_email_post_to_subs":false,"_jetpack_newsletter_tier_id":0,"_jetpack_memberships_contains_paywalled_content":false,"_jetpack_memberships_contains_paid_content":false,"footnotes":"","jetpack_publicize_message":"","jetpack_publicize_feature_enabled":true,"jetpack_social_post_already_shared":false,"jetpack_social_options":{"image_generator_settings":{"template":"highway","default_image_id":0,"font":"","enabled":false},"version":2}},"categories":[3],"tags":[4,5],"class_list":["post-338","post","type-post","status-publish","format-standard","hentry","category-tecnicas-para-hablar-en-publico","tag-hablar-en-publico","tag-tecnicas-hablar-en-publico","post-wrapper","thrv_wrapper"],"yoast_head":"<!-- This site is optimized with the Yoast SEO plugin v27.5 - https:\/\/yoast.com\/product\/yoast-seo-wordpress\/ -->\n<title>Usa Historias al Hablar en P\u00fablico - TecnicasHablarEnPublico.Com<\/title>\n<meta name=\"robots\" content=\"index, follow, max-snippet:-1, max-image-preview:large, max-video-preview:-1\" \/>\n<link rel=\"canonical\" href=\"https:\/\/tecnicashablarenpublico.com\/blog\/historias-hablar-en-publico\/\" \/>\n<meta property=\"og:locale\" content=\"es_ES\" \/>\n<meta property=\"og:type\" content=\"article\" \/>\n<meta property=\"og:title\" content=\"Usa Historias al Hablar en P\u00fablico - TecnicasHablarEnPublico.Com\" \/>\n<meta property=\"og:description\" content=\"Muchos me han preguntado: \u00abpor qu\u00e9 al momento de hablar en p\u00fablico la gente no me pone atenci\u00f3n y no entiende lo que les digo.\u00bb La respuesta es simple: Demasiada teor\u00eda y pocos ejemplos. A las personas se les dificulta prestar atenci\u00f3n a ideas te\u00f3ricas por mucho tiempo. Por eso te recomiendo que cuentes historias [&hellip;]\" \/>\n<meta property=\"og:url\" content=\"https:\/\/tecnicashablarenpublico.com\/blog\/historias-hablar-en-publico\/\" \/>\n<meta property=\"og:site_name\" content=\"TecnicasHablarEnPublico.Com\" \/>\n<meta property=\"article:publisher\" content=\"https:\/\/www.facebook.com\/VictorToscanoOficial\/\" \/>\n<meta property=\"article:author\" content=\"https:\/\/www.facebook.com\/victortoscanooficial\" \/>\n<meta property=\"article:published_time\" content=\"2010-08-27T18:11:10+00:00\" \/>\n<meta property=\"article:modified_time\" content=\"2013-02-12T16:31:58+00:00\" \/>\n<meta property=\"og:image\" content=\"https:\/\/tecnicashablarenpublico.com\/blog\/wp-content\/uploads\/2010\/08\/Usa-Historias-al-Hablar-en-P\u00fablico.jpg\" \/>\n<meta name=\"author\" content=\"Victor Toscano T V\" \/>\n<meta name=\"twitter:card\" content=\"summary_large_image\" \/>\n<meta name=\"twitter:creator\" content=\"@_victortoscano\" \/>\n<meta name=\"twitter:label1\" content=\"Escrito por\" \/>\n\t<meta name=\"twitter:data1\" content=\"Victor Toscano T V\" \/>\n\t<meta name=\"twitter:label2\" content=\"Tiempo de lectura\" \/>\n\t<meta name=\"twitter:data2\" content=\"5 minutos\" \/>\n<script type=\"application\/ld+json\" class=\"yoast-schema-graph\">{\"@context\":\"https:\\\/\\\/schema.org\",\"@graph\":[{\"@type\":\"Article\",\"@id\":\"https:\\\/\\\/tecnicashablarenpublico.com\\\/blog\\\/historias-hablar-en-publico\\\/#article\",\"isPartOf\":{\"@id\":\"https:\\\/\\\/tecnicashablarenpublico.com\\\/blog\\\/historias-hablar-en-publico\\\/\"},\"author\":{\"name\":\"Victor Toscano T V\",\"@id\":\"https:\\\/\\\/tecnicashablarenpublico.com\\\/blog\\\/#\\\/schema\\\/person\\\/f6a96b9bb773de8f08f84e4d6e6cf28f\"},\"headline\":\"Usa Historias al Hablar en P\u00fablico\",\"datePublished\":\"2010-08-27T18:11:10+00:00\",\"dateModified\":\"2013-02-12T16:31:58+00:00\",\"mainEntityOfPage\":{\"@id\":\"https:\\\/\\\/tecnicashablarenpublico.com\\\/blog\\\/historias-hablar-en-publico\\\/\"},\"wordCount\":935,\"commentCount\":16,\"publisher\":{\"@id\":\"https:\\\/\\\/tecnicashablarenpublico.com\\\/blog\\\/#organization\"},\"keywords\":[\"hablar en publico\",\"tecnicas hablar en publico\"],\"articleSection\":[\"T\u00e9cnicas Para Hablar En P\u00fablico\"],\"inLanguage\":\"es\"},{\"@type\":\"WebPage\",\"@id\":\"https:\\\/\\\/tecnicashablarenpublico.com\\\/blog\\\/historias-hablar-en-publico\\\/\",\"url\":\"https:\\\/\\\/tecnicashablarenpublico.com\\\/blog\\\/historias-hablar-en-publico\\\/\",\"name\":\"Usa Historias al Hablar en P\u00fablico - TecnicasHablarEnPublico.Com\",\"isPartOf\":{\"@id\":\"https:\\\/\\\/tecnicashablarenpublico.com\\\/blog\\\/#website\"},\"datePublished\":\"2010-08-27T18:11:10+00:00\",\"dateModified\":\"2013-02-12T16:31:58+00:00\",\"breadcrumb\":{\"@id\":\"https:\\\/\\\/tecnicashablarenpublico.com\\\/blog\\\/historias-hablar-en-publico\\\/#breadcrumb\"},\"inLanguage\":\"es\",\"potentialAction\":[{\"@type\":\"ReadAction\",\"target\":[\"https:\\\/\\\/tecnicashablarenpublico.com\\\/blog\\\/historias-hablar-en-publico\\\/\"]}]},{\"@type\":\"BreadcrumbList\",\"@id\":\"https:\\\/\\\/tecnicashablarenpublico.com\\\/blog\\\/historias-hablar-en-publico\\\/#breadcrumb\",\"itemListElement\":[{\"@type\":\"ListItem\",\"position\":1,\"name\":\"Portada\",\"item\":\"https:\\\/\\\/tecnicashablarenpublico.com\\\/blog\\\/\"},{\"@type\":\"ListItem\",\"position\":2,\"name\":\"Usa Historias al Hablar en P\u00fablico\"}]},{\"@type\":\"WebSite\",\"@id\":\"https:\\\/\\\/tecnicashablarenpublico.com\\\/blog\\\/#website\",\"url\":\"https:\\\/\\\/tecnicashablarenpublico.com\\\/blog\\\/\",\"name\":\"TecnicasHablarEnPublico.Com\",\"description\":\"Blog\",\"publisher\":{\"@id\":\"https:\\\/\\\/tecnicashablarenpublico.com\\\/blog\\\/#organization\"},\"potentialAction\":[{\"@type\":\"SearchAction\",\"target\":{\"@type\":\"EntryPoint\",\"urlTemplate\":\"https:\\\/\\\/tecnicashablarenpublico.com\\\/blog\\\/?s={search_term_string}\"},\"query-input\":{\"@type\":\"PropertyValueSpecification\",\"valueRequired\":true,\"valueName\":\"search_term_string\"}}],\"inLanguage\":\"es\"},{\"@type\":\"Organization\",\"@id\":\"https:\\\/\\\/tecnicashablarenpublico.com\\\/blog\\\/#organization\",\"name\":\"TecnicasHablarEnPublico\",\"url\":\"https:\\\/\\\/tecnicashablarenpublico.com\\\/blog\\\/\",\"logo\":{\"@type\":\"ImageObject\",\"inLanguage\":\"es\",\"@id\":\"https:\\\/\\\/tecnicashablarenpublico.com\\\/blog\\\/#\\\/schema\\\/logo\\\/image\\\/\",\"url\":\"https:\\\/\\\/i0.wp.com\\\/tecnicashablarenpublico.com\\\/blog\\\/wp-content\\\/uploads\\\/2014\\\/11\\\/logo_cuadrado.png?fit=286%2C255&ssl=1\",\"contentUrl\":\"https:\\\/\\\/i0.wp.com\\\/tecnicashablarenpublico.com\\\/blog\\\/wp-content\\\/uploads\\\/2014\\\/11\\\/logo_cuadrado.png?fit=286%2C255&ssl=1\",\"width\":286,\"height\":255,\"caption\":\"TecnicasHablarEnPublico\"},\"image\":{\"@id\":\"https:\\\/\\\/tecnicashablarenpublico.com\\\/blog\\\/#\\\/schema\\\/logo\\\/image\\\/\"},\"sameAs\":[\"https:\\\/\\\/www.facebook.com\\\/VictorToscanoOficial\\\/\"]},{\"@type\":\"Person\",\"@id\":\"https:\\\/\\\/tecnicashablarenpublico.com\\\/blog\\\/#\\\/schema\\\/person\\\/f6a96b9bb773de8f08f84e4d6e6cf28f\",\"name\":\"Victor Toscano T V\",\"image\":{\"@type\":\"ImageObject\",\"inLanguage\":\"es\",\"@id\":\"https:\\\/\\\/secure.gravatar.com\\\/avatar\\\/e45c6f1f2986615bd1357fd094a24ab45a2ce7ca867817458fbebca30cd78e46?s=96&d=mm&r=g\",\"url\":\"https:\\\/\\\/secure.gravatar.com\\\/avatar\\\/e45c6f1f2986615bd1357fd094a24ab45a2ce7ca867817458fbebca30cd78e46?s=96&d=mm&r=g\",\"contentUrl\":\"https:\\\/\\\/secure.gravatar.com\\\/avatar\\\/e45c6f1f2986615bd1357fd094a24ab45a2ce7ca867817458fbebca30cd78e46?s=96&d=mm&r=g\",\"caption\":\"Victor Toscano T V\"},\"description\":\"Un apasionado en el tema de Hablar en P\u00fablico y el Crecimiento Personal, que pas\u00f3 de \\\"t\u00edmido\\\" a Conferencista Internacional en menos de dos a\u00f1os.\",\"sameAs\":[\"http:\\\/\\\/www.tecnicashablarenpublico.com\",\"https:\\\/\\\/www.facebook.com\\\/victortoscanooficial\",\"http:\\\/\\\/mx.linkedin.com\\\/in\\\/victortoscano\\\/\",\"http:\\\/\\\/www.pinterest.com\\\/victortoscano\\\/\",\"https:\\\/\\\/x.com\\\/_victortoscano\",\"http:\\\/\\\/victortoscano.com.mx\\\/youtube\"],\"url\":\"https:\\\/\\\/tecnicashablarenpublico.com\\\/blog\\\/author\\\/vict26\\\/\"}]}<\/script>\n<!-- \/ Yoast SEO plugin. -->","yoast_head_json":{"title":"Usa Historias al Hablar en P\u00fablico - TecnicasHablarEnPublico.Com","robots":{"index":"index","follow":"follow","max-snippet":"max-snippet:-1","max-image-preview":"max-image-preview:large","max-video-preview":"max-video-preview:-1"},"canonical":"https:\/\/tecnicashablarenpublico.com\/blog\/historias-hablar-en-publico\/","og_locale":"es_ES","og_type":"article","og_title":"Usa Historias al Hablar en P\u00fablico - TecnicasHablarEnPublico.Com","og_description":"Muchos me han preguntado: \u00abpor qu\u00e9 al momento de hablar en p\u00fablico la gente no me pone atenci\u00f3n y no entiende lo que les digo.\u00bb La respuesta es simple: Demasiada teor\u00eda y pocos ejemplos. A las personas se les dificulta prestar atenci\u00f3n a ideas te\u00f3ricas por mucho tiempo. Por eso te recomiendo que cuentes historias [&hellip;]","og_url":"https:\/\/tecnicashablarenpublico.com\/blog\/historias-hablar-en-publico\/","og_site_name":"TecnicasHablarEnPublico.Com","article_publisher":"https:\/\/www.facebook.com\/VictorToscanoOficial\/","article_author":"https:\/\/www.facebook.com\/victortoscanooficial","article_published_time":"2010-08-27T18:11:10+00:00","article_modified_time":"2013-02-12T16:31:58+00:00","og_image":[{"url":"https:\/\/tecnicashablarenpublico.com\/blog\/wp-content\/uploads\/2010\/08\/Usa-Historias-al-Hablar-en-P\u00fablico.jpg","type":"","width":"","height":""}],"author":"Victor Toscano T V","twitter_card":"summary_large_image","twitter_creator":"@_victortoscano","twitter_misc":{"Escrito por":"Victor Toscano T V","Tiempo de lectura":"5 minutos"},"schema":{"@context":"https:\/\/schema.org","@graph":[{"@type":"Article","@id":"https:\/\/tecnicashablarenpublico.com\/blog\/historias-hablar-en-publico\/#article","isPartOf":{"@id":"https:\/\/tecnicashablarenpublico.com\/blog\/historias-hablar-en-publico\/"},"author":{"name":"Victor Toscano T V","@id":"https:\/\/tecnicashablarenpublico.com\/blog\/#\/schema\/person\/f6a96b9bb773de8f08f84e4d6e6cf28f"},"headline":"Usa Historias al Hablar en P\u00fablico","datePublished":"2010-08-27T18:11:10+00:00","dateModified":"2013-02-12T16:31:58+00:00","mainEntityOfPage":{"@id":"https:\/\/tecnicashablarenpublico.com\/blog\/historias-hablar-en-publico\/"},"wordCount":935,"commentCount":16,"publisher":{"@id":"https:\/\/tecnicashablarenpublico.com\/blog\/#organization"},"keywords":["hablar en publico","tecnicas hablar en publico"],"articleSection":["T\u00e9cnicas Para Hablar En P\u00fablico"],"inLanguage":"es"},{"@type":"WebPage","@id":"https:\/\/tecnicashablarenpublico.com\/blog\/historias-hablar-en-publico\/","url":"https:\/\/tecnicashablarenpublico.com\/blog\/historias-hablar-en-publico\/","name":"Usa Historias al Hablar en P\u00fablico - TecnicasHablarEnPublico.Com","isPartOf":{"@id":"https:\/\/tecnicashablarenpublico.com\/blog\/#website"},"datePublished":"2010-08-27T18:11:10+00:00","dateModified":"2013-02-12T16:31:58+00:00","breadcrumb":{"@id":"https:\/\/tecnicashablarenpublico.com\/blog\/historias-hablar-en-publico\/#breadcrumb"},"inLanguage":"es","potentialAction":[{"@type":"ReadAction","target":["https:\/\/tecnicashablarenpublico.com\/blog\/historias-hablar-en-publico\/"]}]},{"@type":"BreadcrumbList","@id":"https:\/\/tecnicashablarenpublico.com\/blog\/historias-hablar-en-publico\/#breadcrumb","itemListElement":[{"@type":"ListItem","position":1,"name":"Portada","item":"https:\/\/tecnicashablarenpublico.com\/blog\/"},{"@type":"ListItem","position":2,"name":"Usa Historias al Hablar en P\u00fablico"}]},{"@type":"WebSite","@id":"https:\/\/tecnicashablarenpublico.com\/blog\/#website","url":"https:\/\/tecnicashablarenpublico.com\/blog\/","name":"TecnicasHablarEnPublico.Com","description":"Blog","publisher":{"@id":"https:\/\/tecnicashablarenpublico.com\/blog\/#organization"},"potentialAction":[{"@type":"SearchAction","target":{"@type":"EntryPoint","urlTemplate":"https:\/\/tecnicashablarenpublico.com\/blog\/?s={search_term_string}"},"query-input":{"@type":"PropertyValueSpecification","valueRequired":true,"valueName":"search_term_string"}}],"inLanguage":"es"},{"@type":"Organization","@id":"https:\/\/tecnicashablarenpublico.com\/blog\/#organization","name":"TecnicasHablarEnPublico","url":"https:\/\/tecnicashablarenpublico.com\/blog\/","logo":{"@type":"ImageObject","inLanguage":"es","@id":"https:\/\/tecnicashablarenpublico.com\/blog\/#\/schema\/logo\/image\/","url":"https:\/\/i0.wp.com\/tecnicashablarenpublico.com\/blog\/wp-content\/uploads\/2014\/11\/logo_cuadrado.png?fit=286%2C255&ssl=1","contentUrl":"https:\/\/i0.wp.com\/tecnicashablarenpublico.com\/blog\/wp-content\/uploads\/2014\/11\/logo_cuadrado.png?fit=286%2C255&ssl=1","width":286,"height":255,"caption":"TecnicasHablarEnPublico"},"image":{"@id":"https:\/\/tecnicashablarenpublico.com\/blog\/#\/schema\/logo\/image\/"},"sameAs":["https:\/\/www.facebook.com\/VictorToscanoOficial\/"]},{"@type":"Person","@id":"https:\/\/tecnicashablarenpublico.com\/blog\/#\/schema\/person\/f6a96b9bb773de8f08f84e4d6e6cf28f","name":"Victor Toscano T V","image":{"@type":"ImageObject","inLanguage":"es","@id":"https:\/\/secure.gravatar.com\/avatar\/e45c6f1f2986615bd1357fd094a24ab45a2ce7ca867817458fbebca30cd78e46?s=96&d=mm&r=g","url":"https:\/\/secure.gravatar.com\/avatar\/e45c6f1f2986615bd1357fd094a24ab45a2ce7ca867817458fbebca30cd78e46?s=96&d=mm&r=g","contentUrl":"https:\/\/secure.gravatar.com\/avatar\/e45c6f1f2986615bd1357fd094a24ab45a2ce7ca867817458fbebca30cd78e46?s=96&d=mm&r=g","caption":"Victor Toscano T V"},"description":"Un apasionado en el tema de Hablar en P\u00fablico y el Crecimiento Personal, que pas\u00f3 de \"t\u00edmido\" a Conferencista Internacional en menos de dos a\u00f1os.","sameAs":["http:\/\/www.tecnicashablarenpublico.com","https:\/\/www.facebook.com\/victortoscanooficial","http:\/\/mx.linkedin.com\/in\/victortoscano\/","http:\/\/www.pinterest.com\/victortoscano\/","https:\/\/x.com\/_victortoscano","http:\/\/victortoscano.com.mx\/youtube"],"url":"https:\/\/tecnicashablarenpublico.com\/blog\/author\/vict26\/"}]}},"jetpack_publicize_connections":[],"jetpack_featured_media_url":"","jetpack_shortlink":"https:\/\/wp.me\/p338RC-5s","jetpack-related-posts":[{"id":1055,"url":"https:\/\/tecnicashablarenpublico.com\/blog\/hablar-en-publico-el-mejor-comunicador-es-aquel-que\/","url_meta":{"origin":338,"position":0},"title":"Hablar En P\u00fablico: El Mejor Comunicador es Aquel Que&#8230;","author":"Victor Toscano T V","date":"08\/04\/2013","format":false,"excerpt":"Imagina que est\u00e1s frente a un grupo de ni\u00f1os muy hiperactivos... \u00bfQu\u00e9 har\u00edas? Una de las mejores opciones para mantener entretenidos a los ni\u00f1os de 3 a 99 a\u00f1os es cont\u00e1ndoles una historia. Es por eso que digo: \"El Mejor Comunicador es Aquel que Sabe Contar una Buena Historia.\" Una\u2026","rel":"","context":"En \u00abAprender a Hablar en Publico\u00bb","block_context":{"text":"Aprender a Hablar en Publico","link":"https:\/\/tecnicashablarenpublico.com\/blog\/category\/aprender-a-hablar-en-publico\/"},"img":{"alt_text":"Hablar En P\u00fablico El Mejor Comunicador es Aquel Que...","src":"https:\/\/i0.wp.com\/tecnicashablarenpublico.com\/blog\/wp-content\/uploads\/2013\/04\/Hablar-En-Publico-El-Mejor-Comunicador-es-Aquel-Que....jpg?resize=350%2C200&ssl=1","width":350,"height":200,"srcset":"https:\/\/i0.wp.com\/tecnicashablarenpublico.com\/blog\/wp-content\/uploads\/2013\/04\/Hablar-En-Publico-El-Mejor-Comunicador-es-Aquel-Que....jpg?resize=350%2C200&ssl=1 1x, https:\/\/i0.wp.com\/tecnicashablarenpublico.com\/blog\/wp-content\/uploads\/2013\/04\/Hablar-En-Publico-El-Mejor-Comunicador-es-Aquel-Que....jpg?resize=525%2C300&ssl=1 1.5x"},"classes":[]},{"id":1352,"url":"https:\/\/tecnicashablarenpublico.com\/blog\/como-atrapar-la-atencion-de-las-personas-al-hablar-en-publico\/","url_meta":{"origin":338,"position":1},"title":"C\u00f3mo Atrapar la Atenci\u00f3n de las Personas al Hablar en P\u00fablico","author":"Victor Toscano T V","date":"04\/07\/2013","format":false,"excerpt":"\u00bfTe gustar\u00eda tener a las personas en la palma de tu mano mientras les hablas? A continuaci\u00f3n te voy a explicar una t\u00e9cnica muy conocida que te ayudar\u00e1 a atrapar y mantener la atenci\u00f3n de las personas cuando hables en p\u00fablico... La gente se cansa de los argumentos o las\u2026","rel":"","context":"En \u00abComo Hablar en Publico\u00bb","block_context":{"text":"Como Hablar en Publico","link":"https:\/\/tecnicashablarenpublico.com\/blog\/category\/como-hablar-en-publico-2\/"},"img":{"alt_text":"Como Atrapar la Atencion de las Personas al Hablar en Publico","src":"https:\/\/i0.wp.com\/tecnicashablarenpublico.com\/blog\/wp-content\/uploads\/2013\/07\/Como-Atrapar-la-Atencion-de-las-Personas-al-Hablar-en-Publico.jpg?resize=350%2C200&ssl=1","width":350,"height":200},"classes":[]},{"id":713,"url":"https:\/\/tecnicashablarenpublico.com\/blog\/video-3-pasos-para-vencer-el-miedo-a-hablar-en-publico-importante\/","url_meta":{"origin":338,"position":2},"title":"VIDEO: 3 Pasos Para Vencer El Miedo A Hablar En P\u00fablico (importante)","author":"Victor Toscano T V","date":"12\/01\/2013","format":false,"excerpt":"En este VIDEO te ense\u00f1ar\u00e9 3 Pasos que te ayudar\u00e1n a vencer tu miedo a hablar en p\u00fablico. Presta mucha atenci\u00f3n, porque esto es Clave: ... \"La \u00fanica manera de vencer un miedo es ENFRENT\u00c1NDOLO.\" \u00bfTienes el valor de enfrentar y superar tus miedos? La clave est\u00e1 en tenerla determinaci\u00f3n\u2026","rel":"","context":"En \u00abComo Hablar en Publico\u00bb","block_context":{"text":"Como Hablar en Publico","link":"https:\/\/tecnicashablarenpublico.com\/blog\/category\/como-hablar-en-publico-2\/"},"img":{"alt_text":"","src":"https:\/\/i0.wp.com\/optimizacionpaginasmedia.s3.amazonaws.com\/2023\/06\/FvRLujXD-4-min.jpg?fit=500%2C333&ssl=1&resize=350%2C200","width":350,"height":200},"classes":[]},{"id":241,"url":"https:\/\/tecnicashablarenpublico.com\/blog\/para-hablar-en-publico\/","url_meta":{"origin":338,"position":3},"title":"Para Hablar En Publico&#8230;","author":"Victor Toscano T V","date":"16\/07\/2010","format":false,"excerpt":"Esta vez, Jorge hab\u00eda terminado una de sus mejores presentaciones en p\u00fablico, hasta la fecha. No cometi\u00f3 errores como en otras ocasiones, y hasta lo disfrut\u00f3. Pero algo no andaba bien. Todos sus oyentes bostezaban y parec\u00edan felices de que hubiera terminado. Estaban callados, aburridos, no hac\u00edan comentarios, y parec\u00eda\u2026","rel":"","context":"En \u00abT\u00e9cnicas Para Hablar En P\u00fablico\u00bb","block_context":{"text":"T\u00e9cnicas Para Hablar En P\u00fablico","link":"https:\/\/tecnicashablarenpublico.com\/blog\/category\/tecnicas-para-hablar-en-publico\/"},"img":{"alt_text":"Para Hablar En Publico...","src":"https:\/\/i0.wp.com\/tecnicashablarenpublico.com\/blog\/wp-content\/uploads\/2010\/07\/Para-Hablar-En-Publico....jpg?resize=350%2C200&ssl=1","width":350,"height":200},"classes":[]},{"id":437,"url":"https:\/\/tecnicashablarenpublico.com\/blog\/10-tecnicas-para-hablar-en-publico-parte-2\/","url_meta":{"origin":338,"position":4},"title":"10 T\u00e9cnicas Para Hablar En Publico (Parte 2)","author":"Victor Toscano T V","date":"23\/09\/2010","format":false,"excerpt":"En el art\u00edculo anterior te expliqu\u00e9 las primeras 5 T\u00e9cnicas para Hablar en P\u00fablico m\u00e1s importantes. Si quieres saber cu\u00e1les son, haz clic aqu\u00ed para leer el art\u00edculo anterior. En este art\u00edculo te voy a explicar las siguientes 5 t\u00e9cnicas m\u00e1s importantes para Hablar en P\u00fablico. Es muy importante que\u2026","rel":"","context":"En \u00abT\u00e9cnicas Para Hablar En P\u00fablico\u00bb","block_context":{"text":"T\u00e9cnicas Para Hablar En P\u00fablico","link":"https:\/\/tecnicashablarenpublico.com\/blog\/category\/tecnicas-para-hablar-en-publico\/"},"img":{"alt_text":"","src":"https:\/\/i0.wp.com\/tecnicashablarenpublico.com\/blog\/wp-content\/uploads\/2010\/09\/656339_public_speaking-150x150.jpg?resize=350%2C200&ssl=1","width":350,"height":200},"classes":[]},{"id":768,"url":"https:\/\/tecnicashablarenpublico.com\/blog\/tecnica-para-dominar-los-nervios-al-hablar-en-publico-2\/","url_meta":{"origin":338,"position":5},"title":"T\u00e9cnica Para Dominar Los Nervios Al Hablar En P\u00fablico #2","author":"Victor Toscano T V","date":"16\/01\/2013","format":false,"excerpt":"[headline_arial_medium_centered color=\"#aa0000\"]\"Calienta Primero\"[\/headline_arial_medium_centered] [order_box_3 width=\"90%\" + border=\"4px\"]ATENCI\u00d3N:\u00a0Antes de seguir leyendo descarga GRATIS la\u00a0Gu\u00eda Pr\u00e1ctica \"10 Pasos Pr\u00e1cticos Para Preparar Una Presentaci\u00f3n\", donde te guiar\u00e9 paso a paso para que te prepares y todo salga muy bien:[membership_download_item_pdf link=\"https:\/\/www.tecnicashablarenpublico.com\/dsk\/descargar.php?f=GuiaPractica.pdf\" + target=\"_self\"]Haz Clic AQU\u00cd para Descargar la Gu\u00eda Pr\u00e1ctica[\/membership_download_item_pdf][\/order_box_3] Los expositores\u00a0no son diferentes\u00a0de\u2026","rel":"","context":"En \u00abAprender a Hablar en Publico\u00bb","block_context":{"text":"Aprender a Hablar en Publico","link":"https:\/\/tecnicashablarenpublico.com\/blog\/category\/aprender-a-hablar-en-publico\/"},"img":{"alt_text":"","src":"https:\/\/i0.wp.com\/tecnicashablarenpublico.com\/blog\/wp-content\/themes\/OptimizePress\/images\/large-signupnow.png?resize=350%2C200&ssl=1","width":350,"height":200},"classes":[]}],"jetpack_sharing_enabled":true,"_links":{"self":[{"href":"https:\/\/tecnicashablarenpublico.com\/blog\/wp-json\/wp\/v2\/posts\/338","targetHints":{"allow":["GET"]}}],"collection":[{"href":"https:\/\/tecnicashablarenpublico.com\/blog\/wp-json\/wp\/v2\/posts"}],"about":[{"href":"https:\/\/tecnicashablarenpublico.com\/blog\/wp-json\/wp\/v2\/types\/post"}],"author":[{"embeddable":true,"href":"https:\/\/tecnicashablarenpublico.com\/blog\/wp-json\/wp\/v2\/users\/1"}],"replies":[{"embeddable":true,"href":"https:\/\/tecnicashablarenpublico.com\/blog\/wp-json\/wp\/v2\/comments?post=338"}],"version-history":[{"count":0,"href":"https:\/\/tecnicashablarenpublico.com\/blog\/wp-json\/wp\/v2\/posts\/338\/revisions"}],"wp:attachment":[{"href":"https:\/\/tecnicashablarenpublico.com\/blog\/wp-json\/wp\/v2\/media?parent=338"}],"wp:term":[{"taxonomy":"category","embeddable":true,"href":"https:\/\/tecnicashablarenpublico.com\/blog\/wp-json\/wp\/v2\/categories?post=338"},{"taxonomy":"post_tag","embeddable":true,"href":"https:\/\/tecnicashablarenpublico.com\/blog\/wp-json\/wp\/v2\/tags?post=338"}],"curies":[{"name":"wp","href":"https:\/\/api.w.org\/{rel}","templated":true}]}}