{"id":241,"date":"2010-07-16T11:51:14","date_gmt":"2010-07-16T16:51:14","guid":{"rendered":"https:\/\/tecnicashablarenpublico.com\/blog\/?p=241"},"modified":"2023-06-11T18:38:02","modified_gmt":"2023-06-12T00:38:02","slug":"para-hablar-en-publico","status":"publish","type":"post","link":"https:\/\/tecnicashablarenpublico.com\/blog\/para-hablar-en-publico\/","title":{"rendered":"Para Hablar En Publico&#8230;"},"content":{"rendered":"<p style=\"text-align: right;\">\n<figure id=\"attachment_705\" aria-describedby=\"caption-attachment-705\" style=\"width: 240px\" class=\"wp-caption alignleft\"><a href=\"https:\/\/tecnicashablarenpublico.com\"><img decoding=\"async\" data-attachment-id=\"705\" data-permalink=\"https:\/\/tecnicashablarenpublico.com\/blog\/para-hablar-en-publico\/para-hablar-en-publico-2\/\" data-orig-file=\"https:\/\/i0.wp.com\/tecnicashablarenpublico.com\/blog\/wp-content\/uploads\/2010\/07\/Para-Hablar-En-Publico....jpg?fit=240%2C240&amp;ssl=1\" data-orig-size=\"240,240\" data-comments-opened=\"0\" data-image-meta=\"{&quot;aperture&quot;:&quot;0&quot;,&quot;credit&quot;:&quot;&quot;,&quot;camera&quot;:&quot;&quot;,&quot;caption&quot;:&quot;&quot;,&quot;created_timestamp&quot;:&quot;0&quot;,&quot;copyright&quot;:&quot;&quot;,&quot;focal_length&quot;:&quot;0&quot;,&quot;iso&quot;:&quot;0&quot;,&quot;shutter_speed&quot;:&quot;0&quot;,&quot;title&quot;:&quot;&quot;}\" data-image-title=\"Para Hablar En Publico&#8230;\" data-image-description=\"&lt;p&gt;Para Hablar En Publico&#8230;&lt;\/p&gt;\n\" data-image-caption=\"&lt;p&gt;Para Hablar En Publico&#8230;&lt;\/p&gt;\n\" data-large-file=\"https:\/\/i0.wp.com\/tecnicashablarenpublico.com\/blog\/wp-content\/uploads\/2010\/07\/Para-Hablar-En-Publico....jpg?fit=240%2C240&amp;ssl=1\" class=\"size-full wp-image-705 lazyload\" alt=\"Para Hablar En Publico...\" src=\"data:image\/gif;base64,R0lGODlhAQABAIAAAAAAAP\/\/\/yH5BAEAAAAALAAAAAABAAEAAAIBRAA7\" data-src=\"https:\/\/tecnicashablarenpublico.com\/blog\/wp-content\/uploads\/2010\/07\/Para-Hablar-En-Publico....jpg\" width=\"240\" height=\"240\" \/><figcaption id=\"caption-attachment-705\" class=\"wp-caption-text\"><noscript><img data-recalc-dims=\"1\" decoding=\"async\" data-attachment-id=\"705\" data-permalink=\"https:\/\/tecnicashablarenpublico.com\/blog\/para-hablar-en-publico\/para-hablar-en-publico-2\/\" data-orig-file=\"https:\/\/i0.wp.com\/tecnicashablarenpublico.com\/blog\/wp-content\/uploads\/2010\/07\/Para-Hablar-En-Publico....jpg?fit=240%2C240&amp;ssl=1\" data-orig-size=\"240,240\" data-comments-opened=\"0\" data-image-meta=\"{&quot;aperture&quot;:&quot;0&quot;,&quot;credit&quot;:&quot;&quot;,&quot;camera&quot;:&quot;&quot;,&quot;caption&quot;:&quot;&quot;,&quot;created_timestamp&quot;:&quot;0&quot;,&quot;copyright&quot;:&quot;&quot;,&quot;focal_length&quot;:&quot;0&quot;,&quot;iso&quot;:&quot;0&quot;,&quot;shutter_speed&quot;:&quot;0&quot;,&quot;title&quot;:&quot;&quot;}\" data-image-title=\"Para Hablar En Publico&#8230;\" data-image-description=\"&lt;p&gt;Para Hablar En Publico&#8230;&lt;\/p&gt;\n\" data-image-caption=\"&lt;p&gt;Para Hablar En Publico&#8230;&lt;\/p&gt;\n\" data-large-file=\"https:\/\/i0.wp.com\/tecnicashablarenpublico.com\/blog\/wp-content\/uploads\/2010\/07\/Para-Hablar-En-Publico....jpg?fit=240%2C240&amp;ssl=1\" class=\"size-full wp-image-705 lazyload\" alt=\"Para Hablar En Publico...\" src=\"https:\/\/i0.wp.com\/tecnicashablarenpublico.com\/blog\/wp-content\/uploads\/2010\/07\/Para-Hablar-En-Publico....jpg?fit=240%2C240&ssl=1\" width=\"240\" height=\"240\" srcset=\"https:\/\/i0.wp.com\/tecnicashablarenpublico.com\/blog\/wp-content\/uploads\/2010\/07\/Para-Hablar-En-Publico....jpg?resize=150%2C150&amp;ssl=1 150w, https:\/\/i0.wp.com\/tecnicashablarenpublico.com\/blog\/wp-content\/uploads\/2010\/07\/Para-Hablar-En-Publico....jpg?fit=240%2C240&amp;ssl=1 240w\" sizes=\"(max-width: 240px) 100vw, 240px\" \/><\/noscript><\/a> Para Hablar En Publico&#8230;<\/figcaption><\/figure>\n<p>Esta vez, Jorge hab\u00eda terminado <em><span style=\"text-decoration: underline;\">una de sus mejores presentaciones en p\u00fablico<\/span><\/em>, hasta la fecha. No cometi\u00f3 errores como en otras ocasiones, y hasta lo disfrut\u00f3. Pero <strong>algo no andaba bien<\/strong>. Todos sus oyentes bostezaban y parec\u00edan felices de que hubiera terminado. Estaban callados, aburridos, no hac\u00edan comentarios, y parec\u00eda que <strong>NO HAB\u00cdAN ENTENDIDO EL TEMA<\/strong>.<\/p>\n<p>La charla de Jorge hab\u00eda sido muy precisa, con informaci\u00f3n completa e <em><strong>incluso interesante<\/strong><\/em>. Pero despu\u00e9s de hora y media escuchando informaci\u00f3n y m\u00e1s informaci\u00f3n la gente se distrae. Jorge perdi\u00f3 la atenci\u00f3n del p\u00fablico a la mitad de su exposici\u00f3n y <strong>NO supo c\u00f3mo conseguirla de nuevo<\/strong>.<\/p>\n<p>Si t\u00fa no quieres que te pase como a Jorge<!--more-->, <span style=\"text-decoration: underline;\">encuentra la manera de identificar cuando tu audiencia est\u00e1 distra\u00edda, y conseguir de nuevo su atenci\u00f3n.<\/span> Te voy a explicar a continuaci\u00f3n una muy buena manera de lograrlo. Solo tienes que <em>hacerlos re\u00edr un poco<\/em>.<\/p>\n<h2><strong>&#8230;Hazlos Re\u00edr:<\/strong><\/h2>\n<p>En el encantador musical de Broadway \u00ab<em>Cantando bajo la lluvia<\/em>\u00ab, hay una canci\u00f3n llamada \u00abHazlos re\u00edr\u00bb, la cual se basa en la idea de que la mejor manera para que cualquier actor <span style=\"text-decoration: underline;\">construya un v\u00ednculo con el p\u00fablico<\/span>, es utilizar el humor para lograr una\u00a0sonrisa, o una carcajada, a ese p\u00fablico.\u00a0Bueno, esa idea no es s\u00f3lo v\u00e1lida para los artistas del escenario.\u00a0Es igualmente v\u00e1lida, cuando empieces a desarrollar tu estilo como orador.<\/p>\n<p>Si lees cualquier gu\u00eda de autoayuda que indique como ser un orador efectivo, una de las reglas de oro es: abrir con una broma.\u00a0Pero \u00bfadivina qu\u00e9?\u00a0Eso no es realmente una regla fija.\u00a0El humor es el tipo de cosa que funciona igual de bien dentro del primer minuto de tu presentaci\u00f3n, a la mitad de ella, o <span style=\"text-decoration: underline;\">en cualquier momento en que sientas que est\u00e1s perdiendo a tu audienci<\/span>a.<\/p>\n<p>La psicolog\u00eda del p\u00fablico es algo divertido, pero no en el sentido de \u201cla risa\u201d en s\u00ed.\u00a0La verdad es que cuando empiezas a hablar a un determinado p\u00fablico, ellos probablemente te estar\u00e1n escuchando.\u00a0La mayor\u00eda de la gente por lo menos sentir\u00e1 curiosidad por ti, y por lo que tienes que decir, y se va a interesar en ti. Se va a interesar simplemente porque eres una persona nueva all\u00ed, delante de ellos.\u00a0Aunque ciertamente no es una mala idea empezar con buen humor, el momento en que la audiencia necesita realmente de una broma, es cuando ya has puesto en marcha tu presentaci\u00f3n, y miras al p\u00fablico cabecear, o sus miradas desviadas, y te das cuenta de que <strong>est\u00e1s hablando pero nadie te presta atenci\u00f3n<\/strong>.\u00a0Es entonces cuando el humor te trae a la audiencia de regreso, y los engancha de nuevo en tu presentaci\u00f3n.<\/p>\n<p>El problema m\u00e1s grande en muchas de las situaciones al hablar en p\u00fablico, es que puedes estar presentando ideas a la multitud.\u00a0Mientras que una idea es algo bueno,<span style=\"text-decoration: underline;\"><strong> la gente tiene problemas para permanecer concentrada en puros conceptos por mucho tiemp<\/strong><\/span>o.\u00a0Es por eso que la mayor\u00eda de los oradores usan ilustraciones, historias y humor para mantener a la audiencia concentrada en lo que est\u00e1n hablando.\u00a0Y ah\u00ed es donde un generoso uso del humor, te ayudar\u00e1 con tu estilo al hablar en p\u00fablico tambi\u00e9n.<\/p>\n<p>El humor tiene un cierto efecto sobre la psicolog\u00eda humana que hace que el oyente se pueda vincular con el orador, de una manera \u00fanica.\u00a0Para ponerlo m\u00e1s simple, <span style=\"text-decoration: underline;\">usar humor en tu presentaci\u00f3n hace que le gustes a la gente<\/span>.\u00a0Y si les gustas, querr\u00e1n escuchar lo que t\u00fa tienes que decir. No hay que darle vueltas simplemente, al hecho de que la gente va a escuchar, aceptar, entender, y hacer sus propias conclusiones, con ideas presentadas con humor. Esto lo hace mucho m\u00e1s f\u00e1cil, que si tu discurso es s\u00f3lo una presentaci\u00f3n de material seco, incluso si es un material importante.<\/p>\n<p>Pero \u00bfqu\u00e9 pasa si no sabes c\u00f3mo usar el humor?\u00a0Por supuesto que siempre puedes simplemente contar un chiste.\u00a0Pero los chistes enlatados son s\u00f3lo eso, intentos de utilizar el humor de otra persona. Estos funcionan, (si son buenos chistes) pero si el humor no es significativo para lo que est\u00e1s hablando o para ti como orador, no ser\u00e1 tan eficaz como deber\u00eda ser.\u00a0El mejor humor es<em><strong> hacer observaciones de autocr\u00edtica mientras hablas<\/strong><\/em>.\u00a0Son f\u00e1ciles de realizar, simplemente us\u00e1ndote a ti mismo como tema de una ilustraci\u00f3n.\u00a0Por ejemplo, si \u00e9ste tema fuera parte de tu discurso, podr\u00edas decir&#8230;<\/p>\n<p><em>\u00abCualquiera de ustedes podr\u00eda pararse aqu\u00ed y usar el buen humor en su charla. Pero seguramente no har\u00edan el rid\u00edculo como yo, esperando a que todos se r\u00edan.\u00bb<\/em><\/p>\n<p>Eso ni siquiera es un buen chiste.\u00a0Pero debido a que es <span style=\"text-decoration: underline;\">muy relevante para el tema, es autocr\u00edtico, y es un momento de luz en la presentaci\u00f3n<\/span>, probablemente obtendr\u00e1 una risita.\u00a0Una risita es justamente todo lo que se busca.\u00a0T\u00fa no est\u00e1s tratando de convertirte en un c\u00f3mico ah\u00ed.\u00a0El humor que es demasiado descontrolado, y dise\u00f1ado para generar carcajadas, en realidad distrae la atenci\u00f3n. T\u00fa no quieres crear un desorden en la sala.\u00a0S\u00f3lo quieres lograr un peque\u00f1o desv\u00edo de car\u00e1cter humor\u00edstico, para traer a tu p\u00fablico de nuevo a escucharte.<\/p>\n<p>Escucha a buenos oradores que admires, y toma nota de c\u00f3mo se parecen resbalar y salirse del humor con facilidad y sin esfuerzo, y la rapidez con que establecen una buena comunicaci\u00f3n con el p\u00fablico.\u00a0Te tomar\u00e1 un poco de pr\u00e1ctica para conseguir buenos resultados al usar el humor en tu manera de expresarte.\u00a0Pero <strong>va a mejorar tu estilo de presentaci\u00f3n enormemente<\/strong>.\u00a0Y esa es la idea completa, \u00bfno?<\/p>\n<p><span style=\"font-size: 14;\"><a href=\"https:\/\/www.tecnicashablarenpublico.com\/detalles\" target=\"_blank\" rel=\"noopener\">Haz Clic AQU\u00cd Para Descargar Tu Audio-Libro Completo Y Escucharlo Dentro De 5 Minutos<\/a><\/span><\/p>\n<p><span style=\"font-size: 14;\"><br \/>\n<\/span><\/p>\n","protected":false},"excerpt":{"rendered":"<p>Esta vez, Jorge hab\u00eda terminado una de sus mejores presentaciones en p\u00fablico, hasta la fecha. No cometi\u00f3 errores como en otras ocasiones, y hasta lo disfrut\u00f3. Pero algo no andaba bien. Todos sus oyentes bostezaban y parec\u00edan felices de que hubiera terminado. Estaban callados, aburridos, no hac\u00edan comentarios, y parec\u00eda que NO HAB\u00cdAN ENTENDIDO EL [&hellip;]<\/p>\n","protected":false},"author":1,"featured_media":0,"comment_status":"open","ping_status":"open","sticky":false,"template":"","format":"standard","meta":{"jetpack_post_was_ever_published":false,"_jetpack_newsletter_access":"","_jetpack_dont_email_post_to_subs":false,"_jetpack_newsletter_tier_id":0,"_jetpack_memberships_contains_paywalled_content":false,"_jetpack_memberships_contains_paid_content":false,"footnotes":"","jetpack_publicize_message":"","jetpack_publicize_feature_enabled":true,"jetpack_social_post_already_shared":false,"jetpack_social_options":{"image_generator_settings":{"template":"highway","default_image_id":0,"font":"","enabled":false},"version":2}},"categories":[3],"tags":[6,8,4,13,5],"class_list":["post-241","post","type-post","status-publish","format-standard","hentry","category-tecnicas-para-hablar-en-publico","tag-como-hablar-en-publico","tag-cursos-hablar-en-publico","tag-hablar-en-publico","tag-para-hablar-en-publico","tag-tecnicas-hablar-en-publico","post-wrapper","thrv_wrapper"],"yoast_head":"<!-- This site is optimized with the Yoast SEO plugin v27.5 - https:\/\/yoast.com\/product\/yoast-seo-wordpress\/ -->\n<title>Para Hablar En Publico... - TecnicasHablarEnPublico.Com<\/title>\n<meta name=\"robots\" content=\"index, follow, max-snippet:-1, max-image-preview:large, max-video-preview:-1\" \/>\n<link rel=\"canonical\" href=\"https:\/\/tecnicashablarenpublico.com\/blog\/para-hablar-en-publico\/\" \/>\n<meta property=\"og:locale\" content=\"es_ES\" \/>\n<meta property=\"og:type\" content=\"article\" \/>\n<meta property=\"og:title\" content=\"Para Hablar En Publico... - TecnicasHablarEnPublico.Com\" \/>\n<meta property=\"og:description\" content=\"Esta vez, Jorge hab\u00eda terminado una de sus mejores presentaciones en p\u00fablico, hasta la fecha. No cometi\u00f3 errores como en otras ocasiones, y hasta lo disfrut\u00f3. Pero algo no andaba bien. Todos sus oyentes bostezaban y parec\u00edan felices de que hubiera terminado. Estaban callados, aburridos, no hac\u00edan comentarios, y parec\u00eda que NO HAB\u00cdAN ENTENDIDO EL [&hellip;]\" \/>\n<meta property=\"og:url\" content=\"https:\/\/tecnicashablarenpublico.com\/blog\/para-hablar-en-publico\/\" \/>\n<meta property=\"og:site_name\" content=\"TecnicasHablarEnPublico.Com\" \/>\n<meta property=\"article:publisher\" content=\"https:\/\/www.facebook.com\/VictorToscanoOficial\/\" \/>\n<meta property=\"article:author\" content=\"https:\/\/www.facebook.com\/victortoscanooficial\" \/>\n<meta property=\"article:published_time\" content=\"2010-07-16T16:51:14+00:00\" \/>\n<meta property=\"article:modified_time\" content=\"2023-06-12T00:38:02+00:00\" \/>\n<meta property=\"og:image\" content=\"https:\/\/tecnicashablarenpublico.com\/blog\/wp-content\/uploads\/2010\/07\/Para-Hablar-En-Publico....jpg\" \/>\n<meta name=\"author\" content=\"Victor Toscano T V\" \/>\n<meta name=\"twitter:card\" content=\"summary_large_image\" \/>\n<meta name=\"twitter:creator\" content=\"@_victortoscano\" \/>\n<meta name=\"twitter:label1\" content=\"Escrito por\" \/>\n\t<meta name=\"twitter:data1\" content=\"Victor Toscano T V\" \/>\n\t<meta name=\"twitter:label2\" content=\"Tiempo de lectura\" \/>\n\t<meta name=\"twitter:data2\" content=\"5 minutos\" \/>\n<script type=\"application\/ld+json\" class=\"yoast-schema-graph\">{\"@context\":\"https:\\\/\\\/schema.org\",\"@graph\":[{\"@type\":\"Article\",\"@id\":\"https:\\\/\\\/tecnicashablarenpublico.com\\\/blog\\\/para-hablar-en-publico\\\/#article\",\"isPartOf\":{\"@id\":\"https:\\\/\\\/tecnicashablarenpublico.com\\\/blog\\\/para-hablar-en-publico\\\/\"},\"author\":{\"name\":\"Victor Toscano T V\",\"@id\":\"https:\\\/\\\/tecnicashablarenpublico.com\\\/blog\\\/#\\\/schema\\\/person\\\/f6a96b9bb773de8f08f84e4d6e6cf28f\"},\"headline\":\"Para Hablar En Publico&#8230;\",\"datePublished\":\"2010-07-16T16:51:14+00:00\",\"dateModified\":\"2023-06-12T00:38:02+00:00\",\"mainEntityOfPage\":{\"@id\":\"https:\\\/\\\/tecnicashablarenpublico.com\\\/blog\\\/para-hablar-en-publico\\\/\"},\"wordCount\":1040,\"commentCount\":23,\"publisher\":{\"@id\":\"https:\\\/\\\/tecnicashablarenpublico.com\\\/blog\\\/#organization\"},\"image\":{\"@id\":\"https:\\\/\\\/tecnicashablarenpublico.com\\\/blog\\\/para-hablar-en-publico\\\/#primaryimage\"},\"thumbnailUrl\":\"https:\\\/\\\/tecnicashablarenpublico.com\\\/blog\\\/wp-content\\\/uploads\\\/2010\\\/07\\\/Para-Hablar-En-Publico....jpg\",\"keywords\":[\"como hablar en publico\",\"cursos hablar en publico\",\"hablar en publico\",\"Para Hablar en Publico\",\"tecnicas hablar en publico\"],\"articleSection\":[\"T\u00e9cnicas Para Hablar En P\u00fablico\"],\"inLanguage\":\"es\"},{\"@type\":\"WebPage\",\"@id\":\"https:\\\/\\\/tecnicashablarenpublico.com\\\/blog\\\/para-hablar-en-publico\\\/\",\"url\":\"https:\\\/\\\/tecnicashablarenpublico.com\\\/blog\\\/para-hablar-en-publico\\\/\",\"name\":\"Para Hablar En Publico... - TecnicasHablarEnPublico.Com\",\"isPartOf\":{\"@id\":\"https:\\\/\\\/tecnicashablarenpublico.com\\\/blog\\\/#website\"},\"primaryImageOfPage\":{\"@id\":\"https:\\\/\\\/tecnicashablarenpublico.com\\\/blog\\\/para-hablar-en-publico\\\/#primaryimage\"},\"image\":{\"@id\":\"https:\\\/\\\/tecnicashablarenpublico.com\\\/blog\\\/para-hablar-en-publico\\\/#primaryimage\"},\"thumbnailUrl\":\"https:\\\/\\\/tecnicashablarenpublico.com\\\/blog\\\/wp-content\\\/uploads\\\/2010\\\/07\\\/Para-Hablar-En-Publico....jpg\",\"datePublished\":\"2010-07-16T16:51:14+00:00\",\"dateModified\":\"2023-06-12T00:38:02+00:00\",\"breadcrumb\":{\"@id\":\"https:\\\/\\\/tecnicashablarenpublico.com\\\/blog\\\/para-hablar-en-publico\\\/#breadcrumb\"},\"inLanguage\":\"es\",\"potentialAction\":[{\"@type\":\"ReadAction\",\"target\":[\"https:\\\/\\\/tecnicashablarenpublico.com\\\/blog\\\/para-hablar-en-publico\\\/\"]}]},{\"@type\":\"ImageObject\",\"inLanguage\":\"es\",\"@id\":\"https:\\\/\\\/tecnicashablarenpublico.com\\\/blog\\\/para-hablar-en-publico\\\/#primaryimage\",\"url\":\"https:\\\/\\\/i0.wp.com\\\/tecnicashablarenpublico.com\\\/blog\\\/wp-content\\\/uploads\\\/2010\\\/07\\\/Para-Hablar-En-Publico....jpg?fit=240%2C240&ssl=1\",\"contentUrl\":\"https:\\\/\\\/i0.wp.com\\\/tecnicashablarenpublico.com\\\/blog\\\/wp-content\\\/uploads\\\/2010\\\/07\\\/Para-Hablar-En-Publico....jpg?fit=240%2C240&ssl=1\",\"width\":240,\"height\":240,\"caption\":\"Para Hablar En Publico...\"},{\"@type\":\"BreadcrumbList\",\"@id\":\"https:\\\/\\\/tecnicashablarenpublico.com\\\/blog\\\/para-hablar-en-publico\\\/#breadcrumb\",\"itemListElement\":[{\"@type\":\"ListItem\",\"position\":1,\"name\":\"Portada\",\"item\":\"https:\\\/\\\/tecnicashablarenpublico.com\\\/blog\\\/\"},{\"@type\":\"ListItem\",\"position\":2,\"name\":\"Para Hablar En Publico&#8230;\"}]},{\"@type\":\"WebSite\",\"@id\":\"https:\\\/\\\/tecnicashablarenpublico.com\\\/blog\\\/#website\",\"url\":\"https:\\\/\\\/tecnicashablarenpublico.com\\\/blog\\\/\",\"name\":\"TecnicasHablarEnPublico.Com\",\"description\":\"Blog\",\"publisher\":{\"@id\":\"https:\\\/\\\/tecnicashablarenpublico.com\\\/blog\\\/#organization\"},\"potentialAction\":[{\"@type\":\"SearchAction\",\"target\":{\"@type\":\"EntryPoint\",\"urlTemplate\":\"https:\\\/\\\/tecnicashablarenpublico.com\\\/blog\\\/?s={search_term_string}\"},\"query-input\":{\"@type\":\"PropertyValueSpecification\",\"valueRequired\":true,\"valueName\":\"search_term_string\"}}],\"inLanguage\":\"es\"},{\"@type\":\"Organization\",\"@id\":\"https:\\\/\\\/tecnicashablarenpublico.com\\\/blog\\\/#organization\",\"name\":\"TecnicasHablarEnPublico\",\"url\":\"https:\\\/\\\/tecnicashablarenpublico.com\\\/blog\\\/\",\"logo\":{\"@type\":\"ImageObject\",\"inLanguage\":\"es\",\"@id\":\"https:\\\/\\\/tecnicashablarenpublico.com\\\/blog\\\/#\\\/schema\\\/logo\\\/image\\\/\",\"url\":\"https:\\\/\\\/i0.wp.com\\\/tecnicashablarenpublico.com\\\/blog\\\/wp-content\\\/uploads\\\/2014\\\/11\\\/logo_cuadrado.png?fit=286%2C255&ssl=1\",\"contentUrl\":\"https:\\\/\\\/i0.wp.com\\\/tecnicashablarenpublico.com\\\/blog\\\/wp-content\\\/uploads\\\/2014\\\/11\\\/logo_cuadrado.png?fit=286%2C255&ssl=1\",\"width\":286,\"height\":255,\"caption\":\"TecnicasHablarEnPublico\"},\"image\":{\"@id\":\"https:\\\/\\\/tecnicashablarenpublico.com\\\/blog\\\/#\\\/schema\\\/logo\\\/image\\\/\"},\"sameAs\":[\"https:\\\/\\\/www.facebook.com\\\/VictorToscanoOficial\\\/\"]},{\"@type\":\"Person\",\"@id\":\"https:\\\/\\\/tecnicashablarenpublico.com\\\/blog\\\/#\\\/schema\\\/person\\\/f6a96b9bb773de8f08f84e4d6e6cf28f\",\"name\":\"Victor Toscano T V\",\"image\":{\"@type\":\"ImageObject\",\"inLanguage\":\"es\",\"@id\":\"https:\\\/\\\/secure.gravatar.com\\\/avatar\\\/e45c6f1f2986615bd1357fd094a24ab45a2ce7ca867817458fbebca30cd78e46?s=96&d=mm&r=g\",\"url\":\"https:\\\/\\\/secure.gravatar.com\\\/avatar\\\/e45c6f1f2986615bd1357fd094a24ab45a2ce7ca867817458fbebca30cd78e46?s=96&d=mm&r=g\",\"contentUrl\":\"https:\\\/\\\/secure.gravatar.com\\\/avatar\\\/e45c6f1f2986615bd1357fd094a24ab45a2ce7ca867817458fbebca30cd78e46?s=96&d=mm&r=g\",\"caption\":\"Victor Toscano T V\"},\"description\":\"Un apasionado en el tema de Hablar en P\u00fablico y el Crecimiento Personal, que pas\u00f3 de \\\"t\u00edmido\\\" a Conferencista Internacional en menos de dos a\u00f1os.\",\"sameAs\":[\"http:\\\/\\\/www.tecnicashablarenpublico.com\",\"https:\\\/\\\/www.facebook.com\\\/victortoscanooficial\",\"http:\\\/\\\/mx.linkedin.com\\\/in\\\/victortoscano\\\/\",\"http:\\\/\\\/www.pinterest.com\\\/victortoscano\\\/\",\"https:\\\/\\\/x.com\\\/_victortoscano\",\"http:\\\/\\\/victortoscano.com.mx\\\/youtube\"],\"url\":\"https:\\\/\\\/tecnicashablarenpublico.com\\\/blog\\\/author\\\/vict26\\\/\"}]}<\/script>\n<!-- \/ Yoast SEO plugin. -->","yoast_head_json":{"title":"Para Hablar En Publico... - TecnicasHablarEnPublico.Com","robots":{"index":"index","follow":"follow","max-snippet":"max-snippet:-1","max-image-preview":"max-image-preview:large","max-video-preview":"max-video-preview:-1"},"canonical":"https:\/\/tecnicashablarenpublico.com\/blog\/para-hablar-en-publico\/","og_locale":"es_ES","og_type":"article","og_title":"Para Hablar En Publico... - TecnicasHablarEnPublico.Com","og_description":"Esta vez, Jorge hab\u00eda terminado una de sus mejores presentaciones en p\u00fablico, hasta la fecha. No cometi\u00f3 errores como en otras ocasiones, y hasta lo disfrut\u00f3. Pero algo no andaba bien. Todos sus oyentes bostezaban y parec\u00edan felices de que hubiera terminado. Estaban callados, aburridos, no hac\u00edan comentarios, y parec\u00eda que NO HAB\u00cdAN ENTENDIDO EL [&hellip;]","og_url":"https:\/\/tecnicashablarenpublico.com\/blog\/para-hablar-en-publico\/","og_site_name":"TecnicasHablarEnPublico.Com","article_publisher":"https:\/\/www.facebook.com\/VictorToscanoOficial\/","article_author":"https:\/\/www.facebook.com\/victortoscanooficial","article_published_time":"2010-07-16T16:51:14+00:00","article_modified_time":"2023-06-12T00:38:02+00:00","og_image":[{"url":"https:\/\/tecnicashablarenpublico.com\/blog\/wp-content\/uploads\/2010\/07\/Para-Hablar-En-Publico....jpg","type":"","width":"","height":""}],"author":"Victor Toscano T V","twitter_card":"summary_large_image","twitter_creator":"@_victortoscano","twitter_misc":{"Escrito por":"Victor Toscano T V","Tiempo de lectura":"5 minutos"},"schema":{"@context":"https:\/\/schema.org","@graph":[{"@type":"Article","@id":"https:\/\/tecnicashablarenpublico.com\/blog\/para-hablar-en-publico\/#article","isPartOf":{"@id":"https:\/\/tecnicashablarenpublico.com\/blog\/para-hablar-en-publico\/"},"author":{"name":"Victor Toscano T V","@id":"https:\/\/tecnicashablarenpublico.com\/blog\/#\/schema\/person\/f6a96b9bb773de8f08f84e4d6e6cf28f"},"headline":"Para Hablar En Publico&#8230;","datePublished":"2010-07-16T16:51:14+00:00","dateModified":"2023-06-12T00:38:02+00:00","mainEntityOfPage":{"@id":"https:\/\/tecnicashablarenpublico.com\/blog\/para-hablar-en-publico\/"},"wordCount":1040,"commentCount":23,"publisher":{"@id":"https:\/\/tecnicashablarenpublico.com\/blog\/#organization"},"image":{"@id":"https:\/\/tecnicashablarenpublico.com\/blog\/para-hablar-en-publico\/#primaryimage"},"thumbnailUrl":"https:\/\/tecnicashablarenpublico.com\/blog\/wp-content\/uploads\/2010\/07\/Para-Hablar-En-Publico....jpg","keywords":["como hablar en publico","cursos hablar en publico","hablar en publico","Para Hablar en Publico","tecnicas hablar en publico"],"articleSection":["T\u00e9cnicas Para Hablar En P\u00fablico"],"inLanguage":"es"},{"@type":"WebPage","@id":"https:\/\/tecnicashablarenpublico.com\/blog\/para-hablar-en-publico\/","url":"https:\/\/tecnicashablarenpublico.com\/blog\/para-hablar-en-publico\/","name":"Para Hablar En Publico... - TecnicasHablarEnPublico.Com","isPartOf":{"@id":"https:\/\/tecnicashablarenpublico.com\/blog\/#website"},"primaryImageOfPage":{"@id":"https:\/\/tecnicashablarenpublico.com\/blog\/para-hablar-en-publico\/#primaryimage"},"image":{"@id":"https:\/\/tecnicashablarenpublico.com\/blog\/para-hablar-en-publico\/#primaryimage"},"thumbnailUrl":"https:\/\/tecnicashablarenpublico.com\/blog\/wp-content\/uploads\/2010\/07\/Para-Hablar-En-Publico....jpg","datePublished":"2010-07-16T16:51:14+00:00","dateModified":"2023-06-12T00:38:02+00:00","breadcrumb":{"@id":"https:\/\/tecnicashablarenpublico.com\/blog\/para-hablar-en-publico\/#breadcrumb"},"inLanguage":"es","potentialAction":[{"@type":"ReadAction","target":["https:\/\/tecnicashablarenpublico.com\/blog\/para-hablar-en-publico\/"]}]},{"@type":"ImageObject","inLanguage":"es","@id":"https:\/\/tecnicashablarenpublico.com\/blog\/para-hablar-en-publico\/#primaryimage","url":"https:\/\/i0.wp.com\/tecnicashablarenpublico.com\/blog\/wp-content\/uploads\/2010\/07\/Para-Hablar-En-Publico....jpg?fit=240%2C240&ssl=1","contentUrl":"https:\/\/i0.wp.com\/tecnicashablarenpublico.com\/blog\/wp-content\/uploads\/2010\/07\/Para-Hablar-En-Publico....jpg?fit=240%2C240&ssl=1","width":240,"height":240,"caption":"Para Hablar En Publico..."},{"@type":"BreadcrumbList","@id":"https:\/\/tecnicashablarenpublico.com\/blog\/para-hablar-en-publico\/#breadcrumb","itemListElement":[{"@type":"ListItem","position":1,"name":"Portada","item":"https:\/\/tecnicashablarenpublico.com\/blog\/"},{"@type":"ListItem","position":2,"name":"Para Hablar En Publico&#8230;"}]},{"@type":"WebSite","@id":"https:\/\/tecnicashablarenpublico.com\/blog\/#website","url":"https:\/\/tecnicashablarenpublico.com\/blog\/","name":"TecnicasHablarEnPublico.Com","description":"Blog","publisher":{"@id":"https:\/\/tecnicashablarenpublico.com\/blog\/#organization"},"potentialAction":[{"@type":"SearchAction","target":{"@type":"EntryPoint","urlTemplate":"https:\/\/tecnicashablarenpublico.com\/blog\/?s={search_term_string}"},"query-input":{"@type":"PropertyValueSpecification","valueRequired":true,"valueName":"search_term_string"}}],"inLanguage":"es"},{"@type":"Organization","@id":"https:\/\/tecnicashablarenpublico.com\/blog\/#organization","name":"TecnicasHablarEnPublico","url":"https:\/\/tecnicashablarenpublico.com\/blog\/","logo":{"@type":"ImageObject","inLanguage":"es","@id":"https:\/\/tecnicashablarenpublico.com\/blog\/#\/schema\/logo\/image\/","url":"https:\/\/i0.wp.com\/tecnicashablarenpublico.com\/blog\/wp-content\/uploads\/2014\/11\/logo_cuadrado.png?fit=286%2C255&ssl=1","contentUrl":"https:\/\/i0.wp.com\/tecnicashablarenpublico.com\/blog\/wp-content\/uploads\/2014\/11\/logo_cuadrado.png?fit=286%2C255&ssl=1","width":286,"height":255,"caption":"TecnicasHablarEnPublico"},"image":{"@id":"https:\/\/tecnicashablarenpublico.com\/blog\/#\/schema\/logo\/image\/"},"sameAs":["https:\/\/www.facebook.com\/VictorToscanoOficial\/"]},{"@type":"Person","@id":"https:\/\/tecnicashablarenpublico.com\/blog\/#\/schema\/person\/f6a96b9bb773de8f08f84e4d6e6cf28f","name":"Victor Toscano T V","image":{"@type":"ImageObject","inLanguage":"es","@id":"https:\/\/secure.gravatar.com\/avatar\/e45c6f1f2986615bd1357fd094a24ab45a2ce7ca867817458fbebca30cd78e46?s=96&d=mm&r=g","url":"https:\/\/secure.gravatar.com\/avatar\/e45c6f1f2986615bd1357fd094a24ab45a2ce7ca867817458fbebca30cd78e46?s=96&d=mm&r=g","contentUrl":"https:\/\/secure.gravatar.com\/avatar\/e45c6f1f2986615bd1357fd094a24ab45a2ce7ca867817458fbebca30cd78e46?s=96&d=mm&r=g","caption":"Victor Toscano T V"},"description":"Un apasionado en el tema de Hablar en P\u00fablico y el Crecimiento Personal, que pas\u00f3 de \"t\u00edmido\" a Conferencista Internacional en menos de dos a\u00f1os.","sameAs":["http:\/\/www.tecnicashablarenpublico.com","https:\/\/www.facebook.com\/victortoscanooficial","http:\/\/mx.linkedin.com\/in\/victortoscano\/","http:\/\/www.pinterest.com\/victortoscano\/","https:\/\/x.com\/_victortoscano","http:\/\/victortoscano.com.mx\/youtube"],"url":"https:\/\/tecnicashablarenpublico.com\/blog\/author\/vict26\/"}]}},"jetpack_publicize_connections":[],"jetpack_featured_media_url":"","jetpack_shortlink":"https:\/\/wp.me\/p338RC-3T","jetpack-related-posts":[{"id":218,"url":"https:\/\/tecnicashablarenpublico.com\/blog\/cursos-hablar-en-publico\/","url_meta":{"origin":241,"position":0},"title":"Cursos Hablar En P\u00fablico","author":"Victor Toscano T V","date":"09\/07\/2010","format":false,"excerpt":"D\u00e9jame contarte un poco m\u00e1s sobre la historia de nuestro amigo \u201cJorge\u201d. Un domingo por la tarde cuando Jorge era un ni\u00f1o de apenas 9 a\u00f1os de edad, estaba reunido con su familia para comer juntos. Tal como lo hac\u00edan cada domingo. Pero ese parec\u00eda ser un d\u00eda muy especial,\u2026","rel":"","context":"En \u00abT\u00e9cnicas Para Hablar En P\u00fablico\u00bb","block_context":{"text":"T\u00e9cnicas Para Hablar En P\u00fablico","link":"https:\/\/tecnicashablarenpublico.com\/blog\/category\/tecnicas-para-hablar-en-publico\/"},"img":{"alt_text":"Cursos Hablar En P\u00fablico","src":"https:\/\/i0.wp.com\/tecnicashablarenpublico.com\/blog\/wp-content\/uploads\/2010\/07\/Cursos-Hablar-En-P%C3%BAblico.jpg?resize=350%2C200&ssl=1","width":350,"height":200},"classes":[]},{"id":1,"url":"https:\/\/tecnicashablarenpublico.com\/blog\/como-generar-interes-al-hablar-en-publico\/","url_meta":{"origin":241,"position":1},"title":"C\u00f3mo Generar Inter\u00e9s Al Hablar En P\u00fablico","author":"Victor Toscano T V","date":"02\/06\/2010","format":false,"excerpt":"Existe una buena raz\u00f3n para que hablar en p\u00fablico resulte el mejor m\u00e9todo para presentar un material a un grupo, m\u00e1s que el solo hecho de presentarlo simplemente para que lo lean. As\u00ed es, la raz\u00f3n es que cuando lo explicas habl\u00e1ndolo, puedes asegurarte de que \u201clo entiendan\u201d...","rel":"","context":"En \u00abT\u00e9cnicas Para Hablar En P\u00fablico\u00bb","block_context":{"text":"T\u00e9cnicas Para Hablar En P\u00fablico","link":"https:\/\/tecnicashablarenpublico.com\/blog\/category\/tecnicas-para-hablar-en-publico\/"},"img":{"alt_text":"C\u00f3mo Generar Inter\u00e9s Al Hablar En P\u00fablico","src":"https:\/\/i0.wp.com\/tecnicashablarenpublico.com\/blog\/wp-content\/uploads\/2010\/06\/C%C3%B3mo-Generar-Inter%C3%A9s-Al-Hablar-En-P%C3%BAblico.jpg?resize=350%2C200&ssl=1","width":350,"height":200},"classes":[]},{"id":1202,"url":"https:\/\/tecnicashablarenpublico.com\/blog\/como-memorizar-tu-tema-al-hablar-en-publico-o-video\/","url_meta":{"origin":241,"position":2},"title":"C\u00f3mo Memorizar tu Tema al Hablar en P\u00fablico o Video","author":"Victor Toscano T V","date":"13\/05\/2013","format":false,"excerpt":"\u00bfTe ha pasado que a la mitad de tu EXPOSICI\u00d3N de alg\u00fan tema, se te olvida lo que vas a decir? Mira este video y descubre mi secreto para recordarlo: Te reto a poner en pr\u00e1ctica esto que acabas de aprender en este video y comprobar los resultados por ti\u2026","rel":"","context":"En \u00abComo Hablar en Publico\u00bb","block_context":{"text":"Como Hablar en Publico","link":"https:\/\/tecnicashablarenpublico.com\/blog\/category\/como-hablar-en-publico-2\/"},"img":{"alt_text":"como hablar en publico","src":"https:\/\/i0.wp.com\/tecnicashablarenpublico.com\/blog\/wp-content\/uploads\/2014\/11\/como_hablar_en_publico_victor_toscano-compressor.png?resize=350%2C200&ssl=1","width":350,"height":200},"classes":[]},{"id":1723,"url":"https:\/\/tecnicashablarenpublico.com\/blog\/7-tips-para-hablar-en-publico-y-convencer\/","url_meta":{"origin":241,"position":3},"title":"** 7 Tips para Hablar en P\u00fablico y Convencer","author":"Victor Toscano T V","date":"27\/11\/2013","format":false,"excerpt":"\u00bfQu\u00e9 te ayudar\u00e1 a tener m\u00e1s \u00c9xito?... \u00bfPoner a dormir a todos, o saber realizar una presentaci\u00f3n en p\u00fablico llena de impacto y convicci\u00f3n? Jorge se sent\u00eda un poco angustiado. Faltaban ya tres semanas para presentar su tesis y todav\u00eda estaba terminando de hacer los ajustes finales. Y lo peor\u2026","rel":"","context":"En \u00abT\u00e9cnicas Para Hablar En P\u00fablico\u00bb","block_context":{"text":"T\u00e9cnicas Para Hablar En P\u00fablico","link":"https:\/\/tecnicashablarenpublico.com\/blog\/category\/tecnicas-para-hablar-en-publico\/"},"img":{"alt_text":"","src":"https:\/\/i0.wp.com\/optimizacionpaginasmedia.s3.amazonaws.com\/2023\/06\/CLDUsk2b-5-min.jpg?fit=500%2C333&ssl=1&resize=350%2C200","width":350,"height":200},"classes":[]},{"id":768,"url":"https:\/\/tecnicashablarenpublico.com\/blog\/tecnica-para-dominar-los-nervios-al-hablar-en-publico-2\/","url_meta":{"origin":241,"position":4},"title":"T\u00e9cnica Para Dominar Los Nervios Al Hablar En P\u00fablico #2","author":"Victor Toscano T V","date":"16\/01\/2013","format":false,"excerpt":"[headline_arial_medium_centered color=\"#aa0000\"]\"Calienta Primero\"[\/headline_arial_medium_centered] [order_box_3 width=\"90%\" + border=\"4px\"]ATENCI\u00d3N:\u00a0Antes de seguir leyendo descarga GRATIS la\u00a0Gu\u00eda Pr\u00e1ctica \"10 Pasos Pr\u00e1cticos Para Preparar Una Presentaci\u00f3n\", donde te guiar\u00e9 paso a paso para que te prepares y todo salga muy bien:[membership_download_item_pdf link=\"https:\/\/www.tecnicashablarenpublico.com\/dsk\/descargar.php?f=GuiaPractica.pdf\" + target=\"_self\"]Haz Clic AQU\u00cd para Descargar la Gu\u00eda Pr\u00e1ctica[\/membership_download_item_pdf][\/order_box_3] Los expositores\u00a0no son diferentes\u00a0de\u2026","rel":"","context":"En \u00abAprender a Hablar en Publico\u00bb","block_context":{"text":"Aprender a Hablar en Publico","link":"https:\/\/tecnicashablarenpublico.com\/blog\/category\/aprender-a-hablar-en-publico\/"},"img":{"alt_text":"","src":"https:\/\/i0.wp.com\/tecnicashablarenpublico.com\/blog\/wp-content\/themes\/OptimizePress\/images\/large-signupnow.png?resize=350%2C200&ssl=1","width":350,"height":200},"classes":[]},{"id":806,"url":"https:\/\/tecnicashablarenpublico.com\/blog\/tecnica-para-dominar-los-nervios-al-hablar-en-publico-4\/","url_meta":{"origin":241,"position":5},"title":"T\u00e9cnica Para Dominar Los Nervios Al Hablar En P\u00fablico #4","author":"Victor Toscano T V","date":"16\/01\/2013","format":false,"excerpt":"\u00a0 [headline_arial_medium_centered color=\"#aa0000\"]\"Prepara Una Introducci\u00f3n Que Te Relaje A Ti Y A Tu P\u00fablico\"[\/headline_arial_medium_centered] La mayor\u00eda de los expositores saben que una vez que consigan una reacci\u00f3n favorable del p\u00fablico, se relajar\u00e1n. Por ello,\u00a0varios expositores empiezan con buen humor\u00a0- esto los relaja a ellos y a su p\u00fablico. Si una\u2026","rel":"","context":"En \u00abAprender a Hablar en Publico\u00bb","block_context":{"text":"Aprender a Hablar en Publico","link":"https:\/\/tecnicashablarenpublico.com\/blog\/category\/aprender-a-hablar-en-publico\/"},"img":{"alt_text":"","src":"https:\/\/i0.wp.com\/tecnicashablarenpublico.com\/blog\/wp-content\/themes\/OptimizePress\/images\/large-signupnow.png?resize=350%2C200&ssl=1","width":350,"height":200},"classes":[]}],"jetpack_sharing_enabled":true,"_links":{"self":[{"href":"https:\/\/tecnicashablarenpublico.com\/blog\/wp-json\/wp\/v2\/posts\/241","targetHints":{"allow":["GET"]}}],"collection":[{"href":"https:\/\/tecnicashablarenpublico.com\/blog\/wp-json\/wp\/v2\/posts"}],"about":[{"href":"https:\/\/tecnicashablarenpublico.com\/blog\/wp-json\/wp\/v2\/types\/post"}],"author":[{"embeddable":true,"href":"https:\/\/tecnicashablarenpublico.com\/blog\/wp-json\/wp\/v2\/users\/1"}],"replies":[{"embeddable":true,"href":"https:\/\/tecnicashablarenpublico.com\/blog\/wp-json\/wp\/v2\/comments?post=241"}],"version-history":[{"count":0,"href":"https:\/\/tecnicashablarenpublico.com\/blog\/wp-json\/wp\/v2\/posts\/241\/revisions"}],"wp:attachment":[{"href":"https:\/\/tecnicashablarenpublico.com\/blog\/wp-json\/wp\/v2\/media?parent=241"}],"wp:term":[{"taxonomy":"category","embeddable":true,"href":"https:\/\/tecnicashablarenpublico.com\/blog\/wp-json\/wp\/v2\/categories?post=241"},{"taxonomy":"post_tag","embeddable":true,"href":"https:\/\/tecnicashablarenpublico.com\/blog\/wp-json\/wp\/v2\/tags?post=241"}],"curies":[{"name":"wp","href":"https:\/\/api.w.org\/{rel}","templated":true}]}}