{"id":2409,"date":"2017-09-27T09:18:31","date_gmt":"2017-09-27T15:18:31","guid":{"rendered":"https:\/\/tecnicashablarenpublico.com\/blog\/?p=2409"},"modified":"2020-05-23T18:01:53","modified_gmt":"2020-05-24T00:01:53","slug":"5-habitos-de-un-buen-presentador","status":"publish","type":"post","link":"https:\/\/tecnicashablarenpublico.com\/blog\/5-habitos-de-un-buen-presentador\/","title":{"rendered":"Comunicaci\u00f3n Efectiva | 5 H\u00e1bitos de un Buen Presentador | T\u00e9cnicas de Oratoria y Hablar en P\u00fablico"},"content":{"rendered":"\n<p><i><span style=\"font-weight: 400;\">Oratoria y comunicaci\u00f3n efectiva: Los 5 h\u00e1bitos de un buen presentador | T\u00e9cnicas para hablar en p\u00fablico y ser un buen presentador&#8230;<\/span><\/i><\/p>\n\n\n\n<figure class=\"wp-block-embed-youtube wp-block-embed is-type-video is-provider-youtube wp-embed-aspect-16-9 wp-has-aspect-ratio\"><div class=\"wp-block-embed__wrapper\">\n<span class=\"embed-youtube\" style=\"text-align:center; display: block;\"><iframe class=\"youtube-player lazyload\" width=\"640\" height=\"360\" data-src=\"https:\/\/www.youtube.com\/embed\/FQHjEIEIgbk?version=3&#038;rel=1&#038;showsearch=0&#038;showinfo=1&#038;iv_load_policy=1&#038;fs=1&#038;hl=es-ES&#038;autohide=2&#038;wmode=transparent\" allowfullscreen=\"true\" style=\"border:0;\" sandbox=\"allow-scripts allow-same-origin allow-popups allow-presentation allow-popups-to-escape-sandbox\"><\/iframe><\/span>\n<\/div><\/figure>\n\n\n\n<p class=\"has-text-align-center\"><em>\u00bb <a rel=\"noreferrer noopener\" href=\"https:\/\/www.youtube.com\/user\/mejorarlaautoestima\" target=\"_blank\">Suscr\u00edbete en Youtube<\/a><\/em><\/p>\n\n\n\n<!--more-->\n\n\n\n<p class=\"has-text-align-center\"><strong>Descarga la plantilla Power Point:<\/strong><br><a href=\"https:\/\/tecnicashablarenpublico.com\/descargar-plantilla-powerpoint-ppt\/\">https:\/\/tecnicashablarenpublico.com\/descargar-plantilla-powerpoint-ppt\/<\/a><\/p>\n\n\n\n<h3 class=\"has-text-align-center wp-block-heading\">5 H\u00e1bitos de un Buen Presentador.<\/h3>\n\n\n\n<p><em>\u00bfC\u00f3mo puedes hacer presentaciones interesantes y memorables?<\/em><br><em>\u00bfExisten estudios cient\u00edficos que respalden las t\u00e9cnicas m\u00e1s efectivas?<\/em><\/p>\n\n\n\n<p>Mira completo este v\u00eddeo para que aprendas y desarrolles los 5 h\u00e1bitos de un buen presentador&#8230;<\/p>\n\n\n\n<p>El mes pasado estuvimos en una de las expos de tecnolog\u00eda m\u00e1s importantes de nuestro pa\u00eds, y nos dimos cuenta de que todos los presentadores utilizaban micr\u00f3fonos, pantallas y monitores de televisi\u00f3n enormes para comunicar efectivamente su mensaje.<\/p>\n\n\n\n<p>Las presentaciones fueron bastante animadas, sus voces eran variadas y placenteras. Y un n\u00famero importante de estos presentadores no eran conferencistas profesionales, sino due\u00f1os de peque\u00f1os negocios y empleados de grandes corporaciones que buscaban promocionar y dar a conocer sus emprendimientos y marcas.<\/p>\n\n\n\n<p>Este tipo de experiencias nos confirma, que cada vez es m\u00e1s com\u00fan que muchos due\u00f1os de peque\u00f1as empresas y empleados clave de las grandes compa\u00f1\u00edas tienen la necesidad de hablar en p\u00fablico realizando presentaciones profesionales.<\/p>\n\n\n\n<p>Durante varias de estas presentaciones, seguimos viendo como los mejores presentadores tienen un conjunto de h\u00e1bitos que los ayuda a atrapar la atenci\u00f3n de su p\u00fablico y a mantenerlos atentos e interesados a todo lo largo de su presentaci\u00f3n.<\/p>\n\n\n\n<p>Por eso decidimos hacer este video. Estos son los 5 h\u00e1bitos que te ayudar\u00e1n a convertirte en un buen presentador.<\/p>\n\n\n\n<h3 class=\"wp-block-heading\">H\u00e1bito 1. Despierta la curiosidad en tu p\u00fablico.<\/h3>\n\n\n\n<p>La curiosidad es considerada como una fortaleza del car\u00e1cter que est\u00e1 directamente insertada en los genes humanos. La curiosidad junto con la inteligencia y la conciencia nos han llevado a evolucionar al grado de que como humanidad estamos a punto de empezar a colonizar nuestro sistema planetario.<\/p>\n\n\n\n<p>Los presentadores exitosos rara vez comienzan un discurso o presentaci\u00f3n diciendo su nombre o anunciando el tema del que van a hablar. Por lo general inician con una an\u00e9cdota, una pregunta, una historia o un dato espec\u00edfico que es interesante o impactante, y que est\u00e1 realmente relacionado con el tema principal del que van a hablar.<\/p>\n\n\n\n<p>Ellos saben que la mejor manera de iniciar un discurso o presentaci\u00f3n es enganchando y atrapando la atenci\u00f3n de su p\u00fablico, y para lograr esto con maestr\u00eda tienes que despertar la curiosidad de tu audiencia. Hasta el punto en el que ellos sepan que si se distraen y no ponen atenci\u00f3n a lo que est\u00e1s diciendo y presentando en la pantalla, corren el peligro de quedarse sin entender, sin aprender o sin disfrutar de ese conocimiento valioso que est\u00e1s compartiendo.<\/p>\n\n\n\n<p>Entonces ya lo sabes, si quieres ser un excelente presentador inicia con una an\u00e9cdota, una pregunta, una historia o un dato espec\u00edfico que sea interesante o impactante, y que est\u00e9 fuertemente relacionado con el tema principal del que vas a hablar.<\/p>\n\n\n\n<h3 class=\"wp-block-heading\">H\u00e1bito 2. Enfatiza tu mensaje con gestos.<\/h3>\n\n\n\n<p>David McNeill de la Universidad de Chicago ha dedicado gran parte de su carrera como investigador para desarrollar su teor\u00eda de que los gestos son pensamientos en acci\u00f3n, y debido a esto forman una parte integral del habla y no son solo acompa\u00f1amientos o adiciones.<\/p>\n\n\n\n<p>McNeill quien lleva ya varios a\u00f1os al frente del Centro para la Investigaci\u00f3n del Habla y los Gestos de la Universidad de Chicago, afirma que los gestos son una herramienta que nos permite \u201cver\u201d con m\u00e1s claridad los pensamientos que las personas tratan de explicar con sus palabras. Esto debido a que \u201cpintan\u201d una visi\u00f3n mucho m\u00e1s amplia que la que el lenguaje por s\u00ed mismo puede transmitir. Y adem\u00e1s, dice que los gestos nos dan una visi\u00f3n m\u00e1s profunda del car\u00e1cter de la persona que est\u00e1 haciendo la presentaci\u00f3n.<\/p>\n\n\n\n<p>De modo que recuerda que el poder de los gestos, no s\u00f3lo se sustenta en como mueves tus manos, tu cuerpo o los m\u00fasculos de tu cara, sino tambi\u00e9n en la convicci\u00f3n y la persuasi\u00f3n que agregan a tus palabras cuando son ejecutados de forma natural para enfatizar las frases que pronuncias, en el momento preciso y con la intensidad adecuada.<\/p>\n\n\n\n<h3 class=\"wp-block-heading\">H\u00e1bito 3. Muestra poder con tu lenguaje corporal.<\/h3>\n\n\n\n<p>De acuerdo a los resultados que ha obtenido la investigadora Amy Cuddy, las poses de poder no s\u00f3lo te hacen sentir confianza en ti mismo, sino que, estas poses que t\u00fa adoptas por un par de minutos pueden cambiar mediblemente la producci\u00f3n de qu\u00edmicos en tu cuerpo que reducen el estr\u00e9s y aumentan tu bienestar antes de enfrentarte a una situaci\u00f3n que te causa temor.<\/p>\n\n\n\n<p>As\u00ed es estos son estudios cient\u00edficos rigurosos que se pueden replicar, debido a que est\u00e1n bien documentados y han sido revisados por otros cient\u00edficos imparciales, con la finalidad de asegurarse de que los m\u00e9todos utilizados y los resultados obtenidos fueron bien planeados y ejecutados.<\/p>\n\n\n\n<p>Por \u00faltimo recuerda que este consejo no s\u00f3lo funciona cuando vas a hablar en p\u00fablico. Te retamos a que adoptes por dos minutos una pose de poder la pr\u00f3xima vez que tengas que llevar a cabo una actividad que te cause temor, desde algo relativamente sencillo como hacer una presentaci\u00f3n en clase, hasta algo m\u00e1s complicado c\u00f3mo hacer un examen profesional. As\u00ed lograr\u00e1s comprobar por ti mismo los resultados positivos que cualquier persona puede obtener al aplicar esta t\u00e9cnica.<\/p>\n\n\n\n<h3 class=\"wp-block-heading\">H\u00e1bito 4. Dialoga con el p\u00fablico.<\/h3>\n\n\n\n<p>Hablar demasiado r\u00e1pido o demasiado lento puede llevarte a confundir o a aburrir a tu p\u00fablico. Hablar con una cadencia adecuada a la cual agregues variedad a tu voz con el tono, \u00e9nfasis y volumen adecuados al tema que est\u00e1s presentando, va a llevarte a consolidar una experiencia placentera para tu p\u00fablico.<\/p>\n\n\n\n<p>Del mismo modo cuando evitas las molestas muletillas que la mayor\u00eda de las personas en la radio y la televisi\u00f3n utilizan, tales como aaahhh, mmmmm o esteeeeee; te estar\u00e1s asegurando de lograr una comunicaci\u00f3n mucho m\u00e1s clara y libre de distracciones para el p\u00fablico que te escucha.<\/p>\n\n\n\n<p>Las pausas estrat\u00e9gicas complementan los dos elementos anteriores. Cuando t\u00fa hablas en p\u00fablico, las pausas estrat\u00e9gicas que haces como presentador, le permiten a t\u00fa audiencia asimilar el mensaje que est\u00e1s comunicando, al darle tiempo para procesar las ideas que vas presentando, evitando que se de la tragedia de que el p\u00fablico se pierda completamente y simplemente deje de poner atenci\u00f3n a tu presentaci\u00f3n.<\/p>\n\n\n\n<h3 class=\"wp-block-heading\">H\u00e1bito 5. Utiliza im\u00e1genes.<\/h3>\n\n\n\n<p>\u00bfPorque? Pues porque las im\u00e1genes tienen un impacto profundo en las personas que escuchan tu presentaci\u00f3n. El cient\u00edfico en neurologia John Medina nos dice en su libro \u201cThe Brain Rules\u201d que cuando t\u00fa como conferencista muestras en la pantalla fotograf\u00edas, im\u00e1genes o diagramas que representan las palabras que est\u00e1s diciendo, la capacidad de tu p\u00fablico para recordar tu presentaci\u00f3n despu\u00e9s de tres d\u00edas, se eleva por la nubes. \u00bfQu\u00e9 tanto? Un 65%.<\/p>\n\n\n\n<p>Tanto en Internet como en nuestro canal, se viene transformando poco a poco el formato de v\u00eddeo para utilizar m\u00e1s im\u00e1genes con color y movimiento, debido a las investigaciones cient\u00edficas que te acabamos de presentar. Aunque tambi\u00e9n reconocemos que es dif\u00edcil obtener las im\u00e1genes adecuadas, respetando los derechos de autor.<\/p>\n\n\n\n<p>Pero en estos tiempos en que la informaci\u00f3n digital es tan abundante, t\u00fa como presentador tienes una obligaci\u00f3n moral con tu p\u00fablico, de educarte en el uso adecuado y respetuoso de los derechos de autor de la tecnolog\u00eda multimedia, para que puedas utilizar cada vez m\u00e1s audios, im\u00e1genes y videos en tus presentaciones.<\/p>\n\n\n\n<h3 class=\"wp-block-heading\"><strong>Ah\u00ed lo tienes entonces,<\/strong><\/h3>\n\n\n\n<p>Si de manera habitual agregas la curiosidad, los gestos, las poses de poder, el di\u00e1logo y las im\u00e1genes a todas tus presentaciones, lograras captar y mantener la atenci\u00f3n de tu p\u00fablico, y conseguir\u00e1s que ellos entiendan y retengan por m\u00e1s tiempo la informaci\u00f3n.<\/p>\n\n\n\n<p>Si tienes dudas de c\u00f3mo puedes desarrollar cada uno de estos h\u00e1bitos, te invitamos a consultar las listas de reproducci\u00f3n que con tanto esmero hemos preparado para ti en este canal.<\/p>\n\n\n\n<p>Recuerda que si aspiras a triunfar en grande en cualquier \u00e1rea del conocimiento humano, tarde o temprano tendr\u00e1s que hablar en p\u00fablico, as\u00ed que mientras m\u00e1s pronto desarrolles estos h\u00e1bitos, m\u00e1s f\u00e1cil te resultar\u00e1 hacer presentaciones profesionales ante cualquier multitud. Empieza hoy a cultivar estos h\u00e1bitos para que continues cautivando, inspirando y guiando aut\u00e9nticamente a todas las personas que asisten tus presentaciones.<\/p>\n\n\n\n<p class=\"has-text-align-center\"><em>\u201cEl entusiasmo es la electricidad de la vida. \u00bfC\u00f3mo la obtienes? S\u00f3lo act\u00faa con entusiasmo, hasta que se convierta en un h\u00e1bito.\u201d<\/em><br>\u2015 Gordon Parks<\/p>\n\n\n\n<p class=\"has-text-align-center\"><strong>Descarga el PDF:<\/strong><br><a href=\"https:\/\/tecnicashablarenpublico.com\/pdf-presentacion-3-dias-2\">https:\/\/tecnicashablarenpublico.com\/pdf-presentacion-3-dias-2<\/a><\/p>\n\n\n\n<p class=\"has-text-align-center\"><a href=\"https:\/\/tecnicashablarenpublico.com\/detalles\/\" target=\"_blank\" rel=\"noreferrer noopener\"><span style=\"text-decoration: underline;\"><strong>Haz click aqu\u00ed para que descubras toda la informaci\u00f3n de nuestro curso avanzado&#8230;<\/strong><\/span><\/a><\/p>\n\n\n\n<p><strong>V\u00edctor Toscano y V\u00edctor P\u00e9rez<\/strong><br><a rel=\"noopener noreferrer\" href=\"https:\/\/tecnicashablarenpublico.com\/\" target=\"_blank\">TecnicasHablarEnPublico.com<\/a><\/p>\n\n\n\n<p><em><strong>P.D: Si te parece \u00fatil esta informaci\u00f3n, comparte esta p\u00e1gina\u00a0con tus amigos&#8230;<\/strong><\/em><\/p>\n","protected":false},"excerpt":{"rendered":"<p>Oratoria y comunicaci\u00f3n efectiva: Los 5 h\u00e1bitos de un buen presentador | T\u00e9cnicas para hablar en p\u00fablico y ser un buen presentador&#8230;<\/p>\n","protected":false},"author":1,"featured_media":2919,"comment_status":"open","ping_status":"closed","sticky":false,"template":"","format":"standard","meta":{"jetpack_post_was_ever_published":false,"_jetpack_newsletter_access":"","_jetpack_dont_email_post_to_subs":true,"_jetpack_newsletter_tier_id":0,"_jetpack_memberships_contains_paywalled_content":false,"_jetpack_memberships_contains_paid_content":false,"footnotes":"","jetpack_publicize_message":"","jetpack_publicize_feature_enabled":true,"jetpack_social_post_already_shared":true,"jetpack_social_options":{"image_generator_settings":{"template":"highway","default_image_id":0,"font":"","enabled":false},"version":2}},"categories":[3],"tags":[],"class_list":["post-2409","post","type-post","status-publish","format-standard","has-post-thumbnail","hentry","category-tecnicas-para-hablar-en-publico","post-wrapper","thrv_wrapper"],"yoast_head":"<!-- This site is optimized with the Yoast SEO plugin v27.5 - https:\/\/yoast.com\/product\/yoast-seo-wordpress\/ -->\n<title>Comunicaci\u00f3n Efectiva | 5 H\u00e1bitos de un Buen Presentador | T\u00e9cnicas de Oratoria y Hablar en P\u00fablico - TecnicasHablarEnPublico.Com<\/title>\n<meta name=\"robots\" content=\"index, follow, max-snippet:-1, max-image-preview:large, max-video-preview:-1\" \/>\n<link rel=\"canonical\" href=\"https:\/\/tecnicashablarenpublico.com\/blog\/5-habitos-de-un-buen-presentador\/\" \/>\n<meta property=\"og:locale\" content=\"es_ES\" \/>\n<meta property=\"og:type\" content=\"article\" \/>\n<meta property=\"og:title\" content=\"Comunicaci\u00f3n Efectiva | 5 H\u00e1bitos de un Buen Presentador | T\u00e9cnicas de Oratoria y Hablar en P\u00fablico - TecnicasHablarEnPublico.Com\" \/>\n<meta property=\"og:description\" content=\"Oratoria y comunicaci\u00f3n efectiva: Los 5 h\u00e1bitos de un buen presentador | T\u00e9cnicas para hablar en p\u00fablico y ser un buen presentador&#8230;\" \/>\n<meta property=\"og:url\" content=\"https:\/\/tecnicashablarenpublico.com\/blog\/5-habitos-de-un-buen-presentador\/\" \/>\n<meta property=\"og:site_name\" content=\"TecnicasHablarEnPublico.Com\" \/>\n<meta property=\"article:publisher\" content=\"https:\/\/www.facebook.com\/VictorToscanoOficial\/\" \/>\n<meta property=\"article:author\" content=\"https:\/\/www.facebook.com\/victortoscanooficial\" \/>\n<meta property=\"article:published_time\" content=\"2017-09-27T15:18:31+00:00\" \/>\n<meta property=\"article:modified_time\" content=\"2020-05-24T00:01:53+00:00\" \/>\n<meta property=\"og:image\" content=\"https:\/\/i0.wp.com\/optimizacionpaginasmedia.s3.amazonaws.com\/2020\/05\/comunicacion-efectiva-5-habitos-de-un-buen-presentador-tecnicas-de-oratoria.jpg?fit=900%2C601&ssl=1\" \/>\n\t<meta property=\"og:image:width\" content=\"900\" \/>\n\t<meta property=\"og:image:height\" content=\"601\" \/>\n\t<meta property=\"og:image:type\" content=\"image\/jpeg\" \/>\n<meta name=\"author\" content=\"Victor Toscano T V\" \/>\n<meta name=\"twitter:card\" content=\"summary_large_image\" \/>\n<meta name=\"twitter:creator\" content=\"@_victortoscano\" \/>\n<meta name=\"twitter:label1\" content=\"Escrito por\" \/>\n\t<meta name=\"twitter:data1\" content=\"Victor Toscano T V\" \/>\n\t<meta name=\"twitter:label2\" content=\"Tiempo de lectura\" \/>\n\t<meta name=\"twitter:data2\" content=\"8 minutos\" \/>\n<script type=\"application\/ld+json\" class=\"yoast-schema-graph\">{\"@context\":\"https:\\\/\\\/schema.org\",\"@graph\":[{\"@type\":\"Article\",\"@id\":\"https:\\\/\\\/tecnicashablarenpublico.com\\\/blog\\\/5-habitos-de-un-buen-presentador\\\/#article\",\"isPartOf\":{\"@id\":\"https:\\\/\\\/tecnicashablarenpublico.com\\\/blog\\\/5-habitos-de-un-buen-presentador\\\/\"},\"author\":{\"name\":\"Victor Toscano T V\",\"@id\":\"https:\\\/\\\/tecnicashablarenpublico.com\\\/blog\\\/#\\\/schema\\\/person\\\/f6a96b9bb773de8f08f84e4d6e6cf28f\"},\"headline\":\"Comunicaci\u00f3n Efectiva | 5 H\u00e1bitos de un Buen Presentador | T\u00e9cnicas de Oratoria y Hablar en P\u00fablico\",\"datePublished\":\"2017-09-27T15:18:31+00:00\",\"dateModified\":\"2020-05-24T00:01:53+00:00\",\"mainEntityOfPage\":{\"@id\":\"https:\\\/\\\/tecnicashablarenpublico.com\\\/blog\\\/5-habitos-de-un-buen-presentador\\\/\"},\"wordCount\":1594,\"commentCount\":5446,\"publisher\":{\"@id\":\"https:\\\/\\\/tecnicashablarenpublico.com\\\/blog\\\/#organization\"},\"image\":{\"@id\":\"https:\\\/\\\/tecnicashablarenpublico.com\\\/blog\\\/5-habitos-de-un-buen-presentador\\\/#primaryimage\"},\"thumbnailUrl\":\"https:\\\/\\\/i0.wp.com\\\/optimizacionpaginasmedia.s3.amazonaws.com\\\/2020\\\/05\\\/comunicacion-efectiva-5-habitos-de-un-buen-presentador-tecnicas-de-oratoria.jpg?fit=900%2C601&ssl=1\",\"articleSection\":[\"T\u00e9cnicas Para Hablar En P\u00fablico\"],\"inLanguage\":\"es\"},{\"@type\":\"WebPage\",\"@id\":\"https:\\\/\\\/tecnicashablarenpublico.com\\\/blog\\\/5-habitos-de-un-buen-presentador\\\/\",\"url\":\"https:\\\/\\\/tecnicashablarenpublico.com\\\/blog\\\/5-habitos-de-un-buen-presentador\\\/\",\"name\":\"Comunicaci\u00f3n Efectiva | 5 H\u00e1bitos de un Buen Presentador | T\u00e9cnicas de Oratoria y Hablar en P\u00fablico - TecnicasHablarEnPublico.Com\",\"isPartOf\":{\"@id\":\"https:\\\/\\\/tecnicashablarenpublico.com\\\/blog\\\/#website\"},\"primaryImageOfPage\":{\"@id\":\"https:\\\/\\\/tecnicashablarenpublico.com\\\/blog\\\/5-habitos-de-un-buen-presentador\\\/#primaryimage\"},\"image\":{\"@id\":\"https:\\\/\\\/tecnicashablarenpublico.com\\\/blog\\\/5-habitos-de-un-buen-presentador\\\/#primaryimage\"},\"thumbnailUrl\":\"https:\\\/\\\/i0.wp.com\\\/optimizacionpaginasmedia.s3.amazonaws.com\\\/2020\\\/05\\\/comunicacion-efectiva-5-habitos-de-un-buen-presentador-tecnicas-de-oratoria.jpg?fit=900%2C601&ssl=1\",\"datePublished\":\"2017-09-27T15:18:31+00:00\",\"dateModified\":\"2020-05-24T00:01:53+00:00\",\"breadcrumb\":{\"@id\":\"https:\\\/\\\/tecnicashablarenpublico.com\\\/blog\\\/5-habitos-de-un-buen-presentador\\\/#breadcrumb\"},\"inLanguage\":\"es\",\"potentialAction\":[{\"@type\":\"ReadAction\",\"target\":[\"https:\\\/\\\/tecnicashablarenpublico.com\\\/blog\\\/5-habitos-de-un-buen-presentador\\\/\"]}]},{\"@type\":\"ImageObject\",\"inLanguage\":\"es\",\"@id\":\"https:\\\/\\\/tecnicashablarenpublico.com\\\/blog\\\/5-habitos-de-un-buen-presentador\\\/#primaryimage\",\"url\":\"https:\\\/\\\/i0.wp.com\\\/optimizacionpaginasmedia.s3.amazonaws.com\\\/2020\\\/05\\\/comunicacion-efectiva-5-habitos-de-un-buen-presentador-tecnicas-de-oratoria.jpg?fit=900%2C601&ssl=1\",\"contentUrl\":\"https:\\\/\\\/i0.wp.com\\\/optimizacionpaginasmedia.s3.amazonaws.com\\\/2020\\\/05\\\/comunicacion-efectiva-5-habitos-de-un-buen-presentador-tecnicas-de-oratoria.jpg?fit=900%2C601&ssl=1\",\"width\":900,\"height\":601,\"caption\":\"Comunicaci\u00f3n Efectiva | 5 H\u00e1bitos de un Buen Presentador | T\u00e9cnicas de Oratoria y Hablar en P\u00fablico\"},{\"@type\":\"BreadcrumbList\",\"@id\":\"https:\\\/\\\/tecnicashablarenpublico.com\\\/blog\\\/5-habitos-de-un-buen-presentador\\\/#breadcrumb\",\"itemListElement\":[{\"@type\":\"ListItem\",\"position\":1,\"name\":\"Portada\",\"item\":\"https:\\\/\\\/tecnicashablarenpublico.com\\\/blog\\\/\"},{\"@type\":\"ListItem\",\"position\":2,\"name\":\"Comunicaci\u00f3n Efectiva | 5 H\u00e1bitos de un Buen Presentador | T\u00e9cnicas de Oratoria y Hablar en P\u00fablico\"}]},{\"@type\":\"WebSite\",\"@id\":\"https:\\\/\\\/tecnicashablarenpublico.com\\\/blog\\\/#website\",\"url\":\"https:\\\/\\\/tecnicashablarenpublico.com\\\/blog\\\/\",\"name\":\"TecnicasHablarEnPublico.Com\",\"description\":\"Blog\",\"publisher\":{\"@id\":\"https:\\\/\\\/tecnicashablarenpublico.com\\\/blog\\\/#organization\"},\"potentialAction\":[{\"@type\":\"SearchAction\",\"target\":{\"@type\":\"EntryPoint\",\"urlTemplate\":\"https:\\\/\\\/tecnicashablarenpublico.com\\\/blog\\\/?s={search_term_string}\"},\"query-input\":{\"@type\":\"PropertyValueSpecification\",\"valueRequired\":true,\"valueName\":\"search_term_string\"}}],\"inLanguage\":\"es\"},{\"@type\":\"Organization\",\"@id\":\"https:\\\/\\\/tecnicashablarenpublico.com\\\/blog\\\/#organization\",\"name\":\"TecnicasHablarEnPublico\",\"url\":\"https:\\\/\\\/tecnicashablarenpublico.com\\\/blog\\\/\",\"logo\":{\"@type\":\"ImageObject\",\"inLanguage\":\"es\",\"@id\":\"https:\\\/\\\/tecnicashablarenpublico.com\\\/blog\\\/#\\\/schema\\\/logo\\\/image\\\/\",\"url\":\"https:\\\/\\\/i0.wp.com\\\/tecnicashablarenpublico.com\\\/blog\\\/wp-content\\\/uploads\\\/2014\\\/11\\\/logo_cuadrado.png?fit=286%2C255&ssl=1\",\"contentUrl\":\"https:\\\/\\\/i0.wp.com\\\/tecnicashablarenpublico.com\\\/blog\\\/wp-content\\\/uploads\\\/2014\\\/11\\\/logo_cuadrado.png?fit=286%2C255&ssl=1\",\"width\":286,\"height\":255,\"caption\":\"TecnicasHablarEnPublico\"},\"image\":{\"@id\":\"https:\\\/\\\/tecnicashablarenpublico.com\\\/blog\\\/#\\\/schema\\\/logo\\\/image\\\/\"},\"sameAs\":[\"https:\\\/\\\/www.facebook.com\\\/VictorToscanoOficial\\\/\"]},{\"@type\":\"Person\",\"@id\":\"https:\\\/\\\/tecnicashablarenpublico.com\\\/blog\\\/#\\\/schema\\\/person\\\/f6a96b9bb773de8f08f84e4d6e6cf28f\",\"name\":\"Victor Toscano T V\",\"image\":{\"@type\":\"ImageObject\",\"inLanguage\":\"es\",\"@id\":\"https:\\\/\\\/secure.gravatar.com\\\/avatar\\\/e45c6f1f2986615bd1357fd094a24ab45a2ce7ca867817458fbebca30cd78e46?s=96&d=mm&r=g\",\"url\":\"https:\\\/\\\/secure.gravatar.com\\\/avatar\\\/e45c6f1f2986615bd1357fd094a24ab45a2ce7ca867817458fbebca30cd78e46?s=96&d=mm&r=g\",\"contentUrl\":\"https:\\\/\\\/secure.gravatar.com\\\/avatar\\\/e45c6f1f2986615bd1357fd094a24ab45a2ce7ca867817458fbebca30cd78e46?s=96&d=mm&r=g\",\"caption\":\"Victor Toscano T V\"},\"description\":\"Un apasionado en el tema de Hablar en P\u00fablico y el Crecimiento Personal, que pas\u00f3 de \\\"t\u00edmido\\\" a Conferencista Internacional en menos de dos a\u00f1os.\",\"sameAs\":[\"http:\\\/\\\/www.tecnicashablarenpublico.com\",\"https:\\\/\\\/www.facebook.com\\\/victortoscanooficial\",\"http:\\\/\\\/mx.linkedin.com\\\/in\\\/victortoscano\\\/\",\"http:\\\/\\\/www.pinterest.com\\\/victortoscano\\\/\",\"https:\\\/\\\/x.com\\\/_victortoscano\",\"http:\\\/\\\/victortoscano.com.mx\\\/youtube\"],\"url\":\"https:\\\/\\\/tecnicashablarenpublico.com\\\/blog\\\/author\\\/vict26\\\/\"}]}<\/script>\n<!-- \/ Yoast SEO plugin. -->","yoast_head_json":{"title":"Comunicaci\u00f3n Efectiva | 5 H\u00e1bitos de un Buen Presentador | T\u00e9cnicas de Oratoria y Hablar en P\u00fablico - TecnicasHablarEnPublico.Com","robots":{"index":"index","follow":"follow","max-snippet":"max-snippet:-1","max-image-preview":"max-image-preview:large","max-video-preview":"max-video-preview:-1"},"canonical":"https:\/\/tecnicashablarenpublico.com\/blog\/5-habitos-de-un-buen-presentador\/","og_locale":"es_ES","og_type":"article","og_title":"Comunicaci\u00f3n Efectiva | 5 H\u00e1bitos de un Buen Presentador | T\u00e9cnicas de Oratoria y Hablar en P\u00fablico - TecnicasHablarEnPublico.Com","og_description":"Oratoria y comunicaci\u00f3n efectiva: Los 5 h\u00e1bitos de un buen presentador | T\u00e9cnicas para hablar en p\u00fablico y ser un buen presentador&#8230;","og_url":"https:\/\/tecnicashablarenpublico.com\/blog\/5-habitos-de-un-buen-presentador\/","og_site_name":"TecnicasHablarEnPublico.Com","article_publisher":"https:\/\/www.facebook.com\/VictorToscanoOficial\/","article_author":"https:\/\/www.facebook.com\/victortoscanooficial","article_published_time":"2017-09-27T15:18:31+00:00","article_modified_time":"2020-05-24T00:01:53+00:00","og_image":[{"width":900,"height":601,"url":"https:\/\/i0.wp.com\/optimizacionpaginasmedia.s3.amazonaws.com\/2020\/05\/comunicacion-efectiva-5-habitos-de-un-buen-presentador-tecnicas-de-oratoria.jpg?fit=900%2C601&ssl=1","type":"image\/jpeg"}],"author":"Victor Toscano T V","twitter_card":"summary_large_image","twitter_creator":"@_victortoscano","twitter_misc":{"Escrito por":"Victor Toscano T V","Tiempo de lectura":"8 minutos"},"schema":{"@context":"https:\/\/schema.org","@graph":[{"@type":"Article","@id":"https:\/\/tecnicashablarenpublico.com\/blog\/5-habitos-de-un-buen-presentador\/#article","isPartOf":{"@id":"https:\/\/tecnicashablarenpublico.com\/blog\/5-habitos-de-un-buen-presentador\/"},"author":{"name":"Victor Toscano T V","@id":"https:\/\/tecnicashablarenpublico.com\/blog\/#\/schema\/person\/f6a96b9bb773de8f08f84e4d6e6cf28f"},"headline":"Comunicaci\u00f3n Efectiva | 5 H\u00e1bitos de un Buen Presentador | T\u00e9cnicas de Oratoria y Hablar en P\u00fablico","datePublished":"2017-09-27T15:18:31+00:00","dateModified":"2020-05-24T00:01:53+00:00","mainEntityOfPage":{"@id":"https:\/\/tecnicashablarenpublico.com\/blog\/5-habitos-de-un-buen-presentador\/"},"wordCount":1594,"commentCount":5446,"publisher":{"@id":"https:\/\/tecnicashablarenpublico.com\/blog\/#organization"},"image":{"@id":"https:\/\/tecnicashablarenpublico.com\/blog\/5-habitos-de-un-buen-presentador\/#primaryimage"},"thumbnailUrl":"https:\/\/i0.wp.com\/optimizacionpaginasmedia.s3.amazonaws.com\/2020\/05\/comunicacion-efectiva-5-habitos-de-un-buen-presentador-tecnicas-de-oratoria.jpg?fit=900%2C601&ssl=1","articleSection":["T\u00e9cnicas Para Hablar En P\u00fablico"],"inLanguage":"es"},{"@type":"WebPage","@id":"https:\/\/tecnicashablarenpublico.com\/blog\/5-habitos-de-un-buen-presentador\/","url":"https:\/\/tecnicashablarenpublico.com\/blog\/5-habitos-de-un-buen-presentador\/","name":"Comunicaci\u00f3n Efectiva | 5 H\u00e1bitos de un Buen Presentador | T\u00e9cnicas de Oratoria y Hablar en P\u00fablico - TecnicasHablarEnPublico.Com","isPartOf":{"@id":"https:\/\/tecnicashablarenpublico.com\/blog\/#website"},"primaryImageOfPage":{"@id":"https:\/\/tecnicashablarenpublico.com\/blog\/5-habitos-de-un-buen-presentador\/#primaryimage"},"image":{"@id":"https:\/\/tecnicashablarenpublico.com\/blog\/5-habitos-de-un-buen-presentador\/#primaryimage"},"thumbnailUrl":"https:\/\/i0.wp.com\/optimizacionpaginasmedia.s3.amazonaws.com\/2020\/05\/comunicacion-efectiva-5-habitos-de-un-buen-presentador-tecnicas-de-oratoria.jpg?fit=900%2C601&ssl=1","datePublished":"2017-09-27T15:18:31+00:00","dateModified":"2020-05-24T00:01:53+00:00","breadcrumb":{"@id":"https:\/\/tecnicashablarenpublico.com\/blog\/5-habitos-de-un-buen-presentador\/#breadcrumb"},"inLanguage":"es","potentialAction":[{"@type":"ReadAction","target":["https:\/\/tecnicashablarenpublico.com\/blog\/5-habitos-de-un-buen-presentador\/"]}]},{"@type":"ImageObject","inLanguage":"es","@id":"https:\/\/tecnicashablarenpublico.com\/blog\/5-habitos-de-un-buen-presentador\/#primaryimage","url":"https:\/\/i0.wp.com\/optimizacionpaginasmedia.s3.amazonaws.com\/2020\/05\/comunicacion-efectiva-5-habitos-de-un-buen-presentador-tecnicas-de-oratoria.jpg?fit=900%2C601&ssl=1","contentUrl":"https:\/\/i0.wp.com\/optimizacionpaginasmedia.s3.amazonaws.com\/2020\/05\/comunicacion-efectiva-5-habitos-de-un-buen-presentador-tecnicas-de-oratoria.jpg?fit=900%2C601&ssl=1","width":900,"height":601,"caption":"Comunicaci\u00f3n Efectiva | 5 H\u00e1bitos de un Buen Presentador | T\u00e9cnicas de Oratoria y Hablar en P\u00fablico"},{"@type":"BreadcrumbList","@id":"https:\/\/tecnicashablarenpublico.com\/blog\/5-habitos-de-un-buen-presentador\/#breadcrumb","itemListElement":[{"@type":"ListItem","position":1,"name":"Portada","item":"https:\/\/tecnicashablarenpublico.com\/blog\/"},{"@type":"ListItem","position":2,"name":"Comunicaci\u00f3n Efectiva | 5 H\u00e1bitos de un Buen Presentador | T\u00e9cnicas de Oratoria y Hablar en P\u00fablico"}]},{"@type":"WebSite","@id":"https:\/\/tecnicashablarenpublico.com\/blog\/#website","url":"https:\/\/tecnicashablarenpublico.com\/blog\/","name":"TecnicasHablarEnPublico.Com","description":"Blog","publisher":{"@id":"https:\/\/tecnicashablarenpublico.com\/blog\/#organization"},"potentialAction":[{"@type":"SearchAction","target":{"@type":"EntryPoint","urlTemplate":"https:\/\/tecnicashablarenpublico.com\/blog\/?s={search_term_string}"},"query-input":{"@type":"PropertyValueSpecification","valueRequired":true,"valueName":"search_term_string"}}],"inLanguage":"es"},{"@type":"Organization","@id":"https:\/\/tecnicashablarenpublico.com\/blog\/#organization","name":"TecnicasHablarEnPublico","url":"https:\/\/tecnicashablarenpublico.com\/blog\/","logo":{"@type":"ImageObject","inLanguage":"es","@id":"https:\/\/tecnicashablarenpublico.com\/blog\/#\/schema\/logo\/image\/","url":"https:\/\/i0.wp.com\/tecnicashablarenpublico.com\/blog\/wp-content\/uploads\/2014\/11\/logo_cuadrado.png?fit=286%2C255&ssl=1","contentUrl":"https:\/\/i0.wp.com\/tecnicashablarenpublico.com\/blog\/wp-content\/uploads\/2014\/11\/logo_cuadrado.png?fit=286%2C255&ssl=1","width":286,"height":255,"caption":"TecnicasHablarEnPublico"},"image":{"@id":"https:\/\/tecnicashablarenpublico.com\/blog\/#\/schema\/logo\/image\/"},"sameAs":["https:\/\/www.facebook.com\/VictorToscanoOficial\/"]},{"@type":"Person","@id":"https:\/\/tecnicashablarenpublico.com\/blog\/#\/schema\/person\/f6a96b9bb773de8f08f84e4d6e6cf28f","name":"Victor Toscano T V","image":{"@type":"ImageObject","inLanguage":"es","@id":"https:\/\/secure.gravatar.com\/avatar\/e45c6f1f2986615bd1357fd094a24ab45a2ce7ca867817458fbebca30cd78e46?s=96&d=mm&r=g","url":"https:\/\/secure.gravatar.com\/avatar\/e45c6f1f2986615bd1357fd094a24ab45a2ce7ca867817458fbebca30cd78e46?s=96&d=mm&r=g","contentUrl":"https:\/\/secure.gravatar.com\/avatar\/e45c6f1f2986615bd1357fd094a24ab45a2ce7ca867817458fbebca30cd78e46?s=96&d=mm&r=g","caption":"Victor Toscano T V"},"description":"Un apasionado en el tema de Hablar en P\u00fablico y el Crecimiento Personal, que pas\u00f3 de \"t\u00edmido\" a Conferencista Internacional en menos de dos a\u00f1os.","sameAs":["http:\/\/www.tecnicashablarenpublico.com","https:\/\/www.facebook.com\/victortoscanooficial","http:\/\/mx.linkedin.com\/in\/victortoscano\/","http:\/\/www.pinterest.com\/victortoscano\/","https:\/\/x.com\/_victortoscano","http:\/\/victortoscano.com.mx\/youtube"],"url":"https:\/\/tecnicashablarenpublico.com\/blog\/author\/vict26\/"}]}},"jetpack_publicize_connections":[],"jetpack_featured_media_url":"https:\/\/i0.wp.com\/optimizacionpaginasmedia.s3.amazonaws.com\/2020\/05\/comunicacion-efectiva-5-habitos-de-un-buen-presentador-tecnicas-de-oratoria.jpg?fit=900%2C601&ssl=1","jetpack_shortlink":"https:\/\/wp.me\/p338RC-CR","jetpack-related-posts":[{"id":2456,"url":"https:\/\/tecnicashablarenpublico.com\/blog\/7-claves-para-comunicarte-mejor\/","url_meta":{"origin":2409,"position":0},"title":"7 Claves para Comunicarte Mejor | Comunicaci\u00f3n Efectiva y T\u00e9cnicas de Oratoria para Hablar Bien","author":"Victor Toscano T V","date":"10\/05\/2018","format":false,"excerpt":"7 claves para comunicarte y expresarte mejor con t\u00e9cnicas de oratoria y comunicaci\u00f3n efectiva sobre c\u00f3mo hablar bien en p\u00fablico... https:\/\/youtu.be\/6tGA8RDW-Z0 7 T\u00e9cnicas de comunicaci\u00f3n efectiva para tu \u00e9xito personal, acad\u00e9mico y laboral Gracias a ese gas transparente que cubre la tierra es que podemos escuchar las vibraciones de nuestras\u2026","rel":"","context":"En \u00abT\u00e9cnicas Para Hablar En P\u00fablico\u00bb","block_context":{"text":"T\u00e9cnicas Para Hablar En P\u00fablico","link":"https:\/\/tecnicashablarenpublico.com\/blog\/category\/tecnicas-para-hablar-en-publico\/"},"img":{"alt_text":"Comunicaci\u00f3n Efectiva y T\u00e9cnicas de Oratoria para Hablar Bien","src":"https:\/\/i0.wp.com\/optimizacionpaginasmedia.s3.amazonaws.com\/2020\/05\/comunicacion-efectiva-tecnicas-de-oratoria-para-hablar-bien.jpg?fit=900%2C550&ssl=1&resize=350%2C200","width":350,"height":200,"srcset":"https:\/\/i0.wp.com\/optimizacionpaginasmedia.s3.amazonaws.com\/2020\/05\/comunicacion-efectiva-tecnicas-de-oratoria-para-hablar-bien.jpg?fit=900%2C550&ssl=1&resize=350%2C200 1x, https:\/\/i0.wp.com\/optimizacionpaginasmedia.s3.amazonaws.com\/2020\/05\/comunicacion-efectiva-tecnicas-de-oratoria-para-hablar-bien.jpg?fit=900%2C550&ssl=1&resize=525%2C300 1.5x, https:\/\/i0.wp.com\/optimizacionpaginasmedia.s3.amazonaws.com\/2020\/05\/comunicacion-efectiva-tecnicas-de-oratoria-para-hablar-bien.jpg?fit=900%2C550&ssl=1&resize=700%2C400 2x"},"classes":[]},{"id":2389,"url":"https:\/\/tecnicashablarenpublico.com\/blog\/5-tecnicas-efectivas-para-mostrar-un-lenguaje-corporal-poderoso-oratoria-y-lenguaje-no-verbal\/","url_meta":{"origin":2409,"position":1},"title":"5 T\u00e9cnicas Efectivas para Mostrar un Lenguaje Corporal Poderoso | Oratoria y Lenguaje No Verbal","author":"Victor Toscano T V","date":"03\/07\/2017","format":false,"excerpt":"T\u00e9cnicas de oratoria para mostrar un lenguaje corporal poderoso | Como hablar bien en p\u00fablico con estas clases de oratoria, comunicaci\u00f3n corporal y lenguaje no verbal... \u00bb Mira el VIDEO Aqu\u00ed: \u00bb Suscr\u00edbete en Youtube: http:\/\/victor-toscano.com\/youtube \u00bb M\u00e1s videos de Oratoria:\u00a0https:\/\/tecnicashablarenpublico.com 5 T\u00e9cnicas Efectivas para Mostrar un Lenguaje Corporal Poderoso.\u2026","rel":"","context":"En \u00abT\u00e9cnicas Para Hablar En P\u00fablico\u00bb","block_context":{"text":"T\u00e9cnicas Para Hablar En P\u00fablico","link":"https:\/\/tecnicashablarenpublico.com\/blog\/category\/tecnicas-para-hablar-en-publico\/"},"img":{"alt_text":"","src":"https:\/\/i0.wp.com\/optimizacionpaginasmedia.s3.amazonaws.com\/2023\/06\/6WKVm59k-lenguaje-corporal-copia-min.png?fit=500%2C281&ssl=1&resize=350%2C200","width":350,"height":200},"classes":[]},{"id":2309,"url":"https:\/\/tecnicashablarenpublico.com\/blog\/oratoria-cursos-para-hablar-en-publico-como-hablar-bien\/","url_meta":{"origin":2409,"position":2},"title":"ORATORIA: C\u00f3mo Hablar Correctamente y Perder el Miedo Esc\u00e9nico | Cursos Para Hablar En P\u00fablico","author":"Victor Toscano T V","date":"26\/06\/2016","format":false,"excerpt":"Cursos para Hablar en P\u00fablico (curso de ORATORIA gratis): C\u00f3mo hablar correctamente y perder el miedo a hablar en p\u00fablico, tips y clases de oratoria | Errores al hablar en p\u00fablico... \u00bb Mira el VIDEO Aqu\u00ed: \u00bb Suscr\u00edbete en Youtube: http:\/\/victor-toscano.com\/youtube \u00bb M\u00e1s videos de Oratoria:\u00a0https:\/\/tecnicashablarenpublico.com 5 Errores Fatales de\u2026","rel":"","context":"En \u00abT\u00e9cnicas Para Hablar En P\u00fablico\u00bb","block_context":{"text":"T\u00e9cnicas Para Hablar En P\u00fablico","link":"https:\/\/tecnicashablarenpublico.com\/blog\/category\/tecnicas-para-hablar-en-publico\/"},"img":{"alt_text":"","src":"https:\/\/i0.wp.com\/optimizacionpaginasmedia.s3.amazonaws.com\/2023\/06\/wZSSx5OA-maxresdefault-copia-min.png?fit=500%2C281&ssl=1&resize=350%2C200","width":350,"height":200},"classes":[]},{"id":2292,"url":"https:\/\/tecnicashablarenpublico.com\/blog\/como-ser-un-buen-orador-tecnicas-de-oratoria-para-ser-un-conferencista\/","url_meta":{"origin":2409,"position":3},"title":"C\u00f3mo Ser Un Buen Orador: 5 T\u00e9cnicas de Oratoria Para Ser un Conferencista Positivo y Motivador","author":"Victor Toscano T V","date":"14\/05\/2016","format":false,"excerpt":"C\u00f3mo Ser Un Buen Orador\u00a0\u2014 Aprende las t\u00e9cnicas de oratoria: C\u00f3mo ser un conferencista motivacional famoso y motivador | Clases de Oratoria... \u00bb Mira el VIDEO Aqu\u00ed: \u00bb Suscr\u00edbete en Youtube: http:\/\/victor-toscano.com\/youtube \u00bb M\u00e1s videos de Oratoria:\u00a0https:\/\/tecnicashablarenpublico.com Si quieres lograr un cambio positivo, s\u00e9 un conferencista positivo. \u201cDebido a que\u2026","rel":"","context":"En \u00abCurso de Oratoria Online\u00bb","block_context":{"text":"Curso de Oratoria Online","link":"https:\/\/tecnicashablarenpublico.com\/blog\/category\/curso-de-oratoria-online\/"},"img":{"alt_text":"","src":"https:\/\/i0.wp.com\/optimizacionpaginasmedia.s3.amazonaws.com\/2023\/06\/f5p5D0li-3maxresdefault-copia-min.png?fit=500%2C281&ssl=1&resize=350%2C200","width":350,"height":200},"classes":[]},{"id":951,"url":"https:\/\/tecnicashablarenpublico.com\/blog\/curso-de-oratoria-gratis-aprendiendo-a-hablar-en-publico\/","url_meta":{"origin":2409,"position":4},"title":"Curso De Oratoria GRATIS &#8211; Aprendiendo A Hablar En P\u00fablico","author":"Victor Toscano T V","date":"14\/02\/2013","format":false,"excerpt":"Hace aproximadamente un mes decid\u00ed grabar 4 VIDEOS donde explico varias t\u00e9cnicas para Hablar en P\u00fablico... Aunque originalmente ten\u00eda pensado ponerlos a la venta como parte de mi nuevo curso de oratoria online, decid\u00ed permitir el acceso Gratis a ellos. Para mi sorpresa, fueron todo un \u00c9xito cuando los publiqu\u00e9\u2026","rel":"","context":"En \u00abAprender a Hablar en Publico\u00bb","block_context":{"text":"Aprender a Hablar en Publico","link":"https:\/\/tecnicashablarenpublico.com\/blog\/category\/aprender-a-hablar-en-publico\/"},"img":{"alt_text":"Curso De Oratoria GRATIS - Aprendiendo A Hablar En P\u00fablico","src":"https:\/\/i0.wp.com\/optimizacionpaginasmedia.s3.amazonaws.com\/2020\/05\/curso-de-oratoria-gratis-aprender-a-hablar-en-publico.jpg?fit=900%2C550&ssl=1&resize=350%2C200","width":350,"height":200,"srcset":"https:\/\/i0.wp.com\/optimizacionpaginasmedia.s3.amazonaws.com\/2020\/05\/curso-de-oratoria-gratis-aprender-a-hablar-en-publico.jpg?fit=900%2C550&ssl=1&resize=350%2C200 1x, https:\/\/i0.wp.com\/optimizacionpaginasmedia.s3.amazonaws.com\/2020\/05\/curso-de-oratoria-gratis-aprender-a-hablar-en-publico.jpg?fit=900%2C550&ssl=1&resize=525%2C300 1.5x, https:\/\/i0.wp.com\/optimizacionpaginasmedia.s3.amazonaws.com\/2020\/05\/curso-de-oratoria-gratis-aprender-a-hablar-en-publico.jpg?fit=900%2C550&ssl=1&resize=700%2C400 2x"},"classes":[]},{"id":1240,"url":"https:\/\/tecnicashablarenpublico.com\/blog\/curso-como-hablar-en-publico-en-guadalajara-mexico-taller-presencial\/","url_meta":{"origin":2409,"position":5},"title":"Curso Como Hablar en P\u00fablico en Guadalajara, M\u00e9xico (TALLER PRESENCIAL) &#8211; Te Enviamos Capacitaci\u00f3n","author":"Victor Toscano T V","date":"03\/06\/2013","format":false,"excerpt":"\u00bfTe gustar\u00eda Aprender a Hablar en P\u00fablico y Conseguir un Mejor Trabajo?\u00bfNecesitas un Curso de Comunicaci\u00f3n para los Empleados de tu Empresa?\u00bfQuieres Aprender a Usar Mejor tu Voz y Proyectar Seguridad y Convicci\u00f3n? Curso-Taller: \u201cComunicaci\u00f3n Efectiva\u201d Este curso tiene como objetivo ayudar en el desarrollo de habilidades efectivas de comunicaci\u00f3n\u2026","rel":"","context":"En \u00abComo Hablar en Publico\u00bb","block_context":{"text":"Como Hablar en Publico","link":"https:\/\/tecnicashablarenpublico.com\/blog\/category\/como-hablar-en-publico-2\/"},"img":{"alt_text":"CURSO: Como Hablar en P\u00fablico en Guadalajara, M\u00e9xico (taller presencial de comunicaci\u00f3n efectiva)","src":"https:\/\/i0.wp.com\/optimizacionpaginasmedia.s3.amazonaws.com\/2020\/05\/curso-como-hablar-en-publico-en-guadalajara-mexico-taller-presencial-1.jpg?fit=900%2C550&ssl=1&resize=350%2C200","width":350,"height":200,"srcset":"https:\/\/i0.wp.com\/optimizacionpaginasmedia.s3.amazonaws.com\/2020\/05\/curso-como-hablar-en-publico-en-guadalajara-mexico-taller-presencial-1.jpg?fit=900%2C550&ssl=1&resize=350%2C200 1x, https:\/\/i0.wp.com\/optimizacionpaginasmedia.s3.amazonaws.com\/2020\/05\/curso-como-hablar-en-publico-en-guadalajara-mexico-taller-presencial-1.jpg?fit=900%2C550&ssl=1&resize=525%2C300 1.5x, https:\/\/i0.wp.com\/optimizacionpaginasmedia.s3.amazonaws.com\/2020\/05\/curso-como-hablar-en-publico-en-guadalajara-mexico-taller-presencial-1.jpg?fit=900%2C550&ssl=1&resize=700%2C400 2x"},"classes":[]}],"jetpack_sharing_enabled":true,"_links":{"self":[{"href":"https:\/\/tecnicashablarenpublico.com\/blog\/wp-json\/wp\/v2\/posts\/2409","targetHints":{"allow":["GET"]}}],"collection":[{"href":"https:\/\/tecnicashablarenpublico.com\/blog\/wp-json\/wp\/v2\/posts"}],"about":[{"href":"https:\/\/tecnicashablarenpublico.com\/blog\/wp-json\/wp\/v2\/types\/post"}],"author":[{"embeddable":true,"href":"https:\/\/tecnicashablarenpublico.com\/blog\/wp-json\/wp\/v2\/users\/1"}],"replies":[{"embeddable":true,"href":"https:\/\/tecnicashablarenpublico.com\/blog\/wp-json\/wp\/v2\/comments?post=2409"}],"version-history":[{"count":0,"href":"https:\/\/tecnicashablarenpublico.com\/blog\/wp-json\/wp\/v2\/posts\/2409\/revisions"}],"wp:featuredmedia":[{"embeddable":true,"href":"https:\/\/tecnicashablarenpublico.com\/blog\/wp-json\/wp\/v2\/media\/2919"}],"wp:attachment":[{"href":"https:\/\/tecnicashablarenpublico.com\/blog\/wp-json\/wp\/v2\/media?parent=2409"}],"wp:term":[{"taxonomy":"category","embeddable":true,"href":"https:\/\/tecnicashablarenpublico.com\/blog\/wp-json\/wp\/v2\/categories?post=2409"},{"taxonomy":"post_tag","embeddable":true,"href":"https:\/\/tecnicashablarenpublico.com\/blog\/wp-json\/wp\/v2\/tags?post=2409"}],"curies":[{"name":"wp","href":"https:\/\/api.w.org\/{rel}","templated":true}]}}