{"id":2403,"date":"2017-08-29T14:56:49","date_gmt":"2017-08-29T20:56:49","guid":{"rendered":"https:\/\/tecnicashablarenpublico.com\/blog\/?p=2403"},"modified":"2020-05-12T15:19:10","modified_gmt":"2020-05-12T21:19:10","slug":"como-preparar-una-presentacion-profesional-dia-2","status":"publish","type":"post","link":"https:\/\/tecnicashablarenpublico.com\/blog\/como-preparar-una-presentacion-profesional-dia-2\/","title":{"rendered":"[2 de 3] Prepara tu Presentaci\u00f3n Profesional en 3 D\u00cdAS | C\u00f3mo Escribir y Estructurar Tu Presentaci\u00f3n"},"content":{"rendered":"\n<p><em>[Video 2 de 3] C\u00f3mo Preparar una Presentaci\u00f3n Profesional en 3 D\u00cdAS | C\u00f3mo escribir y estructurar una presentaci\u00f3n o discurso | Curso de Oratoria &#8211; Ejemplos de c\u00f3mo Hablar en P\u00fablico&#8230;<\/em><\/p>\n\n\n\n<figure class=\"wp-block-embed-youtube wp-block-embed is-type-video is-provider-youtube wp-embed-aspect-16-9 wp-has-aspect-ratio\"><div class=\"wp-block-embed__wrapper\">\n<span class=\"embed-youtube\" style=\"text-align:center; display: block;\"><iframe class=\"youtube-player lazyload\" width=\"640\" height=\"360\" data-src=\"https:\/\/www.youtube.com\/embed\/PFG6KlVHygs?version=3&#038;rel=1&#038;showsearch=0&#038;showinfo=1&#038;iv_load_policy=1&#038;fs=1&#038;hl=es-ES&#038;autohide=2&#038;wmode=transparent\" allowfullscreen=\"true\" style=\"border:0;\" sandbox=\"allow-scripts allow-same-origin allow-popups allow-presentation allow-popups-to-escape-sandbox\"><\/iframe><\/span>\n<\/div><\/figure>\n\n\n\n<p class=\"has-text-align-center\"><em>\u00bb <a rel=\"noreferrer noopener\" href=\"https:\/\/www.youtube.com\/user\/mejorarlaautoestima\" target=\"_blank\">Suscr\u00edbete en Youtube<\/a><\/em><\/p>\n\n\n\n<!--more-->\n\n\n\n<p class=\"has-text-align-center\"><strong>Descarga el PDF:<\/strong><br><a href=\"https:\/\/tecnicashablarenpublico.com\/pdf-presentacion-3-dias-2\">https:\/\/tecnicashablarenpublico.com\/pdf-presentacion-3-dias-2<\/a><\/p>\n\n\n\n<h2 class=\"has-text-align-center wp-block-heading\"><b>[2 de 3] C\u00f3mo Preparar una Presentaci\u00f3n Profesional en 3 D\u00cdAS | C\u00f3mo Escribir y Estructurar Tu Presentaci\u00f3n.<\/b><\/h2>\n\n\n\n<p>S\u00ed ya viste el video anterior, ya debiste haber delimitado el tema del que vas a hablar, ya debiste haberlo adecuado al p\u00fablico espec\u00edfico que te escuchar\u00e1, y debiste haber investigado y colectado algo de informaci\u00f3n, muy bien.<\/p>\n\n\n\n<p>Qu\u00e9date con nosotros porque en este video 2 de esta serie de 3, veremos las t\u00e9cnicas que vas a utilizar para escribir y estructurar tu presentaci\u00f3n correctamente.<\/p>\n\n\n\n<h3 class=\"wp-block-heading\">Muy bien, entonces ya tienes bastante informaci\u00f3n sobre tu tema&#8230;<\/h3>\n\n\n\n<p>Pero si la presentas en la misma forma en que la encontraste va a sonar aburrida, como si estuvieras leyendo un libro de texto en voz alta. Sin embargo, si t\u00fa te tomas el tiempo para entender y presentar esa informaci\u00f3n que investigaste de una manera m\u00e1s din\u00e1mica, aprender\u00e1s m\u00e1s sobre el tema y te ser\u00e1 m\u00e1s f\u00e1cil compartir la informaci\u00f3n con las personas que te escuchen.<\/p>\n\n\n\n<p>Desafortunadamente es muy com\u00fan que las personas empiecen con la definici\u00f3n formal o con los antecedentes hist\u00f3ricos del concepto a tratar. Por favor evita hacer eso ya que le resta entusiasmo e impacto a tu presentaci\u00f3n. Ver\u00e1s, el momento justo en el que inicias una presentaci\u00f3n, es un momento crucial, porque ah\u00ed es cuando tu p\u00fablico contestar\u00e1 algunas preguntas importantes sobre el discurso que est\u00e1s a punto de iniciar en tan s\u00f3lo unos cuantos segundos.<\/p>\n\n\n\n<p>Una de estas preguntas es: \u00bfEste conferencista siente confianza en s\u00ed mismo, si o no? Esta pregunta se da porque el p\u00fablico te escucha y observa tu lenguaje corporal. Y por lo general, cuando t\u00fa preparas y practicas adecuadamente tu tema, tu lenguaje corporal demuestra esa confianza que sientes en ti mismo.<\/p>\n\n\n\n<p>La siguiente pregunta que se hacen es: \u00bfEste tema suena interesante o no? Esto es debido a que tus primeras palabras le dan una idea a tu p\u00fablico de qu\u00e9 tan buen material has preparado. Por ejemplo, una presentaci\u00f3n que inicia con la definici\u00f3n del diccionario sobre la memoria es trillada y com\u00fan. Mientras que una que inicia con una historia, el resultado de una investigaci\u00f3n o un dato curioso relacionado con el tema de la memoria tiene m\u00e1s posibilidades de atrapar la atenci\u00f3n del p\u00fablico.<\/p>\n\n\n\n<p>Si t\u00fa logras obtener la aprobaci\u00f3n de tu p\u00fablico en estos dos puntos cr\u00edticos, iniciar\u00e1s con un sentimiento similar al que experimenta el capit\u00e1n de un equipo de f\u00fatbol al comenzar el partido final por el campeonato, llevando una ventaja de dos goles a cero del partido de ida.<\/p>\n\n\n\n<p>De este principio nace la idea de que al escribir y estructurar adecuadamente tu presentaci\u00f3n te sentir\u00e1s preparado para triunfar. As\u00ed que veamos las t\u00e9cnicas que vas a aplicar.<\/p>\n\n\n\n<h3 class=\"wp-block-heading\">Adapta tu tema a una estructura.<\/h3>\n\n\n\n<p>A continuaci\u00f3n te mostramos en pantalla la plantilla b\u00e1sica de una presentaci\u00f3n que nosotros utilizamos para escribir nuestros videos.<\/p>\n\n\n\n<p>Esta estructura se compone de la apertura, el desarrollo y el cierre. En la apertura vas a escribir tus primeras palabras, que pueden ser una frase, una historia, una an\u00e9cdota o un dato curioso. Este primer p\u00e1rrafo de tu presentaci\u00f3n tiene que ser muy preciso y debes escribirlo teniendo en mente que lo vas a memorizar, de manera que puedas pronunciar tus primeras palabras frente al p\u00fablico con total seguridad.<\/p>\n\n\n\n<p>Despu\u00e9s tenemos el saludo al p\u00fablico, el cual debes omitir si alguien m\u00e1s ya te present\u00f3. De lo contrario s\u00f3lo di tu nombre y el t\u00edtulo de tu presentaci\u00f3n.<\/p>\n\n\n\n<p>Ahora vas a pasar a responder a la pregunta \u00bfQu\u00e9 es de lo que est\u00e1s hablando? y \u00bfPor qu\u00e9 es importante para el p\u00fablico escuchar esta informaci\u00f3n?<\/p>\n\n\n\n<p>En el desarrollo vas a anotar los tres puntos b\u00e1sicos que vas a explicar. Para decidir cu\u00e1les ser\u00e1n estos puntos responde a las preguntas: \u00bfQu\u00e9 deben saber que dicen los expertos sobre este tema? \u00bfQu\u00e9 quiero yo que recuerden sobre el tema? \u00bfC\u00f3mo pueden aplicar de manera pr\u00e1ctica este tema para resolver problemas?<\/p>\n\n\n\n<p>En el cierre vas a escribir una conclusi\u00f3n breve, y vas a redactar cuidadosamente tus \u00faltimas palabras conformadas por un solo llamado a tomar acci\u00f3n.<\/p>\n\n\n\n<h3 class=\"wp-block-heading\">Estructura b\u00e1sica de la presentaci\u00f3n:<\/h3>\n\n\n\n<ul class=\"wp-block-list\"><li><strong>APERTURA<\/strong>\n<ul>\n<li>Tus primeras palabras pueden ser una frase, historia, an\u00e9cdota o dato curioso, y lo entregaras de memoria.<\/li>\n<li>Saludo al p\u00fablico. (S\u00ed ya te presento alguien, continuar al siguiente punto, de otro modo decir nombre y t\u00edtulo de tu presentaci\u00f3n.)<\/li>\n<li>Informaci\u00f3n que responde a \u00bfQu\u00e9 es de lo que est\u00e1s hablando?<br>\u00bfPor qu\u00e9 es importante para el p\u00fablico escuchar esta informaci\u00f3n?<\/li>\n<\/ul>\n<\/li><li><strong>DESARROLLO<\/strong>\n<ul>\n<li>Tres puntos b\u00e1sicos a explicar.<\/li>\n<li>\u00bfQu\u00e9 deben saber que dicen los expertos sobre este tema?<\/li>\n<li>\u00bfQu\u00e9 quiero yo que recuerden sobre el tema?<\/li>\n<li>\u00bfC\u00f3mo pueden aplicar de manera pr\u00e1ctica este tema para resolver problemas?<\/li>\n<\/ul>\n<\/li><li><strong>CIERRE<\/strong>\n<ul>\n<li>Una conclusi\u00f3n breve.<\/li>\n<li>\u00daltimas palabras conformadas por un s\u00f3lo llamado a la acci\u00f3n.<\/li>\n<\/ul>\n<\/li><\/ul>\n\n\n\n<p><strong><a href=\"https:\/\/tecnicashablarenpublico.com\/pdf-presentacion-3-dias-2\">Haz click para descargar el la plantilla en PDF&#8230;<\/a><\/strong><\/p>\n\n\n\n<p>Retomando del video previo el ejemplo de la memoria, esta es la presentaci\u00f3n que Victor Toscano est\u00e1 dise\u00f1ando.<\/p>\n\n\n\n<p>Mis primeras palabras ser\u00e1n sobre un dato curioso relacionado a la competencia para estudiar la carrera de medicina en una universidad p\u00fablica. Voy a hacer un saludo al profesor y a mis compa\u00f1eros, y voy a decir mi nombre y el t\u00edtulo de mi presentaci\u00f3n. Entonces ya puedo pasar a dar una definici\u00f3n pr\u00e1ctica sobre: qu\u00e9 es la memoria, y les dar\u00e9 dos motivos por los que es importante para ellos escuchar esta informaci\u00f3n; el primero es la importancia de la competencia intelectual en el \u00e9xito profesional, y el segundo es la utilidad de la memoria para recordar nombres y datos importantes sobre nuestros seres queridos y las personas con las que interactuamos.<\/p>\n\n\n\n<p>En el desarrollo voy a responder a las preguntas clave de esta manera: les voy a presentar la investigaci\u00f3n y el art\u00edculo de George Miller en 1956 y les voy a decir que existe una competencia mundial de memoria. Despu\u00e9s voy a profundizar explicando que la mnemotecnia es un conjunto de t\u00e9cnicas de memorizaci\u00f3n basadas en la asociaci\u00f3n mental. Y voy a ense\u00f1arles c\u00f3mo aplicar una t\u00e9cnica para memorizar una lista de datos, tomada del libro \u201cc\u00f3mo adquirir una supermemoria\u201d de Harry Lorayne.<\/p>\n\n\n\n<p>Mi conclusi\u00f3n breve en el cierre ser\u00e1: La competencia intelectual va aumentando, por lo que es importante optimizar el uso de nuestra memoria para destacar. Y mi llamado a la acci\u00f3n va a ser: Empieza a explotar la capacidad de memorizaci\u00f3n que t\u00fa ya tienes.<\/p>\n\n\n\n<p><a href=\"https:\/\/tecnicashablarenpublico.com\/pdf-presentacion-3-dias-2\"><strong>Haz click para descargar el la plantilla en PDF&#8230;<\/strong><\/a><\/p>\n\n\n\n<p>Muy bien, entonces con la estructura establecida observa como V\u00edctor procede a escribir el discurso completo.<\/p>\n\n\n\n<p>En la introducci\u00f3n estas son las primeras palabras que voy a decir. Es un dato importante, impactante y real. Este es mi saludo al p\u00fablico. Esta es la informaci\u00f3n que responde a la pregunta \u00bfQu\u00e9 es de lo que est\u00e1s hablando? La memoria. Despu\u00e9s paso a decir por qu\u00e9 es importante para el p\u00fablico escuchar la informaci\u00f3n que tengo para ellos.<\/p>\n\n\n\n<p>En el desarrollo les presento el estudio cient\u00edfico llevado a cabo por George Miller en 1956 sobre los l\u00edmites de nuestra capacidad para procesar informaci\u00f3n.<br>Empiezo el desarrollo con la pregunta: \u00bfConsideras t\u00fa que tienes una buena memoria? \u00bfSabes el n\u00famero telef\u00f3nico de tu celular y el de las personas importantes para ti?<br>Les hablo sobre la competencia mundial de memoria que se realiza cada a\u00f1o y de c\u00f3mo los participantes son capaces de memorizar los rostros y nombres de 164 personas desconocidas en s\u00f3lo 15 minutos.<\/p>\n\n\n\n<p>Lo que considero m\u00e1s importante que recuerden de este tema es que existen t\u00e9cnicas pr\u00e1cticas de mnemotecnia basadas en la asociaci\u00f3n mental de la informaci\u00f3n a memorizar con datos que ya forman parte de nuestra memoria o de nuestra pr\u00e1ctica cotidiana. En ese momento les voy a presentar una t\u00e9cnica tomada del libro \u00abC\u00f3mo adquirir una supermemoria\u00bb, con la que podr\u00e1n recordar una lista espec\u00edfica de datos importantes.<\/p>\n\n\n\n<p>Finalmente, en el cierre les dar\u00e9 esta conclusi\u00f3n y lanzar\u00e9 mi \u00fanico llamado a la acci\u00f3n: \u00abAplica esta t\u00e9cnica de mnemotecnia\u00bb.<\/p>\n\n\n\n<p><a href=\"https:\/\/tecnicashablarenpublico.com\/pdf-presentacion-3-dias-2\"><strong>Haz click para descargar el discurso completo&#8230;<\/strong><\/a><\/p>\n\n\n\n<p>Muy bien. Entonces hasta aqu\u00ed ya tienes un discurso completo que est\u00e1 correctamente estructurado y listo para que pases a la siguiente etapa, la cual cubriremos en el pr\u00f3ximo video donde te vamos a explicar c\u00f3mo dise\u00f1ar las diapositivas para tu presentaci\u00f3n.<br>Tal vez una vez que tengas toda tu presentaci\u00f3n escrita, te parezca demasiada informaci\u00f3n para recordarla a la hora de presentarla.<\/p>\n\n\n\n<p>Pero no te preocupes mucho por esto en este momento. Sabemos que tienes el tiempo encima, y como menciona V\u00edctor, en el siguiente video, adem\u00e1s de preparar las diapositivas para tu presentaci\u00f3n, te vamos a ayudar a que te sea f\u00e1cil recordar lo que vas a decir con ayuda de la pr\u00e1ctica adecuada.<\/p>\n\n\n\n<p>En la descripci\u00f3n de este video puedes encontrar el enlace a la plantilla que V\u00edctor acaba de utilizar para preparar este tema. Desc\u00e1rgala para que comiences a escribir esa presentaci\u00f3n que tienes que entregar en unos cuantos d\u00edas. No esperes m\u00e1s y escribe hoy mismo tu presentaci\u00f3n.<\/p>\n\n\n\n<p class=\"has-text-align-center\"><em>\u201cEscribir es explorar. Empiezas de cero y aprendes en el camino.\u201d<\/em><br>\u2014 E. L. Doctorow<\/p>\n\n\n\n<p class=\"has-text-align-center\"><strong>Descarga el PDF:<\/strong><br><a href=\"https:\/\/tecnicashablarenpublico.com\/pdf-presentacion-3-dias-2\">https:\/\/tecnicashablarenpublico.com\/pdf-presentacion-3-dias-2<\/a><\/p>\n\n\n\n<p><a href=\"https:\/\/tecnicashablarenpublico.com\/detalles\/\"><span style=\"text-decoration: underline;\"><strong>Haz click aqu\u00ed para que descubras toda la informaci\u00f3n de nuestro curso avanzado&#8230;<\/strong><\/span><\/a><\/p>\n\n\n\n<p><strong>V\u00edctor Toscano y V\u00edctor P\u00e9re<\/strong><br> <a rel=\"noopener noreferrer\" href=\"https:\/\/tecnicashablarenpublico.com\/\" target=\"_blank\">TecnicasHablarEnPublico.com<\/a><\/p>\n\n\n\n<p><em><strong>P.D: Si te parece \u00fatil esta informaci\u00f3n, comparte esta p\u00e1gina\u00a0con tus amigos.<\/strong><\/em><strong>..<\/strong><\/p>\n","protected":false},"excerpt":{"rendered":"<p>[Video 2 de 3] C\u00f3mo Preparar una Presentaci\u00f3n Profesional en 3 D\u00cdAS | C\u00f3mo escribir y estructurar una presentaci\u00f3n o discurso | Curso de Oratoria &#8211; Ejemplos de c\u00f3mo Hablar en P\u00fablico&#8230;<\/p>\n","protected":false},"author":1,"featured_media":2745,"comment_status":"open","ping_status":"closed","sticky":false,"template":"","format":"standard","meta":{"jetpack_post_was_ever_published":false,"_jetpack_newsletter_access":"","_jetpack_dont_email_post_to_subs":false,"_jetpack_newsletter_tier_id":0,"_jetpack_memberships_contains_paywalled_content":false,"_jetpack_memberships_contains_paid_content":false,"footnotes":"","jetpack_publicize_message":"","jetpack_publicize_feature_enabled":true,"jetpack_social_post_already_shared":true,"jetpack_social_options":{"image_generator_settings":{"template":"highway","default_image_id":0,"font":"","enabled":false},"version":2}},"categories":[3],"tags":[],"class_list":["post-2403","post","type-post","status-publish","format-standard","has-post-thumbnail","hentry","category-tecnicas-para-hablar-en-publico","post-wrapper","thrv_wrapper"],"yoast_head":"<!-- This site is optimized with the Yoast SEO plugin v27.5 - https:\/\/yoast.com\/product\/yoast-seo-wordpress\/ -->\n<title>[2 de 3] Prepara tu Presentaci\u00f3n Profesional en 3 D\u00cdAS | C\u00f3mo Escribir y Estructurar Tu Presentaci\u00f3n - TecnicasHablarEnPublico.Com<\/title>\n<meta name=\"robots\" content=\"index, follow, max-snippet:-1, max-image-preview:large, max-video-preview:-1\" \/>\n<link rel=\"canonical\" href=\"https:\/\/tecnicashablarenpublico.com\/blog\/como-preparar-una-presentacion-profesional-dia-2\/\" \/>\n<meta property=\"og:locale\" content=\"es_ES\" \/>\n<meta property=\"og:type\" content=\"article\" \/>\n<meta property=\"og:title\" content=\"[2 de 3] Prepara tu Presentaci\u00f3n Profesional en 3 D\u00cdAS | C\u00f3mo Escribir y Estructurar Tu Presentaci\u00f3n - TecnicasHablarEnPublico.Com\" \/>\n<meta property=\"og:description\" content=\"[Video 2 de 3] C\u00f3mo Preparar una Presentaci\u00f3n Profesional en 3 D\u00cdAS | C\u00f3mo escribir y estructurar una presentaci\u00f3n o discurso | Curso de Oratoria &#8211; Ejemplos de c\u00f3mo Hablar en P\u00fablico&#8230;\" \/>\n<meta property=\"og:url\" content=\"https:\/\/tecnicashablarenpublico.com\/blog\/como-preparar-una-presentacion-profesional-dia-2\/\" \/>\n<meta property=\"og:site_name\" content=\"TecnicasHablarEnPublico.Com\" \/>\n<meta property=\"article:publisher\" content=\"https:\/\/www.facebook.com\/VictorToscanoOficial\/\" \/>\n<meta property=\"article:author\" content=\"https:\/\/www.facebook.com\/victortoscanooficial\" \/>\n<meta property=\"article:published_time\" content=\"2017-08-29T20:56:49+00:00\" \/>\n<meta property=\"article:modified_time\" content=\"2020-05-12T21:19:10+00:00\" \/>\n<meta property=\"og:image\" content=\"https:\/\/i1.wp.com\/optimizacionpaginasmedia.s3.amazonaws.com\/2020\/05\/como-escribir-y-preparar-una-presentacion.jpg?fit=900%2C550&ssl=1\" \/>\n\t<meta property=\"og:image:width\" content=\"900\" \/>\n\t<meta property=\"og:image:height\" content=\"550\" \/>\n\t<meta property=\"og:image:type\" content=\"image\/jpeg\" \/>\n<meta name=\"author\" content=\"Victor Toscano T V\" \/>\n<meta name=\"twitter:card\" content=\"summary_large_image\" \/>\n<meta name=\"twitter:creator\" content=\"@_victortoscano\" \/>\n<meta name=\"twitter:label1\" content=\"Escrito por\" \/>\n\t<meta name=\"twitter:data1\" content=\"Victor Toscano T V\" \/>\n\t<meta name=\"twitter:label2\" content=\"Tiempo de lectura\" \/>\n\t<meta name=\"twitter:data2\" content=\"9 minutos\" \/>\n<script type=\"application\/ld+json\" class=\"yoast-schema-graph\">{\"@context\":\"https:\\\/\\\/schema.org\",\"@graph\":[{\"@type\":\"Article\",\"@id\":\"https:\\\/\\\/tecnicashablarenpublico.com\\\/blog\\\/como-preparar-una-presentacion-profesional-dia-2\\\/#article\",\"isPartOf\":{\"@id\":\"https:\\\/\\\/tecnicashablarenpublico.com\\\/blog\\\/como-preparar-una-presentacion-profesional-dia-2\\\/\"},\"author\":{\"name\":\"Victor Toscano T V\",\"@id\":\"https:\\\/\\\/tecnicashablarenpublico.com\\\/blog\\\/#\\\/schema\\\/person\\\/f6a96b9bb773de8f08f84e4d6e6cf28f\"},\"headline\":\"[2 de 3] Prepara tu Presentaci\u00f3n Profesional en 3 D\u00cdAS | C\u00f3mo Escribir y Estructurar Tu Presentaci\u00f3n\",\"datePublished\":\"2017-08-29T20:56:49+00:00\",\"dateModified\":\"2020-05-12T21:19:10+00:00\",\"mainEntityOfPage\":{\"@id\":\"https:\\\/\\\/tecnicashablarenpublico.com\\\/blog\\\/como-preparar-una-presentacion-profesional-dia-2\\\/\"},\"wordCount\":1767,\"commentCount\":5446,\"publisher\":{\"@id\":\"https:\\\/\\\/tecnicashablarenpublico.com\\\/blog\\\/#organization\"},\"image\":{\"@id\":\"https:\\\/\\\/tecnicashablarenpublico.com\\\/blog\\\/como-preparar-una-presentacion-profesional-dia-2\\\/#primaryimage\"},\"thumbnailUrl\":\"https:\\\/\\\/i0.wp.com\\\/optimizacionpaginasmedia.s3.amazonaws.com\\\/2020\\\/05\\\/como-escribir-y-preparar-una-presentacion.jpg?fit=900%2C550&ssl=1\",\"articleSection\":[\"T\u00e9cnicas Para Hablar En P\u00fablico\"],\"inLanguage\":\"es\"},{\"@type\":\"WebPage\",\"@id\":\"https:\\\/\\\/tecnicashablarenpublico.com\\\/blog\\\/como-preparar-una-presentacion-profesional-dia-2\\\/\",\"url\":\"https:\\\/\\\/tecnicashablarenpublico.com\\\/blog\\\/como-preparar-una-presentacion-profesional-dia-2\\\/\",\"name\":\"[2 de 3] Prepara tu Presentaci\u00f3n Profesional en 3 D\u00cdAS | C\u00f3mo Escribir y Estructurar Tu Presentaci\u00f3n - TecnicasHablarEnPublico.Com\",\"isPartOf\":{\"@id\":\"https:\\\/\\\/tecnicashablarenpublico.com\\\/blog\\\/#website\"},\"primaryImageOfPage\":{\"@id\":\"https:\\\/\\\/tecnicashablarenpublico.com\\\/blog\\\/como-preparar-una-presentacion-profesional-dia-2\\\/#primaryimage\"},\"image\":{\"@id\":\"https:\\\/\\\/tecnicashablarenpublico.com\\\/blog\\\/como-preparar-una-presentacion-profesional-dia-2\\\/#primaryimage\"},\"thumbnailUrl\":\"https:\\\/\\\/i0.wp.com\\\/optimizacionpaginasmedia.s3.amazonaws.com\\\/2020\\\/05\\\/como-escribir-y-preparar-una-presentacion.jpg?fit=900%2C550&ssl=1\",\"datePublished\":\"2017-08-29T20:56:49+00:00\",\"dateModified\":\"2020-05-12T21:19:10+00:00\",\"breadcrumb\":{\"@id\":\"https:\\\/\\\/tecnicashablarenpublico.com\\\/blog\\\/como-preparar-una-presentacion-profesional-dia-2\\\/#breadcrumb\"},\"inLanguage\":\"es\",\"potentialAction\":[{\"@type\":\"ReadAction\",\"target\":[\"https:\\\/\\\/tecnicashablarenpublico.com\\\/blog\\\/como-preparar-una-presentacion-profesional-dia-2\\\/\"]}]},{\"@type\":\"ImageObject\",\"inLanguage\":\"es\",\"@id\":\"https:\\\/\\\/tecnicashablarenpublico.com\\\/blog\\\/como-preparar-una-presentacion-profesional-dia-2\\\/#primaryimage\",\"url\":\"https:\\\/\\\/i0.wp.com\\\/optimizacionpaginasmedia.s3.amazonaws.com\\\/2020\\\/05\\\/como-escribir-y-preparar-una-presentacion.jpg?fit=900%2C550&ssl=1\",\"contentUrl\":\"https:\\\/\\\/i0.wp.com\\\/optimizacionpaginasmedia.s3.amazonaws.com\\\/2020\\\/05\\\/como-escribir-y-preparar-una-presentacion.jpg?fit=900%2C550&ssl=1\",\"width\":900,\"height\":550,\"caption\":\"Como escribir y preparar una presentaci\u00f3n\"},{\"@type\":\"BreadcrumbList\",\"@id\":\"https:\\\/\\\/tecnicashablarenpublico.com\\\/blog\\\/como-preparar-una-presentacion-profesional-dia-2\\\/#breadcrumb\",\"itemListElement\":[{\"@type\":\"ListItem\",\"position\":1,\"name\":\"Portada\",\"item\":\"https:\\\/\\\/tecnicashablarenpublico.com\\\/blog\\\/\"},{\"@type\":\"ListItem\",\"position\":2,\"name\":\"[2 de 3] Prepara tu Presentaci\u00f3n Profesional en 3 D\u00cdAS | C\u00f3mo Escribir y Estructurar Tu Presentaci\u00f3n\"}]},{\"@type\":\"WebSite\",\"@id\":\"https:\\\/\\\/tecnicashablarenpublico.com\\\/blog\\\/#website\",\"url\":\"https:\\\/\\\/tecnicashablarenpublico.com\\\/blog\\\/\",\"name\":\"TecnicasHablarEnPublico.Com\",\"description\":\"Blog\",\"publisher\":{\"@id\":\"https:\\\/\\\/tecnicashablarenpublico.com\\\/blog\\\/#organization\"},\"potentialAction\":[{\"@type\":\"SearchAction\",\"target\":{\"@type\":\"EntryPoint\",\"urlTemplate\":\"https:\\\/\\\/tecnicashablarenpublico.com\\\/blog\\\/?s={search_term_string}\"},\"query-input\":{\"@type\":\"PropertyValueSpecification\",\"valueRequired\":true,\"valueName\":\"search_term_string\"}}],\"inLanguage\":\"es\"},{\"@type\":\"Organization\",\"@id\":\"https:\\\/\\\/tecnicashablarenpublico.com\\\/blog\\\/#organization\",\"name\":\"TecnicasHablarEnPublico\",\"url\":\"https:\\\/\\\/tecnicashablarenpublico.com\\\/blog\\\/\",\"logo\":{\"@type\":\"ImageObject\",\"inLanguage\":\"es\",\"@id\":\"https:\\\/\\\/tecnicashablarenpublico.com\\\/blog\\\/#\\\/schema\\\/logo\\\/image\\\/\",\"url\":\"https:\\\/\\\/i0.wp.com\\\/tecnicashablarenpublico.com\\\/blog\\\/wp-content\\\/uploads\\\/2014\\\/11\\\/logo_cuadrado.png?fit=286%2C255&ssl=1\",\"contentUrl\":\"https:\\\/\\\/i0.wp.com\\\/tecnicashablarenpublico.com\\\/blog\\\/wp-content\\\/uploads\\\/2014\\\/11\\\/logo_cuadrado.png?fit=286%2C255&ssl=1\",\"width\":286,\"height\":255,\"caption\":\"TecnicasHablarEnPublico\"},\"image\":{\"@id\":\"https:\\\/\\\/tecnicashablarenpublico.com\\\/blog\\\/#\\\/schema\\\/logo\\\/image\\\/\"},\"sameAs\":[\"https:\\\/\\\/www.facebook.com\\\/VictorToscanoOficial\\\/\"]},{\"@type\":\"Person\",\"@id\":\"https:\\\/\\\/tecnicashablarenpublico.com\\\/blog\\\/#\\\/schema\\\/person\\\/f6a96b9bb773de8f08f84e4d6e6cf28f\",\"name\":\"Victor Toscano T V\",\"image\":{\"@type\":\"ImageObject\",\"inLanguage\":\"es\",\"@id\":\"https:\\\/\\\/secure.gravatar.com\\\/avatar\\\/e45c6f1f2986615bd1357fd094a24ab45a2ce7ca867817458fbebca30cd78e46?s=96&d=mm&r=g\",\"url\":\"https:\\\/\\\/secure.gravatar.com\\\/avatar\\\/e45c6f1f2986615bd1357fd094a24ab45a2ce7ca867817458fbebca30cd78e46?s=96&d=mm&r=g\",\"contentUrl\":\"https:\\\/\\\/secure.gravatar.com\\\/avatar\\\/e45c6f1f2986615bd1357fd094a24ab45a2ce7ca867817458fbebca30cd78e46?s=96&d=mm&r=g\",\"caption\":\"Victor Toscano T V\"},\"description\":\"Un apasionado en el tema de Hablar en P\u00fablico y el Crecimiento Personal, que pas\u00f3 de \\\"t\u00edmido\\\" a Conferencista Internacional en menos de dos a\u00f1os.\",\"sameAs\":[\"http:\\\/\\\/www.tecnicashablarenpublico.com\",\"https:\\\/\\\/www.facebook.com\\\/victortoscanooficial\",\"http:\\\/\\\/mx.linkedin.com\\\/in\\\/victortoscano\\\/\",\"http:\\\/\\\/www.pinterest.com\\\/victortoscano\\\/\",\"https:\\\/\\\/x.com\\\/_victortoscano\",\"http:\\\/\\\/victortoscano.com.mx\\\/youtube\"],\"url\":\"https:\\\/\\\/tecnicashablarenpublico.com\\\/blog\\\/author\\\/vict26\\\/\"}]}<\/script>\n<!-- \/ Yoast SEO plugin. -->","yoast_head_json":{"title":"[2 de 3] Prepara tu Presentaci\u00f3n Profesional en 3 D\u00cdAS | C\u00f3mo Escribir y Estructurar Tu Presentaci\u00f3n - TecnicasHablarEnPublico.Com","robots":{"index":"index","follow":"follow","max-snippet":"max-snippet:-1","max-image-preview":"max-image-preview:large","max-video-preview":"max-video-preview:-1"},"canonical":"https:\/\/tecnicashablarenpublico.com\/blog\/como-preparar-una-presentacion-profesional-dia-2\/","og_locale":"es_ES","og_type":"article","og_title":"[2 de 3] Prepara tu Presentaci\u00f3n Profesional en 3 D\u00cdAS | C\u00f3mo Escribir y Estructurar Tu Presentaci\u00f3n - TecnicasHablarEnPublico.Com","og_description":"[Video 2 de 3] C\u00f3mo Preparar una Presentaci\u00f3n Profesional en 3 D\u00cdAS | C\u00f3mo escribir y estructurar una presentaci\u00f3n o discurso | Curso de Oratoria &#8211; Ejemplos de c\u00f3mo Hablar en P\u00fablico&#8230;","og_url":"https:\/\/tecnicashablarenpublico.com\/blog\/como-preparar-una-presentacion-profesional-dia-2\/","og_site_name":"TecnicasHablarEnPublico.Com","article_publisher":"https:\/\/www.facebook.com\/VictorToscanoOficial\/","article_author":"https:\/\/www.facebook.com\/victortoscanooficial","article_published_time":"2017-08-29T20:56:49+00:00","article_modified_time":"2020-05-12T21:19:10+00:00","og_image":[{"width":900,"height":550,"url":"https:\/\/i1.wp.com\/optimizacionpaginasmedia.s3.amazonaws.com\/2020\/05\/como-escribir-y-preparar-una-presentacion.jpg?fit=900%2C550&ssl=1","type":"image\/jpeg"}],"author":"Victor Toscano T V","twitter_card":"summary_large_image","twitter_creator":"@_victortoscano","twitter_misc":{"Escrito por":"Victor Toscano T V","Tiempo de lectura":"9 minutos"},"schema":{"@context":"https:\/\/schema.org","@graph":[{"@type":"Article","@id":"https:\/\/tecnicashablarenpublico.com\/blog\/como-preparar-una-presentacion-profesional-dia-2\/#article","isPartOf":{"@id":"https:\/\/tecnicashablarenpublico.com\/blog\/como-preparar-una-presentacion-profesional-dia-2\/"},"author":{"name":"Victor Toscano T V","@id":"https:\/\/tecnicashablarenpublico.com\/blog\/#\/schema\/person\/f6a96b9bb773de8f08f84e4d6e6cf28f"},"headline":"[2 de 3] Prepara tu Presentaci\u00f3n Profesional en 3 D\u00cdAS | C\u00f3mo Escribir y Estructurar Tu Presentaci\u00f3n","datePublished":"2017-08-29T20:56:49+00:00","dateModified":"2020-05-12T21:19:10+00:00","mainEntityOfPage":{"@id":"https:\/\/tecnicashablarenpublico.com\/blog\/como-preparar-una-presentacion-profesional-dia-2\/"},"wordCount":1767,"commentCount":5446,"publisher":{"@id":"https:\/\/tecnicashablarenpublico.com\/blog\/#organization"},"image":{"@id":"https:\/\/tecnicashablarenpublico.com\/blog\/como-preparar-una-presentacion-profesional-dia-2\/#primaryimage"},"thumbnailUrl":"https:\/\/i0.wp.com\/optimizacionpaginasmedia.s3.amazonaws.com\/2020\/05\/como-escribir-y-preparar-una-presentacion.jpg?fit=900%2C550&ssl=1","articleSection":["T\u00e9cnicas Para Hablar En P\u00fablico"],"inLanguage":"es"},{"@type":"WebPage","@id":"https:\/\/tecnicashablarenpublico.com\/blog\/como-preparar-una-presentacion-profesional-dia-2\/","url":"https:\/\/tecnicashablarenpublico.com\/blog\/como-preparar-una-presentacion-profesional-dia-2\/","name":"[2 de 3] Prepara tu Presentaci\u00f3n Profesional en 3 D\u00cdAS | C\u00f3mo Escribir y Estructurar Tu Presentaci\u00f3n - TecnicasHablarEnPublico.Com","isPartOf":{"@id":"https:\/\/tecnicashablarenpublico.com\/blog\/#website"},"primaryImageOfPage":{"@id":"https:\/\/tecnicashablarenpublico.com\/blog\/como-preparar-una-presentacion-profesional-dia-2\/#primaryimage"},"image":{"@id":"https:\/\/tecnicashablarenpublico.com\/blog\/como-preparar-una-presentacion-profesional-dia-2\/#primaryimage"},"thumbnailUrl":"https:\/\/i0.wp.com\/optimizacionpaginasmedia.s3.amazonaws.com\/2020\/05\/como-escribir-y-preparar-una-presentacion.jpg?fit=900%2C550&ssl=1","datePublished":"2017-08-29T20:56:49+00:00","dateModified":"2020-05-12T21:19:10+00:00","breadcrumb":{"@id":"https:\/\/tecnicashablarenpublico.com\/blog\/como-preparar-una-presentacion-profesional-dia-2\/#breadcrumb"},"inLanguage":"es","potentialAction":[{"@type":"ReadAction","target":["https:\/\/tecnicashablarenpublico.com\/blog\/como-preparar-una-presentacion-profesional-dia-2\/"]}]},{"@type":"ImageObject","inLanguage":"es","@id":"https:\/\/tecnicashablarenpublico.com\/blog\/como-preparar-una-presentacion-profesional-dia-2\/#primaryimage","url":"https:\/\/i0.wp.com\/optimizacionpaginasmedia.s3.amazonaws.com\/2020\/05\/como-escribir-y-preparar-una-presentacion.jpg?fit=900%2C550&ssl=1","contentUrl":"https:\/\/i0.wp.com\/optimizacionpaginasmedia.s3.amazonaws.com\/2020\/05\/como-escribir-y-preparar-una-presentacion.jpg?fit=900%2C550&ssl=1","width":900,"height":550,"caption":"Como escribir y preparar una presentaci\u00f3n"},{"@type":"BreadcrumbList","@id":"https:\/\/tecnicashablarenpublico.com\/blog\/como-preparar-una-presentacion-profesional-dia-2\/#breadcrumb","itemListElement":[{"@type":"ListItem","position":1,"name":"Portada","item":"https:\/\/tecnicashablarenpublico.com\/blog\/"},{"@type":"ListItem","position":2,"name":"[2 de 3] Prepara tu Presentaci\u00f3n Profesional en 3 D\u00cdAS | C\u00f3mo Escribir y Estructurar Tu Presentaci\u00f3n"}]},{"@type":"WebSite","@id":"https:\/\/tecnicashablarenpublico.com\/blog\/#website","url":"https:\/\/tecnicashablarenpublico.com\/blog\/","name":"TecnicasHablarEnPublico.Com","description":"Blog","publisher":{"@id":"https:\/\/tecnicashablarenpublico.com\/blog\/#organization"},"potentialAction":[{"@type":"SearchAction","target":{"@type":"EntryPoint","urlTemplate":"https:\/\/tecnicashablarenpublico.com\/blog\/?s={search_term_string}"},"query-input":{"@type":"PropertyValueSpecification","valueRequired":true,"valueName":"search_term_string"}}],"inLanguage":"es"},{"@type":"Organization","@id":"https:\/\/tecnicashablarenpublico.com\/blog\/#organization","name":"TecnicasHablarEnPublico","url":"https:\/\/tecnicashablarenpublico.com\/blog\/","logo":{"@type":"ImageObject","inLanguage":"es","@id":"https:\/\/tecnicashablarenpublico.com\/blog\/#\/schema\/logo\/image\/","url":"https:\/\/i0.wp.com\/tecnicashablarenpublico.com\/blog\/wp-content\/uploads\/2014\/11\/logo_cuadrado.png?fit=286%2C255&ssl=1","contentUrl":"https:\/\/i0.wp.com\/tecnicashablarenpublico.com\/blog\/wp-content\/uploads\/2014\/11\/logo_cuadrado.png?fit=286%2C255&ssl=1","width":286,"height":255,"caption":"TecnicasHablarEnPublico"},"image":{"@id":"https:\/\/tecnicashablarenpublico.com\/blog\/#\/schema\/logo\/image\/"},"sameAs":["https:\/\/www.facebook.com\/VictorToscanoOficial\/"]},{"@type":"Person","@id":"https:\/\/tecnicashablarenpublico.com\/blog\/#\/schema\/person\/f6a96b9bb773de8f08f84e4d6e6cf28f","name":"Victor Toscano T V","image":{"@type":"ImageObject","inLanguage":"es","@id":"https:\/\/secure.gravatar.com\/avatar\/e45c6f1f2986615bd1357fd094a24ab45a2ce7ca867817458fbebca30cd78e46?s=96&d=mm&r=g","url":"https:\/\/secure.gravatar.com\/avatar\/e45c6f1f2986615bd1357fd094a24ab45a2ce7ca867817458fbebca30cd78e46?s=96&d=mm&r=g","contentUrl":"https:\/\/secure.gravatar.com\/avatar\/e45c6f1f2986615bd1357fd094a24ab45a2ce7ca867817458fbebca30cd78e46?s=96&d=mm&r=g","caption":"Victor Toscano T V"},"description":"Un apasionado en el tema de Hablar en P\u00fablico y el Crecimiento Personal, que pas\u00f3 de \"t\u00edmido\" a Conferencista Internacional en menos de dos a\u00f1os.","sameAs":["http:\/\/www.tecnicashablarenpublico.com","https:\/\/www.facebook.com\/victortoscanooficial","http:\/\/mx.linkedin.com\/in\/victortoscano\/","http:\/\/www.pinterest.com\/victortoscano\/","https:\/\/x.com\/_victortoscano","http:\/\/victortoscano.com.mx\/youtube"],"url":"https:\/\/tecnicashablarenpublico.com\/blog\/author\/vict26\/"}]}},"jetpack_publicize_connections":[],"jetpack_featured_media_url":"https:\/\/i0.wp.com\/optimizacionpaginasmedia.s3.amazonaws.com\/2020\/05\/como-escribir-y-preparar-una-presentacion.jpg?fit=900%2C550&ssl=1","jetpack_shortlink":"https:\/\/wp.me\/p338RC-CL","jetpack-related-posts":[{"id":2129,"url":"https:\/\/tecnicashablarenpublico.com\/blog\/como-escribir-y-estructurar-un-discurso-de-oratoria-estructura-ejemplo-de-esquema\/","url_meta":{"origin":2403,"position":0},"title":"C\u00f3mo Escribir y Estructurar un Discurso de Oratoria | ESTRUCTURA: Ejemplo de Esquema","author":"Victor Toscano T V","date":"10\/02\/2015","format":false,"excerpt":"A continuaci\u00f3n aprender\u00e1s los 5 pasos que necesitas seguir para\u00a0Escribir un Discurso de Oratoria que sea s\u00f3lido, que tenga un mensaje de valor y que te ayude a lograr un gran impacto con tu presentaci\u00f3n... Pero antes quiero que conozcas la Herramienta de MAPAS MENTALES que yo utilizo: Si quieres\u2026","rel":"","context":"En \u00abT\u00e9cnicas Para Hablar En P\u00fablico\u00bb","block_context":{"text":"T\u00e9cnicas Para Hablar En P\u00fablico","link":"https:\/\/tecnicashablarenpublico.com\/blog\/category\/tecnicas-para-hablar-en-publico\/"},"img":{"alt_text":"C\u00f3mo Escribir y Estructurar un Discurso de Oratoria","src":"https:\/\/i0.wp.com\/optimizacionpaginasmedia.s3.amazonaws.com\/2020\/05\/como-escribir-y-estructurar-un-discurso-de-oratoria.jpg?fit=900%2C550&ssl=1&resize=350%2C200","width":350,"height":200,"srcset":"https:\/\/i0.wp.com\/optimizacionpaginasmedia.s3.amazonaws.com\/2020\/05\/como-escribir-y-estructurar-un-discurso-de-oratoria.jpg?fit=900%2C550&ssl=1&resize=350%2C200 1x, https:\/\/i0.wp.com\/optimizacionpaginasmedia.s3.amazonaws.com\/2020\/05\/como-escribir-y-estructurar-un-discurso-de-oratoria.jpg?fit=900%2C550&ssl=1&resize=525%2C300 1.5x, https:\/\/i0.wp.com\/optimizacionpaginasmedia.s3.amazonaws.com\/2020\/05\/como-escribir-y-estructurar-un-discurso-de-oratoria.jpg?fit=900%2C550&ssl=1&resize=700%2C400 2x"},"classes":[]},{"id":2398,"url":"https:\/\/tecnicashablarenpublico.com\/blog\/como-preparar-una-presentacion-profesional-dia-1\/","url_meta":{"origin":2403,"position":1},"title":"[1 de 3] Prepara una Presentaci\u00f3n Profesional en 3 D\u00cdAS | Delimita, Estructura e Investiga el Tema","author":"Victor Toscano T V","date":"22\/08\/2017","format":false,"excerpt":"[Video 1 de 3] C\u00f3mo Preparar una Presentaci\u00f3n Profesional en 3 D\u00cdAS | C\u00f3mo delimitar, estructurar e investigar el tema de tu presentaci\u00f3n | Curso de Oratoria - Ejemplos de c\u00f3mo Hablar en P\u00fablico... https:\/\/youtu.be\/wcXlDXUbnFM Descarga el PDF:https:\/\/tecnicashablarenpublico.com\/pdf-presentacion-3-dias-1 C\u00f3mo Preparar una Presentaci\u00f3n Profesional en 3 D\u00cdAS | Delimita, Estructura e\u2026","rel":"","context":"En \u00abT\u00e9cnicas Para Hablar En P\u00fablico\u00bb","block_context":{"text":"T\u00e9cnicas Para Hablar En P\u00fablico","link":"https:\/\/tecnicashablarenpublico.com\/blog\/category\/tecnicas-para-hablar-en-publico\/"},"img":{"alt_text":"Prepara una Presentaci\u00f3n Profesional en 3 D\u00cdAS, Delimita, Estructura e Investiga el Tema","src":"https:\/\/i0.wp.com\/optimizacionpaginasmedia.s3.amazonaws.com\/2020\/05\/preparar-una-presentacion-profesional-estructurar-investigar-el-tema.jpg?fit=1200%2C766&ssl=1&resize=350%2C200","width":350,"height":200,"srcset":"https:\/\/i0.wp.com\/optimizacionpaginasmedia.s3.amazonaws.com\/2020\/05\/preparar-una-presentacion-profesional-estructurar-investigar-el-tema.jpg?fit=1200%2C766&ssl=1&resize=350%2C200 1x, https:\/\/i0.wp.com\/optimizacionpaginasmedia.s3.amazonaws.com\/2020\/05\/preparar-una-presentacion-profesional-estructurar-investigar-el-tema.jpg?fit=1200%2C766&ssl=1&resize=525%2C300 1.5x, https:\/\/i0.wp.com\/optimizacionpaginasmedia.s3.amazonaws.com\/2020\/05\/preparar-una-presentacion-profesional-estructurar-investigar-el-tema.jpg?fit=1200%2C766&ssl=1&resize=700%2C400 2x, https:\/\/i0.wp.com\/optimizacionpaginasmedia.s3.amazonaws.com\/2020\/05\/preparar-una-presentacion-profesional-estructurar-investigar-el-tema.jpg?fit=1200%2C766&ssl=1&resize=1050%2C600 3x"},"classes":[]},{"id":872,"url":"https:\/\/tecnicashablarenpublico.com\/blog\/5-sencillos-pasos-para-preparar-un-discurso-extraordinario\/","url_meta":{"origin":2403,"position":2},"title":"5 Sencillos Pasos Para Preparar Un Discurso Extraordinario","author":"Victor Toscano T V","date":"23\/01\/2013","format":false,"excerpt":"IMPORTANTE: La mayor\u00eda de las personas se equivoca al momento de preparar una presentaci\u00f3n en p\u00fablico y por eso todo le sale mal al momento de estar en frente de su auditorio... A continuaci\u00f3n voy a compartir contigo 5 Sencillos pero Efectivos Pasos que te guiar\u00e1n para que prepares y\u2026","rel":"","context":"En \u00abComo Aprender Oratoria\u00bb","block_context":{"text":"Como Aprender Oratoria","link":"https:\/\/tecnicashablarenpublico.com\/blog\/category\/como-aprender-oratoria\/"},"img":{"alt_text":"5 Sencillos Pasos Para Preparar Un Discurso de Oratoria","src":"https:\/\/i0.wp.com\/optimizacionpaginasmedia.s3.amazonaws.com\/2020\/05\/pasos-para-preparar-un-discurso-de-oratoria.jpg?fit=900%2C477&ssl=1&resize=350%2C200","width":350,"height":200,"srcset":"https:\/\/i0.wp.com\/optimizacionpaginasmedia.s3.amazonaws.com\/2020\/05\/pasos-para-preparar-un-discurso-de-oratoria.jpg?fit=900%2C477&ssl=1&resize=350%2C200 1x, https:\/\/i0.wp.com\/optimizacionpaginasmedia.s3.amazonaws.com\/2020\/05\/pasos-para-preparar-un-discurso-de-oratoria.jpg?fit=900%2C477&ssl=1&resize=525%2C300 1.5x, https:\/\/i0.wp.com\/optimizacionpaginasmedia.s3.amazonaws.com\/2020\/05\/pasos-para-preparar-un-discurso-de-oratoria.jpg?fit=900%2C477&ssl=1&resize=700%2C400 2x"},"classes":[]},{"id":2406,"url":"https:\/\/tecnicashablarenpublico.com\/blog\/como-preparar-una-presentacion-profesional-dia-3\/","url_meta":{"origin":2403,"position":3},"title":"[3 de 3] Prepara tu Presentaci\u00f3n Profesional en 3 D\u00cdAS | C\u00f3mo Hacer una Presentaci\u00f3n en PowerPoint","author":"Victor Toscano T V","date":"12\/09\/2017","format":false,"excerpt":"[3 de 3] Prepara tu Presentaci\u00f3n Profesional en 3 D\u00cdAS | C\u00f3mo Hacer una Presentaci\u00f3n en PowerPoint. Descarga esta plantilla de Power Point gratis, con dise\u00f1o de diapositivas\u2026 https:\/\/youtu.be\/N9HGYi2qLKg Descarga el PDF:https:\/\/tecnicashablarenpublico.com\/pdf-presentacion-3-dias-2 [3 de 3] C\u00f3mo Preparar una Presentaci\u00f3n Profesional en 3 D\u00cdAS | C\u00f3mo Hacer una Presentaci\u00f3n en PowerPoint.\u2026","rel":"","context":"En \u00abT\u00e9cnicas Para Hablar En P\u00fablico\u00bb","block_context":{"text":"T\u00e9cnicas Para Hablar En P\u00fablico","link":"https:\/\/tecnicashablarenpublico.com\/blog\/category\/tecnicas-para-hablar-en-publico\/"},"img":{"alt_text":"C\u00f3mo Hacer una Presentaci\u00f3n profesional en PowerPoint","src":"https:\/\/i0.wp.com\/optimizacionpaginasmedia.s3.amazonaws.com\/2020\/05\/como-hacer-una-presentacion-en-powerpoint.jpg?fit=900%2C550&ssl=1&resize=350%2C200","width":350,"height":200,"srcset":"https:\/\/i0.wp.com\/optimizacionpaginasmedia.s3.amazonaws.com\/2020\/05\/como-hacer-una-presentacion-en-powerpoint.jpg?fit=900%2C550&ssl=1&resize=350%2C200 1x, https:\/\/i0.wp.com\/optimizacionpaginasmedia.s3.amazonaws.com\/2020\/05\/como-hacer-una-presentacion-en-powerpoint.jpg?fit=900%2C550&ssl=1&resize=525%2C300 1.5x, https:\/\/i0.wp.com\/optimizacionpaginasmedia.s3.amazonaws.com\/2020\/05\/como-hacer-una-presentacion-en-powerpoint.jpg?fit=900%2C550&ssl=1&resize=700%2C400 2x"},"classes":[]},{"id":720,"url":"https:\/\/tecnicashablarenpublico.com\/blog\/tecnica-para-dominar-los-nervios-al-hablar-en-publico-1\/","url_meta":{"origin":2403,"position":4},"title":"T\u00e9cnica Para Dominar Los Nervios Al Hablar En P\u00fablico #1","author":"Victor Toscano T V","date":"15\/01\/2013","format":false,"excerpt":"[headline_arial_medium_centered color=\"#aa0000\"]\"Prep\u00e1rate Bien Y Practica Tu Exposici\u00f3n\"[\/headline_arial_medium_centered] Nada puede hacerte sentir m\u00e1s ansioso que saber que no est\u00e1s bien preparado. Despu\u00e9s de todo, \u00bfno se debe toda tu ansiedad a poder parecer tonto ante los ojos de tu audiencia? La mala preparaci\u00f3n garantiza esto. Para prepararte adecuadamente, en primer lugar,\u2026","rel":"","context":"En \u00abAprender a Hablar en Publico\u00bb","block_context":{"text":"Aprender a Hablar en Publico","link":"https:\/\/tecnicashablarenpublico.com\/blog\/category\/aprender-a-hablar-en-publico\/"},"img":{"alt_text":"","src":"https:\/\/i0.wp.com\/tecnicashablarenpublico.com\/blog\/wp-content\/themes\/OptimizePress\/images\/large-signupnow.png?resize=350%2C200&ssl=1","width":350,"height":200},"classes":[]},{"id":2297,"url":"https:\/\/tecnicashablarenpublico.com\/blog\/como-hacer-una-buena-exposicion-oratoria-hablar-correctamente\/","url_meta":{"origin":2403,"position":5},"title":"C\u00f3mo Hacer Una Buena Exposici\u00f3n Oral y Hablar Correctamente | Oratoria: Presentaci\u00f3n en P\u00fablico","author":"Victor Toscano T V","date":"20\/05\/2016","format":false,"excerpt":"Curso de Oratoria: C\u00f3mo hacer una exposici\u00f3n oral, c\u00f3mo hacer una presentaci\u00f3n y hablar en p\u00fablico correctamente al exponer un tema profesional | T\u00e9cnicas de Oratoria... \u00bb Mira el VIDEO Aqu\u00ed: \u00bb Suscr\u00edbete en Youtube: http:\/\/victor-toscano.com\/youtube \u00bb M\u00e1s videos de Oratoria:\u00a0https:\/\/tecnicashablarenpublico.com C\u00f3mo hacer una exposici\u00f3n profesional, a\u00fan si eres novato.\u2026","rel":"","context":"En \u00abT\u00e9cnicas Para Hablar En P\u00fablico\u00bb","block_context":{"text":"T\u00e9cnicas Para Hablar En P\u00fablico","link":"https:\/\/tecnicashablarenpublico.com\/blog\/category\/tecnicas-para-hablar-en-publico\/"},"img":{"alt_text":"","src":"https:\/\/i0.wp.com\/optimizacionpaginasmedia.s3.amazonaws.com\/2023\/06\/uIl2gLsL-4-copia-min.png?fit=500%2C281&ssl=1&resize=350%2C200","width":350,"height":200},"classes":[]}],"jetpack_sharing_enabled":true,"_links":{"self":[{"href":"https:\/\/tecnicashablarenpublico.com\/blog\/wp-json\/wp\/v2\/posts\/2403","targetHints":{"allow":["GET"]}}],"collection":[{"href":"https:\/\/tecnicashablarenpublico.com\/blog\/wp-json\/wp\/v2\/posts"}],"about":[{"href":"https:\/\/tecnicashablarenpublico.com\/blog\/wp-json\/wp\/v2\/types\/post"}],"author":[{"embeddable":true,"href":"https:\/\/tecnicashablarenpublico.com\/blog\/wp-json\/wp\/v2\/users\/1"}],"replies":[{"embeddable":true,"href":"https:\/\/tecnicashablarenpublico.com\/blog\/wp-json\/wp\/v2\/comments?post=2403"}],"version-history":[{"count":0,"href":"https:\/\/tecnicashablarenpublico.com\/blog\/wp-json\/wp\/v2\/posts\/2403\/revisions"}],"wp:featuredmedia":[{"embeddable":true,"href":"https:\/\/tecnicashablarenpublico.com\/blog\/wp-json\/wp\/v2\/media\/2745"}],"wp:attachment":[{"href":"https:\/\/tecnicashablarenpublico.com\/blog\/wp-json\/wp\/v2\/media?parent=2403"}],"wp:term":[{"taxonomy":"category","embeddable":true,"href":"https:\/\/tecnicashablarenpublico.com\/blog\/wp-json\/wp\/v2\/categories?post=2403"},{"taxonomy":"post_tag","embeddable":true,"href":"https:\/\/tecnicashablarenpublico.com\/blog\/wp-json\/wp\/v2\/tags?post=2403"}],"curies":[{"name":"wp","href":"https:\/\/api.w.org\/{rel}","templated":true}]}}