{"id":2358,"date":"2017-03-14T16:23:19","date_gmt":"2017-03-14T22:23:19","guid":{"rendered":"https:\/\/tecnicashablarenpublico.com\/blog\/?p=2358"},"modified":"2023-06-14T11:26:47","modified_gmt":"2023-06-14T17:26:47","slug":"oratoria-como-hablar-en-publico-sin-miedo","status":"publish","type":"post","link":"https:\/\/tecnicashablarenpublico.com\/blog\/oratoria-como-hablar-en-publico-sin-miedo\/","title":{"rendered":"5 Mitos Sobre Hablar en P\u00fablico y C\u00f3mo Vencerlos | Curso de Oratoria, Hablar Correctamente Sin Miedo"},"content":{"rendered":"<p><em>Oratoria: Ejercicios, Consejos y T\u00e9cnicas para Hablar en P\u00fablico y Exponer: C\u00f3mo Hablar Correctamente y Sin Miedo | Clases y Curso de Oratoria\u2026<\/em><\/p>\n<p><strong>\u00bb Mira el VIDEO Aqu\u00ed:<\/strong><br \/>\n<iframe class=\"lazyload\" data-src=\"https:\/\/www.youtube.com\/embed\/JAw17tVwEKs?rel=0&amp;theme=light&amp;autohide=1&amp;showinfo=0&amp;html5=true&amp;controls=1&amp;autoplay=0&amp;modestbranding=1\" width=\"640\" height=\"360\" frameborder=\"0\" allowfullscreen=\"allowfullscreen\"><\/iframe> <a href=\"http:\/\/victor-toscano.com\/youtube\" target=\"_blank\" rel=\"noopener\" class=\"broken_link\"><img decoding=\"async\" class=\"aligncenter wp-image-123  lazyload\" src=\"data:image\/gif;base64,R0lGODlhAQABAIAAAAAAAP\/\/\/yH5BAEAAAAALAAAAAABAAEAAAIBRAA7\" data-src=\"http:\/\/victor-toscano.com\/wp-content\/uploads\/2014\/10\/images.jpg\" alt=\"suscribete boton youtube\" width=\"156\" height=\"44\"><noscript><img data-recalc-dims=\"1\" decoding=\"async\" class=\"aligncenter wp-image-123  lazyload\" src=\"https:\/\/i0.wp.com\/victor-toscano.com\/wp-content\/uploads\/2014\/10\/images.jpg?resize=156%2C44\" alt=\"suscribete boton youtube\" width=\"156\" height=\"44\"><\/noscript><\/a> <!--more--> \u00bb Suscr\u00edbete en Youtube: <a href=\"http:\/\/victor-toscano.com\/youtube\" target=\"_blank\" rel=\"noopener\" class=\"broken_link\">http:\/\/victor-toscano.com\/youtube<\/a><br \/>\n\u00bb M\u00e1s videos de Oratoria:&nbsp;<a href=\"https:\/\/tecnicashablarenpublico.com\" target=\"_blank\" rel=\"noopener\">https:\/\/tecnicashablarenpublico.com<\/a><\/p>\n<h2 style=\"text-align: center;\">5 Mitos Sobre Hablar en P\u00fablico y C\u00f3mo Vencerlos.<\/h2>\n<p>Si t\u00fa eres una persona introvertida que adem\u00e1s tiende a sufrir timidez, depresi\u00f3n o ansiedad, es muy probable que cada vez que intentas hablar en p\u00fablico te invade un ataque de p\u00e1nico.<\/p>\n<p><span style=\"text-decoration: underline;\">Entendemos claramente c\u00f3mo te sientes\u2026<\/span><\/p>\n<p>Los s\u00edntomas de un ataque de p\u00e1nico adem\u00e1s de causarte incomodidad a ti mismo, son dif\u00edciles de ocultar, y esto te hace sentir que tarde o temprano alguien en el p\u00fablico se va a re\u00edr de ti.<\/p>\n<p>Pero t\u00fa no est\u00e1s solo, queremos darte la bienvenida como parte nuestra comunidad, y en este v\u00eddeo te vamos hablar de los 5 mitos sobre hablar en p\u00fablico.<\/p>\n<p>Y adem\u00e1s te daremos t\u00e9cnicas pr\u00e1cticas y efectivas que te pueden ayudar a evitar que estos mitos arruinen tus aspiraciones para completar tus estudios, para obtener un ascenso, o para crear tu propio negocio.<\/p>\n<p>Mira este video completo y dile adi\u00f3s a los ataques de p\u00e1nico cuando tengas que hablar en p\u00fablico&#8230;<\/p>\n<p>Para hacer este video realizamos una b\u00fasqueda en nuestro canal con las palabras miedo y nervios para hablar en p\u00fablico, y obtuvimos como resultado m\u00e1s de 20 de nuestros videos, donde compartimos experiencias, consejos y t\u00e9cnicas efectivas, para controlar los nervios.<\/p>\n<p>Pero a pesar de todos estos videos y de ofrecer un curso completo y gratuito para hablar en p\u00fablico de 10 cap\u00edtulos, todav\u00eda recibimos correos de algunas personas que nos dicen que sus miedos y nervios para hablar en p\u00fablico son de otro nivel.<\/p>\n<p>Debido a esto decidimos publicar este video donde nuestra finalidad es explicar que algunas personas, no pueden controlar los nervios y el miedo sigue presente AUN cuando se preparan bien, respiran profundo y tratan de controlarse<\/p>\n<p>Si t\u00fa eres una de estas personas, la soluci\u00f3n es: llevar a cabo la acci\u00f3n que deseas tomar (en este caso hablar en p\u00fablico) a pesar de los nervios y el miedo.<\/p>\n<p>Es un hecho que todos los seres humanos tenemos un mecanismo incluido cuando nacemos que tiende a paralizarnos, a pelear o a huir de aquello que nos causa nervios o miedo. Pero esos nervios y miedo solo te pueden detener si tu lo permites y te das por vencido.<\/p>\n<p>Pero si tu deseas terminar una carrera profesional, obtener un mejor empleo o levantar tu propio negocio, disfrutando de las recompensas que todo esto trae, como la satisfacci\u00f3n personal, la remuneraci\u00f3n econ\u00f3mica y el reconocimiento, pues te informamos que es oficial&#8230;<\/p>\n<h2>Tarde o temprano tendr\u00e1s que hablar en p\u00fablico.<\/h2>\n<p style=\"text-align: center;\"><em>V\u00edctor, \u00bfSer\u00e1 necesario que mencionamos tambi\u00e9n que en la actualidad las parejas sentimentales buscan, cada vez m\u00e1s, una persona que demuestre su inteligencia y su capacidad de negociaci\u00f3n a trav\u00e9s de su forma de hablar y de comunicarse correctamente?<\/em><\/p>\n<p style=\"text-align: center;\"><em>Claro que s\u00ed Victor. Dime \u00bfde qu\u00e9 te sirve tener salud y ganar dinero, si no conquistas el amor de una pareja de vida?<\/em><\/p>\n<p style=\"text-align: center;\"><em>Tienes raz\u00f3n, entonces es oficial que en esta era moderna, cada vez es mas y mas necesario saber hablar en p\u00fablico, comunicarte efectivamente y desarrollar tus habilidades de liderazgo. Especialmente si quieres destacar.<\/em><\/p>\n<p>Debido a todo esto, en este momento te vamos a compartir 5 mitos sobre hablar en p\u00fablico y como vencerlos.<\/p>\n<h2>MITO #1. Solamente los pol\u00edticos deben saber c\u00f3mo hablar en p\u00fablico.<\/h2>\n<p>Mucha gente sigue pensando que hablar en p\u00fablico es importante solamente para aquellas personas que tienen un puesto como servidor p\u00fablico, como supervisor o como due\u00f1o de un negocio o empresa, lo cual en nuestros tiempos ya no es cierto.<\/p>\n<p>Nosotros recibimos constantemente correos de varios de nuestros seguidores que est\u00e1n atendiendo la educaci\u00f3n secundaria o superior, quienes nos confirman que cada vez m\u00e1s, le sucede que los maestros de diferentes asignaturas tales como lenguaje, filosof\u00eda, \u00e9tica y econom\u00eda les exigen participar obligatoriamente con presentaciones por equipo, exposiciones individuales, foros, y hasta debates.<\/p>\n<p>Asimismo cada vez existen m\u00e1s empleados de empresas a los que se les requiere participar activamente, aportando su opini\u00f3n, sin contar a los due\u00f1os de empresas que necesitan promover sus productos y servicios con sus clientes.<\/p>\n<p>Entonces este primer mito lo vas a vencer ACEPTANDO que as\u00ed como dictar cartas y enviar mensajes por tel\u00e9grafo son actividades que, como los dinosaurios, pasaron a la extinci\u00f3n, ser solo un zombie sin opini\u00f3n en nuestra sociedad pronto ser\u00e1 cosa del pasado. Porque incluso medios que antes eran unilaterales como la televisi\u00f3n, ahora piden tu opinion y participacion constante.<\/p>\n<p>As\u00ed es, con el r\u00e1pido avance de la tecnolog\u00eda y el poder de la internet, ahora puedes f\u00e1cilmente enviar audio y video a cualquier parte del mundo en tiempo real, con la consecuencia obvia de qu\u00e9 hablar en p\u00fablico se est\u00e1 convirtiendo cada vez m\u00e1s en una realidad de la vida diaria. Solo acepta que hablar en p\u00fablico es un reto que tienes que enfrentar en tu vida.<\/p>\n<h2>MITO #2: Hablar en p\u00fablico es humillante.<\/h2>\n<p>Esto es un mito muy extendido y da\u00f1ino. Las personas t\u00edmidas o con baja autoestima tienden enfocarse en dos cosas. Ellos se enfocan primero en las sensaciones desagradables que se producen en su mente y en su cuerpo cuando hablan en p\u00fablico.<\/p>\n<p>As\u00ed es, si t\u00fa eres de este tipo de personas probablemente est\u00e1s convencido de que nunca vas a poder hablar en p\u00fablico debido a que te palpita el coraz\u00f3n muy r\u00e1pidamente, sientes un ardor insoportable en el pecho, te suda todo el cuerpo, la mente se te pone en blanco, te tiembla y se te quiebra la voz y en general sientes un c\u00famulo de sensaciones terribles.<\/p>\n<p>Y la segunda cosa en que te enfocas cuando eres t\u00edmido o inseguro es en observar c\u00f3mo el p\u00fablico se r\u00ede de tu nerviosismo evidente. Comenzando de nuevo el ciclo porque te sientes humillado porque se burlan de ti, y por lo tanto no puedes controlar tus nervios y eso te causa m\u00e1s sensaciones horribles, lo cual te impide hablar en p\u00fablico.<\/p>\n<p>Para vencer este mito te vamos a pedir que tomes la acci\u00f3n espec\u00edfica de bailar. Si, escuchaste bien, vas a bailar en una reuni\u00f3n o en una fiesta. Bailar te va a ayudar porque si no bailas muy bien las personas en tu alrededor tienden a re\u00edrse, pero si t\u00fa te mueves con la m\u00fasica y lo disfrutas llegar\u00e1 un momento en el que, a pesar de que no bailes bien, lo estar\u00e1s haciendo de manera continua y lo disfrutar\u00e1s, y las personas terminar\u00e1n por aceptar tu estilo de baile, aunque no sea el mejor.<\/p>\n<p>S\u00ed, porque se van a dar cuenta de que no te importa su opini\u00f3n y que s\u00f3lo te vas a concentrar en ejecutar tu baile haya risas o no.<\/p>\n<h2>MITO #3: Si sientes nervios de seguro vas a tener un mal desempe\u00f1o.<\/h2>\n<p>\u00bfD\u00f3nde est\u00e1 la conexi\u00f3n entre la sensaci\u00f3n de ansiedad y dar una mala actuaci\u00f3n?<\/p>\n<p>No existe, nosotros lo podemos confirmar. Todos los seres humanos sentimos nervios, inseguridad y un poco de miedo antes de una presentaci\u00f3n en p\u00fablico.<\/p>\n<p>As\u00ed es, los nervios y la inseguridad son parte de nuestro ADN, no los podemos eliminar completamente, pero puedes considerarlos como parte de la energ\u00eda qu\u00e9 le vas a agregar a tu charla.<\/p>\n<p>Para vencer este mito volvamos al ejemplo de la fiesta\u2026<\/p>\n<p>Digamos que unos d\u00edas antes de dicha fiesta una de tus amigas se ofreci\u00f3 a ense\u00f1arte un par de pasos modernos. T\u00fa los aprendiste y los practicaste varias veces, entonces una vez que est\u00e1s en la fiesta y tienes esos sentimientos terribles de nervios y de ansiedad, vas a reconocer esos sentimientos, los vas a aceptar por lo que son (solo sensaciones, no te pueden detener a menos que tu les des el poder), y solo las vas a dejar ser, justo como el tipo que sigue vi\u00e9ndote y ri\u00e9ndose, d\u00e9jalo ser.<\/p>\n<p>T\u00fa vas a entender que no tienes control sobre el tipo que se r\u00ede, ni tampoco sobre tus nervios y tu ansiedad, pero s\u00ed puedes decidir enfocarte en continuar con tu actividad a pesar de todo, solo vas a ejecutar esos pasos modernos lo mejor que puedas.<\/p>\n<p>Cuando haces esto, los nervios y la ansiedad se convierten en energ\u00eda pura que puedes agregar a tu actividad, sea bailar, saltar en paraca\u00eddas de un avi\u00f3n o hablar en p\u00fablico.<\/p>\n<h2>MITO #4: Todo el mundo se va a dar cuenta de que sientes nervios.<\/h2>\n<p>Pensar que sentir nervios est\u00e1 mal, y que la gente se va a dar cuenta es algo muy com\u00fan entre las personas que son t\u00edmidas. Tambi\u00e9n a esto le agregan que si sienten nervios, no deber\u00edan participar en esa actividad.<\/p>\n<p>Nada de esto es cierto. La mayor\u00eda del nerviosismo no es visible para los dem\u00e1s, simplemente porque es interno.<\/p>\n<p>Para vencer este mito queremos que pienses que la mayor\u00eda del p\u00fablico va a sentir simpat\u00eda por ti al notar que tienes un poco de nervios, por lo general muchos de ellos estar\u00e1n de tu lado deseando que tu presentaci\u00f3n salga bien. Pero, si cometes alg\u00fan error o algo no sale bien, no es malo re\u00edr un poco, no te tomes las cosas muy en serio y s\u00f3lo contin\u00faa con tu presentaci\u00f3n a pesar de las sensaciones terribles que puedas estar sintiendo.<\/p>\n<p>A m\u00ed me sucedi\u00f3 que despu\u00e9s de una presentaci\u00f3n en p\u00fablico le pregunt\u00e9 a V\u00edctor \u201cse not\u00f3 que me puse muy nervioso\u201d y \u00e9l me contest\u00f3: \u201cNo. Ni me di cuenta de que te sentias nervioso\u201d.<br \/>\nde hecho, por el contrario, me gusto el entusiasmo que le pusiste a tu presentaci\u00f3n.<\/p>\n<h2>MITO #5: Pensar que tienes que ser un excelente orador.<\/h2>\n<p>\u00bfQui\u00e9n lo dice? \u00bfEst\u00e1s cobrando dinero para presentarte como un conferencista profesional?<\/p>\n<p>Esta idea de que tienes que hablar en p\u00fablico de forma excelente te puede limitar la comunicaci\u00f3n genuina con tu audiencia.<\/p>\n<p>Acaba con este mito recordando que tu misi\u00f3n es: ser aut\u00e9ntico, conectar con tu p\u00fablico a trav\u00e9s de tus palabras y darles algo de valor. No tienes que forzosamente ser carism\u00e1tico o contar buenas bromas.<\/p>\n<p>Recuerda que para que puedas hablar en p\u00fablico de una manera cada vez m\u00e1s natural, que te cause menos nervios y ansiedad, tendr\u00e1s que practicar bastante, y se aprende mucho de los fracasos.<\/p>\n<p>Muy bien, entonces ya te dimos 5 consejos efectivos que puedes utilizar para vencer y sobrepasar estos mitos relacionados con los nervios y la ansiedad que te produce el hablar en p\u00fablico.<\/p>\n<p>Y en un mundo ideal estamos seguros de qu\u00e9 ver\u00edas dos veces este v\u00eddeo y aplicar\u00edas meticulosamente cada uno de los consejos para sobreponerte a la timidez, y eliminar as\u00ed los ataques de ansiedad.<\/p>\n<p>Pero c\u00f3mo sabemos que no vivimos en un mundo ideal nuestro \u00faltimo llamado a la acci\u00f3n para ti el d\u00eda de hoy es:<\/p>\n<p>Termina de una vez por todas con ese nerviosismo y esos ataques de p\u00e1nico, ponte unos aud\u00edfonos y baila una canci\u00f3n completa en un lugar p\u00fablico, el reto es que no pares de bailar hasta el final de una canci\u00f3n, a pesar de los nervios y el miedo que puedas estar sintiendo.<\/p>\n<p>Despu\u00e9s de esto sentir\u00e1s mucho menos miedo de hablar en p\u00fablico.<\/p>\n<p style=\"text-align: center;\"><em>\u201cSi te preparas bien, pr\u00e1cticas y tomas acci\u00f3n con determinaci\u00f3n a pesar de los nervios que puedas sentir, lograras tu cometido, muchas m\u00e1s veces que si abandonas tu meta porque el miedo te bloquea el camino.\u201d<\/em><br \/>\n\u2014 Victor Perez y Victor Toscano<\/p>\n<p style=\"text-align: center;\"><a href=\"https:\/\/tecnicashablarenpublico.com\/pdf-gratis-5-mitos-sobre-hablar-en-publico\/\"><img decoding=\"async\" class=\"alignnone wp-image-652 lazyload\" src=\"data:image\/gif;base64,R0lGODlhAQABAIAAAAAAAP\/\/\/yH5BAEAAAAALAAAAAABAAEAAAIBRAA7\" data-src=\"http:\/\/comohablarenpublico.me\/wp-content\/uploads\/2017\/03\/hep-5-mitos-sobre-hablar-en-publico.png\" alt=\"\" width=\"312\" height=\"246\"><noscript><img data-recalc-dims=\"1\" decoding=\"async\" class=\"alignnone wp-image-652 lazyload\" src=\"https:\/\/i0.wp.com\/comohablarenpublico.me\/wp-content\/uploads\/2017\/03\/hep-5-mitos-sobre-hablar-en-publico.png?resize=312%2C246\" alt=\"\" width=\"312\" height=\"246\"><\/noscript><\/a><\/p>\n<h3 style=\"text-align: center;\"><a href=\"https:\/\/tecnicashablarenpublico.com\/pdf-gratis-5-mitos-sobre-hablar-en-publico\/\">Haz click aqu\u00ed para descargar este video en PDF&#8230;<\/a><\/h3>\n<p><strong>V\u00edctor Toscano y V\u00edctor P\u00e9rez<\/strong> <a href=\"https:\/\/tecnicashablarenpublico.com\/\" target=\"_blank\" rel=\"noopener\">TecnicasHablarEnPublico.com<\/a><\/p>\n<p><em><strong>P.D: Si te parece \u00fatil esta informaci\u00f3n, comparte esta p\u00e1gina&nbsp;con tus amigos.<\/strong><\/em> <strong>No te pierdas ninguno de mis NUEVOS VIDEOS:&nbsp;<\/strong>Cada semana estoy subiendo un nuevo video como este en mi canal de youtube, suscr\u00edbete haciendo click en el siguiente bot\u00f3n&nbsp;para que los recibas:<\/p>\n<div>\n<p><a href=\"http:\/\/victor-toscano.com\/youtube\" target=\"_blank\" rel=\"noopener\" class=\"broken_link\"><img decoding=\"async\" class=\"wp-image-123 aligncenter lazyload\" src=\"data:image\/gif;base64,R0lGODlhAQABAIAAAAAAAP\/\/\/yH5BAEAAAAALAAAAAABAAEAAAIBRAA7\" data-src=\"http:\/\/victor-toscano.com\/wp-content\/uploads\/2014\/10\/images.jpg\" alt=\"suscribete boton youtube\" width=\"248\" height=\"70\"><noscript><img data-recalc-dims=\"1\" decoding=\"async\" class=\"wp-image-123 aligncenter lazyload\" src=\"https:\/\/i0.wp.com\/victor-toscano.com\/wp-content\/uploads\/2014\/10\/images.jpg?resize=248%2C70\" alt=\"suscribete boton youtube\" width=\"248\" height=\"70\"><\/noscript><\/a><\/p>\n<p style=\"text-align: center;\"><strong> <a title=\"Videos de crecimiento personal\" href=\"http:\/\/victor-toscano.com\/youtube\" target=\"_blank\" rel=\"noopener\" class=\"broken_link\">http:\/\/victor-toscano.com\/youtube<\/a><\/strong><\/p>\n<p>.<\/p>\n<\/div>\n","protected":false},"excerpt":{"rendered":"<p>Oratoria: Ejercicios, Consejos y T\u00e9cnicas para Hablar en P\u00fablico y Exponer: C\u00f3mo Hablar Correctamente y Sin Miedo | Clases y Curso de Oratoria\u2026 \u00bb Mira el VIDEO Aqu\u00ed:<\/p>\n","protected":false},"author":1,"featured_media":3201,"comment_status":"open","ping_status":"closed","sticky":false,"template":"","format":"standard","meta":{"jetpack_post_was_ever_published":false,"_jetpack_newsletter_access":"","_jetpack_dont_email_post_to_subs":false,"_jetpack_newsletter_tier_id":0,"_jetpack_memberships_contains_paywalled_content":false,"_jetpack_memberships_contains_paid_content":false,"footnotes":"","jetpack_publicize_message":"","jetpack_publicize_feature_enabled":true,"jetpack_social_post_already_shared":true,"jetpack_social_options":{"image_generator_settings":{"template":"highway","default_image_id":0,"font":"","enabled":false},"version":2}},"categories":[3],"tags":[],"class_list":["post-2358","post","type-post","status-publish","format-standard","has-post-thumbnail","hentry","category-tecnicas-para-hablar-en-publico","post-wrapper","thrv_wrapper"],"yoast_head":"<!-- This site is optimized with the Yoast SEO plugin v27.5 - https:\/\/yoast.com\/product\/yoast-seo-wordpress\/ -->\n<title>5 Mitos Sobre Hablar en P\u00fablico y C\u00f3mo Vencerlos | Curso de Oratoria, Hablar Correctamente Sin Miedo - TecnicasHablarEnPublico.Com<\/title>\n<meta name=\"robots\" content=\"index, follow, max-snippet:-1, max-image-preview:large, max-video-preview:-1\" \/>\n<link rel=\"canonical\" href=\"https:\/\/tecnicashablarenpublico.com\/blog\/oratoria-como-hablar-en-publico-sin-miedo\/\" \/>\n<meta property=\"og:locale\" content=\"es_ES\" \/>\n<meta property=\"og:type\" content=\"article\" \/>\n<meta property=\"og:title\" content=\"5 Mitos Sobre Hablar en P\u00fablico y C\u00f3mo Vencerlos | Curso de Oratoria, Hablar Correctamente Sin Miedo - TecnicasHablarEnPublico.Com\" \/>\n<meta property=\"og:description\" content=\"Oratoria: Ejercicios, Consejos y T\u00e9cnicas para Hablar en P\u00fablico y Exponer: C\u00f3mo Hablar Correctamente y Sin Miedo | Clases y Curso de Oratoria\u2026 \u00bb Mira el VIDEO Aqu\u00ed:\" \/>\n<meta property=\"og:url\" content=\"https:\/\/tecnicashablarenpublico.com\/blog\/oratoria-como-hablar-en-publico-sin-miedo\/\" \/>\n<meta property=\"og:site_name\" content=\"TecnicasHablarEnPublico.Com\" \/>\n<meta property=\"article:publisher\" content=\"https:\/\/www.facebook.com\/VictorToscanoOficial\/\" \/>\n<meta property=\"article:author\" content=\"https:\/\/www.facebook.com\/victortoscanooficial\" \/>\n<meta property=\"article:published_time\" content=\"2017-03-14T22:23:19+00:00\" \/>\n<meta property=\"article:modified_time\" content=\"2023-06-14T17:26:47+00:00\" \/>\n<meta property=\"og:image\" content=\"https:\/\/optimizacionpaginasmedia.s3.amazonaws.com\/2023\/06\/V1VmLqKe-Mitos-de-hablar-en-publico-copia.png\" \/>\n\t<meta property=\"og:image:width\" content=\"500\" \/>\n\t<meta property=\"og:image:height\" content=\"281\" \/>\n\t<meta property=\"og:image:type\" content=\"image\/png\" \/>\n<meta name=\"author\" content=\"Victor Toscano T V\" \/>\n<meta name=\"twitter:card\" content=\"summary_large_image\" \/>\n<meta name=\"twitter:creator\" content=\"@_victortoscano\" \/>\n<meta name=\"twitter:label1\" content=\"Escrito por\" \/>\n\t<meta name=\"twitter:data1\" content=\"Victor Toscano T V\" \/>\n\t<meta name=\"twitter:label2\" content=\"Tiempo de lectura\" \/>\n\t<meta name=\"twitter:data2\" content=\"10 minutos\" \/>\n<script type=\"application\/ld+json\" class=\"yoast-schema-graph\">{\"@context\":\"https:\\\/\\\/schema.org\",\"@graph\":[{\"@type\":\"Article\",\"@id\":\"https:\\\/\\\/tecnicashablarenpublico.com\\\/blog\\\/oratoria-como-hablar-en-publico-sin-miedo\\\/#article\",\"isPartOf\":{\"@id\":\"https:\\\/\\\/tecnicashablarenpublico.com\\\/blog\\\/oratoria-como-hablar-en-publico-sin-miedo\\\/\"},\"author\":{\"name\":\"Victor Toscano T V\",\"@id\":\"https:\\\/\\\/tecnicashablarenpublico.com\\\/blog\\\/#\\\/schema\\\/person\\\/f6a96b9bb773de8f08f84e4d6e6cf28f\"},\"headline\":\"5 Mitos Sobre Hablar en P\u00fablico y C\u00f3mo Vencerlos | Curso de Oratoria, Hablar Correctamente Sin Miedo\",\"datePublished\":\"2017-03-14T22:23:19+00:00\",\"dateModified\":\"2023-06-14T17:26:47+00:00\",\"mainEntityOfPage\":{\"@id\":\"https:\\\/\\\/tecnicashablarenpublico.com\\\/blog\\\/oratoria-como-hablar-en-publico-sin-miedo\\\/\"},\"wordCount\":2169,\"commentCount\":5446,\"publisher\":{\"@id\":\"https:\\\/\\\/tecnicashablarenpublico.com\\\/blog\\\/#organization\"},\"image\":{\"@id\":\"https:\\\/\\\/tecnicashablarenpublico.com\\\/blog\\\/oratoria-como-hablar-en-publico-sin-miedo\\\/#primaryimage\"},\"thumbnailUrl\":\"https:\\\/\\\/i0.wp.com\\\/optimizacionpaginasmedia.s3.amazonaws.com\\\/2023\\\/06\\\/V1VmLqKe-Mitos-de-hablar-en-publico-copia.png?fit=500%2C281&ssl=1\",\"articleSection\":[\"T\u00e9cnicas Para Hablar En P\u00fablico\"],\"inLanguage\":\"es\"},{\"@type\":\"WebPage\",\"@id\":\"https:\\\/\\\/tecnicashablarenpublico.com\\\/blog\\\/oratoria-como-hablar-en-publico-sin-miedo\\\/\",\"url\":\"https:\\\/\\\/tecnicashablarenpublico.com\\\/blog\\\/oratoria-como-hablar-en-publico-sin-miedo\\\/\",\"name\":\"5 Mitos Sobre Hablar en P\u00fablico y C\u00f3mo Vencerlos | Curso de Oratoria, Hablar Correctamente Sin Miedo - TecnicasHablarEnPublico.Com\",\"isPartOf\":{\"@id\":\"https:\\\/\\\/tecnicashablarenpublico.com\\\/blog\\\/#website\"},\"primaryImageOfPage\":{\"@id\":\"https:\\\/\\\/tecnicashablarenpublico.com\\\/blog\\\/oratoria-como-hablar-en-publico-sin-miedo\\\/#primaryimage\"},\"image\":{\"@id\":\"https:\\\/\\\/tecnicashablarenpublico.com\\\/blog\\\/oratoria-como-hablar-en-publico-sin-miedo\\\/#primaryimage\"},\"thumbnailUrl\":\"https:\\\/\\\/i0.wp.com\\\/optimizacionpaginasmedia.s3.amazonaws.com\\\/2023\\\/06\\\/V1VmLqKe-Mitos-de-hablar-en-publico-copia.png?fit=500%2C281&ssl=1\",\"datePublished\":\"2017-03-14T22:23:19+00:00\",\"dateModified\":\"2023-06-14T17:26:47+00:00\",\"breadcrumb\":{\"@id\":\"https:\\\/\\\/tecnicashablarenpublico.com\\\/blog\\\/oratoria-como-hablar-en-publico-sin-miedo\\\/#breadcrumb\"},\"inLanguage\":\"es\",\"potentialAction\":[{\"@type\":\"ReadAction\",\"target\":[\"https:\\\/\\\/tecnicashablarenpublico.com\\\/blog\\\/oratoria-como-hablar-en-publico-sin-miedo\\\/\"]}]},{\"@type\":\"ImageObject\",\"inLanguage\":\"es\",\"@id\":\"https:\\\/\\\/tecnicashablarenpublico.com\\\/blog\\\/oratoria-como-hablar-en-publico-sin-miedo\\\/#primaryimage\",\"url\":\"https:\\\/\\\/i0.wp.com\\\/optimizacionpaginasmedia.s3.amazonaws.com\\\/2023\\\/06\\\/V1VmLqKe-Mitos-de-hablar-en-publico-copia.png?fit=500%2C281&ssl=1\",\"contentUrl\":\"https:\\\/\\\/i0.wp.com\\\/optimizacionpaginasmedia.s3.amazonaws.com\\\/2023\\\/06\\\/V1VmLqKe-Mitos-de-hablar-en-publico-copia.png?fit=500%2C281&ssl=1\",\"width\":500,\"height\":281},{\"@type\":\"BreadcrumbList\",\"@id\":\"https:\\\/\\\/tecnicashablarenpublico.com\\\/blog\\\/oratoria-como-hablar-en-publico-sin-miedo\\\/#breadcrumb\",\"itemListElement\":[{\"@type\":\"ListItem\",\"position\":1,\"name\":\"Portada\",\"item\":\"https:\\\/\\\/tecnicashablarenpublico.com\\\/blog\\\/\"},{\"@type\":\"ListItem\",\"position\":2,\"name\":\"5 Mitos Sobre Hablar en P\u00fablico y C\u00f3mo Vencerlos | Curso de Oratoria, Hablar Correctamente Sin Miedo\"}]},{\"@type\":\"WebSite\",\"@id\":\"https:\\\/\\\/tecnicashablarenpublico.com\\\/blog\\\/#website\",\"url\":\"https:\\\/\\\/tecnicashablarenpublico.com\\\/blog\\\/\",\"name\":\"TecnicasHablarEnPublico.Com\",\"description\":\"Blog\",\"publisher\":{\"@id\":\"https:\\\/\\\/tecnicashablarenpublico.com\\\/blog\\\/#organization\"},\"potentialAction\":[{\"@type\":\"SearchAction\",\"target\":{\"@type\":\"EntryPoint\",\"urlTemplate\":\"https:\\\/\\\/tecnicashablarenpublico.com\\\/blog\\\/?s={search_term_string}\"},\"query-input\":{\"@type\":\"PropertyValueSpecification\",\"valueRequired\":true,\"valueName\":\"search_term_string\"}}],\"inLanguage\":\"es\"},{\"@type\":\"Organization\",\"@id\":\"https:\\\/\\\/tecnicashablarenpublico.com\\\/blog\\\/#organization\",\"name\":\"TecnicasHablarEnPublico\",\"url\":\"https:\\\/\\\/tecnicashablarenpublico.com\\\/blog\\\/\",\"logo\":{\"@type\":\"ImageObject\",\"inLanguage\":\"es\",\"@id\":\"https:\\\/\\\/tecnicashablarenpublico.com\\\/blog\\\/#\\\/schema\\\/logo\\\/image\\\/\",\"url\":\"https:\\\/\\\/i0.wp.com\\\/tecnicashablarenpublico.com\\\/blog\\\/wp-content\\\/uploads\\\/2014\\\/11\\\/logo_cuadrado.png?fit=286%2C255&ssl=1\",\"contentUrl\":\"https:\\\/\\\/i0.wp.com\\\/tecnicashablarenpublico.com\\\/blog\\\/wp-content\\\/uploads\\\/2014\\\/11\\\/logo_cuadrado.png?fit=286%2C255&ssl=1\",\"width\":286,\"height\":255,\"caption\":\"TecnicasHablarEnPublico\"},\"image\":{\"@id\":\"https:\\\/\\\/tecnicashablarenpublico.com\\\/blog\\\/#\\\/schema\\\/logo\\\/image\\\/\"},\"sameAs\":[\"https:\\\/\\\/www.facebook.com\\\/VictorToscanoOficial\\\/\"]},{\"@type\":\"Person\",\"@id\":\"https:\\\/\\\/tecnicashablarenpublico.com\\\/blog\\\/#\\\/schema\\\/person\\\/f6a96b9bb773de8f08f84e4d6e6cf28f\",\"name\":\"Victor Toscano T V\",\"image\":{\"@type\":\"ImageObject\",\"inLanguage\":\"es\",\"@id\":\"https:\\\/\\\/secure.gravatar.com\\\/avatar\\\/e45c6f1f2986615bd1357fd094a24ab45a2ce7ca867817458fbebca30cd78e46?s=96&d=mm&r=g\",\"url\":\"https:\\\/\\\/secure.gravatar.com\\\/avatar\\\/e45c6f1f2986615bd1357fd094a24ab45a2ce7ca867817458fbebca30cd78e46?s=96&d=mm&r=g\",\"contentUrl\":\"https:\\\/\\\/secure.gravatar.com\\\/avatar\\\/e45c6f1f2986615bd1357fd094a24ab45a2ce7ca867817458fbebca30cd78e46?s=96&d=mm&r=g\",\"caption\":\"Victor Toscano T V\"},\"description\":\"Un apasionado en el tema de Hablar en P\u00fablico y el Crecimiento Personal, que pas\u00f3 de \\\"t\u00edmido\\\" a Conferencista Internacional en menos de dos a\u00f1os.\",\"sameAs\":[\"http:\\\/\\\/www.tecnicashablarenpublico.com\",\"https:\\\/\\\/www.facebook.com\\\/victortoscanooficial\",\"http:\\\/\\\/mx.linkedin.com\\\/in\\\/victortoscano\\\/\",\"http:\\\/\\\/www.pinterest.com\\\/victortoscano\\\/\",\"https:\\\/\\\/x.com\\\/_victortoscano\",\"http:\\\/\\\/victortoscano.com.mx\\\/youtube\"],\"url\":\"https:\\\/\\\/tecnicashablarenpublico.com\\\/blog\\\/author\\\/vict26\\\/\"}]}<\/script>\n<!-- \/ Yoast SEO plugin. -->","yoast_head_json":{"title":"5 Mitos Sobre Hablar en P\u00fablico y C\u00f3mo Vencerlos | Curso de Oratoria, Hablar Correctamente Sin Miedo - TecnicasHablarEnPublico.Com","robots":{"index":"index","follow":"follow","max-snippet":"max-snippet:-1","max-image-preview":"max-image-preview:large","max-video-preview":"max-video-preview:-1"},"canonical":"https:\/\/tecnicashablarenpublico.com\/blog\/oratoria-como-hablar-en-publico-sin-miedo\/","og_locale":"es_ES","og_type":"article","og_title":"5 Mitos Sobre Hablar en P\u00fablico y C\u00f3mo Vencerlos | Curso de Oratoria, Hablar Correctamente Sin Miedo - TecnicasHablarEnPublico.Com","og_description":"Oratoria: Ejercicios, Consejos y T\u00e9cnicas para Hablar en P\u00fablico y Exponer: C\u00f3mo Hablar Correctamente y Sin Miedo | Clases y Curso de Oratoria\u2026 \u00bb Mira el VIDEO Aqu\u00ed:","og_url":"https:\/\/tecnicashablarenpublico.com\/blog\/oratoria-como-hablar-en-publico-sin-miedo\/","og_site_name":"TecnicasHablarEnPublico.Com","article_publisher":"https:\/\/www.facebook.com\/VictorToscanoOficial\/","article_author":"https:\/\/www.facebook.com\/victortoscanooficial","article_published_time":"2017-03-14T22:23:19+00:00","article_modified_time":"2023-06-14T17:26:47+00:00","og_image":[{"width":500,"height":281,"url":"https:\/\/optimizacionpaginasmedia.s3.amazonaws.com\/2023\/06\/V1VmLqKe-Mitos-de-hablar-en-publico-copia.png","type":"image\/png"}],"author":"Victor Toscano T V","twitter_card":"summary_large_image","twitter_creator":"@_victortoscano","twitter_misc":{"Escrito por":"Victor Toscano T V","Tiempo de lectura":"10 minutos"},"schema":{"@context":"https:\/\/schema.org","@graph":[{"@type":"Article","@id":"https:\/\/tecnicashablarenpublico.com\/blog\/oratoria-como-hablar-en-publico-sin-miedo\/#article","isPartOf":{"@id":"https:\/\/tecnicashablarenpublico.com\/blog\/oratoria-como-hablar-en-publico-sin-miedo\/"},"author":{"name":"Victor Toscano T V","@id":"https:\/\/tecnicashablarenpublico.com\/blog\/#\/schema\/person\/f6a96b9bb773de8f08f84e4d6e6cf28f"},"headline":"5 Mitos Sobre Hablar en P\u00fablico y C\u00f3mo Vencerlos | Curso de Oratoria, Hablar Correctamente Sin Miedo","datePublished":"2017-03-14T22:23:19+00:00","dateModified":"2023-06-14T17:26:47+00:00","mainEntityOfPage":{"@id":"https:\/\/tecnicashablarenpublico.com\/blog\/oratoria-como-hablar-en-publico-sin-miedo\/"},"wordCount":2169,"commentCount":5446,"publisher":{"@id":"https:\/\/tecnicashablarenpublico.com\/blog\/#organization"},"image":{"@id":"https:\/\/tecnicashablarenpublico.com\/blog\/oratoria-como-hablar-en-publico-sin-miedo\/#primaryimage"},"thumbnailUrl":"https:\/\/i0.wp.com\/optimizacionpaginasmedia.s3.amazonaws.com\/2023\/06\/V1VmLqKe-Mitos-de-hablar-en-publico-copia.png?fit=500%2C281&ssl=1","articleSection":["T\u00e9cnicas Para Hablar En P\u00fablico"],"inLanguage":"es"},{"@type":"WebPage","@id":"https:\/\/tecnicashablarenpublico.com\/blog\/oratoria-como-hablar-en-publico-sin-miedo\/","url":"https:\/\/tecnicashablarenpublico.com\/blog\/oratoria-como-hablar-en-publico-sin-miedo\/","name":"5 Mitos Sobre Hablar en P\u00fablico y C\u00f3mo Vencerlos | Curso de Oratoria, Hablar Correctamente Sin Miedo - TecnicasHablarEnPublico.Com","isPartOf":{"@id":"https:\/\/tecnicashablarenpublico.com\/blog\/#website"},"primaryImageOfPage":{"@id":"https:\/\/tecnicashablarenpublico.com\/blog\/oratoria-como-hablar-en-publico-sin-miedo\/#primaryimage"},"image":{"@id":"https:\/\/tecnicashablarenpublico.com\/blog\/oratoria-como-hablar-en-publico-sin-miedo\/#primaryimage"},"thumbnailUrl":"https:\/\/i0.wp.com\/optimizacionpaginasmedia.s3.amazonaws.com\/2023\/06\/V1VmLqKe-Mitos-de-hablar-en-publico-copia.png?fit=500%2C281&ssl=1","datePublished":"2017-03-14T22:23:19+00:00","dateModified":"2023-06-14T17:26:47+00:00","breadcrumb":{"@id":"https:\/\/tecnicashablarenpublico.com\/blog\/oratoria-como-hablar-en-publico-sin-miedo\/#breadcrumb"},"inLanguage":"es","potentialAction":[{"@type":"ReadAction","target":["https:\/\/tecnicashablarenpublico.com\/blog\/oratoria-como-hablar-en-publico-sin-miedo\/"]}]},{"@type":"ImageObject","inLanguage":"es","@id":"https:\/\/tecnicashablarenpublico.com\/blog\/oratoria-como-hablar-en-publico-sin-miedo\/#primaryimage","url":"https:\/\/i0.wp.com\/optimizacionpaginasmedia.s3.amazonaws.com\/2023\/06\/V1VmLqKe-Mitos-de-hablar-en-publico-copia.png?fit=500%2C281&ssl=1","contentUrl":"https:\/\/i0.wp.com\/optimizacionpaginasmedia.s3.amazonaws.com\/2023\/06\/V1VmLqKe-Mitos-de-hablar-en-publico-copia.png?fit=500%2C281&ssl=1","width":500,"height":281},{"@type":"BreadcrumbList","@id":"https:\/\/tecnicashablarenpublico.com\/blog\/oratoria-como-hablar-en-publico-sin-miedo\/#breadcrumb","itemListElement":[{"@type":"ListItem","position":1,"name":"Portada","item":"https:\/\/tecnicashablarenpublico.com\/blog\/"},{"@type":"ListItem","position":2,"name":"5 Mitos Sobre Hablar en P\u00fablico y C\u00f3mo Vencerlos | Curso de Oratoria, Hablar Correctamente Sin Miedo"}]},{"@type":"WebSite","@id":"https:\/\/tecnicashablarenpublico.com\/blog\/#website","url":"https:\/\/tecnicashablarenpublico.com\/blog\/","name":"TecnicasHablarEnPublico.Com","description":"Blog","publisher":{"@id":"https:\/\/tecnicashablarenpublico.com\/blog\/#organization"},"potentialAction":[{"@type":"SearchAction","target":{"@type":"EntryPoint","urlTemplate":"https:\/\/tecnicashablarenpublico.com\/blog\/?s={search_term_string}"},"query-input":{"@type":"PropertyValueSpecification","valueRequired":true,"valueName":"search_term_string"}}],"inLanguage":"es"},{"@type":"Organization","@id":"https:\/\/tecnicashablarenpublico.com\/blog\/#organization","name":"TecnicasHablarEnPublico","url":"https:\/\/tecnicashablarenpublico.com\/blog\/","logo":{"@type":"ImageObject","inLanguage":"es","@id":"https:\/\/tecnicashablarenpublico.com\/blog\/#\/schema\/logo\/image\/","url":"https:\/\/i0.wp.com\/tecnicashablarenpublico.com\/blog\/wp-content\/uploads\/2014\/11\/logo_cuadrado.png?fit=286%2C255&ssl=1","contentUrl":"https:\/\/i0.wp.com\/tecnicashablarenpublico.com\/blog\/wp-content\/uploads\/2014\/11\/logo_cuadrado.png?fit=286%2C255&ssl=1","width":286,"height":255,"caption":"TecnicasHablarEnPublico"},"image":{"@id":"https:\/\/tecnicashablarenpublico.com\/blog\/#\/schema\/logo\/image\/"},"sameAs":["https:\/\/www.facebook.com\/VictorToscanoOficial\/"]},{"@type":"Person","@id":"https:\/\/tecnicashablarenpublico.com\/blog\/#\/schema\/person\/f6a96b9bb773de8f08f84e4d6e6cf28f","name":"Victor Toscano T V","image":{"@type":"ImageObject","inLanguage":"es","@id":"https:\/\/secure.gravatar.com\/avatar\/e45c6f1f2986615bd1357fd094a24ab45a2ce7ca867817458fbebca30cd78e46?s=96&d=mm&r=g","url":"https:\/\/secure.gravatar.com\/avatar\/e45c6f1f2986615bd1357fd094a24ab45a2ce7ca867817458fbebca30cd78e46?s=96&d=mm&r=g","contentUrl":"https:\/\/secure.gravatar.com\/avatar\/e45c6f1f2986615bd1357fd094a24ab45a2ce7ca867817458fbebca30cd78e46?s=96&d=mm&r=g","caption":"Victor Toscano T V"},"description":"Un apasionado en el tema de Hablar en P\u00fablico y el Crecimiento Personal, que pas\u00f3 de \"t\u00edmido\" a Conferencista Internacional en menos de dos a\u00f1os.","sameAs":["http:\/\/www.tecnicashablarenpublico.com","https:\/\/www.facebook.com\/victortoscanooficial","http:\/\/mx.linkedin.com\/in\/victortoscano\/","http:\/\/www.pinterest.com\/victortoscano\/","https:\/\/x.com\/_victortoscano","http:\/\/victortoscano.com.mx\/youtube"],"url":"https:\/\/tecnicashablarenpublico.com\/blog\/author\/vict26\/"}]}},"jetpack_publicize_connections":[],"jetpack_featured_media_url":"https:\/\/i0.wp.com\/optimizacionpaginasmedia.s3.amazonaws.com\/2023\/06\/V1VmLqKe-Mitos-de-hablar-en-publico-copia.png?fit=500%2C281&ssl=1","jetpack_shortlink":"https:\/\/wp.me\/p338RC-C2","jetpack-related-posts":[{"id":951,"url":"https:\/\/tecnicashablarenpublico.com\/blog\/curso-de-oratoria-gratis-aprendiendo-a-hablar-en-publico\/","url_meta":{"origin":2358,"position":0},"title":"Curso De Oratoria GRATIS &#8211; Aprendiendo A Hablar En P\u00fablico","author":"Victor Toscano T V","date":"14\/02\/2013","format":false,"excerpt":"Hace aproximadamente un mes decid\u00ed grabar 4 VIDEOS donde explico varias t\u00e9cnicas para Hablar en P\u00fablico... Aunque originalmente ten\u00eda pensado ponerlos a la venta como parte de mi nuevo curso de oratoria online, decid\u00ed permitir el acceso Gratis a ellos. Para mi sorpresa, fueron todo un \u00c9xito cuando los publiqu\u00e9\u2026","rel":"","context":"En \u00abAprender a Hablar en Publico\u00bb","block_context":{"text":"Aprender a Hablar en Publico","link":"https:\/\/tecnicashablarenpublico.com\/blog\/category\/aprender-a-hablar-en-publico\/"},"img":{"alt_text":"Curso De Oratoria GRATIS - Aprendiendo A Hablar En P\u00fablico","src":"https:\/\/i0.wp.com\/optimizacionpaginasmedia.s3.amazonaws.com\/2020\/05\/curso-de-oratoria-gratis-aprender-a-hablar-en-publico.jpg?fit=900%2C550&ssl=1&resize=350%2C200","width":350,"height":200,"srcset":"https:\/\/i0.wp.com\/optimizacionpaginasmedia.s3.amazonaws.com\/2020\/05\/curso-de-oratoria-gratis-aprender-a-hablar-en-publico.jpg?fit=900%2C550&ssl=1&resize=350%2C200 1x, https:\/\/i0.wp.com\/optimizacionpaginasmedia.s3.amazonaws.com\/2020\/05\/curso-de-oratoria-gratis-aprender-a-hablar-en-publico.jpg?fit=900%2C550&ssl=1&resize=525%2C300 1.5x, https:\/\/i0.wp.com\/optimizacionpaginasmedia.s3.amazonaws.com\/2020\/05\/curso-de-oratoria-gratis-aprender-a-hablar-en-publico.jpg?fit=900%2C550&ssl=1&resize=700%2C400 2x"},"classes":[]},{"id":2386,"url":"https:\/\/tecnicashablarenpublico.com\/blog\/7-tecnicas-para-hablar-en-publico-muy-efectivas\/","url_meta":{"origin":2358,"position":1},"title":"7 T\u00e9cnicas para Hablar en P\u00fablico (Muy Efectivas)  | Curso de Oratoria y Liderazgo","author":"Victor Toscano T V","date":"30\/06\/2017","format":false,"excerpt":"7 t\u00e9cnicas para hablar en p\u00fablico de manera adecuada | En este curso de oratoria y liderazgo aprender\u00e1s t\u00e9cnicas cient\u00edficas y trucos de c\u00f3mo hablar bien en p\u00fablico... \u00bb Mira el VIDEO Aqu\u00ed: \u00bb Suscr\u00edbete en Youtube: https:\/\/www.youtube.com\/@VictorToscano \u00bb M\u00e1s videos de Oratoria:\u00a0https:\/\/tecnicashablarenpublico.com 7 t\u00e9cnicas de oratoria y liderazgo para\u2026","rel":"","context":"En \u00abT\u00e9cnicas Para Hablar En P\u00fablico\u00bb","block_context":{"text":"T\u00e9cnicas Para Hablar En P\u00fablico","link":"https:\/\/tecnicashablarenpublico.com\/blog\/category\/tecnicas-para-hablar-en-publico\/"},"img":{"alt_text":"","src":"https:\/\/i0.wp.com\/optimizacionpaginasmedia.s3.amazonaws.com\/2023\/06\/7uC2wni6-7-tecnicas-para-hablar-en-publico-copia-min.png?fit=500%2C281&ssl=1&resize=350%2C200","width":350,"height":200},"classes":[]},{"id":2177,"url":"https:\/\/tecnicashablarenpublico.com\/blog\/como-hablar-en-publico-como-un-profesional-sin-miedo-y-sin-nervios-descarga-gratis-libro-pdf\/","url_meta":{"origin":2358,"position":2},"title":"C\u00f3mo Hablar en P\u00fablico Como Un Profesional: Sin Miedo y Sin Nervios | Descarga Gratis Libro PDF","author":"Victor Toscano T V","date":"24\/06\/2015","format":false,"excerpt":"\u00bfC\u00f3mo Hablar en P\u00fablico? C\u00f3mo Hablar en P\u00fablico Sin Miedo y Sin Nervios. Descarga Gratis este Libro en PDF por V\u00edctor Toscano, y Accede al Curso de Oratoria Moderna Online... https:\/\/youtu.be\/WuxxwXEW06Q Descarga GRATIS este Libro en PDF de C\u00f3mo Hablar en P\u00fablico por V\u00edctor Toscano y Accede sin costo al\u2026","rel":"","context":"En \u00abComo Hablar en Publico\u00bb","block_context":{"text":"Como Hablar en Publico","link":"https:\/\/tecnicashablarenpublico.com\/blog\/category\/como-hablar-en-publico-2\/"},"img":{"alt_text":"Como hablar en p\u00fablico sin miedo y controlar los nervios","src":"https:\/\/i0.wp.com\/optimizacionpaginasmedia.s3.amazonaws.com\/2020\/05\/como-hablar-en-publico-sin-miedo-y-controlar-los-nervios.jpg?fit=900%2C550&ssl=1&resize=350%2C200","width":350,"height":200,"srcset":"https:\/\/i0.wp.com\/optimizacionpaginasmedia.s3.amazonaws.com\/2020\/05\/como-hablar-en-publico-sin-miedo-y-controlar-los-nervios.jpg?fit=900%2C550&ssl=1&resize=350%2C200 1x, https:\/\/i0.wp.com\/optimizacionpaginasmedia.s3.amazonaws.com\/2020\/05\/como-hablar-en-publico-sin-miedo-y-controlar-los-nervios.jpg?fit=900%2C550&ssl=1&resize=525%2C300 1.5x, https:\/\/i0.wp.com\/optimizacionpaginasmedia.s3.amazonaws.com\/2020\/05\/como-hablar-en-publico-sin-miedo-y-controlar-los-nervios.jpg?fit=900%2C550&ssl=1&resize=700%2C400 2x"},"classes":[]},{"id":2297,"url":"https:\/\/tecnicashablarenpublico.com\/blog\/como-hacer-una-buena-exposicion-oratoria-hablar-correctamente\/","url_meta":{"origin":2358,"position":3},"title":"C\u00f3mo Hacer Una Buena Exposici\u00f3n Oral y Hablar Correctamente | Oratoria: Presentaci\u00f3n en P\u00fablico","author":"Victor Toscano T V","date":"20\/05\/2016","format":false,"excerpt":"Curso de Oratoria: C\u00f3mo hacer una exposici\u00f3n oral, c\u00f3mo hacer una presentaci\u00f3n y hablar en p\u00fablico correctamente al exponer un tema profesional | T\u00e9cnicas de Oratoria... \u00bb Mira el VIDEO Aqu\u00ed: \u00bb Suscr\u00edbete en Youtube: http:\/\/victor-toscano.com\/youtube \u00bb M\u00e1s videos de Oratoria:\u00a0https:\/\/tecnicashablarenpublico.com C\u00f3mo hacer una exposici\u00f3n profesional, a\u00fan si eres novato.\u2026","rel":"","context":"En \u00abT\u00e9cnicas Para Hablar En P\u00fablico\u00bb","block_context":{"text":"T\u00e9cnicas Para Hablar En P\u00fablico","link":"https:\/\/tecnicashablarenpublico.com\/blog\/category\/tecnicas-para-hablar-en-publico\/"},"img":{"alt_text":"","src":"https:\/\/i0.wp.com\/optimizacionpaginasmedia.s3.amazonaws.com\/2023\/06\/uIl2gLsL-4-copia-min.png?fit=500%2C281&ssl=1&resize=350%2C200","width":350,"height":200},"classes":[]},{"id":2248,"url":"https:\/\/tecnicashablarenpublico.com\/blog\/como-usar-un-microfono-y-hablar-correctamente-tecnicas-para-hablar-en-publico-oratoria\/","url_meta":{"origin":2358,"position":4},"title":"C\u00f3mo Usar un Micr\u00f3fono y Hablar Correctamente: T\u00e9cnicas para Hablar en P\u00fablico | Oratoria","author":"Victor Toscano T V","date":"18\/11\/2015","format":false,"excerpt":"C\u00f3mo Hablar en P\u00fablico: 5 T\u00e9cnicas para usar un micr\u00f3fono, hablar correctamente, y vencer el p\u00e1nico esc\u00e9nico al realizar un discurso de oratoria... \u00bb Mira el VIDEO Aqu\u00ed: \u00bb Suscr\u00edbete en Youtube: http:\/\/victor-toscano.com\/youtube \u00bb M\u00e1s videos de Oratoria:\u00a0https:\/\/tecnicashablarenpublico.com C\u00f3mo Usar un Micr\u00f3fono y Hablar Correctamente en P\u00fablico En este video\u2026","rel":"","context":"En \u00abT\u00e9cnicas Para Hablar En P\u00fablico\u00bb","block_context":{"text":"T\u00e9cnicas Para Hablar En P\u00fablico","link":"https:\/\/tecnicashablarenpublico.com\/blog\/category\/tecnicas-para-hablar-en-publico\/"},"img":{"alt_text":"","src":"https:\/\/i0.wp.com\/optimizacionpaginasmedia.s3.amazonaws.com\/2023\/06\/vbOmwMJ7-como-usar-un-microfono-copia-min.png?fit=500%2C281&ssl=1&resize=350%2C200","width":350,"height":200},"classes":[]},{"id":1240,"url":"https:\/\/tecnicashablarenpublico.com\/blog\/curso-como-hablar-en-publico-en-guadalajara-mexico-taller-presencial\/","url_meta":{"origin":2358,"position":5},"title":"Curso Como Hablar en P\u00fablico en Guadalajara, M\u00e9xico (TALLER PRESENCIAL) &#8211; Te Enviamos Capacitaci\u00f3n","author":"Victor Toscano T V","date":"03\/06\/2013","format":false,"excerpt":"\u00bfTe gustar\u00eda Aprender a Hablar en P\u00fablico y Conseguir un Mejor Trabajo?\u00bfNecesitas un Curso de Comunicaci\u00f3n para los Empleados de tu Empresa?\u00bfQuieres Aprender a Usar Mejor tu Voz y Proyectar Seguridad y Convicci\u00f3n? Curso-Taller: \u201cComunicaci\u00f3n Efectiva\u201d Este curso tiene como objetivo ayudar en el desarrollo de habilidades efectivas de comunicaci\u00f3n\u2026","rel":"","context":"En \u00abComo Hablar en Publico\u00bb","block_context":{"text":"Como Hablar en Publico","link":"https:\/\/tecnicashablarenpublico.com\/blog\/category\/como-hablar-en-publico-2\/"},"img":{"alt_text":"CURSO: Como Hablar en P\u00fablico en Guadalajara, M\u00e9xico (taller presencial de comunicaci\u00f3n efectiva)","src":"https:\/\/i0.wp.com\/optimizacionpaginasmedia.s3.amazonaws.com\/2020\/05\/curso-como-hablar-en-publico-en-guadalajara-mexico-taller-presencial-1.jpg?fit=900%2C550&ssl=1&resize=350%2C200","width":350,"height":200,"srcset":"https:\/\/i0.wp.com\/optimizacionpaginasmedia.s3.amazonaws.com\/2020\/05\/curso-como-hablar-en-publico-en-guadalajara-mexico-taller-presencial-1.jpg?fit=900%2C550&ssl=1&resize=350%2C200 1x, https:\/\/i0.wp.com\/optimizacionpaginasmedia.s3.amazonaws.com\/2020\/05\/curso-como-hablar-en-publico-en-guadalajara-mexico-taller-presencial-1.jpg?fit=900%2C550&ssl=1&resize=525%2C300 1.5x, https:\/\/i0.wp.com\/optimizacionpaginasmedia.s3.amazonaws.com\/2020\/05\/curso-como-hablar-en-publico-en-guadalajara-mexico-taller-presencial-1.jpg?fit=900%2C550&ssl=1&resize=700%2C400 2x"},"classes":[]}],"jetpack_sharing_enabled":true,"_links":{"self":[{"href":"https:\/\/tecnicashablarenpublico.com\/blog\/wp-json\/wp\/v2\/posts\/2358","targetHints":{"allow":["GET"]}}],"collection":[{"href":"https:\/\/tecnicashablarenpublico.com\/blog\/wp-json\/wp\/v2\/posts"}],"about":[{"href":"https:\/\/tecnicashablarenpublico.com\/blog\/wp-json\/wp\/v2\/types\/post"}],"author":[{"embeddable":true,"href":"https:\/\/tecnicashablarenpublico.com\/blog\/wp-json\/wp\/v2\/users\/1"}],"replies":[{"embeddable":true,"href":"https:\/\/tecnicashablarenpublico.com\/blog\/wp-json\/wp\/v2\/comments?post=2358"}],"version-history":[{"count":0,"href":"https:\/\/tecnicashablarenpublico.com\/blog\/wp-json\/wp\/v2\/posts\/2358\/revisions"}],"wp:featuredmedia":[{"embeddable":true,"href":"https:\/\/tecnicashablarenpublico.com\/blog\/wp-json\/wp\/v2\/media\/3201"}],"wp:attachment":[{"href":"https:\/\/tecnicashablarenpublico.com\/blog\/wp-json\/wp\/v2\/media?parent=2358"}],"wp:term":[{"taxonomy":"category","embeddable":true,"href":"https:\/\/tecnicashablarenpublico.com\/blog\/wp-json\/wp\/v2\/categories?post=2358"},{"taxonomy":"post_tag","embeddable":true,"href":"https:\/\/tecnicashablarenpublico.com\/blog\/wp-json\/wp\/v2\/tags?post=2358"}],"curies":[{"name":"wp","href":"https:\/\/api.w.org\/{rel}","templated":true}]}}