{"id":2309,"date":"2016-06-26T16:41:26","date_gmt":"2016-06-26T22:41:26","guid":{"rendered":"https:\/\/tecnicashablarenpublico.com\/blog\/?p=2309"},"modified":"2023-06-11T18:26:35","modified_gmt":"2023-06-12T00:26:35","slug":"oratoria-cursos-para-hablar-en-publico-como-hablar-bien","status":"publish","type":"post","link":"https:\/\/tecnicashablarenpublico.com\/blog\/oratoria-cursos-para-hablar-en-publico-como-hablar-bien\/","title":{"rendered":"ORATORIA: C\u00f3mo Hablar Correctamente y Perder el Miedo Esc\u00e9nico | Cursos Para Hablar En P\u00fablico"},"content":{"rendered":"<p><strong><span style=\"text-decoration: underline;\"><i><span style=\"font-weight: 400;\">Cursos para Hablar en P\u00fablico<\/span><\/i><\/span><i><span style=\"font-weight: 400;\"> (curso de ORATORIA gratis): C\u00f3mo hablar correctamente y perder el miedo a hablar en p\u00fablico, tips y clases de oratoria | Errores al hablar en p\u00fablico&#8230;<\/span><\/i><\/strong><\/p>\n<p><strong>\u00bb Mira el VIDEO Aqu\u00ed:<\/strong><br \/>\n<iframe class=\"lazyload\" data-src=\"https:\/\/www.youtube.com\/embed\/wiAmojbtfB8?rel=0&amp;theme=light&amp;autohide=1&amp;showinfo=0&amp;html5=true&amp;controls=1&amp;autoplay=0&amp;modestbranding=1\" width=\"640\" height=\"360\" frameborder=\"0\" allowfullscreen=\"allowfullscreen\"><\/iframe><br \/>\n<a href=\"http:\/\/victor-toscano.com\/youtube\" target=\"_blank\" rel=\"noopener\" class=\"broken_link\"><img decoding=\"async\" class=\"aligncenter wp-image-123  lazyload\" src=\"data:image\/gif;base64,R0lGODlhAQABAIAAAAAAAP\/\/\/yH5BAEAAAAALAAAAAABAAEAAAIBRAA7\" data-src=\"http:\/\/victor-toscano.com\/wp-content\/uploads\/2014\/10\/images.jpg\" alt=\"suscribete boton youtube\" width=\"156\" height=\"44\"><noscript><img data-recalc-dims=\"1\" decoding=\"async\" class=\"aligncenter wp-image-123  lazyload\" src=\"https:\/\/i0.wp.com\/victor-toscano.com\/wp-content\/uploads\/2014\/10\/images.jpg?resize=156%2C44\" alt=\"suscribete boton youtube\" width=\"156\" height=\"44\"><\/noscript><\/a><\/p>\n<p><!--more--><\/p>\n<p>\u00bb Suscr\u00edbete en Youtube: <a href=\"http:\/\/victor-toscano.com\/youtube\" target=\"_blank\" rel=\"noopener\" class=\"broken_link\">http:\/\/victor-toscano.com\/youtube<\/a><br \/>\n\u00bb M\u00e1s videos de Oratoria:&nbsp;<a href=\"https:\/\/tecnicashablarenpublico.com\" target=\"_blank\" rel=\"noopener\">https:\/\/tecnicashablarenpublico.com<\/a><\/p>\n<h2 style=\"text-align: center;\">5 Errores Fatales de una Presentaci\u00f3n en P\u00fablico.<\/h2>\n<p>Tal vez t\u00fa ya no tienes tanto miedo a hablar en p\u00fablico&#8230;<\/p>\n<p>Pero notas que tus presentaciones en video o en p\u00fablico, no tienen el impacto que t\u00fa quisieras, porque las personas no ven tus videos completos o percibes que el p\u00fablico se aburre.<\/p>\n<p>T\u00fa le pones ganas y entusiasmo a tu presentaci\u00f3n, pero al final de tu participaci\u00f3n te das cuenta de que las personas no se sienten convencidas, inspiradas, ni mucho menos influenciadas por tus palabras. Sientes que falta algo, pero no sabes que es.<\/p>\n<h2>\u00bfTe gustar\u00eda saber por qu\u00e9 sucede esto y c\u00f3mo puedes evitarlo?<\/h2>\n<p>Si t\u00fa eres un emprendedor y est\u00e1s buscando conseguir m\u00e1s asociados, atraer m\u00e1s clientes o captar inversionistas para tu marca o negocio, no te permitas seguir cometiendo los mismos errores del pasado, ni estancarte en un desempe\u00f1o pobre y poco efectivo, ya que son un impedimento para que t\u00fa puedas influir en las personas que te escuchan.<\/p>\n<p>Mejor mira este video de principio a fin y haz los ajustes necesarios, para que tus presentaciones, lanzamientos de producto o discursos, te avalen como un profesional y te traigan los resultados y la prosperidad que te mereces.<\/p>\n<p>Hay personas que est\u00e1n buscando con mucho entusiasmo y dedicaci\u00f3n, promover sus productos, dar a conocer sus marcas, allegarse socios o distribuidores, o captar la atenci\u00f3n de inversionistas capitalistas.<\/p>\n<p>Sus negocios, marcas o empresas, son reales, y su inter\u00e9s honesto es buscar mejorar su vida y la de las personas en su entorno inmediato.<\/p>\n<p>Pero parece que por m\u00e1s dedicaci\u00f3n que ponen en sus presentaciones, videos y promociones, no logran convencer, ni obtener los recursos o las personas que necesitan para lograr sus objetivos y metas.<\/p>\n<p>Tal vez no se han dado cuenta de que est\u00e1n cometiendo uno o m\u00e1s de estos errores fatales que debilitan y desquebrajan su imagen y su influencia al hacer sus presentaciones.<\/p>\n<p>Por eso, para que a ti no te pase esto, te vamos a mencionar los 5 errores fatales que pueden derrumbar el trabajo que est\u00e1s haciendo para promover con \u00e9xito tu proyecto.<\/p>\n<p>Y adem\u00e1s te vamos a dar las t\u00e9cnicas que al aplicarlas te ayudar\u00e1n a evitar caer en estas trampas, y as\u00ed logres inspirar, impactar y convencer en cada una de tus presentaciones.<\/p>\n<h2>ERROR 1. Abrir de una manera aburrida o trillada.<\/h2>\n<p>Mejor recuerda que es en los primeros 30 segundos frente al p\u00fablico, que ellos deciden si te van a escuchar con atenci\u00f3n o si solo van a ser un bulto en el auditorio.<\/p>\n<p>Recuerda tambi\u00e9n emplear correctamente tu lenguaje no verbal para que te sirva de respaldo y envi\u00e9 el mensaje de que tienes seguridad en ti mismo y en lo valioso de la informaci\u00f3n que est\u00e1s a punto de compartir.<\/p>\n<h2>ERROR 2. Explicar demasiado lo que vas a hacer o a decir.<\/h2>\n<p>Este error t\u00edpico suele suceder as\u00ed. El presentador est\u00e1 al frente del p\u00fablico, abri\u00f3 su presentaci\u00f3n de una manera emocionante e impactante y ellos ya le han dado el favor de su atenci\u00f3n.<\/p>\n<p>Pero en ese momento dice algo como: \u00abA continuaci\u00f3n les voy a contar una historia muy conmovedora que a m\u00ed en lo personal me ha hecho meditar mucho y que cuando se lo he contado a otras personas, ellos me han dicho que esta historia realmente les llega al fondo del coraz\u00f3n&#8230;\u00bb O \u00bb Perm\u00edtanme decirles el porqu\u00e9 prepare este tema y porque les va a ayudar a cambiar sus vidas&#8230;\u00bb<\/p>\n<p>Evita extenderte demasiado al explicar lo que vas a hacer o lo que vas a decir. Mejor ve al punto y haz lo que quieres hacer o di lo que vas a decir, porque de otro modo estas perdiendo tiempo y restando fuerza e impacto a tu presentaci\u00f3n o discurso.<\/p>\n<p>El peor de estos ejemplos es cuando un presentador dice: \u00abLes voy a contar una broma muy graciosa&#8230;\u00bb \u00bfQue tal si despu\u00e9s de contar la broma nadie se r\u00ede? Eso te har\u00eda quedar mal.<\/p>\n<p>Mejor solo cuenta la broma y si nadie se r\u00ede, puedes continuar como si nada hubiera pasado, sin perder tu credibilidad.<\/p>\n<h2>ERROR 3. Dar disculpas.<\/h2>\n<p>Si falla la computadora, o la presentaci\u00f3n, o el micr\u00f3fono, no te apures demasiado. La gran mayor\u00eda de tu p\u00fablico saben que esto puede pasarle a cualquier persona en cualquier momento.<\/p>\n<p>T\u00fa mant\u00e9n la calma y en vez de disculparte, se\u00f1ala breve y casualmente lo sucedido y contin\u00faa con tu presentaci\u00f3n.<\/p>\n<p>Y aqu\u00ed lo valioso de este consejo. Si vas a utilizar cualquier clase de medio audiovisual electr\u00f3nico para tu presentaci\u00f3n, tambi\u00e9n pract\u00edcala de principio a fin sin las ayudas electr\u00f3nicas, de modo que est\u00e9s preparado para continuar si estas llegaran a fallar.<\/p>\n<p>Le resta mucha efectividad y credibilidad a cualquier presentaci\u00f3n, que la persona se disculpe diciendo cosas como: \u00abLo siento yo no soy un conferencista profesional\u00bb o \u00abPerdonen ustedes, yo no se como hablar en p\u00fablico pero me toc\u00f3 hacer esta presentaci\u00f3n.\u00bb o \u00abNo soy bueno exponiendo, as\u00ed que espero no confundirlos con este tema que les voy a presentar\u00bb, o \u00abDisculpen si ya llevo una hora hablando, pero pronto vamos a terminar.\u00bb<\/p>\n<p>Mejor evita dar disculpas y dale fluidez a tu presentaci\u00f3n mientras pones todo tu entusiasmo y emoci\u00f3n en lograr tus resultados.<\/p>\n<p>Una vez por ejemplo, yo estaba entre el p\u00fablico en un auditorio improvisado con una tienda de lona al aire libre, se acercaban las 12 del d\u00eda y empezaba a hacer calor.<\/p>\n<p>El presentador que estaba a medias de su presentaci\u00f3n se percat\u00f3 de que las personas se sent\u00edan impacientes y en vez de agilizar su discurso y tratar de terminar un poco m\u00e1s r\u00e1pido de lo que estaba planeado, \u00bfqu\u00e9 crees que fue lo que hizo? Dijo algo como: \u00abSiento mucho que no haya aire acondicionado y que el sol y el calor est\u00e9n empeorando. Por favor tenganme paciencia, ya estamos a la mitad, pronto vamos a terminar.\u00bb<\/p>\n<p>Como podr\u00e1s imaginar hubo personas que en ese mismo momento se levantaron y abandonaron el lugar.<\/p>\n<h2>ERROR 4. Dar excusas.<\/h2>\n<p>El punto final en el que tu p\u00fablico perder\u00e1 todo inter\u00e9s, respeto y credibilidad, ser\u00e1 cuando des una excusa.<\/p>\n<p>Tomemos el ejemplo anterior en el que el proyector se da\u00f1\u00f3 a media presentaci\u00f3n. Si el presentador en vez de estar listo para continuar sin las ayudas electr\u00f3nicas, dice algo como: \u00abQuiero pedir disculpas porque el proyector no sirve, y el encargado del equipo t\u00e9cnico me hab\u00eda dicho que ten\u00edan un repuesto, pero parece que no est\u00e1 y como no traigo mis notas, pues voy a hacer todo lo mejor que pueda, por favor tenganme paciencia.\u00bb<\/p>\n<p>\u00bfCrees que alguien confiar\u00e1 en este presentador y en su compa\u00f1\u00eda o producto?<\/p>\n<h2>ERROR 5. Cerrar abruptamente.<\/h2>\n<p>Hay dos formas en que un cierre se debilita.<\/p>\n<ol>\n<li>Despedirte demasiado, seguir hablando y dando muchas recomendaciones al final, y&#8230;<\/li>\n<li>Truncar abruptamente el discurso, diciendo algo como:<\/li>\n<\/ol>\n<ul>\n<li>\u00abEsto es todo lo que tengo para compartir con ustedes el d\u00eda de hoy.\u00bb<\/li>\n<li>\u00abMuy bien ya llegamos al final del tiempo que ten\u00edamos. Gracias por su atenci\u00f3n.\u00bb<\/li>\n<li>\u00abPues es todo. Me despido de ustedes y que pasen buenas noches. Gracias.\u00bb<\/li>\n<\/ul>\n<p>Lo mejor es que en el cierre encuentres una forma de recapitular brevemente y hacer un solo llamado a la acci\u00f3n, para que tu p\u00fablico se lleve una sugerencia final, que le de sentido, congruencia y conclusi\u00f3n a tu presentaci\u00f3n.<\/p>\n<h2>Evita estos 5 errores.<\/h2>\n<p>Muchos conferencistas y presentadores cometen estos 5 errores constantemente, pero no son conscientes de ello.<\/p>\n<p>Al grabar y revisar tus propias presentaciones t\u00fa tienes la posibilidad de observar si estas cayendo en alguno de estos errores que pueden estar debilitando y desquebrajando la inspiraci\u00f3n, admiraci\u00f3n y confianza que el p\u00fablico quiere depositar en ti.<\/p>\n<p>Evita estos 5 errores aplicando las t\u00e9cnicas alternativas que nosotros te hemos dado en este video y as\u00ed continuar\u00e1s cautivando, inspirando y guiando prospectos, socios e inversionistas hacia tu empresa, marca o negocio en cada presentaci\u00f3n.<\/p>\n<p style=\"text-align: center;\"><em>\u201cNo hay nada de malo en disculparse, pero decir lo siento, no logra nada, cuando la persona contin\u00faa cometiendo los mismos errores.\u201d<\/em><br \/>\n\u2014 An\u00f3nimo<\/p>\n<div>\n<p><strong>V\u00edctor Toscano y V\u00edctor P\u00e9rez<\/strong><br \/>\n<a href=\"https:\/\/tecnicashablarenpublico.com\/\" target=\"_blank\" rel=\"noopener\">TecnicasHablarEnPublico.com<\/a><\/p>\n<p><em><strong>P.D: Si te parece \u00fatil esta informaci\u00f3n, comparte esta p\u00e1gina&nbsp;con tus amigos.<\/strong><\/em><\/p>\n<p><strong>No te pierdas ninguno de mis NUEVOS VIDEOS:&nbsp;<\/strong>Cada semana estoy subiendo un nuevo video como este en mi canal de youtube, suscr\u00edbete haciendo click en el siguiente bot\u00f3n&nbsp;para que los recibas:<\/p>\n<p><a href=\"http:\/\/victor-toscano.com\/youtube\" target=\"_blank\" rel=\"noopener\" class=\"broken_link\"><img decoding=\"async\" class=\"wp-image-123  aligncenter lazyload\" src=\"data:image\/gif;base64,R0lGODlhAQABAIAAAAAAAP\/\/\/yH5BAEAAAAALAAAAAABAAEAAAIBRAA7\" data-src=\"http:\/\/victor-toscano.com\/wp-content\/uploads\/2014\/10\/images.jpg\" alt=\"suscribete boton youtube\" width=\"248\" height=\"70\"><noscript><img data-recalc-dims=\"1\" decoding=\"async\" class=\"wp-image-123  aligncenter lazyload\" src=\"https:\/\/i0.wp.com\/victor-toscano.com\/wp-content\/uploads\/2014\/10\/images.jpg?resize=248%2C70\" alt=\"suscribete boton youtube\" width=\"248\" height=\"70\"><\/noscript><\/a><\/p>\n<p style=\"text-align: center;\"><strong> <a title=\"Videos de crecimiento personal\" href=\"http:\/\/victor-toscano.com\/youtube\" target=\"_blank\" rel=\"noopener\" class=\"broken_link\">http:\/\/victor-toscano.com\/youtube<\/a><\/strong><\/p>\n<p>&nbsp;<\/p>\n<p>.<\/p>\n<\/div>\n","protected":false},"excerpt":{"rendered":"<p>Cursos para Hablar en P\u00fablico (curso de ORATORIA gratis): C\u00f3mo hablar correctamente y perder el miedo a hablar en p\u00fablico, tips y clases de oratoria | Errores al hablar en p\u00fablico&#8230; \u00bb Mira el VIDEO Aqu\u00ed:<\/p>\n","protected":false},"author":1,"featured_media":3157,"comment_status":"open","ping_status":"closed","sticky":false,"template":"","format":"standard","meta":{"jetpack_post_was_ever_published":false,"_jetpack_newsletter_access":"","_jetpack_dont_email_post_to_subs":false,"_jetpack_newsletter_tier_id":0,"_jetpack_memberships_contains_paywalled_content":false,"_jetpack_memberships_contains_paid_content":false,"footnotes":"","jetpack_publicize_message":"","jetpack_publicize_feature_enabled":true,"jetpack_social_post_already_shared":true,"jetpack_social_options":{"image_generator_settings":{"template":"highway","default_image_id":0,"font":"","enabled":false},"version":2}},"categories":[3],"tags":[],"class_list":["post-2309","post","type-post","status-publish","format-standard","has-post-thumbnail","hentry","category-tecnicas-para-hablar-en-publico","post-wrapper","thrv_wrapper"],"yoast_head":"<!-- This site is optimized with the Yoast SEO plugin v27.5 - https:\/\/yoast.com\/product\/yoast-seo-wordpress\/ -->\n<title>ORATORIA: C\u00f3mo Hablar Correctamente y Perder el Miedo Esc\u00e9nico | Cursos Para Hablar En P\u00fablico - TecnicasHablarEnPublico.Com<\/title>\n<meta name=\"robots\" content=\"index, follow, max-snippet:-1, max-image-preview:large, max-video-preview:-1\" \/>\n<link rel=\"canonical\" href=\"https:\/\/tecnicashablarenpublico.com\/blog\/oratoria-cursos-para-hablar-en-publico-como-hablar-bien\/\" \/>\n<meta property=\"og:locale\" content=\"es_ES\" \/>\n<meta property=\"og:type\" content=\"article\" \/>\n<meta property=\"og:title\" content=\"ORATORIA: C\u00f3mo Hablar Correctamente y Perder el Miedo Esc\u00e9nico | Cursos Para Hablar En P\u00fablico - TecnicasHablarEnPublico.Com\" \/>\n<meta property=\"og:description\" content=\"Cursos para Hablar en P\u00fablico (curso de ORATORIA gratis): C\u00f3mo hablar correctamente y perder el miedo a hablar en p\u00fablico, tips y clases de oratoria | Errores al hablar en p\u00fablico&#8230; \u00bb Mira el VIDEO Aqu\u00ed:\" \/>\n<meta property=\"og:url\" content=\"https:\/\/tecnicashablarenpublico.com\/blog\/oratoria-cursos-para-hablar-en-publico-como-hablar-bien\/\" \/>\n<meta property=\"og:site_name\" content=\"TecnicasHablarEnPublico.Com\" \/>\n<meta property=\"article:publisher\" content=\"https:\/\/www.facebook.com\/VictorToscanoOficial\/\" \/>\n<meta property=\"article:author\" content=\"https:\/\/www.facebook.com\/victortoscanooficial\" \/>\n<meta property=\"article:published_time\" content=\"2016-06-26T22:41:26+00:00\" \/>\n<meta property=\"article:modified_time\" content=\"2023-06-12T00:26:35+00:00\" \/>\n<meta property=\"og:image\" content=\"https:\/\/optimizacionpaginasmedia.s3.amazonaws.com\/2023\/06\/wZSSx5OA-maxresdefault-copia-min.png\" \/>\n\t<meta property=\"og:image:width\" content=\"500\" \/>\n\t<meta property=\"og:image:height\" content=\"281\" \/>\n\t<meta property=\"og:image:type\" content=\"image\/png\" \/>\n<meta name=\"author\" content=\"Victor Toscano T V\" \/>\n<meta name=\"twitter:card\" content=\"summary_large_image\" \/>\n<meta name=\"twitter:creator\" content=\"@_victortoscano\" \/>\n<meta name=\"twitter:label1\" content=\"Escrito por\" \/>\n\t<meta name=\"twitter:data1\" content=\"Victor Toscano T V\" \/>\n\t<meta name=\"twitter:label2\" content=\"Tiempo de lectura\" \/>\n\t<meta name=\"twitter:data2\" content=\"7 minutos\" \/>\n<script type=\"application\/ld+json\" class=\"yoast-schema-graph\">{\"@context\":\"https:\\\/\\\/schema.org\",\"@graph\":[{\"@type\":\"Article\",\"@id\":\"https:\\\/\\\/tecnicashablarenpublico.com\\\/blog\\\/oratoria-cursos-para-hablar-en-publico-como-hablar-bien\\\/#article\",\"isPartOf\":{\"@id\":\"https:\\\/\\\/tecnicashablarenpublico.com\\\/blog\\\/oratoria-cursos-para-hablar-en-publico-como-hablar-bien\\\/\"},\"author\":{\"name\":\"Victor Toscano T V\",\"@id\":\"https:\\\/\\\/tecnicashablarenpublico.com\\\/blog\\\/#\\\/schema\\\/person\\\/f6a96b9bb773de8f08f84e4d6e6cf28f\"},\"headline\":\"ORATORIA: C\u00f3mo Hablar Correctamente y Perder el Miedo Esc\u00e9nico | Cursos Para Hablar En P\u00fablico\",\"datePublished\":\"2016-06-26T22:41:26+00:00\",\"dateModified\":\"2023-06-12T00:26:35+00:00\",\"mainEntityOfPage\":{\"@id\":\"https:\\\/\\\/tecnicashablarenpublico.com\\\/blog\\\/oratoria-cursos-para-hablar-en-publico-como-hablar-bien\\\/\"},\"wordCount\":1559,\"commentCount\":5446,\"publisher\":{\"@id\":\"https:\\\/\\\/tecnicashablarenpublico.com\\\/blog\\\/#organization\"},\"image\":{\"@id\":\"https:\\\/\\\/tecnicashablarenpublico.com\\\/blog\\\/oratoria-cursos-para-hablar-en-publico-como-hablar-bien\\\/#primaryimage\"},\"thumbnailUrl\":\"https:\\\/\\\/i0.wp.com\\\/optimizacionpaginasmedia.s3.amazonaws.com\\\/2023\\\/06\\\/wZSSx5OA-maxresdefault-copia-min.png?fit=500%2C281&ssl=1\",\"articleSection\":[\"T\u00e9cnicas Para Hablar En P\u00fablico\"],\"inLanguage\":\"es\"},{\"@type\":\"WebPage\",\"@id\":\"https:\\\/\\\/tecnicashablarenpublico.com\\\/blog\\\/oratoria-cursos-para-hablar-en-publico-como-hablar-bien\\\/\",\"url\":\"https:\\\/\\\/tecnicashablarenpublico.com\\\/blog\\\/oratoria-cursos-para-hablar-en-publico-como-hablar-bien\\\/\",\"name\":\"ORATORIA: C\u00f3mo Hablar Correctamente y Perder el Miedo Esc\u00e9nico | Cursos Para Hablar En P\u00fablico - TecnicasHablarEnPublico.Com\",\"isPartOf\":{\"@id\":\"https:\\\/\\\/tecnicashablarenpublico.com\\\/blog\\\/#website\"},\"primaryImageOfPage\":{\"@id\":\"https:\\\/\\\/tecnicashablarenpublico.com\\\/blog\\\/oratoria-cursos-para-hablar-en-publico-como-hablar-bien\\\/#primaryimage\"},\"image\":{\"@id\":\"https:\\\/\\\/tecnicashablarenpublico.com\\\/blog\\\/oratoria-cursos-para-hablar-en-publico-como-hablar-bien\\\/#primaryimage\"},\"thumbnailUrl\":\"https:\\\/\\\/i0.wp.com\\\/optimizacionpaginasmedia.s3.amazonaws.com\\\/2023\\\/06\\\/wZSSx5OA-maxresdefault-copia-min.png?fit=500%2C281&ssl=1\",\"datePublished\":\"2016-06-26T22:41:26+00:00\",\"dateModified\":\"2023-06-12T00:26:35+00:00\",\"breadcrumb\":{\"@id\":\"https:\\\/\\\/tecnicashablarenpublico.com\\\/blog\\\/oratoria-cursos-para-hablar-en-publico-como-hablar-bien\\\/#breadcrumb\"},\"inLanguage\":\"es\",\"potentialAction\":[{\"@type\":\"ReadAction\",\"target\":[\"https:\\\/\\\/tecnicashablarenpublico.com\\\/blog\\\/oratoria-cursos-para-hablar-en-publico-como-hablar-bien\\\/\"]}]},{\"@type\":\"ImageObject\",\"inLanguage\":\"es\",\"@id\":\"https:\\\/\\\/tecnicashablarenpublico.com\\\/blog\\\/oratoria-cursos-para-hablar-en-publico-como-hablar-bien\\\/#primaryimage\",\"url\":\"https:\\\/\\\/i0.wp.com\\\/optimizacionpaginasmedia.s3.amazonaws.com\\\/2023\\\/06\\\/wZSSx5OA-maxresdefault-copia-min.png?fit=500%2C281&ssl=1\",\"contentUrl\":\"https:\\\/\\\/i0.wp.com\\\/optimizacionpaginasmedia.s3.amazonaws.com\\\/2023\\\/06\\\/wZSSx5OA-maxresdefault-copia-min.png?fit=500%2C281&ssl=1\",\"width\":500,\"height\":281},{\"@type\":\"BreadcrumbList\",\"@id\":\"https:\\\/\\\/tecnicashablarenpublico.com\\\/blog\\\/oratoria-cursos-para-hablar-en-publico-como-hablar-bien\\\/#breadcrumb\",\"itemListElement\":[{\"@type\":\"ListItem\",\"position\":1,\"name\":\"Portada\",\"item\":\"https:\\\/\\\/tecnicashablarenpublico.com\\\/blog\\\/\"},{\"@type\":\"ListItem\",\"position\":2,\"name\":\"ORATORIA: C\u00f3mo Hablar Correctamente y Perder el Miedo Esc\u00e9nico | Cursos Para Hablar En P\u00fablico\"}]},{\"@type\":\"WebSite\",\"@id\":\"https:\\\/\\\/tecnicashablarenpublico.com\\\/blog\\\/#website\",\"url\":\"https:\\\/\\\/tecnicashablarenpublico.com\\\/blog\\\/\",\"name\":\"TecnicasHablarEnPublico.Com\",\"description\":\"Blog\",\"publisher\":{\"@id\":\"https:\\\/\\\/tecnicashablarenpublico.com\\\/blog\\\/#organization\"},\"potentialAction\":[{\"@type\":\"SearchAction\",\"target\":{\"@type\":\"EntryPoint\",\"urlTemplate\":\"https:\\\/\\\/tecnicashablarenpublico.com\\\/blog\\\/?s={search_term_string}\"},\"query-input\":{\"@type\":\"PropertyValueSpecification\",\"valueRequired\":true,\"valueName\":\"search_term_string\"}}],\"inLanguage\":\"es\"},{\"@type\":\"Organization\",\"@id\":\"https:\\\/\\\/tecnicashablarenpublico.com\\\/blog\\\/#organization\",\"name\":\"TecnicasHablarEnPublico\",\"url\":\"https:\\\/\\\/tecnicashablarenpublico.com\\\/blog\\\/\",\"logo\":{\"@type\":\"ImageObject\",\"inLanguage\":\"es\",\"@id\":\"https:\\\/\\\/tecnicashablarenpublico.com\\\/blog\\\/#\\\/schema\\\/logo\\\/image\\\/\",\"url\":\"https:\\\/\\\/i0.wp.com\\\/tecnicashablarenpublico.com\\\/blog\\\/wp-content\\\/uploads\\\/2014\\\/11\\\/logo_cuadrado.png?fit=286%2C255&ssl=1\",\"contentUrl\":\"https:\\\/\\\/i0.wp.com\\\/tecnicashablarenpublico.com\\\/blog\\\/wp-content\\\/uploads\\\/2014\\\/11\\\/logo_cuadrado.png?fit=286%2C255&ssl=1\",\"width\":286,\"height\":255,\"caption\":\"TecnicasHablarEnPublico\"},\"image\":{\"@id\":\"https:\\\/\\\/tecnicashablarenpublico.com\\\/blog\\\/#\\\/schema\\\/logo\\\/image\\\/\"},\"sameAs\":[\"https:\\\/\\\/www.facebook.com\\\/VictorToscanoOficial\\\/\"]},{\"@type\":\"Person\",\"@id\":\"https:\\\/\\\/tecnicashablarenpublico.com\\\/blog\\\/#\\\/schema\\\/person\\\/f6a96b9bb773de8f08f84e4d6e6cf28f\",\"name\":\"Victor Toscano T V\",\"image\":{\"@type\":\"ImageObject\",\"inLanguage\":\"es\",\"@id\":\"https:\\\/\\\/secure.gravatar.com\\\/avatar\\\/e45c6f1f2986615bd1357fd094a24ab45a2ce7ca867817458fbebca30cd78e46?s=96&d=mm&r=g\",\"url\":\"https:\\\/\\\/secure.gravatar.com\\\/avatar\\\/e45c6f1f2986615bd1357fd094a24ab45a2ce7ca867817458fbebca30cd78e46?s=96&d=mm&r=g\",\"contentUrl\":\"https:\\\/\\\/secure.gravatar.com\\\/avatar\\\/e45c6f1f2986615bd1357fd094a24ab45a2ce7ca867817458fbebca30cd78e46?s=96&d=mm&r=g\",\"caption\":\"Victor Toscano T V\"},\"description\":\"Un apasionado en el tema de Hablar en P\u00fablico y el Crecimiento Personal, que pas\u00f3 de \\\"t\u00edmido\\\" a Conferencista Internacional en menos de dos a\u00f1os.\",\"sameAs\":[\"http:\\\/\\\/www.tecnicashablarenpublico.com\",\"https:\\\/\\\/www.facebook.com\\\/victortoscanooficial\",\"http:\\\/\\\/mx.linkedin.com\\\/in\\\/victortoscano\\\/\",\"http:\\\/\\\/www.pinterest.com\\\/victortoscano\\\/\",\"https:\\\/\\\/x.com\\\/_victortoscano\",\"http:\\\/\\\/victortoscano.com.mx\\\/youtube\"],\"url\":\"https:\\\/\\\/tecnicashablarenpublico.com\\\/blog\\\/author\\\/vict26\\\/\"}]}<\/script>\n<!-- \/ Yoast SEO plugin. -->","yoast_head_json":{"title":"ORATORIA: C\u00f3mo Hablar Correctamente y Perder el Miedo Esc\u00e9nico | Cursos Para Hablar En P\u00fablico - TecnicasHablarEnPublico.Com","robots":{"index":"index","follow":"follow","max-snippet":"max-snippet:-1","max-image-preview":"max-image-preview:large","max-video-preview":"max-video-preview:-1"},"canonical":"https:\/\/tecnicashablarenpublico.com\/blog\/oratoria-cursos-para-hablar-en-publico-como-hablar-bien\/","og_locale":"es_ES","og_type":"article","og_title":"ORATORIA: C\u00f3mo Hablar Correctamente y Perder el Miedo Esc\u00e9nico | Cursos Para Hablar En P\u00fablico - TecnicasHablarEnPublico.Com","og_description":"Cursos para Hablar en P\u00fablico (curso de ORATORIA gratis): C\u00f3mo hablar correctamente y perder el miedo a hablar en p\u00fablico, tips y clases de oratoria | Errores al hablar en p\u00fablico&#8230; \u00bb Mira el VIDEO Aqu\u00ed:","og_url":"https:\/\/tecnicashablarenpublico.com\/blog\/oratoria-cursos-para-hablar-en-publico-como-hablar-bien\/","og_site_name":"TecnicasHablarEnPublico.Com","article_publisher":"https:\/\/www.facebook.com\/VictorToscanoOficial\/","article_author":"https:\/\/www.facebook.com\/victortoscanooficial","article_published_time":"2016-06-26T22:41:26+00:00","article_modified_time":"2023-06-12T00:26:35+00:00","og_image":[{"width":500,"height":281,"url":"https:\/\/optimizacionpaginasmedia.s3.amazonaws.com\/2023\/06\/wZSSx5OA-maxresdefault-copia-min.png","type":"image\/png"}],"author":"Victor Toscano T V","twitter_card":"summary_large_image","twitter_creator":"@_victortoscano","twitter_misc":{"Escrito por":"Victor Toscano T V","Tiempo de lectura":"7 minutos"},"schema":{"@context":"https:\/\/schema.org","@graph":[{"@type":"Article","@id":"https:\/\/tecnicashablarenpublico.com\/blog\/oratoria-cursos-para-hablar-en-publico-como-hablar-bien\/#article","isPartOf":{"@id":"https:\/\/tecnicashablarenpublico.com\/blog\/oratoria-cursos-para-hablar-en-publico-como-hablar-bien\/"},"author":{"name":"Victor Toscano T V","@id":"https:\/\/tecnicashablarenpublico.com\/blog\/#\/schema\/person\/f6a96b9bb773de8f08f84e4d6e6cf28f"},"headline":"ORATORIA: C\u00f3mo Hablar Correctamente y Perder el Miedo Esc\u00e9nico | Cursos Para Hablar En P\u00fablico","datePublished":"2016-06-26T22:41:26+00:00","dateModified":"2023-06-12T00:26:35+00:00","mainEntityOfPage":{"@id":"https:\/\/tecnicashablarenpublico.com\/blog\/oratoria-cursos-para-hablar-en-publico-como-hablar-bien\/"},"wordCount":1559,"commentCount":5446,"publisher":{"@id":"https:\/\/tecnicashablarenpublico.com\/blog\/#organization"},"image":{"@id":"https:\/\/tecnicashablarenpublico.com\/blog\/oratoria-cursos-para-hablar-en-publico-como-hablar-bien\/#primaryimage"},"thumbnailUrl":"https:\/\/i0.wp.com\/optimizacionpaginasmedia.s3.amazonaws.com\/2023\/06\/wZSSx5OA-maxresdefault-copia-min.png?fit=500%2C281&ssl=1","articleSection":["T\u00e9cnicas Para Hablar En P\u00fablico"],"inLanguage":"es"},{"@type":"WebPage","@id":"https:\/\/tecnicashablarenpublico.com\/blog\/oratoria-cursos-para-hablar-en-publico-como-hablar-bien\/","url":"https:\/\/tecnicashablarenpublico.com\/blog\/oratoria-cursos-para-hablar-en-publico-como-hablar-bien\/","name":"ORATORIA: C\u00f3mo Hablar Correctamente y Perder el Miedo Esc\u00e9nico | Cursos Para Hablar En P\u00fablico - TecnicasHablarEnPublico.Com","isPartOf":{"@id":"https:\/\/tecnicashablarenpublico.com\/blog\/#website"},"primaryImageOfPage":{"@id":"https:\/\/tecnicashablarenpublico.com\/blog\/oratoria-cursos-para-hablar-en-publico-como-hablar-bien\/#primaryimage"},"image":{"@id":"https:\/\/tecnicashablarenpublico.com\/blog\/oratoria-cursos-para-hablar-en-publico-como-hablar-bien\/#primaryimage"},"thumbnailUrl":"https:\/\/i0.wp.com\/optimizacionpaginasmedia.s3.amazonaws.com\/2023\/06\/wZSSx5OA-maxresdefault-copia-min.png?fit=500%2C281&ssl=1","datePublished":"2016-06-26T22:41:26+00:00","dateModified":"2023-06-12T00:26:35+00:00","breadcrumb":{"@id":"https:\/\/tecnicashablarenpublico.com\/blog\/oratoria-cursos-para-hablar-en-publico-como-hablar-bien\/#breadcrumb"},"inLanguage":"es","potentialAction":[{"@type":"ReadAction","target":["https:\/\/tecnicashablarenpublico.com\/blog\/oratoria-cursos-para-hablar-en-publico-como-hablar-bien\/"]}]},{"@type":"ImageObject","inLanguage":"es","@id":"https:\/\/tecnicashablarenpublico.com\/blog\/oratoria-cursos-para-hablar-en-publico-como-hablar-bien\/#primaryimage","url":"https:\/\/i0.wp.com\/optimizacionpaginasmedia.s3.amazonaws.com\/2023\/06\/wZSSx5OA-maxresdefault-copia-min.png?fit=500%2C281&ssl=1","contentUrl":"https:\/\/i0.wp.com\/optimizacionpaginasmedia.s3.amazonaws.com\/2023\/06\/wZSSx5OA-maxresdefault-copia-min.png?fit=500%2C281&ssl=1","width":500,"height":281},{"@type":"BreadcrumbList","@id":"https:\/\/tecnicashablarenpublico.com\/blog\/oratoria-cursos-para-hablar-en-publico-como-hablar-bien\/#breadcrumb","itemListElement":[{"@type":"ListItem","position":1,"name":"Portada","item":"https:\/\/tecnicashablarenpublico.com\/blog\/"},{"@type":"ListItem","position":2,"name":"ORATORIA: C\u00f3mo Hablar Correctamente y Perder el Miedo Esc\u00e9nico | Cursos Para Hablar En P\u00fablico"}]},{"@type":"WebSite","@id":"https:\/\/tecnicashablarenpublico.com\/blog\/#website","url":"https:\/\/tecnicashablarenpublico.com\/blog\/","name":"TecnicasHablarEnPublico.Com","description":"Blog","publisher":{"@id":"https:\/\/tecnicashablarenpublico.com\/blog\/#organization"},"potentialAction":[{"@type":"SearchAction","target":{"@type":"EntryPoint","urlTemplate":"https:\/\/tecnicashablarenpublico.com\/blog\/?s={search_term_string}"},"query-input":{"@type":"PropertyValueSpecification","valueRequired":true,"valueName":"search_term_string"}}],"inLanguage":"es"},{"@type":"Organization","@id":"https:\/\/tecnicashablarenpublico.com\/blog\/#organization","name":"TecnicasHablarEnPublico","url":"https:\/\/tecnicashablarenpublico.com\/blog\/","logo":{"@type":"ImageObject","inLanguage":"es","@id":"https:\/\/tecnicashablarenpublico.com\/blog\/#\/schema\/logo\/image\/","url":"https:\/\/i0.wp.com\/tecnicashablarenpublico.com\/blog\/wp-content\/uploads\/2014\/11\/logo_cuadrado.png?fit=286%2C255&ssl=1","contentUrl":"https:\/\/i0.wp.com\/tecnicashablarenpublico.com\/blog\/wp-content\/uploads\/2014\/11\/logo_cuadrado.png?fit=286%2C255&ssl=1","width":286,"height":255,"caption":"TecnicasHablarEnPublico"},"image":{"@id":"https:\/\/tecnicashablarenpublico.com\/blog\/#\/schema\/logo\/image\/"},"sameAs":["https:\/\/www.facebook.com\/VictorToscanoOficial\/"]},{"@type":"Person","@id":"https:\/\/tecnicashablarenpublico.com\/blog\/#\/schema\/person\/f6a96b9bb773de8f08f84e4d6e6cf28f","name":"Victor Toscano T V","image":{"@type":"ImageObject","inLanguage":"es","@id":"https:\/\/secure.gravatar.com\/avatar\/e45c6f1f2986615bd1357fd094a24ab45a2ce7ca867817458fbebca30cd78e46?s=96&d=mm&r=g","url":"https:\/\/secure.gravatar.com\/avatar\/e45c6f1f2986615bd1357fd094a24ab45a2ce7ca867817458fbebca30cd78e46?s=96&d=mm&r=g","contentUrl":"https:\/\/secure.gravatar.com\/avatar\/e45c6f1f2986615bd1357fd094a24ab45a2ce7ca867817458fbebca30cd78e46?s=96&d=mm&r=g","caption":"Victor Toscano T V"},"description":"Un apasionado en el tema de Hablar en P\u00fablico y el Crecimiento Personal, que pas\u00f3 de \"t\u00edmido\" a Conferencista Internacional en menos de dos a\u00f1os.","sameAs":["http:\/\/www.tecnicashablarenpublico.com","https:\/\/www.facebook.com\/victortoscanooficial","http:\/\/mx.linkedin.com\/in\/victortoscano\/","http:\/\/www.pinterest.com\/victortoscano\/","https:\/\/x.com\/_victortoscano","http:\/\/victortoscano.com.mx\/youtube"],"url":"https:\/\/tecnicashablarenpublico.com\/blog\/author\/vict26\/"}]}},"jetpack_publicize_connections":[],"jetpack_featured_media_url":"https:\/\/i0.wp.com\/optimizacionpaginasmedia.s3.amazonaws.com\/2023\/06\/wZSSx5OA-maxresdefault-copia-min.png?fit=500%2C281&ssl=1","jetpack_shortlink":"https:\/\/wp.me\/p338RC-Bf","jetpack-related-posts":[{"id":951,"url":"https:\/\/tecnicashablarenpublico.com\/blog\/curso-de-oratoria-gratis-aprendiendo-a-hablar-en-publico\/","url_meta":{"origin":2309,"position":0},"title":"Curso De Oratoria GRATIS &#8211; Aprendiendo A Hablar En P\u00fablico","author":"Victor Toscano T V","date":"14\/02\/2013","format":false,"excerpt":"Hace aproximadamente un mes decid\u00ed grabar 4 VIDEOS donde explico varias t\u00e9cnicas para Hablar en P\u00fablico... Aunque originalmente ten\u00eda pensado ponerlos a la venta como parte de mi nuevo curso de oratoria online, decid\u00ed permitir el acceso Gratis a ellos. Para mi sorpresa, fueron todo un \u00c9xito cuando los publiqu\u00e9\u2026","rel":"","context":"En \u00abAprender a Hablar en Publico\u00bb","block_context":{"text":"Aprender a Hablar en Publico","link":"https:\/\/tecnicashablarenpublico.com\/blog\/category\/aprender-a-hablar-en-publico\/"},"img":{"alt_text":"Curso De Oratoria GRATIS - Aprendiendo A Hablar En P\u00fablico","src":"https:\/\/i0.wp.com\/optimizacionpaginasmedia.s3.amazonaws.com\/2020\/05\/curso-de-oratoria-gratis-aprender-a-hablar-en-publico.jpg?fit=900%2C550&ssl=1&resize=350%2C200","width":350,"height":200,"srcset":"https:\/\/i0.wp.com\/optimizacionpaginasmedia.s3.amazonaws.com\/2020\/05\/curso-de-oratoria-gratis-aprender-a-hablar-en-publico.jpg?fit=900%2C550&ssl=1&resize=350%2C200 1x, https:\/\/i0.wp.com\/optimizacionpaginasmedia.s3.amazonaws.com\/2020\/05\/curso-de-oratoria-gratis-aprender-a-hablar-en-publico.jpg?fit=900%2C550&ssl=1&resize=525%2C300 1.5x, https:\/\/i0.wp.com\/optimizacionpaginasmedia.s3.amazonaws.com\/2020\/05\/curso-de-oratoria-gratis-aprender-a-hablar-en-publico.jpg?fit=900%2C550&ssl=1&resize=700%2C400 2x"},"classes":[]},{"id":864,"url":"https:\/\/tecnicashablarenpublico.com\/blog\/como-aumentar-y-modular-la-voz-para-hablar-mas-fuerte\/","url_meta":{"origin":2309,"position":1},"title":"C\u00f3mo Aumentar Y Modular La Voz Para Hablar M\u00e1s Fuerte","author":"Victor Toscano T V","date":"21\/01\/2013","format":false,"excerpt":"Como Modular Y Dar FUERZA A Tu Voz Esto que te voy a ense\u00f1ar aqu\u00ed, te permitir\u00e1\u00a0hablar en p\u00fablico\u00a0con\u00a0una voz m\u00e1s fuerte, potente y modulada. La\u00a0voz d\u00e9bil\u00a0que nadie escucha, la que es\u00a0mon\u00f3tona, la que\u00a0NO est\u00e1 bien modulada\u00a0y la que\u00a0NO\u00a0transmite\u00a0convicci\u00f3n, es el principal problema de quienes desean hablar bien en p\u00fablico...\u2026","rel":"","context":"En \u00abAprender a Hablar en Publico\u00bb","block_context":{"text":"Aprender a Hablar en Publico","link":"https:\/\/tecnicashablarenpublico.com\/blog\/category\/aprender-a-hablar-en-publico\/"},"img":{"alt_text":"C\u00f3mo Aumentar Y Modular La Voz Para Hablar M\u00e1s Fuerte","src":"https:\/\/i0.wp.com\/optimizacionpaginasmedia.s3.amazonaws.com\/2020\/05\/como-aumentar-y-modular-la-voz-para-hablar-mas-fuerte.jpg?fit=900%2C550&ssl=1&resize=350%2C200","width":350,"height":200,"srcset":"https:\/\/i0.wp.com\/optimizacionpaginasmedia.s3.amazonaws.com\/2020\/05\/como-aumentar-y-modular-la-voz-para-hablar-mas-fuerte.jpg?fit=900%2C550&ssl=1&resize=350%2C200 1x, https:\/\/i0.wp.com\/optimizacionpaginasmedia.s3.amazonaws.com\/2020\/05\/como-aumentar-y-modular-la-voz-para-hablar-mas-fuerte.jpg?fit=900%2C550&ssl=1&resize=525%2C300 1.5x, https:\/\/i0.wp.com\/optimizacionpaginasmedia.s3.amazonaws.com\/2020\/05\/como-aumentar-y-modular-la-voz-para-hablar-mas-fuerte.jpg?fit=900%2C550&ssl=1&resize=700%2C400 2x"},"classes":[]},{"id":1330,"url":"https:\/\/tecnicashablarenpublico.com\/blog\/como-usar-tu-lenguaje-corporal-al-hablar-en-publico-comunicacion-no-verbal\/","url_meta":{"origin":2309,"position":2},"title":"C\u00f3mo Usar Tu Lenguaje Corporal al Hablar en P\u00fablico | Comunicaci\u00f3n NO Verbal","author":"Victor Toscano T V","date":"23\/06\/2013","format":false,"excerpt":"La comunicaci\u00f3n NO verbal como los Movimientos de Manos, gestos faciales y posturas son de vital importancia para tu presentaci\u00f3n. Imagina que quieres entregar un mensaje muy importante a las personas y dise\u00f1as un discurso cuyas palabras intentan decir algo pero tu lenguaje no verbal dice otra cosa muy diferente.\u2026","rel":"","context":"En \u00abConsejos de Oratoria\u00bb","block_context":{"text":"Consejos de Oratoria","link":"https:\/\/tecnicashablarenpublico.com\/blog\/category\/consejos-de-oratoria\/"},"img":{"alt_text":"C\u00f3mo Usar las Manos al Hablar en P\u00fablico (Lenguaje Corporal)","src":"https:\/\/miedohablarenpublico.files.wordpress.com\/2013\/06\/como-usar-las-manos-al-hablar-en-publico-lenguaje-corporal.jpg?w=350&h=200&crop=1","width":350,"height":200},"classes":[]},{"id":2248,"url":"https:\/\/tecnicashablarenpublico.com\/blog\/como-usar-un-microfono-y-hablar-correctamente-tecnicas-para-hablar-en-publico-oratoria\/","url_meta":{"origin":2309,"position":3},"title":"C\u00f3mo Usar un Micr\u00f3fono y Hablar Correctamente: T\u00e9cnicas para Hablar en P\u00fablico | Oratoria","author":"Victor Toscano T V","date":"18\/11\/2015","format":false,"excerpt":"C\u00f3mo Hablar en P\u00fablico: 5 T\u00e9cnicas para usar un micr\u00f3fono, hablar correctamente, y vencer el p\u00e1nico esc\u00e9nico al realizar un discurso de oratoria... \u00bb Mira el VIDEO Aqu\u00ed: \u00bb Suscr\u00edbete en Youtube: http:\/\/victor-toscano.com\/youtube \u00bb M\u00e1s videos de Oratoria:\u00a0https:\/\/tecnicashablarenpublico.com C\u00f3mo Usar un Micr\u00f3fono y Hablar Correctamente en P\u00fablico En este video\u2026","rel":"","context":"En \u00abT\u00e9cnicas Para Hablar En P\u00fablico\u00bb","block_context":{"text":"T\u00e9cnicas Para Hablar En P\u00fablico","link":"https:\/\/tecnicashablarenpublico.com\/blog\/category\/tecnicas-para-hablar-en-publico\/"},"img":{"alt_text":"","src":"https:\/\/i0.wp.com\/optimizacionpaginasmedia.s3.amazonaws.com\/2023\/06\/vbOmwMJ7-como-usar-un-microfono-copia-min.png?fit=500%2C281&ssl=1&resize=350%2C200","width":350,"height":200},"classes":[]},{"id":2211,"url":"https:\/\/tecnicashablarenpublico.com\/blog\/como-perder-el-miedo-escenico-y-controlar-los-nervios-al-hablar-en-publico-curso-de-oratoria\/","url_meta":{"origin":2309,"position":4},"title":"Como Perder el Miedo Esc\u00e9nico y Controlar los Nervios al Hablar en P\u00fablico | Curso de Oratoria","author":"Victor Toscano T V","date":"19\/08\/2015","format":false,"excerpt":"P\u00e1nico Esc\u00e9nico:\u00a0Como Perder el Miedo Esc\u00e9nico, Controlar los Nervios al Hablar en P\u00fablico y Vencer el P\u00e1nico Esc\u00e9nico | Curso de Oratoria... Mira el video aqu\u00ed: \u00a1Suscr\u00edbete a mi canal en YOUTUBE! (V\u00edctor Toscano TV)... \u2022\u2022 Divide y Vencer\u00e1s \u2022\u2022 Hay quienes se confunden y consideran que el miedo y\u2026","rel":"","context":"En \u00abMiedo a Hablar en P\u00fablico\u00bb","block_context":{"text":"Miedo a Hablar en P\u00fablico","link":"https:\/\/tecnicashablarenpublico.com\/blog\/category\/miedo-a-hablar-en-publico\/"},"img":{"alt_text":"","src":"https:\/\/i0.wp.com\/optimizacionpaginasmedia.s3.amazonaws.com\/2023\/06\/PuJKI1ex-como-controlar-los-nervios-al-hablar-en-publico-copia-min.png?fit=500%2C281&ssl=1&resize=350%2C200","width":350,"height":200},"classes":[]},{"id":2394,"url":"https:\/\/tecnicashablarenpublico.com\/blog\/4-tecnicas-de-oratoria-como-perder-el-miedo-a-hablar-en-publico-y-vencer-el-miedo-escenico\/","url_meta":{"origin":2309,"position":5},"title":"4 T\u00c9CNICAS DE ORATORIA | C\u00f3mo Perder el Miedo a Hablar en P\u00fablico y Vencer el Miedo Esc\u00e9nico","author":"Victor Toscano T V","date":"16\/08\/2017","format":false,"excerpt":"C\u00f3mo hablar en p\u00fablico correctamente y sin miedo. Ejercicios para hablar en p\u00fablico, vencer los nervios, la ansiedad y la fobia social en la oratoria... \u00bb Mira el VIDEO Aqu\u00ed: \u00bb Suscr\u00edbete en Youtube: http:\/\/victor-toscano.com\/youtube \u00bb M\u00e1s videos de Oratoria:\u00a0https:\/\/tecnicashablarenpublico.com C\u00f3mo hablar en p\u00fablico sin ponerte nervioso. Millones de personas\u2026","rel":"","context":"En \u00abT\u00e9cnicas Para Hablar En P\u00fablico\u00bb","block_context":{"text":"T\u00e9cnicas Para Hablar En P\u00fablico","link":"https:\/\/tecnicashablarenpublico.com\/blog\/category\/tecnicas-para-hablar-en-publico\/"},"img":{"alt_text":"","src":"https:\/\/i0.wp.com\/optimizacionpaginasmedia.s3.amazonaws.com\/2023\/06\/cnNM9PX4-como-vencer-el-panico-escenico-copia-min.png?fit=500%2C281&ssl=1&resize=350%2C200","width":350,"height":200},"classes":[]}],"jetpack_sharing_enabled":true,"_links":{"self":[{"href":"https:\/\/tecnicashablarenpublico.com\/blog\/wp-json\/wp\/v2\/posts\/2309","targetHints":{"allow":["GET"]}}],"collection":[{"href":"https:\/\/tecnicashablarenpublico.com\/blog\/wp-json\/wp\/v2\/posts"}],"about":[{"href":"https:\/\/tecnicashablarenpublico.com\/blog\/wp-json\/wp\/v2\/types\/post"}],"author":[{"embeddable":true,"href":"https:\/\/tecnicashablarenpublico.com\/blog\/wp-json\/wp\/v2\/users\/1"}],"replies":[{"embeddable":true,"href":"https:\/\/tecnicashablarenpublico.com\/blog\/wp-json\/wp\/v2\/comments?post=2309"}],"version-history":[{"count":0,"href":"https:\/\/tecnicashablarenpublico.com\/blog\/wp-json\/wp\/v2\/posts\/2309\/revisions"}],"wp:featuredmedia":[{"embeddable":true,"href":"https:\/\/tecnicashablarenpublico.com\/blog\/wp-json\/wp\/v2\/media\/3157"}],"wp:attachment":[{"href":"https:\/\/tecnicashablarenpublico.com\/blog\/wp-json\/wp\/v2\/media?parent=2309"}],"wp:term":[{"taxonomy":"category","embeddable":true,"href":"https:\/\/tecnicashablarenpublico.com\/blog\/wp-json\/wp\/v2\/categories?post=2309"},{"taxonomy":"post_tag","embeddable":true,"href":"https:\/\/tecnicashablarenpublico.com\/blog\/wp-json\/wp\/v2\/tags?post=2309"}],"curies":[{"name":"wp","href":"https:\/\/api.w.org\/{rel}","templated":true}]}}