{"id":2289,"date":"2016-05-09T09:26:00","date_gmt":"2016-05-09T15:26:00","guid":{"rendered":"https:\/\/tecnicashablarenpublico.com\/blog\/?p=2289"},"modified":"2023-06-11T18:26:38","modified_gmt":"2023-06-12T00:26:38","slug":"como-perder-el-miedo-a-hablar-en-publico-curso-de-oratoria-panico-escenico-vs-liderazgo","status":"publish","type":"post","link":"https:\/\/tecnicashablarenpublico.com\/blog\/como-perder-el-miedo-a-hablar-en-publico-curso-de-oratoria-panico-escenico-vs-liderazgo\/","title":{"rendered":"C\u00f3mo Perder el Miedo a Hablar en P\u00fablico: Curso de Oratoria | P\u00e1nico Esc\u00e9nico VS Liderazgo"},"content":{"rendered":"<p><em><span style=\"text-decoration: underline;\">Como Perder el Miedo a Hablar en P\u00fablico<\/span>, perder la timidez y el miedo: C\u00f3mo hablar en p\u00fablico sin ponerse nervioso y controlar el p\u00e1nico esc\u00e9nico | Curso de Oratoria y Liderazgo&#8230;<\/em><\/p>\n<p><strong>\u00bb Mira el VIDEO Aqu\u00ed:<\/strong><br \/>\n<iframe class=\"lazyload\" data-src=\"https:\/\/www.youtube.com\/embed\/Z2dfhbMoEsI?rel=0&amp;theme=light&amp;autohide=1&amp;showinfo=0&amp;html5=true&amp;controls=1&amp;autoplay=0&amp;modestbranding=1\" width=\"640\" height=\"360\" frameborder=\"0\" allowfullscreen=\"allowfullscreen\"><\/iframe><br \/>\n<a href=\"http:\/\/victor-toscano.com\/youtube\" target=\"_blank\" rel=\"noopener\" class=\"broken_link\"><img decoding=\"async\" class=\"aligncenter wp-image-123  lazyload\" src=\"data:image\/gif;base64,R0lGODlhAQABAIAAAAAAAP\/\/\/yH5BAEAAAAALAAAAAABAAEAAAIBRAA7\" data-src=\"http:\/\/victor-toscano.com\/wp-content\/uploads\/2014\/10\/images.jpg\" alt=\"suscribete boton youtube\" width=\"156\" height=\"44\"><noscript><img data-recalc-dims=\"1\" decoding=\"async\" class=\"aligncenter wp-image-123  lazyload\" src=\"https:\/\/i0.wp.com\/victor-toscano.com\/wp-content\/uploads\/2014\/10\/images.jpg?resize=156%2C44\" alt=\"suscribete boton youtube\" width=\"156\" height=\"44\"><\/noscript><\/a><\/p>\n<p><!--more--><\/p>\n<p>\u00bb Suscr\u00edbete en Youtube: <a href=\"http:\/\/victor-toscano.com\/youtube\" target=\"_blank\" rel=\"noopener\" class=\"broken_link\">http:\/\/victor-toscano.com\/youtube<\/a><br \/>\n\u00bb M\u00e1s videos de Oratoria:&nbsp;<a href=\"https:\/\/tecnicashablarenpublico.com\" target=\"_blank\" rel=\"noopener\">https:\/\/tecnicashablarenpublico.com<\/a><\/p>\n<h2 style=\"text-align: center;\">Como Dominar el P\u00e1nico Esc\u00e9nico.<\/h2>\n<p style=\"text-align: center;\"><em>\u00bfSab\u00edas que t\u00fa puedes dejar atr\u00e1s el p\u00e1nico esc\u00e9nico y desarrollar la capacidad de hablar en p\u00fablico como un profesional?<\/em><\/p>\n<p>Cada vez recibimos m\u00e1s correos y comentarios de personas que nos confirman que la clave para superarte y alcanzar una mejor posici\u00f3n en tu carrera profesional, es dominando la habilidad de hablar en p\u00fablico.<\/p>\n<p>Por ejemplo, en el video #150 recibimos este comentario p\u00fablico de Francisco Rivera, donde nos comparte que gracias a que aplic\u00f3 los consejos de oratoria que compartimos, logr\u00f3 crecer como profesional y obtener el trabajo que quer\u00eda.<\/p>\n<p>Pero muchas de las personas que nos escriben, nos confiesan abiertamente que les da miedo, les causa estr\u00e9s, o de plano no disfrutan tener que convertirse en el centro de atenci\u00f3n mientras hacen una presentaci\u00f3n en p\u00fablico.<\/p>\n<h2>\u00bfC\u00f3mo se manifiesta este miedo a hablar en p\u00fablico?<\/h2>\n<p>Algunas personas se paralizan, les sudan las manos, no pueden dejar de \u00abbailar\u00bb mientras est\u00e1n hablando; y todos estos s\u00edntomas los hacen sentir temor al hablar en p\u00fablico.<\/p>\n<p>A otras personas se les queda la mente en blanco y no saben qu\u00e9 decir. Simplemente sienten que les faltan las palabras y no se pueden expresar tan claramente como ellos quisieran.<\/p>\n<p>Y lo malo del p\u00e1nico esc\u00e9nico, es que no es opcional. Muchas de las personas que nos escriben nos confiesan que hacer presentaciones en p\u00fablico es un requisito para mantener sus empleos.<\/p>\n<p>Y peor aun, otras personas nos comentan que debido a que van a ser promovidos para un puesto de mayor rango en la compa\u00f1\u00eda, tendr\u00e1n que hacer presentaciones ante empleados o clientes.<\/p>\n<p>Entonces ya sea que sufras el p\u00e1nico esc\u00e9nico antes de hacer una presentaci\u00f3n,<br \/>\no que simplemente quieras mejorar tus habilidades para hablar en p\u00fablico, qu\u00e9date con nosotros porque te vamos a dar 7 t\u00e9cnicas sencillas y efectivas para que domines ese terrible p\u00e1nico esc\u00e9nico.<\/p>\n<h2>\u00bfPor qu\u00e9 el p\u00e1nico esc\u00e9nico es un problema?<\/h2>\n<p>\u00bfTe has fijado que a las personas que no les gusta hablar en p\u00fablico, les sudan las manos, les falta el aire y les cuesta trabajo quedarse quietos en un mismo sitio?<\/p>\n<p>Pero tambi\u00e9n hay personas que no necesariamente sienten un terrible p\u00e1nico esc\u00e9nico; simplemente son muy h\u00e1biles para desempe\u00f1ar una profesi\u00f3n o actividad, pero de verdad les incomoda tener que hablar frente a un p\u00fablico para explicar a otros de manera verbal lo que ellos saben hacer muy bien.<\/p>\n<p>En ambos casos, estas personas sienten el impulso de querer huir y alejarse de una situaci\u00f3n que ellos perciben que no pueden controlar o les incomoda demasiado. El miedo los invade, los paraliza y a eso se le llama p\u00e1nico esc\u00e9nico.<\/p>\n<h2>\u00bfQuienes padecen este problema?<\/h2>\n<p>Este miedo o desagrado por hablar en p\u00fablico lo vemos en doctores, en empleados y en toda clase de carreras y profesiones; y se acent\u00faa porque por lo general las personas que empiezan a sobresalir de entre los dem\u00e1s por su excelente desempe\u00f1o, son llamados a compartir su experiencia o a capacitar a otros.<\/p>\n<p>Y cabe aclarar que muchas veces no es una opci\u00f3n si quieren hacerlo o no. Debido a que en su actividad o en el lugar donde laboran se les exige que lo hagan.<\/p>\n<p>Si t\u00fa quieres superarte, sobresalir, y alcanzar una mejor posici\u00f3n en tu carrera profesional, no basta tu excelente desempe\u00f1o; sino que adem\u00e1s debes ser capaz de expresar claramente tus ideas, y hablar en p\u00fablico con fluidez y elocuencia.<\/p>\n<h2>T\u00fa puedes desarrollar tu habilidad para hablar en p\u00fablico:<\/h2>\n<p>Sin duda t\u00fa est\u00e1s en la lucha por vivir saludablemente, por mejorar tus ingresos, y deseas lograr una vida cada vez m\u00e1s digna y feliz para ti y tus seres queridos. Por eso tarde o temprano tendr\u00e1s que mejorar tus habilidades para hablar en p\u00fablico. As\u00ed que si ves este video completo, tendr\u00e1s a tu disposici\u00f3n 7 t\u00e9cnicas con las que podr\u00e1s dominar el p\u00e1nico esc\u00e9nico.<\/p>\n<p>El soci\u00f3logo Canadiense, Erving Goffman nos dice en su libro: \u00abLa Presentaci\u00f3n de Uno Mismo en la Vida Diaria\u00bb, que todos somos actores. Que durante el correr de cualquier d\u00eda normal nos adentramos en convertirnos en diferentes personas, para cumplir con un rol espec\u00edfico, sin dejar de ser en esencia quien realmente somos.<\/p>\n<p>En otras palabras cuando un joven busca invitar a salir a una chica, no se comporta, ni se expresa de la misma manera que cuando va a tramitar su licencia de conducir. Al igual que un cirujano que es brillante con el bistur\u00ed, necesitar\u00e1 demostrar diferentes habilidades, verbales y no verbales, para explicar a los estudiantes de medicina como hacer una cirug\u00eda con maestr\u00eda.<\/p>\n<p>Sin meternos en muchos detalles, notar\u00e1s que las diferentes situaciones \u00absociales\u00bb, le exigen a toda persona ajustar su comportamiento y su lenguaje, tanto verbal como no verbal, a la forma m\u00e1s adecuada para poder salir triunfante de esa interacci\u00f3n.<\/p>\n<p>De esta idea sencilla nace el concepto de que para eliminar el p\u00e1nico esc\u00e9nico, s\u00f3lo necesitas visualizarte \u00abviviendo\u00bb el rol del actor adecuado, en el momento adecuado, sin dejar de ser quien t\u00fa eres en realidad dentro de ti mismo.<\/p>\n<p>Para que logres desempe\u00f1ar y vivir el rol que te corresponde, se requieren dos elementos: El primero es que conduzcas de manera adecuada tu lenguaje no verbal; y el segundo es expresarte de manera natural y fluida con tu lenguaje verbal durante el tiempo que dure tu presentaci\u00f3n.<\/p>\n<p><span style=\"text-decoration: underline;\">Para lograr esto, aqu\u00ed est\u00e1n las 7 t\u00e9cnicas que vas a utilizar:<\/span><\/p>\n<h2>T\u00c9CNICA 1. Visualiza qu\u00e9 es lo que se espera de ti.<\/h2>\n<p>Muchas veces el p\u00e1nico esc\u00e9nico es provocado porque creemos que las personas est\u00e1n esperando que realicemos una presentaci\u00f3n espectacular y perfecta, lo cual por lo regular no es verdad. Llegamos a creer que cualquier m\u00ednimo error ser\u00e1 motivo de burla o de que seamos juzgados, reprobados y hasta despedidos.<\/p>\n<p>Pero la realidad es que, a menos que estuvieras participando en la final de alg\u00fan importante concurso internacional de oratoria, no tienes que preocuparte de ser criticado. Las personas en tu p\u00fablico no est\u00e1n ah\u00ed para ver tus errores, lo que ellos realmente esperan es disfrutar la oportunidad de escuchar una presentaci\u00f3n amena, interesante y valiosa.<\/p>\n<p>El p\u00fablico quiere que triunfes. As\u00ed que con tus ojos cerrados imag\u00ednate a ti mismo dando tu presentaci\u00f3n, como si estuvieras viendo una pel\u00edcula. Visualiza c\u00f3mo te ver\u00edas haciendo tu participaci\u00f3n de manera correcta, mientras est\u00e1s tranquilo, disfrutando la experiencia y dando lo mejor de ti.<\/p>\n<p>A esto se le llama empezar con el fin en mente. Si logras aplicar esta t\u00e9cnica de manera efectiva, tu mente se encargar\u00e1 de llenar los espacios vac\u00edos necesarios para lograr tu objetivo con \u00e9xito.<\/p>\n<h2>T\u00c9CNICA 2. Respira profundamente.<\/h2>\n<p>De esta manera, enfocando durante algunos minutos toda tu atenci\u00f3n en tu respiraci\u00f3n, podr\u00e1s mantener lejos de ti cualquier pensamiento negativo; y lograr\u00e1s as\u00ed entregar una excelente presentaci\u00f3n, sin sufrir por estr\u00e9s o ansiedad.<\/p>\n<p style=\"text-align: center;\"><a href=\"https:\/\/www.youtube.com\/watch?v=q3W-udGY3mY\" target=\"_blank\" rel=\"noopener\">En nuestro video #94 te compartimos t\u00e9cnicas m\u00e1s detalladas sobre c\u00f3mo practicar la respiraci\u00f3n profunda, y controlar el nerviosismo<\/a>:<\/p>\n<p><a href=\"https:\/\/www.youtube.com\/watch?v=q3W-udGY3mY\" target=\"_blank\" rel=\"noopener\"><img decoding=\"async\" class=\"size-full wp-image-508 aligncenter lazyload\" src=\"data:image\/gif;base64,R0lGODlhAQABAIAAAAAAAP\/\/\/yH5BAEAAAAALAAAAAABAAEAAAIBRAA7\" data-src=\"http:\/\/comohablarenpublico.me\/wp-content\/uploads\/2016\/05\/MINIATURA-podcast-94-compressor.png\" alt=\"MINIATURA-podcast-94-compressor\" width=\"300\" height=\"169\"><noscript><img data-recalc-dims=\"1\" decoding=\"async\" class=\"size-full wp-image-508 aligncenter lazyload\" src=\"https:\/\/i0.wp.com\/comohablarenpublico.me\/wp-content\/uploads\/2016\/05\/MINIATURA-podcast-94-compressor.png?resize=300%2C169\" alt=\"MINIATURA-podcast-94-compressor\" width=\"300\" height=\"169\"><\/noscript><\/a><\/p>\n<h2>T\u00c9CNICA 3. Toma un momento en privado para asumir una pose de poder.<\/h2>\n<p>Este consejo est\u00e1 respaldado por estudios cient\u00edficos que han demostrado que si t\u00fa adoptas una pose de poder por 2 minutos antes de una presentaci\u00f3n, mejorar\u00e1s significativamente tu lenguaje no verbal, y adem\u00e1s te desempe\u00f1ar\u00e1s mejor.<\/p>\n<p>Siempre tienes la posibilidad de disculparte para utilizar el tocador por dos minutos y entonces puedes aprovecharlos para asumir una pose de poder.<\/p>\n<p>Cualquiera de estas poses te permitir\u00e1 producir ese sentimiento de seguridad extra que necesitas para lograr tu objetivo.<\/p>\n<p><a href=\"http:\/\/comohablarenpublico.me\/wp-content\/uploads\/2016\/05\/pose-de-poder-1-compressor.png\" class=\"broken_link\">&nbsp;<\/a><a href=\"http:\/\/comohablarenpublico.me\/?attachment_id=505\" class=\"broken_link\"><img decoding=\"async\" class=\"aligncenter wp-image-505 size-full lazyload\" src=\"data:image\/gif;base64,R0lGODlhAQABAIAAAAAAAP\/\/\/yH5BAEAAAAALAAAAAABAAEAAAIBRAA7\" data-src=\"http:\/\/comohablarenpublico.me\/wp-content\/uploads\/2016\/05\/pose-de-poder-2-compressor.png\" alt=\"pose-de-poder-2----compressor\" width=\"300\" height=\"169\"><noscript><img data-recalc-dims=\"1\" decoding=\"async\" class=\"aligncenter wp-image-505 size-full lazyload\" src=\"https:\/\/i0.wp.com\/comohablarenpublico.me\/wp-content\/uploads\/2016\/05\/pose-de-poder-2-compressor.png?resize=300%2C169\" alt=\"pose-de-poder-2----compressor\" width=\"300\" height=\"169\"><\/noscript><\/a>&nbsp;<a href=\"http:\/\/comohablarenpublico.me\/?attachment_id=502\" class=\"broken_link\"><img decoding=\"async\" class=\"alignnone wp-image-502 size-full lazyload\" src=\"data:image\/gif;base64,R0lGODlhAQABAIAAAAAAAP\/\/\/yH5BAEAAAAALAAAAAABAAEAAAIBRAA7\" data-src=\"http:\/\/comohablarenpublico.me\/wp-content\/uploads\/2016\/05\/pose-de-poder-5-compressor.png\" alt=\"pose-de-poder-5-compressor\" width=\"300\" height=\"169\"><noscript><img data-recalc-dims=\"1\" decoding=\"async\" class=\"alignnone wp-image-502 size-full lazyload\" src=\"https:\/\/i0.wp.com\/comohablarenpublico.me\/wp-content\/uploads\/2016\/05\/pose-de-poder-5-compressor.png?resize=300%2C169\" alt=\"pose-de-poder-5-compressor\" width=\"300\" height=\"169\"><\/noscript><\/a>&nbsp;&nbsp;<a href=\"https:\/\/i0.wp.com\/comohablarenpublico.me\/wp-content\/uploads\/2016\/05\/pose-de-poder-3-compressor.png\" class=\"broken_link\"><img decoding=\"async\" class=\"alignnone size-full wp-image-504 lazyload\" src=\"data:image\/gif;base64,R0lGODlhAQABAIAAAAAAAP\/\/\/yH5BAEAAAAALAAAAAABAAEAAAIBRAA7\" data-src=\"http:\/\/comohablarenpublico.me\/wp-content\/uploads\/2016\/05\/pose-de-poder-3-compressor.png\" alt=\"pose-de-poder-3-compressor\" width=\"300\" height=\"169\"><noscript><img data-recalc-dims=\"1\" decoding=\"async\" class=\"alignnone size-full wp-image-504 lazyload\" src=\"https:\/\/i0.wp.com\/comohablarenpublico.me\/wp-content\/uploads\/2016\/05\/pose-de-poder-3-compressor.png?resize=300%2C169\" alt=\"pose-de-poder-3-compressor\" width=\"300\" height=\"169\"><\/noscript>&nbsp;&nbsp;<img decoding=\"async\" class=\"alignnone size-full wp-image-501 lazyload\" src=\"data:image\/gif;base64,R0lGODlhAQABAIAAAAAAAP\/\/\/yH5BAEAAAAALAAAAAABAAEAAAIBRAA7\" data-src=\"http:\/\/comohablarenpublico.me\/wp-content\/uploads\/2016\/05\/pose-de-poder-1-compressor.png\" alt=\"pose-de-poder-1-compressor\" width=\"300\" height=\"169\"><noscript><img data-recalc-dims=\"1\" decoding=\"async\" class=\"alignnone size-full wp-image-501 lazyload\" src=\"https:\/\/i0.wp.com\/comohablarenpublico.me\/wp-content\/uploads\/2016\/05\/pose-de-poder-1-compressor.png?resize=300%2C169\" alt=\"pose-de-poder-1-compressor\" width=\"300\" height=\"169\"><\/noscript><\/a>&nbsp;<a href=\"http:\/\/comohablarenpublico.me\/?attachment_id=503\" class=\"broken_link\"><img decoding=\"async\" class=\"alignnone wp-image-503 size-full lazyload\" src=\"data:image\/gif;base64,R0lGODlhAQABAIAAAAAAAP\/\/\/yH5BAEAAAAALAAAAAABAAEAAAIBRAA7\" data-src=\"http:\/\/comohablarenpublico.me\/wp-content\/uploads\/2016\/05\/pose-de-poder-4-compressor.png\" alt=\"pose-de-poder-4-compressor\" width=\"300\" height=\"169\"><noscript><img data-recalc-dims=\"1\" decoding=\"async\" class=\"alignnone wp-image-503 size-full lazyload\" src=\"https:\/\/i0.wp.com\/comohablarenpublico.me\/wp-content\/uploads\/2016\/05\/pose-de-poder-4-compressor.png?resize=300%2C169\" alt=\"pose-de-poder-4-compressor\" width=\"300\" height=\"169\"><\/noscript><\/a><\/p>\n<h2>T\u00c9CNICA 4. Aseg\u00farate de que tu lenguaje corporal irradie seguridad.<\/h2>\n<p>Una vez que salgas de tu momento privado, sal a desempe\u00f1ar el rol que te corresponde asumir, y a\u00fan si llegaras a cometer errores m\u00ednimos, simplemente sigue adelante buscando expresar la seguridad de alguien que sabe a d\u00f3nde va.<\/p>\n<p>Recuerda que hay muchos elementos no verbales que le indican a tu p\u00fablico tu nivel de seguridad en ti mismo y en el mensaje que compartes.<\/p>\n<p>Desde la postura que asumes al estar de pie, hasta como haces contacto visual con el p\u00fablico; incluyendo tambi\u00e9n la manera en que utilizas tus manos y brazos para enfatizar tu mensaje, los gestos faciales que empleas para expresar emociones, y por supuesto: el hecho de sonre\u00edr de una manera abierta y aut\u00e9ntica mientras proyectas claramente tu voz para demostrar que est\u00e1s 100% seguro de ti mismo y de lo que dicen tus palabras.<\/p>\n<p>Evita que tus pensamientos o sentimientos te abrumen; simplemente identifica cualquier tensi\u00f3n o ansiedad que est\u00e9s experimentando, respira profundo, y convierte esa emoci\u00f3n en entusiasmo.<\/p>\n<h2>T\u00c9CNICA 5. Utiliza un lenguaje sencillo y fluido para expresar tus pensamientos e ideas.<\/h2>\n<p>Adentrarte en tu papel no significa que vas a tratar de ser alguien diferente o de que hables y te expreses como otra persona lo har\u00eda.<\/p>\n<p>Lo que significa es que vas a dar tu opini\u00f3n sobre un tema espec\u00edfico de una manera clara y fluida, demostrando confianza en tus argumentos.<\/p>\n<p>En otras palabras, vas a ser t\u00fa mismo actuando de manera natural en un papel que tal vez no es muy com\u00fan para ti, pero que puedes ocupar de manera temporal, expres\u00e1ndote y ejecutando acciones acordes al rol. Si vas a ser un supervisor, un entrenador o un ejemplo inspirador para otros, pues eso vas a hacer pero con absoluta convicci\u00f3n.<\/p>\n<h2>T\u00c9CNICA 6, Busca dar una estructura a tu presentaci\u00f3n.<\/h2>\n<p>Esta estructura: apertura, desarrollo y cierre; aplica para cualquier ocasi\u00f3n en la que tengas que expresar tus ideas en p\u00fablico.<\/p>\n<p>Y para ayudarte, nosotros tenemos el video #95 donde podr\u00e1s aprender y practicar esta habilidad hasta que se vuelva autom\u00e1tica y no te cueste trabajo utilizarla.<\/p>\n<p style=\"text-align: center;\"><a href=\"https:\/\/www.youtube.com\/watch?v=cx-LAfpENcg\" target=\"_blank\" rel=\"noopener\"><span style=\"text-decoration: underline;\">C\u00f3mo Preparar y Estructurar una Presentaci\u00f3n &#8211; Curso de Oratoria VIDEO 2 #95<\/span><\/a><\/p>\n<h2>T\u00c9CNICA 7. Prepara un cierre fuerte y contundente.<\/h2>\n<p>Cerrar la entrega de tu mensaje de manera contundente hace una gran diferencia entre ser percibido como una persona indecisa, o una persona segura de s\u00ed misma y de sus palabras.<br \/>\nLa manera de hacer un cierre fuerte y contundente es finalizar tu presentaci\u00f3n entregando una instrucci\u00f3n muy precisa: un s\u00f3lo llamado que mueva a tu p\u00fablico a tomar acci\u00f3n. Una acci\u00f3n pr\u00e1ctica y espec\u00edfica que les beneficiar\u00e1 a ellos y a todas las personas de su entorno.<\/p>\n<h3>No permitas que el p\u00e1nico esc\u00e9nico te impida compartir la riqueza del conocimiento y experiencia que has acumulado a lo largo de tu vida.<\/h3>\n<p>Puede ser un tanto dif\u00edcil para ti mismo darte cuenta de cu\u00e1nto pueden motivar, ayudar o inspirar tus palabras a la audiencia que te escucha. Pero yo que recibo cientos de correos de agradecimiento te puedo decir que realizar presentaciones es una experiencia incre\u00edblemente gratificante y satisfactoria.<\/p>\n<p>Cada momento que te ofrece la vida para compartir un mensaje verbal con el mundo, es una oportunidad para influenciar positivamente a tus semejantes, t\u00fa sabes bien que el mundo siempre necesita mejores ejemplos.<\/p>\n<p>Deshazte del p\u00e1nico esc\u00e9nico que pudiera incomodarte o paralizarte la pr\u00f3xima vez que tengas que hablar en p\u00fablico, utilizando estas 7 t\u00e9cnicas que te acabamos de dar. De esta manera continuar\u00e1s cautivando, inspirando y guiando aut\u00e9nticamente.<\/p>\n<p style=\"text-align: center;\"><em>\u201cCompartir tu conocimiento, es una forma de lograr la inmortalidad.\u201d<\/em><br \/>\n\u2014 Dalai Lama<\/p>\n<div>\n<p><strong>V\u00edctor Toscano y V\u00edctor P\u00e9rez<\/strong><br \/>\n<a href=\"https:\/\/tecnicashablarenpublico.com\/\" target=\"_blank\" rel=\"noopener\">TecnicasHablarEnPublico.com<\/a><\/p>\n<p><em><strong>P.D: Si te parece \u00fatil esta informaci\u00f3n, comparte esta p\u00e1gina&nbsp;con tus amigos.<\/strong><\/em><\/p>\n<p><strong>No te pierdas ninguno de mis NUEVOS VIDEOS:&nbsp;<\/strong>Cada semana estoy subiendo un nuevo video como este en mi canal de youtube, suscr\u00edbete haciendo click en el siguiente bot\u00f3n&nbsp;para que los recibas:<\/p>\n<p><a href=\"http:\/\/victor-toscano.com\/youtube\" target=\"_blank\" rel=\"noopener\" class=\"broken_link\"><img decoding=\"async\" class=\"wp-image-123  aligncenter lazyload\" src=\"data:image\/gif;base64,R0lGODlhAQABAIAAAAAAAP\/\/\/yH5BAEAAAAALAAAAAABAAEAAAIBRAA7\" data-src=\"http:\/\/victor-toscano.com\/wp-content\/uploads\/2014\/10\/images.jpg\" alt=\"suscribete boton youtube\" width=\"248\" height=\"70\"><noscript><img data-recalc-dims=\"1\" decoding=\"async\" class=\"wp-image-123  aligncenter lazyload\" src=\"https:\/\/i0.wp.com\/victor-toscano.com\/wp-content\/uploads\/2014\/10\/images.jpg?resize=248%2C70\" alt=\"suscribete boton youtube\" width=\"248\" height=\"70\"><\/noscript><\/a><\/p>\n<p style=\"text-align: center;\"><strong> <a title=\"Videos de crecimiento personal\" href=\"http:\/\/victor-toscano.com\/youtube\" target=\"_blank\" rel=\"noopener\" class=\"broken_link\">http:\/\/victor-toscano.com\/youtube<\/a><\/strong><\/p>\n<p>&nbsp;<\/p>\n<p>.<\/p>\n<\/div>\n","protected":false},"excerpt":{"rendered":"<p>Como Perder el Miedo a Hablar en P\u00fablico, perder la timidez y el miedo: C\u00f3mo hablar en p\u00fablico sin ponerse nervioso y controlar el p\u00e1nico esc\u00e9nico | Curso de Oratoria y Liderazgo&#8230; \u00bb Mira el VIDEO Aqu\u00ed:<\/p>\n","protected":false},"author":1,"featured_media":3141,"comment_status":"open","ping_status":"closed","sticky":false,"template":"","format":"standard","meta":{"jetpack_post_was_ever_published":false,"_jetpack_newsletter_access":"","_jetpack_dont_email_post_to_subs":false,"_jetpack_newsletter_tier_id":0,"_jetpack_memberships_contains_paywalled_content":false,"_jetpack_memberships_contains_paid_content":false,"footnotes":"","jetpack_publicize_message":"C\u00f3mo Perder el Miedo a Hablar en P\u00fablico: Curso de Oratoria | P\u00e1nico Esc\u00e9nico VS Liderazgo https:\/\/tecnicashablarenpublico.com\/blog\/HablarJkBQH","jetpack_publicize_feature_enabled":true,"jetpack_social_post_already_shared":true,"jetpack_social_options":{"image_generator_settings":{"template":"highway","default_image_id":0,"font":"","enabled":false},"version":2}},"categories":[32],"tags":[6],"class_list":["post-2289","post","type-post","status-publish","format-standard","has-post-thumbnail","hentry","category-como-hablar-en-publico-2","tag-como-hablar-en-publico","post-wrapper","thrv_wrapper"],"yoast_head":"<!-- This site is optimized with the Yoast SEO plugin v27.5 - https:\/\/yoast.com\/product\/yoast-seo-wordpress\/ -->\n<title>C\u00f3mo Perder el Miedo a Hablar en P\u00fablico: Curso de Oratoria | P\u00e1nico Esc\u00e9nico VS Liderazgo - TecnicasHablarEnPublico.Com<\/title>\n<meta name=\"robots\" content=\"index, follow, max-snippet:-1, max-image-preview:large, max-video-preview:-1\" \/>\n<link rel=\"canonical\" href=\"https:\/\/tecnicashablarenpublico.com\/blog\/como-perder-el-miedo-a-hablar-en-publico-curso-de-oratoria-panico-escenico-vs-liderazgo\/\" \/>\n<meta property=\"og:locale\" content=\"es_ES\" \/>\n<meta property=\"og:type\" content=\"article\" \/>\n<meta property=\"og:title\" content=\"C\u00f3mo Perder el Miedo a Hablar en P\u00fablico: Curso de Oratoria | P\u00e1nico Esc\u00e9nico VS Liderazgo - TecnicasHablarEnPublico.Com\" \/>\n<meta property=\"og:description\" content=\"Como Perder el Miedo a Hablar en P\u00fablico, perder la timidez y el miedo: C\u00f3mo hablar en p\u00fablico sin ponerse nervioso y controlar el p\u00e1nico esc\u00e9nico | Curso de Oratoria y Liderazgo&#8230; \u00bb Mira el VIDEO Aqu\u00ed:\" \/>\n<meta property=\"og:url\" content=\"https:\/\/tecnicashablarenpublico.com\/blog\/como-perder-el-miedo-a-hablar-en-publico-curso-de-oratoria-panico-escenico-vs-liderazgo\/\" \/>\n<meta property=\"og:site_name\" content=\"TecnicasHablarEnPublico.Com\" \/>\n<meta property=\"article:publisher\" content=\"https:\/\/www.facebook.com\/VictorToscanoOficial\/\" \/>\n<meta property=\"article:author\" content=\"https:\/\/www.facebook.com\/victortoscanooficial\" \/>\n<meta property=\"article:published_time\" content=\"2016-05-09T15:26:00+00:00\" \/>\n<meta property=\"article:modified_time\" content=\"2023-06-12T00:26:38+00:00\" \/>\n<meta property=\"og:image\" content=\"https:\/\/optimizacionpaginasmedia.s3.amazonaws.com\/2023\/06\/zFo84Ipk-2maxresdefault-copia-min.png\" \/>\n\t<meta property=\"og:image:width\" content=\"500\" \/>\n\t<meta property=\"og:image:height\" content=\"281\" \/>\n\t<meta property=\"og:image:type\" content=\"image\/png\" \/>\n<meta name=\"author\" content=\"Victor Toscano T V\" \/>\n<meta name=\"twitter:card\" content=\"summary_large_image\" \/>\n<meta name=\"twitter:creator\" content=\"@_victortoscano\" \/>\n<meta name=\"twitter:label1\" content=\"Escrito por\" \/>\n\t<meta name=\"twitter:data1\" content=\"Victor Toscano T V\" \/>\n\t<meta name=\"twitter:label2\" content=\"Tiempo de lectura\" \/>\n\t<meta name=\"twitter:data2\" content=\"11 minutos\" \/>\n<script type=\"application\/ld+json\" class=\"yoast-schema-graph\">{\"@context\":\"https:\\\/\\\/schema.org\",\"@graph\":[{\"@type\":\"Article\",\"@id\":\"https:\\\/\\\/tecnicashablarenpublico.com\\\/blog\\\/como-perder-el-miedo-a-hablar-en-publico-curso-de-oratoria-panico-escenico-vs-liderazgo\\\/#article\",\"isPartOf\":{\"@id\":\"https:\\\/\\\/tecnicashablarenpublico.com\\\/blog\\\/como-perder-el-miedo-a-hablar-en-publico-curso-de-oratoria-panico-escenico-vs-liderazgo\\\/\"},\"author\":{\"name\":\"Victor Toscano T V\",\"@id\":\"https:\\\/\\\/tecnicashablarenpublico.com\\\/blog\\\/#\\\/schema\\\/person\\\/f6a96b9bb773de8f08f84e4d6e6cf28f\"},\"headline\":\"C\u00f3mo Perder el Miedo a Hablar en P\u00fablico: Curso de Oratoria | P\u00e1nico Esc\u00e9nico VS Liderazgo\",\"datePublished\":\"2016-05-09T15:26:00+00:00\",\"dateModified\":\"2023-06-12T00:26:38+00:00\",\"mainEntityOfPage\":{\"@id\":\"https:\\\/\\\/tecnicashablarenpublico.com\\\/blog\\\/como-perder-el-miedo-a-hablar-en-publico-curso-de-oratoria-panico-escenico-vs-liderazgo\\\/\"},\"wordCount\":2156,\"commentCount\":5446,\"publisher\":{\"@id\":\"https:\\\/\\\/tecnicashablarenpublico.com\\\/blog\\\/#organization\"},\"image\":{\"@id\":\"https:\\\/\\\/tecnicashablarenpublico.com\\\/blog\\\/como-perder-el-miedo-a-hablar-en-publico-curso-de-oratoria-panico-escenico-vs-liderazgo\\\/#primaryimage\"},\"thumbnailUrl\":\"https:\\\/\\\/i0.wp.com\\\/optimizacionpaginasmedia.s3.amazonaws.com\\\/2023\\\/06\\\/zFo84Ipk-2maxresdefault-copia-min.png?fit=500%2C281&ssl=1\",\"keywords\":[\"como hablar en publico\"],\"articleSection\":[\"Como Hablar en Publico\"],\"inLanguage\":\"es\"},{\"@type\":\"WebPage\",\"@id\":\"https:\\\/\\\/tecnicashablarenpublico.com\\\/blog\\\/como-perder-el-miedo-a-hablar-en-publico-curso-de-oratoria-panico-escenico-vs-liderazgo\\\/\",\"url\":\"https:\\\/\\\/tecnicashablarenpublico.com\\\/blog\\\/como-perder-el-miedo-a-hablar-en-publico-curso-de-oratoria-panico-escenico-vs-liderazgo\\\/\",\"name\":\"C\u00f3mo Perder el Miedo a Hablar en P\u00fablico: Curso de Oratoria | P\u00e1nico Esc\u00e9nico VS Liderazgo - TecnicasHablarEnPublico.Com\",\"isPartOf\":{\"@id\":\"https:\\\/\\\/tecnicashablarenpublico.com\\\/blog\\\/#website\"},\"primaryImageOfPage\":{\"@id\":\"https:\\\/\\\/tecnicashablarenpublico.com\\\/blog\\\/como-perder-el-miedo-a-hablar-en-publico-curso-de-oratoria-panico-escenico-vs-liderazgo\\\/#primaryimage\"},\"image\":{\"@id\":\"https:\\\/\\\/tecnicashablarenpublico.com\\\/blog\\\/como-perder-el-miedo-a-hablar-en-publico-curso-de-oratoria-panico-escenico-vs-liderazgo\\\/#primaryimage\"},\"thumbnailUrl\":\"https:\\\/\\\/i0.wp.com\\\/optimizacionpaginasmedia.s3.amazonaws.com\\\/2023\\\/06\\\/zFo84Ipk-2maxresdefault-copia-min.png?fit=500%2C281&ssl=1\",\"datePublished\":\"2016-05-09T15:26:00+00:00\",\"dateModified\":\"2023-06-12T00:26:38+00:00\",\"breadcrumb\":{\"@id\":\"https:\\\/\\\/tecnicashablarenpublico.com\\\/blog\\\/como-perder-el-miedo-a-hablar-en-publico-curso-de-oratoria-panico-escenico-vs-liderazgo\\\/#breadcrumb\"},\"inLanguage\":\"es\",\"potentialAction\":[{\"@type\":\"ReadAction\",\"target\":[\"https:\\\/\\\/tecnicashablarenpublico.com\\\/blog\\\/como-perder-el-miedo-a-hablar-en-publico-curso-de-oratoria-panico-escenico-vs-liderazgo\\\/\"]}]},{\"@type\":\"ImageObject\",\"inLanguage\":\"es\",\"@id\":\"https:\\\/\\\/tecnicashablarenpublico.com\\\/blog\\\/como-perder-el-miedo-a-hablar-en-publico-curso-de-oratoria-panico-escenico-vs-liderazgo\\\/#primaryimage\",\"url\":\"https:\\\/\\\/i0.wp.com\\\/optimizacionpaginasmedia.s3.amazonaws.com\\\/2023\\\/06\\\/zFo84Ipk-2maxresdefault-copia-min.png?fit=500%2C281&ssl=1\",\"contentUrl\":\"https:\\\/\\\/i0.wp.com\\\/optimizacionpaginasmedia.s3.amazonaws.com\\\/2023\\\/06\\\/zFo84Ipk-2maxresdefault-copia-min.png?fit=500%2C281&ssl=1\",\"width\":500,\"height\":281},{\"@type\":\"BreadcrumbList\",\"@id\":\"https:\\\/\\\/tecnicashablarenpublico.com\\\/blog\\\/como-perder-el-miedo-a-hablar-en-publico-curso-de-oratoria-panico-escenico-vs-liderazgo\\\/#breadcrumb\",\"itemListElement\":[{\"@type\":\"ListItem\",\"position\":1,\"name\":\"Portada\",\"item\":\"https:\\\/\\\/tecnicashablarenpublico.com\\\/blog\\\/\"},{\"@type\":\"ListItem\",\"position\":2,\"name\":\"C\u00f3mo Perder el Miedo a Hablar en P\u00fablico: Curso de Oratoria | P\u00e1nico Esc\u00e9nico VS Liderazgo\"}]},{\"@type\":\"WebSite\",\"@id\":\"https:\\\/\\\/tecnicashablarenpublico.com\\\/blog\\\/#website\",\"url\":\"https:\\\/\\\/tecnicashablarenpublico.com\\\/blog\\\/\",\"name\":\"TecnicasHablarEnPublico.Com\",\"description\":\"Blog\",\"publisher\":{\"@id\":\"https:\\\/\\\/tecnicashablarenpublico.com\\\/blog\\\/#organization\"},\"potentialAction\":[{\"@type\":\"SearchAction\",\"target\":{\"@type\":\"EntryPoint\",\"urlTemplate\":\"https:\\\/\\\/tecnicashablarenpublico.com\\\/blog\\\/?s={search_term_string}\"},\"query-input\":{\"@type\":\"PropertyValueSpecification\",\"valueRequired\":true,\"valueName\":\"search_term_string\"}}],\"inLanguage\":\"es\"},{\"@type\":\"Organization\",\"@id\":\"https:\\\/\\\/tecnicashablarenpublico.com\\\/blog\\\/#organization\",\"name\":\"TecnicasHablarEnPublico\",\"url\":\"https:\\\/\\\/tecnicashablarenpublico.com\\\/blog\\\/\",\"logo\":{\"@type\":\"ImageObject\",\"inLanguage\":\"es\",\"@id\":\"https:\\\/\\\/tecnicashablarenpublico.com\\\/blog\\\/#\\\/schema\\\/logo\\\/image\\\/\",\"url\":\"https:\\\/\\\/i0.wp.com\\\/tecnicashablarenpublico.com\\\/blog\\\/wp-content\\\/uploads\\\/2014\\\/11\\\/logo_cuadrado.png?fit=286%2C255&ssl=1\",\"contentUrl\":\"https:\\\/\\\/i0.wp.com\\\/tecnicashablarenpublico.com\\\/blog\\\/wp-content\\\/uploads\\\/2014\\\/11\\\/logo_cuadrado.png?fit=286%2C255&ssl=1\",\"width\":286,\"height\":255,\"caption\":\"TecnicasHablarEnPublico\"},\"image\":{\"@id\":\"https:\\\/\\\/tecnicashablarenpublico.com\\\/blog\\\/#\\\/schema\\\/logo\\\/image\\\/\"},\"sameAs\":[\"https:\\\/\\\/www.facebook.com\\\/VictorToscanoOficial\\\/\"]},{\"@type\":\"Person\",\"@id\":\"https:\\\/\\\/tecnicashablarenpublico.com\\\/blog\\\/#\\\/schema\\\/person\\\/f6a96b9bb773de8f08f84e4d6e6cf28f\",\"name\":\"Victor Toscano T V\",\"image\":{\"@type\":\"ImageObject\",\"inLanguage\":\"es\",\"@id\":\"https:\\\/\\\/secure.gravatar.com\\\/avatar\\\/e45c6f1f2986615bd1357fd094a24ab45a2ce7ca867817458fbebca30cd78e46?s=96&d=mm&r=g\",\"url\":\"https:\\\/\\\/secure.gravatar.com\\\/avatar\\\/e45c6f1f2986615bd1357fd094a24ab45a2ce7ca867817458fbebca30cd78e46?s=96&d=mm&r=g\",\"contentUrl\":\"https:\\\/\\\/secure.gravatar.com\\\/avatar\\\/e45c6f1f2986615bd1357fd094a24ab45a2ce7ca867817458fbebca30cd78e46?s=96&d=mm&r=g\",\"caption\":\"Victor Toscano T V\"},\"description\":\"Un apasionado en el tema de Hablar en P\u00fablico y el Crecimiento Personal, que pas\u00f3 de \\\"t\u00edmido\\\" a Conferencista Internacional en menos de dos a\u00f1os.\",\"sameAs\":[\"http:\\\/\\\/www.tecnicashablarenpublico.com\",\"https:\\\/\\\/www.facebook.com\\\/victortoscanooficial\",\"http:\\\/\\\/mx.linkedin.com\\\/in\\\/victortoscano\\\/\",\"http:\\\/\\\/www.pinterest.com\\\/victortoscano\\\/\",\"https:\\\/\\\/x.com\\\/_victortoscano\",\"http:\\\/\\\/victortoscano.com.mx\\\/youtube\"],\"url\":\"https:\\\/\\\/tecnicashablarenpublico.com\\\/blog\\\/author\\\/vict26\\\/\"}]}<\/script>\n<!-- \/ Yoast SEO plugin. -->","yoast_head_json":{"title":"C\u00f3mo Perder el Miedo a Hablar en P\u00fablico: Curso de Oratoria | P\u00e1nico Esc\u00e9nico VS Liderazgo - TecnicasHablarEnPublico.Com","robots":{"index":"index","follow":"follow","max-snippet":"max-snippet:-1","max-image-preview":"max-image-preview:large","max-video-preview":"max-video-preview:-1"},"canonical":"https:\/\/tecnicashablarenpublico.com\/blog\/como-perder-el-miedo-a-hablar-en-publico-curso-de-oratoria-panico-escenico-vs-liderazgo\/","og_locale":"es_ES","og_type":"article","og_title":"C\u00f3mo Perder el Miedo a Hablar en P\u00fablico: Curso de Oratoria | P\u00e1nico Esc\u00e9nico VS Liderazgo - TecnicasHablarEnPublico.Com","og_description":"Como Perder el Miedo a Hablar en P\u00fablico, perder la timidez y el miedo: C\u00f3mo hablar en p\u00fablico sin ponerse nervioso y controlar el p\u00e1nico esc\u00e9nico | Curso de Oratoria y Liderazgo&#8230; \u00bb Mira el VIDEO Aqu\u00ed:","og_url":"https:\/\/tecnicashablarenpublico.com\/blog\/como-perder-el-miedo-a-hablar-en-publico-curso-de-oratoria-panico-escenico-vs-liderazgo\/","og_site_name":"TecnicasHablarEnPublico.Com","article_publisher":"https:\/\/www.facebook.com\/VictorToscanoOficial\/","article_author":"https:\/\/www.facebook.com\/victortoscanooficial","article_published_time":"2016-05-09T15:26:00+00:00","article_modified_time":"2023-06-12T00:26:38+00:00","og_image":[{"width":500,"height":281,"url":"https:\/\/optimizacionpaginasmedia.s3.amazonaws.com\/2023\/06\/zFo84Ipk-2maxresdefault-copia-min.png","type":"image\/png"}],"author":"Victor Toscano T V","twitter_card":"summary_large_image","twitter_creator":"@_victortoscano","twitter_misc":{"Escrito por":"Victor Toscano T V","Tiempo de lectura":"11 minutos"},"schema":{"@context":"https:\/\/schema.org","@graph":[{"@type":"Article","@id":"https:\/\/tecnicashablarenpublico.com\/blog\/como-perder-el-miedo-a-hablar-en-publico-curso-de-oratoria-panico-escenico-vs-liderazgo\/#article","isPartOf":{"@id":"https:\/\/tecnicashablarenpublico.com\/blog\/como-perder-el-miedo-a-hablar-en-publico-curso-de-oratoria-panico-escenico-vs-liderazgo\/"},"author":{"name":"Victor Toscano T V","@id":"https:\/\/tecnicashablarenpublico.com\/blog\/#\/schema\/person\/f6a96b9bb773de8f08f84e4d6e6cf28f"},"headline":"C\u00f3mo Perder el Miedo a Hablar en P\u00fablico: Curso de Oratoria | P\u00e1nico Esc\u00e9nico VS Liderazgo","datePublished":"2016-05-09T15:26:00+00:00","dateModified":"2023-06-12T00:26:38+00:00","mainEntityOfPage":{"@id":"https:\/\/tecnicashablarenpublico.com\/blog\/como-perder-el-miedo-a-hablar-en-publico-curso-de-oratoria-panico-escenico-vs-liderazgo\/"},"wordCount":2156,"commentCount":5446,"publisher":{"@id":"https:\/\/tecnicashablarenpublico.com\/blog\/#organization"},"image":{"@id":"https:\/\/tecnicashablarenpublico.com\/blog\/como-perder-el-miedo-a-hablar-en-publico-curso-de-oratoria-panico-escenico-vs-liderazgo\/#primaryimage"},"thumbnailUrl":"https:\/\/i0.wp.com\/optimizacionpaginasmedia.s3.amazonaws.com\/2023\/06\/zFo84Ipk-2maxresdefault-copia-min.png?fit=500%2C281&ssl=1","keywords":["como hablar en publico"],"articleSection":["Como Hablar en Publico"],"inLanguage":"es"},{"@type":"WebPage","@id":"https:\/\/tecnicashablarenpublico.com\/blog\/como-perder-el-miedo-a-hablar-en-publico-curso-de-oratoria-panico-escenico-vs-liderazgo\/","url":"https:\/\/tecnicashablarenpublico.com\/blog\/como-perder-el-miedo-a-hablar-en-publico-curso-de-oratoria-panico-escenico-vs-liderazgo\/","name":"C\u00f3mo Perder el Miedo a Hablar en P\u00fablico: Curso de Oratoria | P\u00e1nico Esc\u00e9nico VS Liderazgo - TecnicasHablarEnPublico.Com","isPartOf":{"@id":"https:\/\/tecnicashablarenpublico.com\/blog\/#website"},"primaryImageOfPage":{"@id":"https:\/\/tecnicashablarenpublico.com\/blog\/como-perder-el-miedo-a-hablar-en-publico-curso-de-oratoria-panico-escenico-vs-liderazgo\/#primaryimage"},"image":{"@id":"https:\/\/tecnicashablarenpublico.com\/blog\/como-perder-el-miedo-a-hablar-en-publico-curso-de-oratoria-panico-escenico-vs-liderazgo\/#primaryimage"},"thumbnailUrl":"https:\/\/i0.wp.com\/optimizacionpaginasmedia.s3.amazonaws.com\/2023\/06\/zFo84Ipk-2maxresdefault-copia-min.png?fit=500%2C281&ssl=1","datePublished":"2016-05-09T15:26:00+00:00","dateModified":"2023-06-12T00:26:38+00:00","breadcrumb":{"@id":"https:\/\/tecnicashablarenpublico.com\/blog\/como-perder-el-miedo-a-hablar-en-publico-curso-de-oratoria-panico-escenico-vs-liderazgo\/#breadcrumb"},"inLanguage":"es","potentialAction":[{"@type":"ReadAction","target":["https:\/\/tecnicashablarenpublico.com\/blog\/como-perder-el-miedo-a-hablar-en-publico-curso-de-oratoria-panico-escenico-vs-liderazgo\/"]}]},{"@type":"ImageObject","inLanguage":"es","@id":"https:\/\/tecnicashablarenpublico.com\/blog\/como-perder-el-miedo-a-hablar-en-publico-curso-de-oratoria-panico-escenico-vs-liderazgo\/#primaryimage","url":"https:\/\/i0.wp.com\/optimizacionpaginasmedia.s3.amazonaws.com\/2023\/06\/zFo84Ipk-2maxresdefault-copia-min.png?fit=500%2C281&ssl=1","contentUrl":"https:\/\/i0.wp.com\/optimizacionpaginasmedia.s3.amazonaws.com\/2023\/06\/zFo84Ipk-2maxresdefault-copia-min.png?fit=500%2C281&ssl=1","width":500,"height":281},{"@type":"BreadcrumbList","@id":"https:\/\/tecnicashablarenpublico.com\/blog\/como-perder-el-miedo-a-hablar-en-publico-curso-de-oratoria-panico-escenico-vs-liderazgo\/#breadcrumb","itemListElement":[{"@type":"ListItem","position":1,"name":"Portada","item":"https:\/\/tecnicashablarenpublico.com\/blog\/"},{"@type":"ListItem","position":2,"name":"C\u00f3mo Perder el Miedo a Hablar en P\u00fablico: Curso de Oratoria | P\u00e1nico Esc\u00e9nico VS Liderazgo"}]},{"@type":"WebSite","@id":"https:\/\/tecnicashablarenpublico.com\/blog\/#website","url":"https:\/\/tecnicashablarenpublico.com\/blog\/","name":"TecnicasHablarEnPublico.Com","description":"Blog","publisher":{"@id":"https:\/\/tecnicashablarenpublico.com\/blog\/#organization"},"potentialAction":[{"@type":"SearchAction","target":{"@type":"EntryPoint","urlTemplate":"https:\/\/tecnicashablarenpublico.com\/blog\/?s={search_term_string}"},"query-input":{"@type":"PropertyValueSpecification","valueRequired":true,"valueName":"search_term_string"}}],"inLanguage":"es"},{"@type":"Organization","@id":"https:\/\/tecnicashablarenpublico.com\/blog\/#organization","name":"TecnicasHablarEnPublico","url":"https:\/\/tecnicashablarenpublico.com\/blog\/","logo":{"@type":"ImageObject","inLanguage":"es","@id":"https:\/\/tecnicashablarenpublico.com\/blog\/#\/schema\/logo\/image\/","url":"https:\/\/i0.wp.com\/tecnicashablarenpublico.com\/blog\/wp-content\/uploads\/2014\/11\/logo_cuadrado.png?fit=286%2C255&ssl=1","contentUrl":"https:\/\/i0.wp.com\/tecnicashablarenpublico.com\/blog\/wp-content\/uploads\/2014\/11\/logo_cuadrado.png?fit=286%2C255&ssl=1","width":286,"height":255,"caption":"TecnicasHablarEnPublico"},"image":{"@id":"https:\/\/tecnicashablarenpublico.com\/blog\/#\/schema\/logo\/image\/"},"sameAs":["https:\/\/www.facebook.com\/VictorToscanoOficial\/"]},{"@type":"Person","@id":"https:\/\/tecnicashablarenpublico.com\/blog\/#\/schema\/person\/f6a96b9bb773de8f08f84e4d6e6cf28f","name":"Victor Toscano T V","image":{"@type":"ImageObject","inLanguage":"es","@id":"https:\/\/secure.gravatar.com\/avatar\/e45c6f1f2986615bd1357fd094a24ab45a2ce7ca867817458fbebca30cd78e46?s=96&d=mm&r=g","url":"https:\/\/secure.gravatar.com\/avatar\/e45c6f1f2986615bd1357fd094a24ab45a2ce7ca867817458fbebca30cd78e46?s=96&d=mm&r=g","contentUrl":"https:\/\/secure.gravatar.com\/avatar\/e45c6f1f2986615bd1357fd094a24ab45a2ce7ca867817458fbebca30cd78e46?s=96&d=mm&r=g","caption":"Victor Toscano T V"},"description":"Un apasionado en el tema de Hablar en P\u00fablico y el Crecimiento Personal, que pas\u00f3 de \"t\u00edmido\" a Conferencista Internacional en menos de dos a\u00f1os.","sameAs":["http:\/\/www.tecnicashablarenpublico.com","https:\/\/www.facebook.com\/victortoscanooficial","http:\/\/mx.linkedin.com\/in\/victortoscano\/","http:\/\/www.pinterest.com\/victortoscano\/","https:\/\/x.com\/_victortoscano","http:\/\/victortoscano.com.mx\/youtube"],"url":"https:\/\/tecnicashablarenpublico.com\/blog\/author\/vict26\/"}]}},"jetpack_publicize_connections":[],"jetpack_featured_media_url":"https:\/\/i0.wp.com\/optimizacionpaginasmedia.s3.amazonaws.com\/2023\/06\/zFo84Ipk-2maxresdefault-copia-min.png?fit=500%2C281&ssl=1","jetpack_shortlink":"https:\/\/wp.me\/p338RC-AV","jetpack-related-posts":[{"id":2211,"url":"https:\/\/tecnicashablarenpublico.com\/blog\/como-perder-el-miedo-escenico-y-controlar-los-nervios-al-hablar-en-publico-curso-de-oratoria\/","url_meta":{"origin":2289,"position":0},"title":"Como Perder el Miedo Esc\u00e9nico y Controlar los Nervios al Hablar en P\u00fablico | Curso de Oratoria","author":"Victor Toscano T V","date":"19\/08\/2015","format":false,"excerpt":"P\u00e1nico Esc\u00e9nico:\u00a0Como Perder el Miedo Esc\u00e9nico, Controlar los Nervios al Hablar en P\u00fablico y Vencer el P\u00e1nico Esc\u00e9nico | Curso de Oratoria... Mira el video aqu\u00ed: \u00a1Suscr\u00edbete a mi canal en YOUTUBE! (V\u00edctor Toscano TV)... \u2022\u2022 Divide y Vencer\u00e1s \u2022\u2022 Hay quienes se confunden y consideran que el miedo y\u2026","rel":"","context":"En \u00abMiedo a Hablar en P\u00fablico\u00bb","block_context":{"text":"Miedo a Hablar en P\u00fablico","link":"https:\/\/tecnicashablarenpublico.com\/blog\/category\/miedo-a-hablar-en-publico\/"},"img":{"alt_text":"","src":"https:\/\/i0.wp.com\/optimizacionpaginasmedia.s3.amazonaws.com\/2023\/06\/PuJKI1ex-como-controlar-los-nervios-al-hablar-en-publico-copia-min.png?fit=500%2C281&ssl=1&resize=350%2C200","width":350,"height":200},"classes":[]},{"id":2209,"url":"https:\/\/tecnicashablarenpublico.com\/blog\/panico-escenico-como-perder-el-miedo-a-hablar-en-publico-oratoria\/","url_meta":{"origin":2289,"position":1},"title":"P\u00e1nico Esc\u00e9nico: C\u00f3mo Perder el Miedo a Hablar en P\u00fablico | Oratoria","author":"Victor Toscano T V","date":"13\/08\/2015","format":false,"excerpt":"P\u00e1nico Esc\u00e9nico: C\u00f3mo puedes Vencer\u00a0y Perder el Miedo a Hablar en P\u00fablico, definitivamente... Mira el video aqu\u00ed: \u00a1Suscr\u00edbete a mi canal en YOUTUBE! (V\u00edctor Toscano TV)... \u2022\u2022 C\u00f3mo perder el miedo a hablar en p\u00fablico (p\u00e1nico esc\u00e9nico)\u00a0\u2022\u2022 Vencer el p\u00e1nico esc\u00e9nico suena como todo un reto, \u00bfcierto? Las encuestas demuestran\u2026","rel":"","context":"En \u00abMiedo a Hablar en P\u00fablico\u00bb","block_context":{"text":"Miedo a Hablar en P\u00fablico","link":"https:\/\/tecnicashablarenpublico.com\/blog\/category\/miedo-a-hablar-en-publico\/"},"img":{"alt_text":"","src":"https:\/\/i0.wp.com\/optimizacionpaginasmedia.s3.amazonaws.com\/2023\/06\/yCFgpYyV-como-vencer-el-panico-escenico-dragon-copia-min.png?fit=500%2C281&ssl=1&resize=350%2C200","width":350,"height":200},"classes":[]},{"id":2394,"url":"https:\/\/tecnicashablarenpublico.com\/blog\/4-tecnicas-de-oratoria-como-perder-el-miedo-a-hablar-en-publico-y-vencer-el-miedo-escenico\/","url_meta":{"origin":2289,"position":2},"title":"4 T\u00c9CNICAS DE ORATORIA | C\u00f3mo Perder el Miedo a Hablar en P\u00fablico y Vencer el Miedo Esc\u00e9nico","author":"Victor Toscano T V","date":"16\/08\/2017","format":false,"excerpt":"C\u00f3mo hablar en p\u00fablico correctamente y sin miedo. Ejercicios para hablar en p\u00fablico, vencer los nervios, la ansiedad y la fobia social en la oratoria... \u00bb Mira el VIDEO Aqu\u00ed: \u00bb Suscr\u00edbete en Youtube: http:\/\/victor-toscano.com\/youtube \u00bb M\u00e1s videos de Oratoria:\u00a0https:\/\/tecnicashablarenpublico.com C\u00f3mo hablar en p\u00fablico sin ponerte nervioso. Millones de personas\u2026","rel":"","context":"En \u00abT\u00e9cnicas Para Hablar En P\u00fablico\u00bb","block_context":{"text":"T\u00e9cnicas Para Hablar En P\u00fablico","link":"https:\/\/tecnicashablarenpublico.com\/blog\/category\/tecnicas-para-hablar-en-publico\/"},"img":{"alt_text":"","src":"https:\/\/i0.wp.com\/optimizacionpaginasmedia.s3.amazonaws.com\/2023\/06\/cnNM9PX4-como-vencer-el-panico-escenico-copia-min.png?fit=500%2C281&ssl=1&resize=350%2C200","width":350,"height":200},"classes":[]},{"id":901,"url":"https:\/\/tecnicashablarenpublico.com\/blog\/como-superar-el-panico-escenico-en-3-semanas\/","url_meta":{"origin":2289,"position":3},"title":"C\u00f3mo Superar El P\u00e1nico Esc\u00e9nico En 3 Semanas","author":"Victor Toscano T V","date":"29\/01\/2013","format":false,"excerpt":"Si eres de esas personas que sufren de p\u00e1nico esc\u00e9nico, sudan, tiemblan y su voz se quiebra cuando hablan en p\u00fablico, esto te interesa... El p\u00e1nico esc\u00e9nico se puede superar en tan s\u00f3lo 3 semanas si sigues los siguientes pasos: Un d\u00eda hace varios a\u00f1os estaba yo sentado en la\u2026","rel":"","context":"En \u00abComo Hablar en Publico\u00bb","block_context":{"text":"Como Hablar en Publico","link":"https:\/\/tecnicashablarenpublico.com\/blog\/category\/como-hablar-en-publico-2\/"},"img":{"alt_text":"C\u00f3mo Superar El P\u00e1nico Esc\u00e9nico En 3 Semanas","src":"https:\/\/i0.wp.com\/tecnicashablarenpublico.com\/blog\/wp-content\/uploads\/2013\/01\/C%C3%B3mo-Superar-El-P%C3%A1nico-Esc%C3%A9nico-En-3-Semanas-300x211.jpg?resize=350%2C200&ssl=1","width":350,"height":200},"classes":[]},{"id":2177,"url":"https:\/\/tecnicashablarenpublico.com\/blog\/como-hablar-en-publico-como-un-profesional-sin-miedo-y-sin-nervios-descarga-gratis-libro-pdf\/","url_meta":{"origin":2289,"position":4},"title":"C\u00f3mo Hablar en P\u00fablico Como Un Profesional: Sin Miedo y Sin Nervios | Descarga Gratis Libro PDF","author":"Victor Toscano T V","date":"24\/06\/2015","format":false,"excerpt":"\u00bfC\u00f3mo Hablar en P\u00fablico? C\u00f3mo Hablar en P\u00fablico Sin Miedo y Sin Nervios. Descarga Gratis este Libro en PDF por V\u00edctor Toscano, y Accede al Curso de Oratoria Moderna Online... https:\/\/youtu.be\/WuxxwXEW06Q Descarga GRATIS este Libro en PDF de C\u00f3mo Hablar en P\u00fablico por V\u00edctor Toscano y Accede sin costo al\u2026","rel":"","context":"En \u00abComo Hablar en Publico\u00bb","block_context":{"text":"Como Hablar en Publico","link":"https:\/\/tecnicashablarenpublico.com\/blog\/category\/como-hablar-en-publico-2\/"},"img":{"alt_text":"Como hablar en p\u00fablico sin miedo y controlar los nervios","src":"https:\/\/i0.wp.com\/optimizacionpaginasmedia.s3.amazonaws.com\/2020\/05\/como-hablar-en-publico-sin-miedo-y-controlar-los-nervios.jpg?fit=900%2C550&ssl=1&resize=350%2C200","width":350,"height":200,"srcset":"https:\/\/i0.wp.com\/optimizacionpaginasmedia.s3.amazonaws.com\/2020\/05\/como-hablar-en-publico-sin-miedo-y-controlar-los-nervios.jpg?fit=900%2C550&ssl=1&resize=350%2C200 1x, https:\/\/i0.wp.com\/optimizacionpaginasmedia.s3.amazonaws.com\/2020\/05\/como-hablar-en-publico-sin-miedo-y-controlar-los-nervios.jpg?fit=900%2C550&ssl=1&resize=525%2C300 1.5x, https:\/\/i0.wp.com\/optimizacionpaginasmedia.s3.amazonaws.com\/2020\/05\/como-hablar-en-publico-sin-miedo-y-controlar-los-nervios.jpg?fit=900%2C550&ssl=1&resize=700%2C400 2x"},"classes":[]},{"id":570,"url":"https:\/\/tecnicashablarenpublico.com\/blog\/tengo-miedo-a-hablar-en-publico-que-hago\/","url_meta":{"origin":2289,"position":5},"title":"Tengo Miedo A Hablar En P\u00fablico, \u00bfQu\u00e9 Hago?","author":"Victor Toscano T V","date":"08\/11\/2012","format":false,"excerpt":"Esa era la misma pregunta que yo me hac\u00eda hace 4 a\u00f1os, porque mi\u00a0miedo a hablar en p\u00fablico\u00a0era\u00a0TERRIBLE. Si t\u00fa tambi\u00e9n quieres perder tu miedo, esto te interesa mucho... Durante mis estudios, tuve que enfrentar y soportar muchas veces mi miedo a\u00a0exponer en clase. La mayor\u00eda de las veces, lo\u2026","rel":"","context":"En \u00abMiedo a Hablar en P\u00fablico\u00bb","block_context":{"text":"Miedo a Hablar en P\u00fablico","link":"https:\/\/tecnicashablarenpublico.com\/blog\/category\/miedo-a-hablar-en-publico\/"},"img":{"alt_text":"Tengo Miedo a Hablar en P\u00fablico, Que Hago","src":"https:\/\/miedohablarenpublico.files.wordpress.com\/2012\/11\/tengo-miedo-a-hablar-en-pc3bablico-c2bfquc3a9-hago.jpg?w=350&h=200&crop=1","width":350,"height":200},"classes":[]}],"jetpack_sharing_enabled":true,"_links":{"self":[{"href":"https:\/\/tecnicashablarenpublico.com\/blog\/wp-json\/wp\/v2\/posts\/2289","targetHints":{"allow":["GET"]}}],"collection":[{"href":"https:\/\/tecnicashablarenpublico.com\/blog\/wp-json\/wp\/v2\/posts"}],"about":[{"href":"https:\/\/tecnicashablarenpublico.com\/blog\/wp-json\/wp\/v2\/types\/post"}],"author":[{"embeddable":true,"href":"https:\/\/tecnicashablarenpublico.com\/blog\/wp-json\/wp\/v2\/users\/1"}],"replies":[{"embeddable":true,"href":"https:\/\/tecnicashablarenpublico.com\/blog\/wp-json\/wp\/v2\/comments?post=2289"}],"version-history":[{"count":0,"href":"https:\/\/tecnicashablarenpublico.com\/blog\/wp-json\/wp\/v2\/posts\/2289\/revisions"}],"wp:featuredmedia":[{"embeddable":true,"href":"https:\/\/tecnicashablarenpublico.com\/blog\/wp-json\/wp\/v2\/media\/3141"}],"wp:attachment":[{"href":"https:\/\/tecnicashablarenpublico.com\/blog\/wp-json\/wp\/v2\/media?parent=2289"}],"wp:term":[{"taxonomy":"category","embeddable":true,"href":"https:\/\/tecnicashablarenpublico.com\/blog\/wp-json\/wp\/v2\/categories?post=2289"},{"taxonomy":"post_tag","embeddable":true,"href":"https:\/\/tecnicashablarenpublico.com\/blog\/wp-json\/wp\/v2\/tags?post=2289"}],"curies":[{"name":"wp","href":"https:\/\/api.w.org\/{rel}","templated":true}]}}