{"id":2251,"date":"2015-11-27T16:50:48","date_gmt":"2015-11-27T22:50:48","guid":{"rendered":"https:\/\/tecnicashablarenpublico.com\/blog\/?p=2251"},"modified":"2023-06-14T12:20:36","modified_gmt":"2023-06-14T18:20:36","slug":"comunicacion-asertiva-como-hablar-correctamente-y-ganar-credibilidad-en-publico-oratorias","status":"publish","type":"post","link":"https:\/\/tecnicashablarenpublico.com\/blog\/comunicacion-asertiva-como-hablar-correctamente-y-ganar-credibilidad-en-publico-oratorias\/","title":{"rendered":"Comunicaci\u00f3n Asertiva: C\u00f3mo Hablar Correctamente y Ganar Credibilidad en P\u00fablico | Oratorias"},"content":{"rendered":"<p><em><strong>Comunicaci\u00f3n Asertiva:<\/strong> C\u00f3mo hablar en p\u00fablico correctamente de manera profesional; porqu\u00e9 no deber\u00edas usar t\u00e9rminos absolutos | Consejos de oratoria y comunicaci\u00f3n efectiva&#8230;<\/em><\/p>\n<p><span style=\"text-decoration: underline;\">\u00bb Mira el VIDEO Aqu\u00ed:<\/span><br \/>\n<iframe class=\"lazyload\" data-src=\"https:\/\/www.youtube.com\/embed\/C-WXzDBAjEk?rel=0&amp;theme=light&amp;autohide=1&amp;showinfo=0&amp;html5=true&amp;controls=1&amp;autoplay=0&amp;modestbranding=1\" width=\"640\" height=\"360\" frameborder=\"0\" allowfullscreen=\"allowfullscreen\"><\/iframe><br \/>\n<a href=\"http:\/\/victor-toscano.com\/youtube\" target=\"_blank\" rel=\"noopener\" class=\"broken_link\"><img decoding=\"async\" class=\"aligncenter wp-image-123  lazyload\" src=\"data:image\/gif;base64,R0lGODlhAQABAIAAAAAAAP\/\/\/yH5BAEAAAAALAAAAAABAAEAAAIBRAA7\" data-src=\"http:\/\/victor-toscano.com\/wp-content\/uploads\/2014\/10\/images.jpg\" alt=\"suscribete boton youtube\" width=\"156\" height=\"44\"><noscript><img data-recalc-dims=\"1\" decoding=\"async\" class=\"aligncenter wp-image-123  lazyload\" src=\"https:\/\/i0.wp.com\/victor-toscano.com\/wp-content\/uploads\/2014\/10\/images.jpg?resize=156%2C44\" alt=\"suscribete boton youtube\" width=\"156\" height=\"44\"><\/noscript><\/a><\/p>\n<p><!--more--><\/p>\n<p>\u00bb Suscr\u00edbete en Youtube: <a href=\"http:\/\/victor-toscano.com\/youtube\" target=\"_blank\" rel=\"noopener\" class=\"broken_link\">http:\/\/victor-toscano.com\/youtube<\/a><br \/>\n\u00bb M\u00e1s videos de Oratoria:&nbsp;<a href=\"https:\/\/tecnicashablarenpublico.com\" target=\"_blank\" rel=\"noopener\">https:\/\/tecnicashablarenpublico.com<\/a><\/p>\n<h2 style=\"text-align: center;\">Comunicaci\u00f3n Asertiva: C\u00f3mo Hablar Correctamente en P\u00fablico y Ganar Credibilidad.<\/h2>\n<p>Debido a la gran expansi\u00f3n del conocimiento humano cada vez es m\u00e1s necesario ser espec\u00edficos con la informaci\u00f3n que transmitimos, y comunicarla de forma respetuosa y \u00e9tica.<\/p>\n<p>Cada d\u00eda se descubre y se confirma nueva informaci\u00f3n que es relevante y transformadora. Por eso es muy importante que t\u00fa seas cuidadoso en c\u00f3mo utilizas los t\u00e9rminos absolutos.<\/p>\n<p>Hoy te vamos a mostrar como un conferencista que utiliza los t\u00e9rminos absolutos de una manera incorrecta puede perder mucha credibilidad ante su p\u00fablico. Adem\u00e1s, te daremos las t\u00e9cnicas necesarias para que tu ganes renombre y credibilidad al expresarte de manera sobria, espec\u00edfica y asertiva.<\/p>\n<h2>\u2022 \u00bfQu\u00e9 son los t\u00e9rminos absolutos?<\/h2>\n<p>Las palabras:<em> Siempre, Nunca. Todos, Nadie. Todo, Nada;<\/em> son t\u00e9rminos que representan una totalidad o una ausencia completa de algo. Pero en ocasiones son utilizados incorrectamente.<\/p>\n<p>Y te decimos esto porque despu\u00e9s de ver varias presentaciones en el canal de TEDx, que son conferencias diferentes e independientes a los que puedes encontrar en el canal oficial de TED, podemos decirte que existen varios presentadores que utilizan demasiado y de manera incorrecta los t\u00e9rminos absolutos.<\/p>\n<p>Muchos lo hacen porque quieren resaltar la importancia de lo que est\u00e1n afirmando.<br \/>\nPero al tratar de enfatizar de esta manera inconsciente, terminan diciendo algo que no intentaban decir.<\/p>\n<p>Por ejemplo en una de las conferencias, un experto en problemas de transporte, dice una frase como: Todos los camiones del servicio de transporte de la ciudad llegaron tarde el d\u00eda de hoy.<\/p>\n<p><strong><em>\u00bfDe verdad quiere esta persona que yo crea que de los 5 mil camiones que transportan al p\u00fablico en esa ciudad, ni siquiera uno lleg\u00f3 a tiempo hoy?<\/em><\/strong><\/p>\n<p>No creo que \u00e9l quisiera decir eso, pero como est\u00e1 tratando de enfatizar la ineficacia del sistema de transporte, \u00e9l utiliz\u00f3 la palabra todos; sin pensar que este error, le resta mucha credibilidad para lo que va a decir durante el resto de su presentaci\u00f3n.<\/p>\n<p>Ser\u00eda m\u00e1s espec\u00edfico y veraz si hubiera dicho algo como: Todos los camiones del servicio p\u00fablico de la ruta principal que yo mismo verifique entre las 10 y las 12 del d\u00eda de hoy llegaron tarde.<\/p>\n<p><strong><em>\u00bfNotas como ser mas especifico le permite utilizar la palabra todos de manera correcta?<\/em><\/strong><\/p>\n<p>Porque utilizar estos t\u00e9rminos manera incorrecta tambi\u00e9n puede llevarte a culpar o a excluir a muchas personas.<\/p>\n<p>Por ejemplo, se est\u00e1 inculpando a mucha gente cuando alguien dice: <em>\u201cTodos los hombres son iguales.\u201d<\/em><\/p>\n<p>O se excluye a muchas mujeres brillantes cuando alguien dice: <em>\u201cNinguna mujer puede hablar de sus sentimientos sin llorar.\u201d<\/em><\/p>\n<p>Entonces veamos c\u00f3mo t\u00fa vas a evitar cometer estos errores:<\/p>\n<p><strong>T\u00c9CNICA 1. Identifica las palabras que m\u00e1s frecuentemente se utilizan como t\u00e9rminos absolutos.<\/strong><\/p>\n<p><em>Siempre, nunca. Todos, nadie. Todo, nada.<\/em><\/p>\n<p>Identificarlos te har\u00e1 m\u00e1s consciente de que debes ser cuidadoso cuando los utilices. Y adem\u00e1s, esto te ayudar\u00e1 a que si cometes un error podr\u00e1s detenerte, regresarte y corregirlo.<\/p>\n<p><strong>T\u00c9CNICA 2. Aprende y utiliza las palabras que pueden sustituir los t\u00e9rminos absolutos.<\/strong><\/p>\n<p>Es buena idea que seas lo mas especifico posible, porque tu meta es sustituir la palabra siempre, por una mas acercada a lo que en realidad quieres decir.<\/p>\n<p>Por ejemplo, si hablas de frecuencia, en vez de utilizar las palabras siempre o nunca. Puedes utilizar frecuentemente, constantemente, algunas veces, ocasionalmente o raras veces.<\/p>\n<p>Si hablas de personas o algo que se puede contar, como una opci\u00f3n para reemplazar las palabras todas o ninguna, puedes usar: muchas, varias, algunas o pocas.<\/p>\n<p>Si hablas de cantidades, para evitar utilizar todo o nada, y para que seas m\u00e1s espec\u00edfico puedes utilizar: la mayor\u00eda, una gran cantidad, una cantidad considerable, la mitad, un poco o muy poco.<\/p>\n<p><strong>T\u00c9CNICA 3. Delimita el alcance de tus palabras.<\/strong><\/p>\n<p>Mira por ejemplo estos 3 casos en que se utilizan estas palabras de manera correctamente delimitada.<\/p>\n<ul>\n<li><em>\u201cConstantemente hay mucho trafico en mi ciudad.\u201d<\/em><\/li>\n<li><em>\u201cMuy pocas personas en la empresa saben el trabajo que cuesta organizar y coordinar los diferentes departamentos para producir un producto.\u201d<\/em><\/li>\n<li><em>\u201cTodas las personas que est\u00e1n en esta sala llegaron a tiempo. Felicitaciones, porque nadie lleg\u00f3 tarde.\u201d<\/em><\/li>\n<\/ul>\n<p>A continuaci\u00f3n te presentamos un ejemplo de las tres situaciones que envuelven los t\u00e9rminos absolutos.<\/p>\n<p style=\"padding-left: 30px;\"><span style=\"text-decoration: underline;\">La manera incorrecta es:<\/span><br \/>\n<em>\u2717 \u201cTodas las entregas de nuestro proveedor siempre llegan tarde.\u201d<\/em><\/p>\n<p style=\"padding-left: 30px;\"><span style=\"text-decoration: underline;\">Una manera apropiada y veraz ser\u00eda:<\/span><br \/>\n<em>\u2713 \u201cLa mayor\u00eda de las entregas de nuestro proveedor frecuentemente llegan tarde.\u201d<\/em><\/p>\n<p style=\"padding-left: 30px;\"><span style=\"text-decoration: underline;\">Y si quieres ser a\u00fan m\u00e1s espec\u00edfico dir\u00edas algo como:<\/span><br \/>\n<em>\u2605 \u201cDe las \u00faltimas 10 entregas de nuestro proveedor, 9 llegaron con un d\u00eda de retraso.\u201d<\/em><\/p>\n<p>Recuerda que tu credibilidad como conferencista o presentador, se fundamenta en tu habilidad para manejar el lenguaje de la manera m\u00e1s espec\u00edfica, adecuada y veraz posible.<\/p>\n<p>Es por eso que las t\u00e9cnicas que te proporcionamos hoy te servir\u00e1n para evitar hablar de manera muy general y descuidada.<\/p>\n<p>Aplica estas t\u00e9cnicas para que tu efectividad y tu credibilidad mejoren de manera radical; y as\u00ed podr\u00e1s continuar cautivando, inspirando y guiando a las personas que tengan la oportunidad de escucharte hablar en p\u00fablico.<\/p>\n<p style=\"text-align: center;\"><em>\u201cToda mi vida, siempre he querido ser alguien en la vida. Ahora me doy cuenta de que deb\u00ed haber sido m\u00e1s espec\u00edfico.\u201d<\/em><br \/>\n\u2014 Jane Wagner<\/p>\n<div>\n<p><strong>V\u00edctor Toscano y V\u00edctor P\u00e9rez<\/strong><br \/>\n<a href=\"https:\/\/tecnicashablarenpublico.com\/\" target=\"_blank\" rel=\"noopener\">TecnicasHablarEnPublico.com<\/a><\/p>\n<p><em><strong>P.D: Si te parece \u00fatil esta informaci\u00f3n, comparte esta p\u00e1gina&nbsp;con tus amigos.<\/strong><\/em><\/p>\n<p><strong>No te pierdas ninguno de mis NUEVOS VIDEOS:<\/strong><\/p>\n<p>Cada semana estoy subiendo un nuevo video como este en mi canal de youtube, suscr\u00edbete haciendo click en el siguiente bot\u00f3n&nbsp;para que los recibas:<\/p>\n<p><a href=\"http:\/\/victor-toscano.com\/youtube\" target=\"_blank\" rel=\"noopener\" class=\"broken_link\"><img decoding=\"async\" class=\"wp-image-123  aligncenter lazyload\" src=\"data:image\/gif;base64,R0lGODlhAQABAIAAAAAAAP\/\/\/yH5BAEAAAAALAAAAAABAAEAAAIBRAA7\" data-src=\"http:\/\/victor-toscano.com\/wp-content\/uploads\/2014\/10\/images.jpg\" alt=\"suscribete boton youtube\" width=\"248\" height=\"70\"><noscript><img data-recalc-dims=\"1\" decoding=\"async\" class=\"wp-image-123  aligncenter lazyload\" src=\"https:\/\/i0.wp.com\/victor-toscano.com\/wp-content\/uploads\/2014\/10\/images.jpg?resize=248%2C70\" alt=\"suscribete boton youtube\" width=\"248\" height=\"70\"><\/noscript><\/a><\/p>\n<p style=\"text-align: center;\"><strong> <a title=\"Videos de crecimiento personal\" href=\"http:\/\/victor-toscano.com\/youtube\" target=\"_blank\" rel=\"noopener\" class=\"broken_link\">http:\/\/victor-toscano.com\/youtube<\/a><\/strong><\/p>\n<p>&nbsp;<\/p>\n<p>.<\/p>\n<\/div>\n","protected":false},"excerpt":{"rendered":"<p>Comunicaci\u00f3n Asertiva: C\u00f3mo hablar en p\u00fablico correctamente de manera profesional; porqu\u00e9 no deber\u00edas usar t\u00e9rminos absolutos | Consejos de oratoria y comunicaci\u00f3n efectiva&#8230; \u00bb Mira el VIDEO Aqu\u00ed:<\/p>\n","protected":false},"author":1,"featured_media":3229,"comment_status":"open","ping_status":"closed","sticky":false,"template":"","format":"standard","meta":{"jetpack_post_was_ever_published":false,"_jetpack_newsletter_access":"","_jetpack_dont_email_post_to_subs":false,"_jetpack_newsletter_tier_id":0,"_jetpack_memberships_contains_paywalled_content":false,"_jetpack_memberships_contains_paid_content":false,"footnotes":"","jetpack_publicize_message":"Comunicaci\u00f3n Asertiva: C\u00f3mo Hablar Correctamente y Ganar Credibilidad en P\u00fablico | Oratorias https:\/\/tecnicashablarenpublico.com\/blog\/HablarFveMn","jetpack_publicize_feature_enabled":true,"jetpack_social_post_already_shared":true,"jetpack_social_options":{"image_generator_settings":{"template":"highway","default_image_id":0,"font":"","enabled":false},"version":2}},"categories":[32],"tags":[6],"class_list":["post-2251","post","type-post","status-publish","format-standard","has-post-thumbnail","hentry","category-como-hablar-en-publico-2","tag-como-hablar-en-publico","post-wrapper","thrv_wrapper"],"yoast_head":"<!-- This site is optimized with the Yoast SEO plugin v27.5 - https:\/\/yoast.com\/product\/yoast-seo-wordpress\/ -->\n<title>Comunicaci\u00f3n Asertiva: C\u00f3mo Hablar Correctamente y Ganar Credibilidad en P\u00fablico | Oratorias - TecnicasHablarEnPublico.Com<\/title>\n<meta name=\"robots\" content=\"index, follow, max-snippet:-1, max-image-preview:large, max-video-preview:-1\" \/>\n<link rel=\"canonical\" href=\"https:\/\/tecnicashablarenpublico.com\/blog\/comunicacion-asertiva-como-hablar-correctamente-y-ganar-credibilidad-en-publico-oratorias\/\" \/>\n<meta property=\"og:locale\" content=\"es_ES\" \/>\n<meta property=\"og:type\" content=\"article\" \/>\n<meta property=\"og:title\" content=\"Comunicaci\u00f3n Asertiva: C\u00f3mo Hablar Correctamente y Ganar Credibilidad en P\u00fablico | Oratorias - TecnicasHablarEnPublico.Com\" \/>\n<meta property=\"og:description\" content=\"Comunicaci\u00f3n Asertiva: C\u00f3mo hablar en p\u00fablico correctamente de manera profesional; porqu\u00e9 no deber\u00edas usar t\u00e9rminos absolutos | Consejos de oratoria y comunicaci\u00f3n efectiva&#8230; \u00bb Mira el VIDEO Aqu\u00ed:\" \/>\n<meta property=\"og:url\" content=\"https:\/\/tecnicashablarenpublico.com\/blog\/comunicacion-asertiva-como-hablar-correctamente-y-ganar-credibilidad-en-publico-oratorias\/\" \/>\n<meta property=\"og:site_name\" content=\"TecnicasHablarEnPublico.Com\" \/>\n<meta property=\"article:publisher\" content=\"https:\/\/www.facebook.com\/VictorToscanoOficial\/\" \/>\n<meta property=\"article:author\" content=\"https:\/\/www.facebook.com\/victortoscanooficial\" \/>\n<meta property=\"article:published_time\" content=\"2015-11-27T22:50:48+00:00\" \/>\n<meta property=\"article:modified_time\" content=\"2023-06-14T18:20:36+00:00\" \/>\n<meta property=\"og:image\" content=\"https:\/\/optimizacionpaginasmedia.s3.amazonaws.com\/2023\/06\/l0PCPMhu-comunicacion-asertiva-en-publico-copia-min.png\" \/>\n\t<meta property=\"og:image:width\" content=\"500\" \/>\n\t<meta property=\"og:image:height\" content=\"281\" \/>\n\t<meta property=\"og:image:type\" content=\"image\/png\" \/>\n<meta name=\"author\" content=\"Victor Toscano T V\" \/>\n<meta name=\"twitter:card\" content=\"summary_large_image\" \/>\n<meta name=\"twitter:creator\" content=\"@_victortoscano\" \/>\n<meta name=\"twitter:label1\" content=\"Escrito por\" \/>\n\t<meta name=\"twitter:data1\" content=\"Victor Toscano T V\" \/>\n\t<meta name=\"twitter:label2\" content=\"Tiempo de lectura\" \/>\n\t<meta name=\"twitter:data2\" content=\"5 minutos\" \/>\n<script type=\"application\/ld+json\" class=\"yoast-schema-graph\">{\"@context\":\"https:\\\/\\\/schema.org\",\"@graph\":[{\"@type\":\"Article\",\"@id\":\"https:\\\/\\\/tecnicashablarenpublico.com\\\/blog\\\/comunicacion-asertiva-como-hablar-correctamente-y-ganar-credibilidad-en-publico-oratorias\\\/#article\",\"isPartOf\":{\"@id\":\"https:\\\/\\\/tecnicashablarenpublico.com\\\/blog\\\/comunicacion-asertiva-como-hablar-correctamente-y-ganar-credibilidad-en-publico-oratorias\\\/\"},\"author\":{\"name\":\"Victor Toscano T V\",\"@id\":\"https:\\\/\\\/tecnicashablarenpublico.com\\\/blog\\\/#\\\/schema\\\/person\\\/f6a96b9bb773de8f08f84e4d6e6cf28f\"},\"headline\":\"Comunicaci\u00f3n Asertiva: C\u00f3mo Hablar Correctamente y Ganar Credibilidad en P\u00fablico | Oratorias\",\"datePublished\":\"2015-11-27T22:50:48+00:00\",\"dateModified\":\"2023-06-14T18:20:36+00:00\",\"mainEntityOfPage\":{\"@id\":\"https:\\\/\\\/tecnicashablarenpublico.com\\\/blog\\\/comunicacion-asertiva-como-hablar-correctamente-y-ganar-credibilidad-en-publico-oratorias\\\/\"},\"wordCount\":1040,\"commentCount\":5446,\"publisher\":{\"@id\":\"https:\\\/\\\/tecnicashablarenpublico.com\\\/blog\\\/#organization\"},\"image\":{\"@id\":\"https:\\\/\\\/tecnicashablarenpublico.com\\\/blog\\\/comunicacion-asertiva-como-hablar-correctamente-y-ganar-credibilidad-en-publico-oratorias\\\/#primaryimage\"},\"thumbnailUrl\":\"https:\\\/\\\/i0.wp.com\\\/optimizacionpaginasmedia.s3.amazonaws.com\\\/2023\\\/06\\\/l0PCPMhu-comunicacion-asertiva-en-publico-copia-min.png?fit=500%2C281&ssl=1\",\"keywords\":[\"como hablar en publico\"],\"articleSection\":[\"Como Hablar en Publico\"],\"inLanguage\":\"es\"},{\"@type\":\"WebPage\",\"@id\":\"https:\\\/\\\/tecnicashablarenpublico.com\\\/blog\\\/comunicacion-asertiva-como-hablar-correctamente-y-ganar-credibilidad-en-publico-oratorias\\\/\",\"url\":\"https:\\\/\\\/tecnicashablarenpublico.com\\\/blog\\\/comunicacion-asertiva-como-hablar-correctamente-y-ganar-credibilidad-en-publico-oratorias\\\/\",\"name\":\"Comunicaci\u00f3n Asertiva: C\u00f3mo Hablar Correctamente y Ganar Credibilidad en P\u00fablico | Oratorias - TecnicasHablarEnPublico.Com\",\"isPartOf\":{\"@id\":\"https:\\\/\\\/tecnicashablarenpublico.com\\\/blog\\\/#website\"},\"primaryImageOfPage\":{\"@id\":\"https:\\\/\\\/tecnicashablarenpublico.com\\\/blog\\\/comunicacion-asertiva-como-hablar-correctamente-y-ganar-credibilidad-en-publico-oratorias\\\/#primaryimage\"},\"image\":{\"@id\":\"https:\\\/\\\/tecnicashablarenpublico.com\\\/blog\\\/comunicacion-asertiva-como-hablar-correctamente-y-ganar-credibilidad-en-publico-oratorias\\\/#primaryimage\"},\"thumbnailUrl\":\"https:\\\/\\\/i0.wp.com\\\/optimizacionpaginasmedia.s3.amazonaws.com\\\/2023\\\/06\\\/l0PCPMhu-comunicacion-asertiva-en-publico-copia-min.png?fit=500%2C281&ssl=1\",\"datePublished\":\"2015-11-27T22:50:48+00:00\",\"dateModified\":\"2023-06-14T18:20:36+00:00\",\"breadcrumb\":{\"@id\":\"https:\\\/\\\/tecnicashablarenpublico.com\\\/blog\\\/comunicacion-asertiva-como-hablar-correctamente-y-ganar-credibilidad-en-publico-oratorias\\\/#breadcrumb\"},\"inLanguage\":\"es\",\"potentialAction\":[{\"@type\":\"ReadAction\",\"target\":[\"https:\\\/\\\/tecnicashablarenpublico.com\\\/blog\\\/comunicacion-asertiva-como-hablar-correctamente-y-ganar-credibilidad-en-publico-oratorias\\\/\"]}]},{\"@type\":\"ImageObject\",\"inLanguage\":\"es\",\"@id\":\"https:\\\/\\\/tecnicashablarenpublico.com\\\/blog\\\/comunicacion-asertiva-como-hablar-correctamente-y-ganar-credibilidad-en-publico-oratorias\\\/#primaryimage\",\"url\":\"https:\\\/\\\/i0.wp.com\\\/optimizacionpaginasmedia.s3.amazonaws.com\\\/2023\\\/06\\\/l0PCPMhu-comunicacion-asertiva-en-publico-copia-min.png?fit=500%2C281&ssl=1\",\"contentUrl\":\"https:\\\/\\\/i0.wp.com\\\/optimizacionpaginasmedia.s3.amazonaws.com\\\/2023\\\/06\\\/l0PCPMhu-comunicacion-asertiva-en-publico-copia-min.png?fit=500%2C281&ssl=1\",\"width\":500,\"height\":281},{\"@type\":\"BreadcrumbList\",\"@id\":\"https:\\\/\\\/tecnicashablarenpublico.com\\\/blog\\\/comunicacion-asertiva-como-hablar-correctamente-y-ganar-credibilidad-en-publico-oratorias\\\/#breadcrumb\",\"itemListElement\":[{\"@type\":\"ListItem\",\"position\":1,\"name\":\"Portada\",\"item\":\"https:\\\/\\\/tecnicashablarenpublico.com\\\/blog\\\/\"},{\"@type\":\"ListItem\",\"position\":2,\"name\":\"Comunicaci\u00f3n Asertiva: C\u00f3mo Hablar Correctamente y Ganar Credibilidad en P\u00fablico | Oratorias\"}]},{\"@type\":\"WebSite\",\"@id\":\"https:\\\/\\\/tecnicashablarenpublico.com\\\/blog\\\/#website\",\"url\":\"https:\\\/\\\/tecnicashablarenpublico.com\\\/blog\\\/\",\"name\":\"TecnicasHablarEnPublico.Com\",\"description\":\"Blog\",\"publisher\":{\"@id\":\"https:\\\/\\\/tecnicashablarenpublico.com\\\/blog\\\/#organization\"},\"potentialAction\":[{\"@type\":\"SearchAction\",\"target\":{\"@type\":\"EntryPoint\",\"urlTemplate\":\"https:\\\/\\\/tecnicashablarenpublico.com\\\/blog\\\/?s={search_term_string}\"},\"query-input\":{\"@type\":\"PropertyValueSpecification\",\"valueRequired\":true,\"valueName\":\"search_term_string\"}}],\"inLanguage\":\"es\"},{\"@type\":\"Organization\",\"@id\":\"https:\\\/\\\/tecnicashablarenpublico.com\\\/blog\\\/#organization\",\"name\":\"TecnicasHablarEnPublico\",\"url\":\"https:\\\/\\\/tecnicashablarenpublico.com\\\/blog\\\/\",\"logo\":{\"@type\":\"ImageObject\",\"inLanguage\":\"es\",\"@id\":\"https:\\\/\\\/tecnicashablarenpublico.com\\\/blog\\\/#\\\/schema\\\/logo\\\/image\\\/\",\"url\":\"https:\\\/\\\/i0.wp.com\\\/tecnicashablarenpublico.com\\\/blog\\\/wp-content\\\/uploads\\\/2014\\\/11\\\/logo_cuadrado.png?fit=286%2C255&ssl=1\",\"contentUrl\":\"https:\\\/\\\/i0.wp.com\\\/tecnicashablarenpublico.com\\\/blog\\\/wp-content\\\/uploads\\\/2014\\\/11\\\/logo_cuadrado.png?fit=286%2C255&ssl=1\",\"width\":286,\"height\":255,\"caption\":\"TecnicasHablarEnPublico\"},\"image\":{\"@id\":\"https:\\\/\\\/tecnicashablarenpublico.com\\\/blog\\\/#\\\/schema\\\/logo\\\/image\\\/\"},\"sameAs\":[\"https:\\\/\\\/www.facebook.com\\\/VictorToscanoOficial\\\/\"]},{\"@type\":\"Person\",\"@id\":\"https:\\\/\\\/tecnicashablarenpublico.com\\\/blog\\\/#\\\/schema\\\/person\\\/f6a96b9bb773de8f08f84e4d6e6cf28f\",\"name\":\"Victor Toscano T V\",\"image\":{\"@type\":\"ImageObject\",\"inLanguage\":\"es\",\"@id\":\"https:\\\/\\\/secure.gravatar.com\\\/avatar\\\/e45c6f1f2986615bd1357fd094a24ab45a2ce7ca867817458fbebca30cd78e46?s=96&d=mm&r=g\",\"url\":\"https:\\\/\\\/secure.gravatar.com\\\/avatar\\\/e45c6f1f2986615bd1357fd094a24ab45a2ce7ca867817458fbebca30cd78e46?s=96&d=mm&r=g\",\"contentUrl\":\"https:\\\/\\\/secure.gravatar.com\\\/avatar\\\/e45c6f1f2986615bd1357fd094a24ab45a2ce7ca867817458fbebca30cd78e46?s=96&d=mm&r=g\",\"caption\":\"Victor Toscano T V\"},\"description\":\"Un apasionado en el tema de Hablar en P\u00fablico y el Crecimiento Personal, que pas\u00f3 de \\\"t\u00edmido\\\" a Conferencista Internacional en menos de dos a\u00f1os.\",\"sameAs\":[\"http:\\\/\\\/www.tecnicashablarenpublico.com\",\"https:\\\/\\\/www.facebook.com\\\/victortoscanooficial\",\"http:\\\/\\\/mx.linkedin.com\\\/in\\\/victortoscano\\\/\",\"http:\\\/\\\/www.pinterest.com\\\/victortoscano\\\/\",\"https:\\\/\\\/x.com\\\/_victortoscano\",\"http:\\\/\\\/victortoscano.com.mx\\\/youtube\"],\"url\":\"https:\\\/\\\/tecnicashablarenpublico.com\\\/blog\\\/author\\\/vict26\\\/\"}]}<\/script>\n<!-- \/ Yoast SEO plugin. -->","yoast_head_json":{"title":"Comunicaci\u00f3n Asertiva: C\u00f3mo Hablar Correctamente y Ganar Credibilidad en P\u00fablico | Oratorias - TecnicasHablarEnPublico.Com","robots":{"index":"index","follow":"follow","max-snippet":"max-snippet:-1","max-image-preview":"max-image-preview:large","max-video-preview":"max-video-preview:-1"},"canonical":"https:\/\/tecnicashablarenpublico.com\/blog\/comunicacion-asertiva-como-hablar-correctamente-y-ganar-credibilidad-en-publico-oratorias\/","og_locale":"es_ES","og_type":"article","og_title":"Comunicaci\u00f3n Asertiva: C\u00f3mo Hablar Correctamente y Ganar Credibilidad en P\u00fablico | Oratorias - TecnicasHablarEnPublico.Com","og_description":"Comunicaci\u00f3n Asertiva: C\u00f3mo hablar en p\u00fablico correctamente de manera profesional; porqu\u00e9 no deber\u00edas usar t\u00e9rminos absolutos | Consejos de oratoria y comunicaci\u00f3n efectiva&#8230; \u00bb Mira el VIDEO Aqu\u00ed:","og_url":"https:\/\/tecnicashablarenpublico.com\/blog\/comunicacion-asertiva-como-hablar-correctamente-y-ganar-credibilidad-en-publico-oratorias\/","og_site_name":"TecnicasHablarEnPublico.Com","article_publisher":"https:\/\/www.facebook.com\/VictorToscanoOficial\/","article_author":"https:\/\/www.facebook.com\/victortoscanooficial","article_published_time":"2015-11-27T22:50:48+00:00","article_modified_time":"2023-06-14T18:20:36+00:00","og_image":[{"width":500,"height":281,"url":"https:\/\/optimizacionpaginasmedia.s3.amazonaws.com\/2023\/06\/l0PCPMhu-comunicacion-asertiva-en-publico-copia-min.png","type":"image\/png"}],"author":"Victor Toscano T V","twitter_card":"summary_large_image","twitter_creator":"@_victortoscano","twitter_misc":{"Escrito por":"Victor Toscano T V","Tiempo de lectura":"5 minutos"},"schema":{"@context":"https:\/\/schema.org","@graph":[{"@type":"Article","@id":"https:\/\/tecnicashablarenpublico.com\/blog\/comunicacion-asertiva-como-hablar-correctamente-y-ganar-credibilidad-en-publico-oratorias\/#article","isPartOf":{"@id":"https:\/\/tecnicashablarenpublico.com\/blog\/comunicacion-asertiva-como-hablar-correctamente-y-ganar-credibilidad-en-publico-oratorias\/"},"author":{"name":"Victor Toscano T V","@id":"https:\/\/tecnicashablarenpublico.com\/blog\/#\/schema\/person\/f6a96b9bb773de8f08f84e4d6e6cf28f"},"headline":"Comunicaci\u00f3n Asertiva: C\u00f3mo Hablar Correctamente y Ganar Credibilidad en P\u00fablico | Oratorias","datePublished":"2015-11-27T22:50:48+00:00","dateModified":"2023-06-14T18:20:36+00:00","mainEntityOfPage":{"@id":"https:\/\/tecnicashablarenpublico.com\/blog\/comunicacion-asertiva-como-hablar-correctamente-y-ganar-credibilidad-en-publico-oratorias\/"},"wordCount":1040,"commentCount":5446,"publisher":{"@id":"https:\/\/tecnicashablarenpublico.com\/blog\/#organization"},"image":{"@id":"https:\/\/tecnicashablarenpublico.com\/blog\/comunicacion-asertiva-como-hablar-correctamente-y-ganar-credibilidad-en-publico-oratorias\/#primaryimage"},"thumbnailUrl":"https:\/\/i0.wp.com\/optimizacionpaginasmedia.s3.amazonaws.com\/2023\/06\/l0PCPMhu-comunicacion-asertiva-en-publico-copia-min.png?fit=500%2C281&ssl=1","keywords":["como hablar en publico"],"articleSection":["Como Hablar en Publico"],"inLanguage":"es"},{"@type":"WebPage","@id":"https:\/\/tecnicashablarenpublico.com\/blog\/comunicacion-asertiva-como-hablar-correctamente-y-ganar-credibilidad-en-publico-oratorias\/","url":"https:\/\/tecnicashablarenpublico.com\/blog\/comunicacion-asertiva-como-hablar-correctamente-y-ganar-credibilidad-en-publico-oratorias\/","name":"Comunicaci\u00f3n Asertiva: C\u00f3mo Hablar Correctamente y Ganar Credibilidad en P\u00fablico | Oratorias - TecnicasHablarEnPublico.Com","isPartOf":{"@id":"https:\/\/tecnicashablarenpublico.com\/blog\/#website"},"primaryImageOfPage":{"@id":"https:\/\/tecnicashablarenpublico.com\/blog\/comunicacion-asertiva-como-hablar-correctamente-y-ganar-credibilidad-en-publico-oratorias\/#primaryimage"},"image":{"@id":"https:\/\/tecnicashablarenpublico.com\/blog\/comunicacion-asertiva-como-hablar-correctamente-y-ganar-credibilidad-en-publico-oratorias\/#primaryimage"},"thumbnailUrl":"https:\/\/i0.wp.com\/optimizacionpaginasmedia.s3.amazonaws.com\/2023\/06\/l0PCPMhu-comunicacion-asertiva-en-publico-copia-min.png?fit=500%2C281&ssl=1","datePublished":"2015-11-27T22:50:48+00:00","dateModified":"2023-06-14T18:20:36+00:00","breadcrumb":{"@id":"https:\/\/tecnicashablarenpublico.com\/blog\/comunicacion-asertiva-como-hablar-correctamente-y-ganar-credibilidad-en-publico-oratorias\/#breadcrumb"},"inLanguage":"es","potentialAction":[{"@type":"ReadAction","target":["https:\/\/tecnicashablarenpublico.com\/blog\/comunicacion-asertiva-como-hablar-correctamente-y-ganar-credibilidad-en-publico-oratorias\/"]}]},{"@type":"ImageObject","inLanguage":"es","@id":"https:\/\/tecnicashablarenpublico.com\/blog\/comunicacion-asertiva-como-hablar-correctamente-y-ganar-credibilidad-en-publico-oratorias\/#primaryimage","url":"https:\/\/i0.wp.com\/optimizacionpaginasmedia.s3.amazonaws.com\/2023\/06\/l0PCPMhu-comunicacion-asertiva-en-publico-copia-min.png?fit=500%2C281&ssl=1","contentUrl":"https:\/\/i0.wp.com\/optimizacionpaginasmedia.s3.amazonaws.com\/2023\/06\/l0PCPMhu-comunicacion-asertiva-en-publico-copia-min.png?fit=500%2C281&ssl=1","width":500,"height":281},{"@type":"BreadcrumbList","@id":"https:\/\/tecnicashablarenpublico.com\/blog\/comunicacion-asertiva-como-hablar-correctamente-y-ganar-credibilidad-en-publico-oratorias\/#breadcrumb","itemListElement":[{"@type":"ListItem","position":1,"name":"Portada","item":"https:\/\/tecnicashablarenpublico.com\/blog\/"},{"@type":"ListItem","position":2,"name":"Comunicaci\u00f3n Asertiva: C\u00f3mo Hablar Correctamente y Ganar Credibilidad en P\u00fablico | Oratorias"}]},{"@type":"WebSite","@id":"https:\/\/tecnicashablarenpublico.com\/blog\/#website","url":"https:\/\/tecnicashablarenpublico.com\/blog\/","name":"TecnicasHablarEnPublico.Com","description":"Blog","publisher":{"@id":"https:\/\/tecnicashablarenpublico.com\/blog\/#organization"},"potentialAction":[{"@type":"SearchAction","target":{"@type":"EntryPoint","urlTemplate":"https:\/\/tecnicashablarenpublico.com\/blog\/?s={search_term_string}"},"query-input":{"@type":"PropertyValueSpecification","valueRequired":true,"valueName":"search_term_string"}}],"inLanguage":"es"},{"@type":"Organization","@id":"https:\/\/tecnicashablarenpublico.com\/blog\/#organization","name":"TecnicasHablarEnPublico","url":"https:\/\/tecnicashablarenpublico.com\/blog\/","logo":{"@type":"ImageObject","inLanguage":"es","@id":"https:\/\/tecnicashablarenpublico.com\/blog\/#\/schema\/logo\/image\/","url":"https:\/\/i0.wp.com\/tecnicashablarenpublico.com\/blog\/wp-content\/uploads\/2014\/11\/logo_cuadrado.png?fit=286%2C255&ssl=1","contentUrl":"https:\/\/i0.wp.com\/tecnicashablarenpublico.com\/blog\/wp-content\/uploads\/2014\/11\/logo_cuadrado.png?fit=286%2C255&ssl=1","width":286,"height":255,"caption":"TecnicasHablarEnPublico"},"image":{"@id":"https:\/\/tecnicashablarenpublico.com\/blog\/#\/schema\/logo\/image\/"},"sameAs":["https:\/\/www.facebook.com\/VictorToscanoOficial\/"]},{"@type":"Person","@id":"https:\/\/tecnicashablarenpublico.com\/blog\/#\/schema\/person\/f6a96b9bb773de8f08f84e4d6e6cf28f","name":"Victor Toscano T V","image":{"@type":"ImageObject","inLanguage":"es","@id":"https:\/\/secure.gravatar.com\/avatar\/e45c6f1f2986615bd1357fd094a24ab45a2ce7ca867817458fbebca30cd78e46?s=96&d=mm&r=g","url":"https:\/\/secure.gravatar.com\/avatar\/e45c6f1f2986615bd1357fd094a24ab45a2ce7ca867817458fbebca30cd78e46?s=96&d=mm&r=g","contentUrl":"https:\/\/secure.gravatar.com\/avatar\/e45c6f1f2986615bd1357fd094a24ab45a2ce7ca867817458fbebca30cd78e46?s=96&d=mm&r=g","caption":"Victor Toscano T V"},"description":"Un apasionado en el tema de Hablar en P\u00fablico y el Crecimiento Personal, que pas\u00f3 de \"t\u00edmido\" a Conferencista Internacional en menos de dos a\u00f1os.","sameAs":["http:\/\/www.tecnicashablarenpublico.com","https:\/\/www.facebook.com\/victortoscanooficial","http:\/\/mx.linkedin.com\/in\/victortoscano\/","http:\/\/www.pinterest.com\/victortoscano\/","https:\/\/x.com\/_victortoscano","http:\/\/victortoscano.com.mx\/youtube"],"url":"https:\/\/tecnicashablarenpublico.com\/blog\/author\/vict26\/"}]}},"jetpack_publicize_connections":[],"jetpack_featured_media_url":"https:\/\/i0.wp.com\/optimizacionpaginasmedia.s3.amazonaws.com\/2023\/06\/l0PCPMhu-comunicacion-asertiva-en-publico-copia-min.png?fit=500%2C281&ssl=1","jetpack_shortlink":"https:\/\/wp.me\/p338RC-Aj","jetpack-related-posts":[{"id":1240,"url":"https:\/\/tecnicashablarenpublico.com\/blog\/curso-como-hablar-en-publico-en-guadalajara-mexico-taller-presencial\/","url_meta":{"origin":2251,"position":0},"title":"Curso Como Hablar en P\u00fablico en Guadalajara, M\u00e9xico (TALLER PRESENCIAL) &#8211; Te Enviamos Capacitaci\u00f3n","author":"Victor Toscano T V","date":"03\/06\/2013","format":false,"excerpt":"\u00bfTe gustar\u00eda Aprender a Hablar en P\u00fablico y Conseguir un Mejor Trabajo?\u00bfNecesitas un Curso de Comunicaci\u00f3n para los Empleados de tu Empresa?\u00bfQuieres Aprender a Usar Mejor tu Voz y Proyectar Seguridad y Convicci\u00f3n? Curso-Taller: \u201cComunicaci\u00f3n Efectiva\u201d Este curso tiene como objetivo ayudar en el desarrollo de habilidades efectivas de comunicaci\u00f3n\u2026","rel":"","context":"En \u00abComo Hablar en Publico\u00bb","block_context":{"text":"Como Hablar en Publico","link":"https:\/\/tecnicashablarenpublico.com\/blog\/category\/como-hablar-en-publico-2\/"},"img":{"alt_text":"CURSO: Como Hablar en P\u00fablico en Guadalajara, M\u00e9xico (taller presencial de comunicaci\u00f3n efectiva)","src":"https:\/\/i0.wp.com\/optimizacionpaginasmedia.s3.amazonaws.com\/2020\/05\/curso-como-hablar-en-publico-en-guadalajara-mexico-taller-presencial-1.jpg?fit=900%2C550&ssl=1&resize=350%2C200","width":350,"height":200,"srcset":"https:\/\/i0.wp.com\/optimizacionpaginasmedia.s3.amazonaws.com\/2020\/05\/curso-como-hablar-en-publico-en-guadalajara-mexico-taller-presencial-1.jpg?fit=900%2C550&ssl=1&resize=350%2C200 1x, https:\/\/i0.wp.com\/optimizacionpaginasmedia.s3.amazonaws.com\/2020\/05\/curso-como-hablar-en-publico-en-guadalajara-mexico-taller-presencial-1.jpg?fit=900%2C550&ssl=1&resize=525%2C300 1.5x, https:\/\/i0.wp.com\/optimizacionpaginasmedia.s3.amazonaws.com\/2020\/05\/curso-como-hablar-en-publico-en-guadalajara-mexico-taller-presencial-1.jpg?fit=900%2C550&ssl=1&resize=700%2C400 2x"},"classes":[]},{"id":1330,"url":"https:\/\/tecnicashablarenpublico.com\/blog\/como-usar-tu-lenguaje-corporal-al-hablar-en-publico-comunicacion-no-verbal\/","url_meta":{"origin":2251,"position":1},"title":"C\u00f3mo Usar Tu Lenguaje Corporal al Hablar en P\u00fablico | Comunicaci\u00f3n NO Verbal","author":"Victor Toscano T V","date":"23\/06\/2013","format":false,"excerpt":"La comunicaci\u00f3n NO verbal como los Movimientos de Manos, gestos faciales y posturas son de vital importancia para tu presentaci\u00f3n. Imagina que quieres entregar un mensaje muy importante a las personas y dise\u00f1as un discurso cuyas palabras intentan decir algo pero tu lenguaje no verbal dice otra cosa muy diferente.\u2026","rel":"","context":"En \u00abConsejos de Oratoria\u00bb","block_context":{"text":"Consejos de Oratoria","link":"https:\/\/tecnicashablarenpublico.com\/blog\/category\/consejos-de-oratoria\/"},"img":{"alt_text":"C\u00f3mo Usar las Manos al Hablar en P\u00fablico (Lenguaje Corporal)","src":"https:\/\/miedohablarenpublico.files.wordpress.com\/2013\/06\/como-usar-las-manos-al-hablar-en-publico-lenguaje-corporal.jpg?w=350&h=200&crop=1","width":350,"height":200},"classes":[]},{"id":2248,"url":"https:\/\/tecnicashablarenpublico.com\/blog\/como-usar-un-microfono-y-hablar-correctamente-tecnicas-para-hablar-en-publico-oratoria\/","url_meta":{"origin":2251,"position":2},"title":"C\u00f3mo Usar un Micr\u00f3fono y Hablar Correctamente: T\u00e9cnicas para Hablar en P\u00fablico | Oratoria","author":"Victor Toscano T V","date":"18\/11\/2015","format":false,"excerpt":"C\u00f3mo Hablar en P\u00fablico: 5 T\u00e9cnicas para usar un micr\u00f3fono, hablar correctamente, y vencer el p\u00e1nico esc\u00e9nico al realizar un discurso de oratoria... \u00bb Mira el VIDEO Aqu\u00ed: \u00bb Suscr\u00edbete en Youtube: http:\/\/victor-toscano.com\/youtube \u00bb M\u00e1s videos de Oratoria:\u00a0https:\/\/tecnicashablarenpublico.com C\u00f3mo Usar un Micr\u00f3fono y Hablar Correctamente en P\u00fablico En este video\u2026","rel":"","context":"En \u00abT\u00e9cnicas Para Hablar En P\u00fablico\u00bb","block_context":{"text":"T\u00e9cnicas Para Hablar En P\u00fablico","link":"https:\/\/tecnicashablarenpublico.com\/blog\/category\/tecnicas-para-hablar-en-publico\/"},"img":{"alt_text":"","src":"https:\/\/i0.wp.com\/optimizacionpaginasmedia.s3.amazonaws.com\/2023\/06\/vbOmwMJ7-como-usar-un-microfono-copia-min.png?fit=500%2C281&ssl=1&resize=350%2C200","width":350,"height":200},"classes":[]},{"id":2204,"url":"https:\/\/tecnicashablarenpublico.com\/blog\/curso-como-hablar-en-publico-en-guadalajara-mexico-taller-presencial-de-comunicacion-efectiva\/","url_meta":{"origin":2251,"position":3},"title":"CURSO: Como Hablar en P\u00fablico en Guadalajara, M\u00e9xico (taller presencial de comunicaci\u00f3n efectiva)","author":"Victor Toscano T V","date":"23\/07\/2015","format":false,"excerpt":"Curso-Taller presencial para Hablar en P\u00fablico en Guadalajara, M\u00e9xico: \"Comunicaci\u00f3n Efectiva\". Recomendado por V\u00edctor Toscano, e impartido por Germ\u00e1n Barrag\u00e1n Herman Worm... https:\/\/youtu.be\/OMQv1QuvO0Y Llama al tel\u00e9fono: (33) 38 60 05 20Menciona esta p\u00e1gina y recibe el 10% de DESCUENTO\u2026 \u2022\u2022 Curso-Taller de Comunicaci\u00f3n Efectiva en Guadalajara, M\u00e9xico\u00a0\u2022\u2022 Se entrega diploma\u2026","rel":"","context":"En \u00abCurso de Oratoria en Guadalajara\u00bb","block_context":{"text":"Curso de Oratoria en Guadalajara","link":"https:\/\/tecnicashablarenpublico.com\/blog\/category\/curso-de-oratoria-en-guadalajara\/"},"img":{"alt_text":"CURSO: Como Hablar en P\u00fablico en Guadalajara, M\u00e9xico (taller presencial de comunicaci\u00f3n efectiva)","src":"https:\/\/i0.wp.com\/optimizacionpaginasmedia.s3.amazonaws.com\/2020\/05\/curso-como-hablar-en-publico-en-guadalajara-mexico-taller-presencial-1.jpg?fit=900%2C550&ssl=1&resize=350%2C200","width":350,"height":200,"srcset":"https:\/\/i0.wp.com\/optimizacionpaginasmedia.s3.amazonaws.com\/2020\/05\/curso-como-hablar-en-publico-en-guadalajara-mexico-taller-presencial-1.jpg?fit=900%2C550&ssl=1&resize=350%2C200 1x, https:\/\/i0.wp.com\/optimizacionpaginasmedia.s3.amazonaws.com\/2020\/05\/curso-como-hablar-en-publico-en-guadalajara-mexico-taller-presencial-1.jpg?fit=900%2C550&ssl=1&resize=525%2C300 1.5x, https:\/\/i0.wp.com\/optimizacionpaginasmedia.s3.amazonaws.com\/2020\/05\/curso-como-hablar-en-publico-en-guadalajara-mexico-taller-presencial-1.jpg?fit=900%2C550&ssl=1&resize=700%2C400 2x"},"classes":[]},{"id":864,"url":"https:\/\/tecnicashablarenpublico.com\/blog\/como-aumentar-y-modular-la-voz-para-hablar-mas-fuerte\/","url_meta":{"origin":2251,"position":4},"title":"C\u00f3mo Aumentar Y Modular La Voz Para Hablar M\u00e1s Fuerte","author":"Victor Toscano T V","date":"21\/01\/2013","format":false,"excerpt":"Como Modular Y Dar FUERZA A Tu Voz Esto que te voy a ense\u00f1ar aqu\u00ed, te permitir\u00e1\u00a0hablar en p\u00fablico\u00a0con\u00a0una voz m\u00e1s fuerte, potente y modulada. La\u00a0voz d\u00e9bil\u00a0que nadie escucha, la que es\u00a0mon\u00f3tona, la que\u00a0NO est\u00e1 bien modulada\u00a0y la que\u00a0NO\u00a0transmite\u00a0convicci\u00f3n, es el principal problema de quienes desean hablar bien en p\u00fablico...\u2026","rel":"","context":"En \u00abAprender a Hablar en Publico\u00bb","block_context":{"text":"Aprender a Hablar en Publico","link":"https:\/\/tecnicashablarenpublico.com\/blog\/category\/aprender-a-hablar-en-publico\/"},"img":{"alt_text":"C\u00f3mo Aumentar Y Modular La Voz Para Hablar M\u00e1s Fuerte","src":"https:\/\/i0.wp.com\/optimizacionpaginasmedia.s3.amazonaws.com\/2020\/05\/como-aumentar-y-modular-la-voz-para-hablar-mas-fuerte.jpg?fit=900%2C550&ssl=1&resize=350%2C200","width":350,"height":200,"srcset":"https:\/\/i0.wp.com\/optimizacionpaginasmedia.s3.amazonaws.com\/2020\/05\/como-aumentar-y-modular-la-voz-para-hablar-mas-fuerte.jpg?fit=900%2C550&ssl=1&resize=350%2C200 1x, https:\/\/i0.wp.com\/optimizacionpaginasmedia.s3.amazonaws.com\/2020\/05\/como-aumentar-y-modular-la-voz-para-hablar-mas-fuerte.jpg?fit=900%2C550&ssl=1&resize=525%2C300 1.5x, https:\/\/i0.wp.com\/optimizacionpaginasmedia.s3.amazonaws.com\/2020\/05\/como-aumentar-y-modular-la-voz-para-hablar-mas-fuerte.jpg?fit=900%2C550&ssl=1&resize=700%2C400 2x"},"classes":[]},{"id":2297,"url":"https:\/\/tecnicashablarenpublico.com\/blog\/como-hacer-una-buena-exposicion-oratoria-hablar-correctamente\/","url_meta":{"origin":2251,"position":5},"title":"C\u00f3mo Hacer Una Buena Exposici\u00f3n Oral y Hablar Correctamente | Oratoria: Presentaci\u00f3n en P\u00fablico","author":"Victor Toscano T V","date":"20\/05\/2016","format":false,"excerpt":"Curso de Oratoria: C\u00f3mo hacer una exposici\u00f3n oral, c\u00f3mo hacer una presentaci\u00f3n y hablar en p\u00fablico correctamente al exponer un tema profesional | T\u00e9cnicas de Oratoria... \u00bb Mira el VIDEO Aqu\u00ed: \u00bb Suscr\u00edbete en Youtube: http:\/\/victor-toscano.com\/youtube \u00bb M\u00e1s videos de Oratoria:\u00a0https:\/\/tecnicashablarenpublico.com C\u00f3mo hacer una exposici\u00f3n profesional, a\u00fan si eres novato.\u2026","rel":"","context":"En \u00abT\u00e9cnicas Para Hablar En P\u00fablico\u00bb","block_context":{"text":"T\u00e9cnicas Para Hablar En P\u00fablico","link":"https:\/\/tecnicashablarenpublico.com\/blog\/category\/tecnicas-para-hablar-en-publico\/"},"img":{"alt_text":"","src":"https:\/\/i0.wp.com\/optimizacionpaginasmedia.s3.amazonaws.com\/2023\/06\/uIl2gLsL-4-copia-min.png?fit=500%2C281&ssl=1&resize=350%2C200","width":350,"height":200},"classes":[]}],"jetpack_sharing_enabled":true,"_links":{"self":[{"href":"https:\/\/tecnicashablarenpublico.com\/blog\/wp-json\/wp\/v2\/posts\/2251","targetHints":{"allow":["GET"]}}],"collection":[{"href":"https:\/\/tecnicashablarenpublico.com\/blog\/wp-json\/wp\/v2\/posts"}],"about":[{"href":"https:\/\/tecnicashablarenpublico.com\/blog\/wp-json\/wp\/v2\/types\/post"}],"author":[{"embeddable":true,"href":"https:\/\/tecnicashablarenpublico.com\/blog\/wp-json\/wp\/v2\/users\/1"}],"replies":[{"embeddable":true,"href":"https:\/\/tecnicashablarenpublico.com\/blog\/wp-json\/wp\/v2\/comments?post=2251"}],"version-history":[{"count":0,"href":"https:\/\/tecnicashablarenpublico.com\/blog\/wp-json\/wp\/v2\/posts\/2251\/revisions"}],"wp:featuredmedia":[{"embeddable":true,"href":"https:\/\/tecnicashablarenpublico.com\/blog\/wp-json\/wp\/v2\/media\/3229"}],"wp:attachment":[{"href":"https:\/\/tecnicashablarenpublico.com\/blog\/wp-json\/wp\/v2\/media?parent=2251"}],"wp:term":[{"taxonomy":"category","embeddable":true,"href":"https:\/\/tecnicashablarenpublico.com\/blog\/wp-json\/wp\/v2\/categories?post=2251"},{"taxonomy":"post_tag","embeddable":true,"href":"https:\/\/tecnicashablarenpublico.com\/blog\/wp-json\/wp\/v2\/tags?post=2251"}],"curies":[{"name":"wp","href":"https:\/\/api.w.org\/{rel}","templated":true}]}}