{"id":1981,"date":"2014-05-28T07:57:43","date_gmt":"2014-05-28T13:57:43","guid":{"rendered":"https:\/\/tecnicashablarenpublico.com\/blog\/?p=1981"},"modified":"2020-05-20T09:57:36","modified_gmt":"2020-05-20T15:57:36","slug":"no-vendas-tus-palabras-transmite-tu-experiencia","status":"publish","type":"post","link":"https:\/\/tecnicashablarenpublico.com\/blog\/no-vendas-tus-palabras-transmite-tu-experiencia\/","title":{"rendered":"NO Vendas Tus Palabras, Transmite Tu EXPERIENCIA"},"content":{"rendered":"\n<div class=\"wp-block-image\"><figure class=\"alignleft\"><img decoding=\"async\" data-attachment-id=\"1991\" data-permalink=\"https:\/\/tecnicashablarenpublico.com\/blog\/no-vendas-tus-palabras-transmite-tu-experiencia\/no-vendas-tus-palabras-transmite-tu-experiencia\/\" data-orig-file=\"https:\/\/i0.wp.com\/tecnicashablarenpublico.com\/blog\/wp-content\/uploads\/2014\/05\/NO-Vendas-Tus-Palabras-Transmite-Tu-EXPERIENCIA.png?fit=282%2C372&amp;ssl=1\" data-orig-size=\"282,372\" data-comments-opened=\"0\" data-image-meta=\"{&quot;aperture&quot;:&quot;0&quot;,&quot;credit&quot;:&quot;&quot;,&quot;camera&quot;:&quot;&quot;,&quot;caption&quot;:&quot;&quot;,&quot;created_timestamp&quot;:&quot;0&quot;,&quot;copyright&quot;:&quot;&quot;,&quot;focal_length&quot;:&quot;0&quot;,&quot;iso&quot;:&quot;0&quot;,&quot;shutter_speed&quot;:&quot;0&quot;,&quot;title&quot;:&quot;&quot;}\" data-image-title=\"NO Vendas Tus Palabras, Transmite Tu EXPERIENCIA\" data-image-description=\"&lt;p&gt;NO Vendas Tus Palabras, Transmite Tu EXPERIENCIA&lt;\/p&gt;\n\" data-image-caption=\"\" data-large-file=\"https:\/\/i0.wp.com\/tecnicashablarenpublico.com\/blog\/wp-content\/uploads\/2014\/05\/NO-Vendas-Tus-Palabras-Transmite-Tu-EXPERIENCIA.png?fit=282%2C372&amp;ssl=1\" src=\"data:image\/gif;base64,R0lGODlhAQABAIAAAAAAAP\/\/\/yH5BAEAAAAALAAAAAABAAEAAAIBRAA7\" data-src=\"https:\/\/tecnicashablarenpublico.com\/blog\/wp-content\/uploads\/2014\/05\/NO-Vendas-Tus-Palabras-Transmite-Tu-EXPERIENCIA.png\" alt=\"NO Vendas Tus Palabras, Transmite Tu EXPERIENCIA\" class=\"wp-image-1991 lazyload\"\/><noscript><img data-recalc-dims=\"1\" decoding=\"async\" width=\"282\" height=\"372\" data-attachment-id=\"1991\" data-permalink=\"https:\/\/tecnicashablarenpublico.com\/blog\/no-vendas-tus-palabras-transmite-tu-experiencia\/no-vendas-tus-palabras-transmite-tu-experiencia\/\" data-orig-file=\"https:\/\/i0.wp.com\/tecnicashablarenpublico.com\/blog\/wp-content\/uploads\/2014\/05\/NO-Vendas-Tus-Palabras-Transmite-Tu-EXPERIENCIA.png?fit=282%2C372&amp;ssl=1\" data-orig-size=\"282,372\" data-comments-opened=\"0\" data-image-meta=\"{&quot;aperture&quot;:&quot;0&quot;,&quot;credit&quot;:&quot;&quot;,&quot;camera&quot;:&quot;&quot;,&quot;caption&quot;:&quot;&quot;,&quot;created_timestamp&quot;:&quot;0&quot;,&quot;copyright&quot;:&quot;&quot;,&quot;focal_length&quot;:&quot;0&quot;,&quot;iso&quot;:&quot;0&quot;,&quot;shutter_speed&quot;:&quot;0&quot;,&quot;title&quot;:&quot;&quot;}\" data-image-title=\"NO Vendas Tus Palabras, Transmite Tu EXPERIENCIA\" data-image-description=\"&lt;p&gt;NO Vendas Tus Palabras, Transmite Tu EXPERIENCIA&lt;\/p&gt;\n\" data-image-caption=\"\" data-large-file=\"https:\/\/i0.wp.com\/tecnicashablarenpublico.com\/blog\/wp-content\/uploads\/2014\/05\/NO-Vendas-Tus-Palabras-Transmite-Tu-EXPERIENCIA.png?fit=282%2C372&amp;ssl=1\" src=\"https:\/\/i0.wp.com\/tecnicashablarenpublico.com\/blog\/wp-content\/uploads\/2014\/05\/NO-Vendas-Tus-Palabras-Transmite-Tu-EXPERIENCIA.png?fit=282%2C372&ssl=1\" alt=\"NO Vendas Tus Palabras, Transmite Tu EXPERIENCIA\" class=\"wp-image-1991 lazyload\" srcset=\"https:\/\/i0.wp.com\/tecnicashablarenpublico.com\/blog\/wp-content\/uploads\/2014\/05\/NO-Vendas-Tus-Palabras-Transmite-Tu-EXPERIENCIA.png?fit=227%2C300&amp;ssl=1 227w, https:\/\/i0.wp.com\/tecnicashablarenpublico.com\/blog\/wp-content\/uploads\/2014\/05\/NO-Vendas-Tus-Palabras-Transmite-Tu-EXPERIENCIA.png?fit=282%2C372&amp;ssl=1 282w\" sizes=\"(max-width: 282px) 100vw, 282px\" \/><\/noscript><\/figure><\/div>\n\n\n\n<p><strong><em>\u00bfPor qu\u00e9 es tan importante saber comunicarte en la era de la informaci\u00f3n?<\/em><\/strong><\/p>\n\n\n\n<p>La respuesta parece casi obvia. Si estamos en la era de la informaci\u00f3n, tenemos que aprender a transmitir informaci\u00f3n con nuestras palabras ante muchas personas&#8230;<\/p>\n\n\n\n<p><strong>Malas noticias&#8230; \u00a1Eso es un error!<\/strong><\/p>\n\n\n\n<p>En realidad sucede todo lo contrario, ahora con tanta informaci\u00f3n que se puede obtener por Internet&#8230; \u00bfPor qu\u00e9 las personas querr\u00edan escuchar tu tema?<\/p>\n\n\n\n<p>Ah\u00ed es donde muchos cometen el error de <span style=\"text-decoration: underline;\">vender su informaci\u00f3n<\/span>, y por eso a veces vemos muchos \u00abexpertos\u00bb que guardan con mucho recelo sus m\u00e1s importantes <strong><em>\u00absecretos\u00bb<\/em><\/strong>&#8230;<\/p>\n\n\n\n<p>Si ahora ya todo lo encuentras en Internet, \u00bfT\u00fa crees que haya secretos?<\/p>\n\n\n\n<h3 class=\"wp-block-heading\"><strong>No vendas tus \u00absecretos\u00bb, vende tu experiencia&#8230;<\/strong><\/h3>\n\n\n\n<p>Cuando alguno de tus amigos comparte una vivencia personal sobre algo que le pas\u00f3 el fin de semana, podr\u00e1s notar como de repente todos&nbsp;le prestan su total atenci\u00f3n, a\u00fan cuando no haya ning\u00fan mensaje de valor.<\/p>\n\n\n\n<p>Ahora imagina si t\u00fa haces lo mismo, pero compartiendo una experiencia que al escucharla, les transmita un mensaje valioso a todos.<\/p>\n\n\n\n<p class=\"has-text-align-center\"><em>Recuerda que las personas eligen a sus l\u00edderes y mentores para aprender de su experiencia, no de su informaci\u00f3n.<\/em><\/p>\n\n\n\n<h3 class=\"wp-block-heading\"><strong>\u00bfC\u00f3mo transmitir tu experiencia frente a un grupo?<\/strong><\/h3>\n\n\n\n<p>Otra de las ventajas de hablar de tu experiencia es que inspiras a las personas con tu ejemplo vivo. Y por supuesto, como las historias venden, los vas a tener todo el tiempo al borde de su asiento prestando atenci\u00f3n, como si estuvieras contando un cuento a un ni\u00f1o.<\/p>\n\n\n\n<p>A continuaci\u00f3n voy a compartir contigo 3 pasos que te ayudar\u00e1n a compartir tu experiencia.<\/p>\n\n\n\n<h3 class=\"wp-block-heading\"><strong>PASO&nbsp;1. Cuenta tu Historia Personal.<\/strong><\/h3>\n\n\n\n<p>Como ya te lo dije, una historia los atrapa. H\u00e1blales de c\u00f3mo te encontrabas antes de hacer ese cambio que quieres provocar en ellos. As\u00ed les vas a probar que es posible y los vas a inspirar a transformar su vida.<\/p>\n\n\n\n<h3 class=\"wp-block-heading\"><strong>PASO 2. Rescata el Mensaje y Agrega Pasi\u00f3n.<\/strong><\/h3>\n\n\n\n<p>Antes de revelar&nbsp;el desenlace de la historia, entrega de una manera concisa y directa el mensaje central de tu presentaci\u00f3n, y hazlo con una gran pasi\u00f3n y motivaci\u00f3n.<\/p>\n\n\n\n<h3 class=\"wp-block-heading\"><strong>PASO 3. Habla de Coraz\u00f3n a Coraz\u00f3n.<\/strong><\/h3>\n\n\n\n<p>Siempre s\u00e9 tu mismo y s\u00e9 aut\u00e9ntico, de manera que la experiencia y la historia que les transmites tiene que ser algo real, algo que viviste en carne propia. As\u00ed podr\u00e1s conectar con las personas de coraz\u00f3n a coraz\u00f3n para que absorban tu mensaje.<\/p>\n\n\n\n<blockquote class=\"wp-block-quote is-layout-flow wp-block-quote-is-layout-flow\"><p>NOTA: Estos 3 pasos no son t\u00e9cnicas que encuentras por ah\u00ed en cualquier lado. M\u00e1s bien son basados en mi propia experiencia, porque he visto c\u00f3mo me han ayudado a&nbsp;inspirar a muchas personas.<\/p><\/blockquote>\n\n\n\n<h3 class=\"wp-block-heading\"><strong>\u00bfTe parecen demasiado simples estos 3 pasos?<\/strong><\/h3>\n\n\n\n<p>Es incre\u00edble el poder de lo sencillo, porque ser\u00e1 f\u00e1cil para ti llevarlos a la pr\u00e1ctica y obtener un resultado impresionante en tu siguiente presentaci\u00f3n en p\u00fablico.<\/p>\n\n\n\n<p>La pr\u00f3xima vez que vayas a dar una pl\u00e1tica, una exposici\u00f3n o una conferencia, habla con el coraz\u00f3n y transmite tu experiencia personal. As\u00ed las personas quedar\u00e1n maravilladas y muy agradecidas contigo.<\/p>\n\n\n\n<p><strong>V\u00edctor Toscano<\/strong><br><a href=\"http:\/\/TecnicasHablarEnPublico.com\">TecnicasHablarEnPublico.com<\/a><\/p>\n\n\n\n<p><em><strong>P.D: Si te parece \u00fatil esta informaci\u00f3n, comparte&#8230;<\/strong><\/em><\/p>\n\n\n\n<p><strong><em>P.D.2: \u00bfQuieres saber c\u00f3mo yo aprend\u00ed a Hablar en P\u00fablico? Haz clic a continuaci\u00f3n:<\/em><\/strong><\/p>\n\n\n\n<div class=\"wp-block-image center-container\"><figure class=\"aligncenter\"><a href=\"https:\/\/tecnicashablarenpublico.com\/\" target=\"_blank\" rel=\"noopener noreferrer\"><img decoding=\"async\" data-attachment-id=\"1825\" data-permalink=\"https:\/\/tecnicashablarenpublico.com\/blog\/como-caer-bien-a-las-personas-3-pasos-para-tener-empatia\/como-aprender-a-hablar-en-publico-y-convencer\/\" data-orig-file=\"https:\/\/i0.wp.com\/tecnicashablarenpublico.com\/blog\/wp-content\/uploads\/2014\/01\/como-aprender-a-hablar-en-publico-y-convencer.png?fit=380%2C300&amp;ssl=1\" data-orig-size=\"380,300\" data-comments-opened=\"0\" data-image-meta=\"{&quot;aperture&quot;:&quot;0&quot;,&quot;credit&quot;:&quot;&quot;,&quot;camera&quot;:&quot;&quot;,&quot;caption&quot;:&quot;&quot;,&quot;created_timestamp&quot;:&quot;0&quot;,&quot;copyright&quot;:&quot;&quot;,&quot;focal_length&quot;:&quot;0&quot;,&quot;iso&quot;:&quot;0&quot;,&quot;shutter_speed&quot;:&quot;0&quot;,&quot;title&quot;:&quot;&quot;}\" data-image-title=\"Como aprender a hablar en publico y convencer\" data-image-description=\"&lt;p&gt;Como aprender a hablar en publico y convencer&lt;\/p&gt;\n\" data-image-caption=\"\" data-large-file=\"https:\/\/i0.wp.com\/tecnicashablarenpublico.com\/blog\/wp-content\/uploads\/2014\/01\/como-aprender-a-hablar-en-publico-y-convencer.png?fit=380%2C300&amp;ssl=1\" src=\"data:image\/gif;base64,R0lGODlhAQABAIAAAAAAAP\/\/\/yH5BAEAAAAALAAAAAABAAEAAAIBRAA7\" data-src=\"https:\/\/tecnicashablarenpublico.com\/blog\/wp-content\/uploads\/2014\/01\/como-aprender-a-hablar-en-publico-y-convencer.png\" alt=\"Como aprender a hablar en publico y convencer\" class=\"wp-image-1825 lazyload\" title=\"Como aprender a hablar en publico y convencer\"\/><noscript><img data-recalc-dims=\"1\" decoding=\"async\" width=\"380\" height=\"300\" data-attachment-id=\"1825\" data-permalink=\"https:\/\/tecnicashablarenpublico.com\/blog\/como-caer-bien-a-las-personas-3-pasos-para-tener-empatia\/como-aprender-a-hablar-en-publico-y-convencer\/\" data-orig-file=\"https:\/\/i0.wp.com\/tecnicashablarenpublico.com\/blog\/wp-content\/uploads\/2014\/01\/como-aprender-a-hablar-en-publico-y-convencer.png?fit=380%2C300&amp;ssl=1\" data-orig-size=\"380,300\" data-comments-opened=\"0\" data-image-meta=\"{&quot;aperture&quot;:&quot;0&quot;,&quot;credit&quot;:&quot;&quot;,&quot;camera&quot;:&quot;&quot;,&quot;caption&quot;:&quot;&quot;,&quot;created_timestamp&quot;:&quot;0&quot;,&quot;copyright&quot;:&quot;&quot;,&quot;focal_length&quot;:&quot;0&quot;,&quot;iso&quot;:&quot;0&quot;,&quot;shutter_speed&quot;:&quot;0&quot;,&quot;title&quot;:&quot;&quot;}\" data-image-title=\"Como aprender a hablar en publico y convencer\" data-image-description=\"&lt;p&gt;Como aprender a hablar en publico y convencer&lt;\/p&gt;\n\" data-image-caption=\"\" data-large-file=\"https:\/\/i0.wp.com\/tecnicashablarenpublico.com\/blog\/wp-content\/uploads\/2014\/01\/como-aprender-a-hablar-en-publico-y-convencer.png?fit=380%2C300&amp;ssl=1\" src=\"https:\/\/i0.wp.com\/tecnicashablarenpublico.com\/blog\/wp-content\/uploads\/2014\/01\/como-aprender-a-hablar-en-publico-y-convencer.png?fit=380%2C300&ssl=1\" alt=\"Como aprender a hablar en publico y convencer\" class=\"wp-image-1825 lazyload\" title=\"Como aprender a hablar en publico y convencer\" srcset=\"https:\/\/i0.wp.com\/tecnicashablarenpublico.com\/blog\/wp-content\/uploads\/2014\/01\/como-aprender-a-hablar-en-publico-y-convencer.png?fit=300%2C236&amp;ssl=1 300w, https:\/\/i0.wp.com\/tecnicashablarenpublico.com\/blog\/wp-content\/uploads\/2014\/01\/como-aprender-a-hablar-en-publico-y-convencer.png?fit=380%2C300&amp;ssl=1 380w\" sizes=\"(max-width: 380px) 100vw, 380px\" \/><\/noscript><\/a><\/figure><\/div>\n","protected":false},"excerpt":{"rendered":"<p>\u00bfPor qu\u00e9 es tan importante saber comunicarte en la era de la informaci\u00f3n? La respuesta parece casi obvia. Si estamos en la era de la informaci\u00f3n, tenemos que aprender a transmitir informaci\u00f3n con nuestras palabras ante muchas personas&#8230; Malas noticias&#8230; \u00a1Eso es un error! En realidad sucede todo lo contrario, ahora con tanta informaci\u00f3n que [&hellip;]<\/p>\n","protected":false},"author":1,"featured_media":2886,"comment_status":"open","ping_status":"closed","sticky":false,"template":"","format":"standard","meta":{"jetpack_post_was_ever_published":false,"_jetpack_newsletter_access":"","_jetpack_dont_email_post_to_subs":false,"_jetpack_newsletter_tier_id":0,"_jetpack_memberships_contains_paywalled_content":false,"_jetpack_memberships_contains_paid_content":false,"footnotes":"","jetpack_publicize_message":"","jetpack_publicize_feature_enabled":true,"jetpack_social_post_already_shared":true,"jetpack_social_options":{"image_generator_settings":{"template":"highway","default_image_id":0,"font":"","enabled":false},"version":2}},"categories":[32,34],"tags":[6,38],"class_list":["post-1981","post","type-post","status-publish","format-standard","has-post-thumbnail","hentry","category-como-hablar-en-publico-2","category-consejos-de-oratoria","tag-como-hablar-en-publico","tag-consejos-de-oratoria-2","post-wrapper","thrv_wrapper"],"yoast_head":"<!-- This site is optimized with the Yoast SEO plugin v27.5 - https:\/\/yoast.com\/product\/yoast-seo-wordpress\/ -->\n<title>NO Vendas Tus Palabras, Transmite Tu EXPERIENCIA - TecnicasHablarEnPublico.Com<\/title>\n<meta name=\"robots\" content=\"index, follow, max-snippet:-1, max-image-preview:large, max-video-preview:-1\" \/>\n<link rel=\"canonical\" href=\"https:\/\/tecnicashablarenpublico.com\/blog\/no-vendas-tus-palabras-transmite-tu-experiencia\/\" \/>\n<meta property=\"og:locale\" content=\"es_ES\" \/>\n<meta property=\"og:type\" content=\"article\" \/>\n<meta property=\"og:title\" content=\"NO Vendas Tus Palabras, Transmite Tu EXPERIENCIA - TecnicasHablarEnPublico.Com\" \/>\n<meta property=\"og:description\" content=\"\u00bfPor qu\u00e9 es tan importante saber comunicarte en la era de la informaci\u00f3n? La respuesta parece casi obvia. Si estamos en la era de la informaci\u00f3n, tenemos que aprender a transmitir informaci\u00f3n con nuestras palabras ante muchas personas&#8230; Malas noticias&#8230; \u00a1Eso es un error! En realidad sucede todo lo contrario, ahora con tanta informaci\u00f3n que [&hellip;]\" \/>\n<meta property=\"og:url\" content=\"https:\/\/tecnicashablarenpublico.com\/blog\/no-vendas-tus-palabras-transmite-tu-experiencia\/\" \/>\n<meta property=\"og:site_name\" content=\"TecnicasHablarEnPublico.Com\" \/>\n<meta property=\"article:publisher\" content=\"https:\/\/www.facebook.com\/VictorToscanoOficial\/\" \/>\n<meta property=\"article:author\" content=\"https:\/\/www.facebook.com\/victortoscanooficial\" \/>\n<meta property=\"article:published_time\" content=\"2014-05-28T13:57:43+00:00\" \/>\n<meta property=\"article:modified_time\" content=\"2020-05-20T15:57:36+00:00\" \/>\n<meta property=\"og:image\" content=\"https:\/\/i1.wp.com\/optimizacionpaginasmedia.s3.amazonaws.com\/2020\/05\/como-hablar-de-ti-mismo-en-publico.jpg?fit=900%2C477&ssl=1\" \/>\n\t<meta property=\"og:image:width\" content=\"900\" \/>\n\t<meta property=\"og:image:height\" content=\"477\" \/>\n\t<meta property=\"og:image:type\" content=\"image\/jpeg\" \/>\n<meta name=\"author\" content=\"Victor Toscano T V\" \/>\n<meta name=\"twitter:card\" content=\"summary_large_image\" \/>\n<meta name=\"twitter:creator\" content=\"@_victortoscano\" \/>\n<meta name=\"twitter:label1\" content=\"Escrito por\" \/>\n\t<meta name=\"twitter:data1\" content=\"Victor Toscano T V\" \/>\n\t<meta name=\"twitter:label2\" content=\"Tiempo de lectura\" \/>\n\t<meta name=\"twitter:data2\" content=\"3 minutos\" \/>\n<script type=\"application\/ld+json\" class=\"yoast-schema-graph\">{\"@context\":\"https:\\\/\\\/schema.org\",\"@graph\":[{\"@type\":\"Article\",\"@id\":\"https:\\\/\\\/tecnicashablarenpublico.com\\\/blog\\\/no-vendas-tus-palabras-transmite-tu-experiencia\\\/#article\",\"isPartOf\":{\"@id\":\"https:\\\/\\\/tecnicashablarenpublico.com\\\/blog\\\/no-vendas-tus-palabras-transmite-tu-experiencia\\\/\"},\"author\":{\"name\":\"Victor Toscano T V\",\"@id\":\"https:\\\/\\\/tecnicashablarenpublico.com\\\/blog\\\/#\\\/schema\\\/person\\\/f6a96b9bb773de8f08f84e4d6e6cf28f\"},\"headline\":\"NO Vendas Tus Palabras, Transmite Tu EXPERIENCIA\",\"datePublished\":\"2014-05-28T13:57:43+00:00\",\"dateModified\":\"2020-05-20T15:57:36+00:00\",\"mainEntityOfPage\":{\"@id\":\"https:\\\/\\\/tecnicashablarenpublico.com\\\/blog\\\/no-vendas-tus-palabras-transmite-tu-experiencia\\\/\"},\"wordCount\":581,\"commentCount\":5446,\"publisher\":{\"@id\":\"https:\\\/\\\/tecnicashablarenpublico.com\\\/blog\\\/#organization\"},\"image\":{\"@id\":\"https:\\\/\\\/tecnicashablarenpublico.com\\\/blog\\\/no-vendas-tus-palabras-transmite-tu-experiencia\\\/#primaryimage\"},\"thumbnailUrl\":\"https:\\\/\\\/i0.wp.com\\\/optimizacionpaginasmedia.s3.amazonaws.com\\\/2020\\\/05\\\/como-hablar-de-ti-mismo-en-publico.jpg?fit=900%2C477&ssl=1\",\"keywords\":[\"como hablar en publico\",\"consejos de oratoria\"],\"articleSection\":[\"Como Hablar en Publico\",\"Consejos de Oratoria\"],\"inLanguage\":\"es\"},{\"@type\":\"WebPage\",\"@id\":\"https:\\\/\\\/tecnicashablarenpublico.com\\\/blog\\\/no-vendas-tus-palabras-transmite-tu-experiencia\\\/\",\"url\":\"https:\\\/\\\/tecnicashablarenpublico.com\\\/blog\\\/no-vendas-tus-palabras-transmite-tu-experiencia\\\/\",\"name\":\"NO Vendas Tus Palabras, Transmite Tu EXPERIENCIA - TecnicasHablarEnPublico.Com\",\"isPartOf\":{\"@id\":\"https:\\\/\\\/tecnicashablarenpublico.com\\\/blog\\\/#website\"},\"primaryImageOfPage\":{\"@id\":\"https:\\\/\\\/tecnicashablarenpublico.com\\\/blog\\\/no-vendas-tus-palabras-transmite-tu-experiencia\\\/#primaryimage\"},\"image\":{\"@id\":\"https:\\\/\\\/tecnicashablarenpublico.com\\\/blog\\\/no-vendas-tus-palabras-transmite-tu-experiencia\\\/#primaryimage\"},\"thumbnailUrl\":\"https:\\\/\\\/i0.wp.com\\\/optimizacionpaginasmedia.s3.amazonaws.com\\\/2020\\\/05\\\/como-hablar-de-ti-mismo-en-publico.jpg?fit=900%2C477&ssl=1\",\"datePublished\":\"2014-05-28T13:57:43+00:00\",\"dateModified\":\"2020-05-20T15:57:36+00:00\",\"breadcrumb\":{\"@id\":\"https:\\\/\\\/tecnicashablarenpublico.com\\\/blog\\\/no-vendas-tus-palabras-transmite-tu-experiencia\\\/#breadcrumb\"},\"inLanguage\":\"es\",\"potentialAction\":[{\"@type\":\"ReadAction\",\"target\":[\"https:\\\/\\\/tecnicashablarenpublico.com\\\/blog\\\/no-vendas-tus-palabras-transmite-tu-experiencia\\\/\"]}]},{\"@type\":\"ImageObject\",\"inLanguage\":\"es\",\"@id\":\"https:\\\/\\\/tecnicashablarenpublico.com\\\/blog\\\/no-vendas-tus-palabras-transmite-tu-experiencia\\\/#primaryimage\",\"url\":\"https:\\\/\\\/i0.wp.com\\\/optimizacionpaginasmedia.s3.amazonaws.com\\\/2020\\\/05\\\/como-hablar-de-ti-mismo-en-publico.jpg?fit=900%2C477&ssl=1\",\"contentUrl\":\"https:\\\/\\\/i0.wp.com\\\/optimizacionpaginasmedia.s3.amazonaws.com\\\/2020\\\/05\\\/como-hablar-de-ti-mismo-en-publico.jpg?fit=900%2C477&ssl=1\",\"width\":900,\"height\":477,\"caption\":\"Como hablar de ti mismo y compartir tu experiencia frente a un grupo\"},{\"@type\":\"BreadcrumbList\",\"@id\":\"https:\\\/\\\/tecnicashablarenpublico.com\\\/blog\\\/no-vendas-tus-palabras-transmite-tu-experiencia\\\/#breadcrumb\",\"itemListElement\":[{\"@type\":\"ListItem\",\"position\":1,\"name\":\"Portada\",\"item\":\"https:\\\/\\\/tecnicashablarenpublico.com\\\/blog\\\/\"},{\"@type\":\"ListItem\",\"position\":2,\"name\":\"NO Vendas Tus Palabras, Transmite Tu EXPERIENCIA\"}]},{\"@type\":\"WebSite\",\"@id\":\"https:\\\/\\\/tecnicashablarenpublico.com\\\/blog\\\/#website\",\"url\":\"https:\\\/\\\/tecnicashablarenpublico.com\\\/blog\\\/\",\"name\":\"TecnicasHablarEnPublico.Com\",\"description\":\"Blog\",\"publisher\":{\"@id\":\"https:\\\/\\\/tecnicashablarenpublico.com\\\/blog\\\/#organization\"},\"potentialAction\":[{\"@type\":\"SearchAction\",\"target\":{\"@type\":\"EntryPoint\",\"urlTemplate\":\"https:\\\/\\\/tecnicashablarenpublico.com\\\/blog\\\/?s={search_term_string}\"},\"query-input\":{\"@type\":\"PropertyValueSpecification\",\"valueRequired\":true,\"valueName\":\"search_term_string\"}}],\"inLanguage\":\"es\"},{\"@type\":\"Organization\",\"@id\":\"https:\\\/\\\/tecnicashablarenpublico.com\\\/blog\\\/#organization\",\"name\":\"TecnicasHablarEnPublico\",\"url\":\"https:\\\/\\\/tecnicashablarenpublico.com\\\/blog\\\/\",\"logo\":{\"@type\":\"ImageObject\",\"inLanguage\":\"es\",\"@id\":\"https:\\\/\\\/tecnicashablarenpublico.com\\\/blog\\\/#\\\/schema\\\/logo\\\/image\\\/\",\"url\":\"https:\\\/\\\/i0.wp.com\\\/tecnicashablarenpublico.com\\\/blog\\\/wp-content\\\/uploads\\\/2014\\\/11\\\/logo_cuadrado.png?fit=286%2C255&ssl=1\",\"contentUrl\":\"https:\\\/\\\/i0.wp.com\\\/tecnicashablarenpublico.com\\\/blog\\\/wp-content\\\/uploads\\\/2014\\\/11\\\/logo_cuadrado.png?fit=286%2C255&ssl=1\",\"width\":286,\"height\":255,\"caption\":\"TecnicasHablarEnPublico\"},\"image\":{\"@id\":\"https:\\\/\\\/tecnicashablarenpublico.com\\\/blog\\\/#\\\/schema\\\/logo\\\/image\\\/\"},\"sameAs\":[\"https:\\\/\\\/www.facebook.com\\\/VictorToscanoOficial\\\/\"]},{\"@type\":\"Person\",\"@id\":\"https:\\\/\\\/tecnicashablarenpublico.com\\\/blog\\\/#\\\/schema\\\/person\\\/f6a96b9bb773de8f08f84e4d6e6cf28f\",\"name\":\"Victor Toscano T V\",\"image\":{\"@type\":\"ImageObject\",\"inLanguage\":\"es\",\"@id\":\"https:\\\/\\\/secure.gravatar.com\\\/avatar\\\/e45c6f1f2986615bd1357fd094a24ab45a2ce7ca867817458fbebca30cd78e46?s=96&d=mm&r=g\",\"url\":\"https:\\\/\\\/secure.gravatar.com\\\/avatar\\\/e45c6f1f2986615bd1357fd094a24ab45a2ce7ca867817458fbebca30cd78e46?s=96&d=mm&r=g\",\"contentUrl\":\"https:\\\/\\\/secure.gravatar.com\\\/avatar\\\/e45c6f1f2986615bd1357fd094a24ab45a2ce7ca867817458fbebca30cd78e46?s=96&d=mm&r=g\",\"caption\":\"Victor Toscano T V\"},\"description\":\"Un apasionado en el tema de Hablar en P\u00fablico y el Crecimiento Personal, que pas\u00f3 de \\\"t\u00edmido\\\" a Conferencista Internacional en menos de dos a\u00f1os.\",\"sameAs\":[\"http:\\\/\\\/www.tecnicashablarenpublico.com\",\"https:\\\/\\\/www.facebook.com\\\/victortoscanooficial\",\"http:\\\/\\\/mx.linkedin.com\\\/in\\\/victortoscano\\\/\",\"http:\\\/\\\/www.pinterest.com\\\/victortoscano\\\/\",\"https:\\\/\\\/x.com\\\/_victortoscano\",\"http:\\\/\\\/victortoscano.com.mx\\\/youtube\"],\"url\":\"https:\\\/\\\/tecnicashablarenpublico.com\\\/blog\\\/author\\\/vict26\\\/\"}]}<\/script>\n<!-- \/ Yoast SEO plugin. -->","yoast_head_json":{"title":"NO Vendas Tus Palabras, Transmite Tu EXPERIENCIA - TecnicasHablarEnPublico.Com","robots":{"index":"index","follow":"follow","max-snippet":"max-snippet:-1","max-image-preview":"max-image-preview:large","max-video-preview":"max-video-preview:-1"},"canonical":"https:\/\/tecnicashablarenpublico.com\/blog\/no-vendas-tus-palabras-transmite-tu-experiencia\/","og_locale":"es_ES","og_type":"article","og_title":"NO Vendas Tus Palabras, Transmite Tu EXPERIENCIA - TecnicasHablarEnPublico.Com","og_description":"\u00bfPor qu\u00e9 es tan importante saber comunicarte en la era de la informaci\u00f3n? La respuesta parece casi obvia. Si estamos en la era de la informaci\u00f3n, tenemos que aprender a transmitir informaci\u00f3n con nuestras palabras ante muchas personas&#8230; Malas noticias&#8230; \u00a1Eso es un error! En realidad sucede todo lo contrario, ahora con tanta informaci\u00f3n que [&hellip;]","og_url":"https:\/\/tecnicashablarenpublico.com\/blog\/no-vendas-tus-palabras-transmite-tu-experiencia\/","og_site_name":"TecnicasHablarEnPublico.Com","article_publisher":"https:\/\/www.facebook.com\/VictorToscanoOficial\/","article_author":"https:\/\/www.facebook.com\/victortoscanooficial","article_published_time":"2014-05-28T13:57:43+00:00","article_modified_time":"2020-05-20T15:57:36+00:00","og_image":[{"width":900,"height":477,"url":"https:\/\/i1.wp.com\/optimizacionpaginasmedia.s3.amazonaws.com\/2020\/05\/como-hablar-de-ti-mismo-en-publico.jpg?fit=900%2C477&ssl=1","type":"image\/jpeg"}],"author":"Victor Toscano T V","twitter_card":"summary_large_image","twitter_creator":"@_victortoscano","twitter_misc":{"Escrito por":"Victor Toscano T V","Tiempo de lectura":"3 minutos"},"schema":{"@context":"https:\/\/schema.org","@graph":[{"@type":"Article","@id":"https:\/\/tecnicashablarenpublico.com\/blog\/no-vendas-tus-palabras-transmite-tu-experiencia\/#article","isPartOf":{"@id":"https:\/\/tecnicashablarenpublico.com\/blog\/no-vendas-tus-palabras-transmite-tu-experiencia\/"},"author":{"name":"Victor Toscano T V","@id":"https:\/\/tecnicashablarenpublico.com\/blog\/#\/schema\/person\/f6a96b9bb773de8f08f84e4d6e6cf28f"},"headline":"NO Vendas Tus Palabras, Transmite Tu EXPERIENCIA","datePublished":"2014-05-28T13:57:43+00:00","dateModified":"2020-05-20T15:57:36+00:00","mainEntityOfPage":{"@id":"https:\/\/tecnicashablarenpublico.com\/blog\/no-vendas-tus-palabras-transmite-tu-experiencia\/"},"wordCount":581,"commentCount":5446,"publisher":{"@id":"https:\/\/tecnicashablarenpublico.com\/blog\/#organization"},"image":{"@id":"https:\/\/tecnicashablarenpublico.com\/blog\/no-vendas-tus-palabras-transmite-tu-experiencia\/#primaryimage"},"thumbnailUrl":"https:\/\/i0.wp.com\/optimizacionpaginasmedia.s3.amazonaws.com\/2020\/05\/como-hablar-de-ti-mismo-en-publico.jpg?fit=900%2C477&ssl=1","keywords":["como hablar en publico","consejos de oratoria"],"articleSection":["Como Hablar en Publico","Consejos de Oratoria"],"inLanguage":"es"},{"@type":"WebPage","@id":"https:\/\/tecnicashablarenpublico.com\/blog\/no-vendas-tus-palabras-transmite-tu-experiencia\/","url":"https:\/\/tecnicashablarenpublico.com\/blog\/no-vendas-tus-palabras-transmite-tu-experiencia\/","name":"NO Vendas Tus Palabras, Transmite Tu EXPERIENCIA - TecnicasHablarEnPublico.Com","isPartOf":{"@id":"https:\/\/tecnicashablarenpublico.com\/blog\/#website"},"primaryImageOfPage":{"@id":"https:\/\/tecnicashablarenpublico.com\/blog\/no-vendas-tus-palabras-transmite-tu-experiencia\/#primaryimage"},"image":{"@id":"https:\/\/tecnicashablarenpublico.com\/blog\/no-vendas-tus-palabras-transmite-tu-experiencia\/#primaryimage"},"thumbnailUrl":"https:\/\/i0.wp.com\/optimizacionpaginasmedia.s3.amazonaws.com\/2020\/05\/como-hablar-de-ti-mismo-en-publico.jpg?fit=900%2C477&ssl=1","datePublished":"2014-05-28T13:57:43+00:00","dateModified":"2020-05-20T15:57:36+00:00","breadcrumb":{"@id":"https:\/\/tecnicashablarenpublico.com\/blog\/no-vendas-tus-palabras-transmite-tu-experiencia\/#breadcrumb"},"inLanguage":"es","potentialAction":[{"@type":"ReadAction","target":["https:\/\/tecnicashablarenpublico.com\/blog\/no-vendas-tus-palabras-transmite-tu-experiencia\/"]}]},{"@type":"ImageObject","inLanguage":"es","@id":"https:\/\/tecnicashablarenpublico.com\/blog\/no-vendas-tus-palabras-transmite-tu-experiencia\/#primaryimage","url":"https:\/\/i0.wp.com\/optimizacionpaginasmedia.s3.amazonaws.com\/2020\/05\/como-hablar-de-ti-mismo-en-publico.jpg?fit=900%2C477&ssl=1","contentUrl":"https:\/\/i0.wp.com\/optimizacionpaginasmedia.s3.amazonaws.com\/2020\/05\/como-hablar-de-ti-mismo-en-publico.jpg?fit=900%2C477&ssl=1","width":900,"height":477,"caption":"Como hablar de ti mismo y compartir tu experiencia frente a un grupo"},{"@type":"BreadcrumbList","@id":"https:\/\/tecnicashablarenpublico.com\/blog\/no-vendas-tus-palabras-transmite-tu-experiencia\/#breadcrumb","itemListElement":[{"@type":"ListItem","position":1,"name":"Portada","item":"https:\/\/tecnicashablarenpublico.com\/blog\/"},{"@type":"ListItem","position":2,"name":"NO Vendas Tus Palabras, Transmite Tu EXPERIENCIA"}]},{"@type":"WebSite","@id":"https:\/\/tecnicashablarenpublico.com\/blog\/#website","url":"https:\/\/tecnicashablarenpublico.com\/blog\/","name":"TecnicasHablarEnPublico.Com","description":"Blog","publisher":{"@id":"https:\/\/tecnicashablarenpublico.com\/blog\/#organization"},"potentialAction":[{"@type":"SearchAction","target":{"@type":"EntryPoint","urlTemplate":"https:\/\/tecnicashablarenpublico.com\/blog\/?s={search_term_string}"},"query-input":{"@type":"PropertyValueSpecification","valueRequired":true,"valueName":"search_term_string"}}],"inLanguage":"es"},{"@type":"Organization","@id":"https:\/\/tecnicashablarenpublico.com\/blog\/#organization","name":"TecnicasHablarEnPublico","url":"https:\/\/tecnicashablarenpublico.com\/blog\/","logo":{"@type":"ImageObject","inLanguage":"es","@id":"https:\/\/tecnicashablarenpublico.com\/blog\/#\/schema\/logo\/image\/","url":"https:\/\/i0.wp.com\/tecnicashablarenpublico.com\/blog\/wp-content\/uploads\/2014\/11\/logo_cuadrado.png?fit=286%2C255&ssl=1","contentUrl":"https:\/\/i0.wp.com\/tecnicashablarenpublico.com\/blog\/wp-content\/uploads\/2014\/11\/logo_cuadrado.png?fit=286%2C255&ssl=1","width":286,"height":255,"caption":"TecnicasHablarEnPublico"},"image":{"@id":"https:\/\/tecnicashablarenpublico.com\/blog\/#\/schema\/logo\/image\/"},"sameAs":["https:\/\/www.facebook.com\/VictorToscanoOficial\/"]},{"@type":"Person","@id":"https:\/\/tecnicashablarenpublico.com\/blog\/#\/schema\/person\/f6a96b9bb773de8f08f84e4d6e6cf28f","name":"Victor Toscano T V","image":{"@type":"ImageObject","inLanguage":"es","@id":"https:\/\/secure.gravatar.com\/avatar\/e45c6f1f2986615bd1357fd094a24ab45a2ce7ca867817458fbebca30cd78e46?s=96&d=mm&r=g","url":"https:\/\/secure.gravatar.com\/avatar\/e45c6f1f2986615bd1357fd094a24ab45a2ce7ca867817458fbebca30cd78e46?s=96&d=mm&r=g","contentUrl":"https:\/\/secure.gravatar.com\/avatar\/e45c6f1f2986615bd1357fd094a24ab45a2ce7ca867817458fbebca30cd78e46?s=96&d=mm&r=g","caption":"Victor Toscano T V"},"description":"Un apasionado en el tema de Hablar en P\u00fablico y el Crecimiento Personal, que pas\u00f3 de \"t\u00edmido\" a Conferencista Internacional en menos de dos a\u00f1os.","sameAs":["http:\/\/www.tecnicashablarenpublico.com","https:\/\/www.facebook.com\/victortoscanooficial","http:\/\/mx.linkedin.com\/in\/victortoscano\/","http:\/\/www.pinterest.com\/victortoscano\/","https:\/\/x.com\/_victortoscano","http:\/\/victortoscano.com.mx\/youtube"],"url":"https:\/\/tecnicashablarenpublico.com\/blog\/author\/vict26\/"}]}},"jetpack_publicize_connections":[],"jetpack_featured_media_url":"https:\/\/i0.wp.com\/optimizacionpaginasmedia.s3.amazonaws.com\/2020\/05\/como-hablar-de-ti-mismo-en-publico.jpg?fit=900%2C477&ssl=1","jetpack_shortlink":"https:\/\/wp.me\/p338RC-vX","jetpack-related-posts":[{"id":742,"url":"https:\/\/tecnicashablarenpublico.com\/blog\/consejo-de-oratoria-alimenta-tu-mente-de-conocimiento-para-tu-auditorio\/","url_meta":{"origin":1981,"position":0},"title":"Consejo De Oratoria: Alimenta Tu Mente De Conocimiento Para Tu Auditorio","author":"Victor Toscano T V","date":"18\/01\/2013","format":false,"excerpt":"La oratoria consiste en usar El PODER de la palabra hablada frente a un grupo de personas para lograr un prop\u00f3sito espec\u00edfico. El problema es que muchas personas NO saben utilizar el poder de la palabra a su favor... Y a\u00fan m\u00e1s importante, NO conocen el poder de Aportar Informaci\u00f3n\u2026","rel":"","context":"En \u00abComo Aprender Oratoria\u00bb","block_context":{"text":"Como Aprender Oratoria","link":"https:\/\/tecnicashablarenpublico.com\/blog\/category\/como-aprender-oratoria\/"},"img":{"alt_text":"Consejo De Oratoria Alimenta Tu Mente De Conocimiento Para Tu Auditorio","src":"https:\/\/i0.wp.com\/tecnicashablarenpublico.com\/blog\/wp-content\/uploads\/2013\/01\/Consejo-De-Oratoria-Alimenta-Tu-Mente-De-Conocimiento-Para-Tu-Auditorio.jpg?resize=350%2C200&ssl=1","width":350,"height":200},"classes":[]},{"id":1330,"url":"https:\/\/tecnicashablarenpublico.com\/blog\/como-usar-tu-lenguaje-corporal-al-hablar-en-publico-comunicacion-no-verbal\/","url_meta":{"origin":1981,"position":1},"title":"C\u00f3mo Usar Tu Lenguaje Corporal al Hablar en P\u00fablico | Comunicaci\u00f3n NO Verbal","author":"Victor Toscano T V","date":"23\/06\/2013","format":false,"excerpt":"La comunicaci\u00f3n NO verbal como los Movimientos de Manos, gestos faciales y posturas son de vital importancia para tu presentaci\u00f3n. Imagina que quieres entregar un mensaje muy importante a las personas y dise\u00f1as un discurso cuyas palabras intentan decir algo pero tu lenguaje no verbal dice otra cosa muy diferente.\u2026","rel":"","context":"En \u00abConsejos de Oratoria\u00bb","block_context":{"text":"Consejos de Oratoria","link":"https:\/\/tecnicashablarenpublico.com\/blog\/category\/consejos-de-oratoria\/"},"img":{"alt_text":"C\u00f3mo Usar las Manos al Hablar en P\u00fablico (Lenguaje Corporal)","src":"https:\/\/miedohablarenpublico.files.wordpress.com\/2013\/06\/como-usar-las-manos-al-hablar-en-publico-lenguaje-corporal.jpg?w=350&h=200&crop=1","width":350,"height":200},"classes":[]},{"id":951,"url":"https:\/\/tecnicashablarenpublico.com\/blog\/curso-de-oratoria-gratis-aprendiendo-a-hablar-en-publico\/","url_meta":{"origin":1981,"position":2},"title":"Curso De Oratoria GRATIS &#8211; Aprendiendo A Hablar En P\u00fablico","author":"Victor Toscano T V","date":"14\/02\/2013","format":false,"excerpt":"Hace aproximadamente un mes decid\u00ed grabar 4 VIDEOS donde explico varias t\u00e9cnicas para Hablar en P\u00fablico... Aunque originalmente ten\u00eda pensado ponerlos a la venta como parte de mi nuevo curso de oratoria online, decid\u00ed permitir el acceso Gratis a ellos. Para mi sorpresa, fueron todo un \u00c9xito cuando los publiqu\u00e9\u2026","rel":"","context":"En \u00abAprender a Hablar en Publico\u00bb","block_context":{"text":"Aprender a Hablar en Publico","link":"https:\/\/tecnicashablarenpublico.com\/blog\/category\/aprender-a-hablar-en-publico\/"},"img":{"alt_text":"Curso De Oratoria GRATIS - Aprendiendo A Hablar En P\u00fablico","src":"https:\/\/i0.wp.com\/optimizacionpaginasmedia.s3.amazonaws.com\/2020\/05\/curso-de-oratoria-gratis-aprender-a-hablar-en-publico.jpg?fit=900%2C550&ssl=1&resize=350%2C200","width":350,"height":200,"srcset":"https:\/\/i0.wp.com\/optimizacionpaginasmedia.s3.amazonaws.com\/2020\/05\/curso-de-oratoria-gratis-aprender-a-hablar-en-publico.jpg?fit=900%2C550&ssl=1&resize=350%2C200 1x, https:\/\/i0.wp.com\/optimizacionpaginasmedia.s3.amazonaws.com\/2020\/05\/curso-de-oratoria-gratis-aprender-a-hablar-en-publico.jpg?fit=900%2C550&ssl=1&resize=525%2C300 1.5x, https:\/\/i0.wp.com\/optimizacionpaginasmedia.s3.amazonaws.com\/2020\/05\/curso-de-oratoria-gratis-aprender-a-hablar-en-publico.jpg?fit=900%2C550&ssl=1&resize=700%2C400 2x"},"classes":[]},{"id":1376,"url":"https:\/\/tecnicashablarenpublico.com\/blog\/como-ser-mas-elocuente-y-ampliar-tu-vocabulario-para-hablar-bien\/","url_meta":{"origin":1981,"position":3},"title":"C\u00f3mo ser M\u00e1s Elocuente y Ampliar tu Vocabulario para Hablar Bien","author":"Victor Toscano T V","date":"20\/11\/2013","format":false,"excerpt":"\u00bfTe ha pasado que al tratar de presentar alg\u00fan tema, NO encuentras las palabras indicadas? Te puede llegar a suceder que tienes en tus ideas muy claras en tu mente, pero al tratar de darte a entender no vienen a ti las palabras adecuadas, y sientes que tu vocabulario es\u2026","rel":"","context":"En \u00abComo Aprender Oratoria\u00bb","block_context":{"text":"Como Aprender Oratoria","link":"https:\/\/tecnicashablarenpublico.com\/blog\/category\/como-aprender-oratoria\/"},"img":{"alt_text":"C\u00f3mo ser M\u00e1s Elocuente y Ampliar tu Vocabulario para Hablar Bien","src":"https:\/\/i0.wp.com\/optimizacionpaginasmedia.s3.amazonaws.com\/2020\/05\/como-ser-mas-elocuente-y-ampliar-tu-vocabulario-para-hablar-bien.jpg?fit=900%2C550&ssl=1&resize=350%2C200","width":350,"height":200,"srcset":"https:\/\/i0.wp.com\/optimizacionpaginasmedia.s3.amazonaws.com\/2020\/05\/como-ser-mas-elocuente-y-ampliar-tu-vocabulario-para-hablar-bien.jpg?fit=900%2C550&ssl=1&resize=350%2C200 1x, https:\/\/i0.wp.com\/optimizacionpaginasmedia.s3.amazonaws.com\/2020\/05\/como-ser-mas-elocuente-y-ampliar-tu-vocabulario-para-hablar-bien.jpg?fit=900%2C550&ssl=1&resize=525%2C300 1.5x, https:\/\/i0.wp.com\/optimizacionpaginasmedia.s3.amazonaws.com\/2020\/05\/como-ser-mas-elocuente-y-ampliar-tu-vocabulario-para-hablar-bien.jpg?fit=900%2C550&ssl=1&resize=700%2C400 2x"},"classes":[]},{"id":1618,"url":"https:\/\/tecnicashablarenpublico.com\/blog\/palabras-de-agradecimiento-oratoria-practica\/","url_meta":{"origin":1981,"position":4},"title":"Palabras De Agradecimiento | Oratoria Pr\u00e1ctica","author":"Victor Toscano T V","date":"06\/11\/2013","format":false,"excerpt":"\u00bfQu\u00e9 debes hacer si te piden dar unas palabras de agradecimiento? Lo m\u00e1s desafiante cuando te encuentras en esta situaci\u00f3n es que casi siempre te lo van a pedir de imprevisto, es decir: \u00a1No tendr\u00e1s oportunidad de prepararte! Hace unos d\u00edas estaba yo participando en un evento muy emotivo. Pero\u2026","rel":"","context":"En \u00abComo Aprender Oratoria\u00bb","block_context":{"text":"Como Aprender Oratoria","link":"https:\/\/tecnicashablarenpublico.com\/blog\/category\/como-aprender-oratoria\/"},"img":{"alt_text":"Palabras De Agradecimiento | Oratoria Pr\u00e1ctica","src":"https:\/\/i0.wp.com\/optimizacionpaginasmedia.s3.amazonaws.com\/2020\/05\/palabras-de-agradecimiento-oratoria-practia.jpg?fit=900%2C502&ssl=1&resize=350%2C200","width":350,"height":200,"srcset":"https:\/\/i0.wp.com\/optimizacionpaginasmedia.s3.amazonaws.com\/2020\/05\/palabras-de-agradecimiento-oratoria-practia.jpg?fit=900%2C502&ssl=1&resize=350%2C200 1x, https:\/\/i0.wp.com\/optimizacionpaginasmedia.s3.amazonaws.com\/2020\/05\/palabras-de-agradecimiento-oratoria-practia.jpg?fit=900%2C502&ssl=1&resize=525%2C300 1.5x, https:\/\/i0.wp.com\/optimizacionpaginasmedia.s3.amazonaws.com\/2020\/05\/palabras-de-agradecimiento-oratoria-practia.jpg?fit=900%2C502&ssl=1&resize=700%2C400 2x"},"classes":[]},{"id":1202,"url":"https:\/\/tecnicashablarenpublico.com\/blog\/como-memorizar-tu-tema-al-hablar-en-publico-o-video\/","url_meta":{"origin":1981,"position":5},"title":"C\u00f3mo Memorizar tu Tema al Hablar en P\u00fablico o Video","author":"Victor Toscano T V","date":"13\/05\/2013","format":false,"excerpt":"\u00bfTe ha pasado que a la mitad de tu EXPOSICI\u00d3N de alg\u00fan tema, se te olvida lo que vas a decir? Mira este video y descubre mi secreto para recordarlo: Te reto a poner en pr\u00e1ctica esto que acabas de aprender en este video y comprobar los resultados por ti\u2026","rel":"","context":"En \u00abComo Hablar en Publico\u00bb","block_context":{"text":"Como Hablar en Publico","link":"https:\/\/tecnicashablarenpublico.com\/blog\/category\/como-hablar-en-publico-2\/"},"img":{"alt_text":"como hablar en publico","src":"https:\/\/i0.wp.com\/tecnicashablarenpublico.com\/blog\/wp-content\/uploads\/2014\/11\/como_hablar_en_publico_victor_toscano-compressor.png?resize=350%2C200&ssl=1","width":350,"height":200},"classes":[]}],"jetpack_sharing_enabled":true,"_links":{"self":[{"href":"https:\/\/tecnicashablarenpublico.com\/blog\/wp-json\/wp\/v2\/posts\/1981","targetHints":{"allow":["GET"]}}],"collection":[{"href":"https:\/\/tecnicashablarenpublico.com\/blog\/wp-json\/wp\/v2\/posts"}],"about":[{"href":"https:\/\/tecnicashablarenpublico.com\/blog\/wp-json\/wp\/v2\/types\/post"}],"author":[{"embeddable":true,"href":"https:\/\/tecnicashablarenpublico.com\/blog\/wp-json\/wp\/v2\/users\/1"}],"replies":[{"embeddable":true,"href":"https:\/\/tecnicashablarenpublico.com\/blog\/wp-json\/wp\/v2\/comments?post=1981"}],"version-history":[{"count":0,"href":"https:\/\/tecnicashablarenpublico.com\/blog\/wp-json\/wp\/v2\/posts\/1981\/revisions"}],"wp:featuredmedia":[{"embeddable":true,"href":"https:\/\/tecnicashablarenpublico.com\/blog\/wp-json\/wp\/v2\/media\/2886"}],"wp:attachment":[{"href":"https:\/\/tecnicashablarenpublico.com\/blog\/wp-json\/wp\/v2\/media?parent=1981"}],"wp:term":[{"taxonomy":"category","embeddable":true,"href":"https:\/\/tecnicashablarenpublico.com\/blog\/wp-json\/wp\/v2\/categories?post=1981"},{"taxonomy":"post_tag","embeddable":true,"href":"https:\/\/tecnicashablarenpublico.com\/blog\/wp-json\/wp\/v2\/tags?post=1981"}],"curies":[{"name":"wp","href":"https:\/\/api.w.org\/{rel}","templated":true}]}}