{"id":1965,"date":"2014-05-14T07:00:50","date_gmt":"2014-05-14T13:00:50","guid":{"rendered":"https:\/\/tecnicashablarenpublico.com\/blog\/?p=1965"},"modified":"2014-05-14T12:20:44","modified_gmt":"2014-05-14T18:20:44","slug":"como-hablar-frente-a-un-grupo-si-eres-especial","status":"publish","type":"post","link":"https:\/\/tecnicashablarenpublico.com\/blog\/como-hablar-frente-a-un-grupo-si-eres-especial\/","title":{"rendered":":) C\u00f3mo Hablar Frente a un Grupo si Eres \u00abESPECIAL\u00bb"},"content":{"rendered":"<p><a href=\"https:\/\/tecnicashablarenpublico.com\"><img decoding=\"async\" data-attachment-id=\"1969\" data-permalink=\"https:\/\/tecnicashablarenpublico.com\/blog\/como-hablar-frente-a-un-grupo-si-eres-especial\/como-hablar-frente-a-un-grupo-si-eres-especial\/\" data-orig-file=\"https:\/\/i0.wp.com\/tecnicashablarenpublico.com\/blog\/wp-content\/uploads\/2014\/05\/Como-Hablar-Frente-a-un-Grupo-si-Eres-ESPECIAL.jpg?fit=519%2C430&amp;ssl=1\" data-orig-size=\"519,430\" data-comments-opened=\"0\" data-image-meta=\"{&quot;aperture&quot;:&quot;0&quot;,&quot;credit&quot;:&quot;&quot;,&quot;camera&quot;:&quot;&quot;,&quot;caption&quot;:&quot;&quot;,&quot;created_timestamp&quot;:&quot;0&quot;,&quot;copyright&quot;:&quot;&quot;,&quot;focal_length&quot;:&quot;0&quot;,&quot;iso&quot;:&quot;0&quot;,&quot;shutter_speed&quot;:&quot;0&quot;,&quot;title&quot;:&quot;&quot;}\" data-image-title=\"Como Hablar Frente a un Grupo si Eres ESPECIAL\" data-image-description=\"&lt;p&gt;:) C\u00f3mo Hablar Frente a un Grupo si Eres \u00abESPECIAL\u00bb&lt;\/p&gt;\n\" data-image-caption=\"\" data-large-file=\"https:\/\/i0.wp.com\/tecnicashablarenpublico.com\/blog\/wp-content\/uploads\/2014\/05\/Como-Hablar-Frente-a-un-Grupo-si-Eres-ESPECIAL.jpg?fit=519%2C430&amp;ssl=1\" class=\"wp-image-1969 alignleft lazyload\" title=\":) C\u00f3mo Hablar Frente a un Grupo si Eres &quot;ESPECIAL&quot;\" src=\"data:image\/gif;base64,R0lGODlhAQABAIAAAAAAAP\/\/\/yH5BAEAAAAALAAAAAABAAEAAAIBRAA7\" data-src=\"https:\/\/tecnicashablarenpublico.com\/blog\/wp-content\/uploads\/2014\/05\/Como-Hablar-Frente-a-un-Grupo-si-Eres-ESPECIAL.jpg\" alt=\":) C\u00f3mo Hablar Frente a un Grupo si Eres &quot;ESPECIAL&quot;\" width=\"420\" height=\"348\" \/><noscript><img data-recalc-dims=\"1\" decoding=\"async\" data-attachment-id=\"1969\" data-permalink=\"https:\/\/tecnicashablarenpublico.com\/blog\/como-hablar-frente-a-un-grupo-si-eres-especial\/como-hablar-frente-a-un-grupo-si-eres-especial\/\" data-orig-file=\"https:\/\/i0.wp.com\/tecnicashablarenpublico.com\/blog\/wp-content\/uploads\/2014\/05\/Como-Hablar-Frente-a-un-Grupo-si-Eres-ESPECIAL.jpg?fit=519%2C430&amp;ssl=1\" data-orig-size=\"519,430\" data-comments-opened=\"0\" data-image-meta=\"{&quot;aperture&quot;:&quot;0&quot;,&quot;credit&quot;:&quot;&quot;,&quot;camera&quot;:&quot;&quot;,&quot;caption&quot;:&quot;&quot;,&quot;created_timestamp&quot;:&quot;0&quot;,&quot;copyright&quot;:&quot;&quot;,&quot;focal_length&quot;:&quot;0&quot;,&quot;iso&quot;:&quot;0&quot;,&quot;shutter_speed&quot;:&quot;0&quot;,&quot;title&quot;:&quot;&quot;}\" data-image-title=\"Como Hablar Frente a un Grupo si Eres ESPECIAL\" data-image-description=\"&lt;p&gt;:) C\u00f3mo Hablar Frente a un Grupo si Eres \u00abESPECIAL\u00bb&lt;\/p&gt;\n\" data-image-caption=\"\" data-large-file=\"https:\/\/i0.wp.com\/tecnicashablarenpublico.com\/blog\/wp-content\/uploads\/2014\/05\/Como-Hablar-Frente-a-un-Grupo-si-Eres-ESPECIAL.jpg?fit=519%2C430&amp;ssl=1\" class=\"wp-image-1969 alignleft lazyload\" title=\":) C\u00f3mo Hablar Frente a un Grupo si Eres &quot;ESPECIAL&quot;\" src=\"https:\/\/i0.wp.com\/tecnicashablarenpublico.com\/blog\/wp-content\/uploads\/2014\/05\/Como-Hablar-Frente-a-un-Grupo-si-Eres-ESPECIAL.jpg?fit=519%2C430&ssl=1\" alt=\":) C\u00f3mo Hablar Frente a un Grupo si Eres &quot;ESPECIAL&quot;\" width=\"420\" height=\"348\" srcset=\"https:\/\/i0.wp.com\/tecnicashablarenpublico.com\/blog\/wp-content\/uploads\/2014\/05\/Como-Hablar-Frente-a-un-Grupo-si-Eres-ESPECIAL.jpg?fit=300%2C248&amp;ssl=1 300w, https:\/\/i0.wp.com\/tecnicashablarenpublico.com\/blog\/wp-content\/uploads\/2014\/05\/Como-Hablar-Frente-a-un-Grupo-si-Eres-ESPECIAL.jpg?fit=519%2C430&amp;ssl=1 519w\" sizes=\"(max-width: 420px) 100vw, 420px\" \/><\/noscript><\/a>\u00a1Todos somos especiales! Porque todos hablamos y nos expresamos de una manera \u00fanica&#8230;<\/p>\n<p><em><strong>\u00bfA qu\u00e9 me refiero con hablar frente a un grupo si eres ESPECIAL?<\/strong><\/em><\/p>\n<p>Todos pensamos y sentimos de manera diferente, nos mueven diferentes razones, tenemos diferentes sue\u00f1os y hablamos con nuestro estilo propio.<\/p>\n<p>Ser \u00fanico y diferente te deber\u00eda causar una gran satisfacci\u00f3n y felicidad, aunque a\u00fan as\u00ed hay quienes se sienten menos que los dem\u00e1s.<\/p>\n<p>Por ejemplo, hay personas que tienen <!--more-->discapacidades f\u00edsicas o mentales, quienes sufrieron alg\u00fan accidente que los marc\u00f3 de por vida, los que son tartamudos o tienen problemas en el habla, los que sudan mucho, o aquellos que no se peinaron o antes de llegar al evento derramaron el caf\u00e9 en su camisa.<\/p>\n<p><em><strong><span style=\"text-decoration: underline;\">Nota:<\/span><\/strong> Si derramaste caf\u00e9 en tu camisa y no tienes oportunidad de cambi\u00e1rtela, lo mejor es ser honesto y decir: \u00abAntes de seguir con el tema quiero contarles que tuve un accidente con el caf\u00e9 y manch\u00e9 mi camisa, pero espero que esto no impida de ninguna manera que yo les transmita el mensaje que tengo para ustedes&#8230;\u00bb<\/em><\/p>\n<h2><strong>\u00bfC\u00f3mo dirigirte al grupo y lograr que te acepten tal como eres?<\/strong><\/h2>\n<p>Si tienes algo peculiar que te haga especial y \u00fanico, o simplemente te sientes menos que los dem\u00e1s, yo te recomiendo lo siguiente:<\/p>\n<p>Trabaja en la confianza que tienes en ti mismo, ac\u00e9ptate tal como eres a\u00fan as\u00ed con tu dificultad o particularidad que te hace ser ESPECIAL. Si t\u00fa hablas con seguridad a pesar de tu situaci\u00f3n, los dem\u00e1s se sentir\u00e1n tocados con tu mensaje, y te escuchar\u00e1n a ti en vez de prestar atenci\u00f3n a eso que en un inicio es inc\u00f3modo para ti.<\/p>\n<p>A continuaci\u00f3n voy a compartir contigo 3 pasos que te ayudar\u00e1n a aceptarte como eres y que te acepten.<\/p>\n<p><strong>Paso 1. Genera entusiasmo por compartir.<\/strong><\/p>\n<p>Si vas a hablar frente a un grupo de personas, piensa que es tu gran oportunidad de compartir un poco de ti, de tus ideas y experiencias a los dem\u00e1s. Es un gran privilegio que tienes que abordar lleno de entusiasmo.<\/p>\n<p><span style=\"line-height: 1.5em;\">Usa ese entusiasmo para preparar y dise\u00f1ar el tema de una manera creativa que se ajuste a tu estilo propio. En vez de pensar en c\u00f3mo te vas a ver, busca desde un inicio la forma en que ellos entiendan lo que les vas a decir.<\/span><\/p>\n<p><strong>Paso 2. Piensa en los que est\u00e1s ayudando.<\/strong><\/p>\n<p>No prestes atenci\u00f3n a los que te ignoran, te juzgan o te transmiten una energ\u00eda negativa. Mejor piensa en aquellos que te est\u00e1n prestando mucha atenci\u00f3n y est\u00e1n interesados en tu tema.<\/p>\n<p>Siente c\u00f3mo eso que est\u00e1s diciendo les est\u00e1 ayudando de alguna manera, por ejemplo, gracias a esa informaci\u00f3n valiosa que les est\u00e1s entregando con mucho entusiasmo.<\/p>\n<p><strong>Paso 3. Entr\u00e9gate al mensaje.<\/strong><\/p>\n<p>Nada m\u00e1s importa, ni c\u00f3mo luces, ni c\u00f3mo te ven las personas, ni siquiera c\u00f3mo est\u00e1s hablando y moviendo tu cuerpo.<\/p>\n<p>Lo \u00fanico importante es que te entregues por completo al mensaje que est\u00e1s transmitiendo. D\u00e9jate llevar por esa energ\u00eda, que las palabras indicadas salgan de tu coraz\u00f3n en el momento preciso. Conc\u00e9ntrate en c\u00f3mo entregar por completo ese mensaje a todos ellos, as\u00ed no tendr\u00e1s tiempo de pensar en otra cosa.<\/p>\n<p><strong>La clave es sencilla: Enf\u00f3cate en el mensaje&#8230;<\/strong><\/p>\n<p>T\u00fa est\u00e1s ah\u00ed frente a ese grupo porque les vas a transmitir informaci\u00f3n, los vas a motivar o los vas a inspirar. En cualquiera de los casos tu objetivo es que reciban correctamente tu MENSAJE, y si lo reciben de coraz\u00f3n a coraz\u00f3n mucho mejor.<\/p>\n<h3><strong><em>C\u00f3mo hablar frente a un grupo si eres \u00abESPECIAL\u00bb&#8230;<\/em><\/strong><\/h3>\n<p>Todos somos especiales, as\u00ed es estoy seguro de que esto que acabas de leer te ser\u00e1 de mucho valor. Sigue los pasos y cu\u00e9ntame del resultado que logres obtener.<\/p>\n<p><strong>V\u00edctor Toscano<\/strong><br \/>\n<a href=\"http:\/\/TecnicasHablarEnPublico.com\">TecnicasHablarEnPublico.com<\/a><\/p>\n<p><em><strong>P.D: Si te parece \u00fatil esta informaci\u00f3n, por favor haz clic en \u201cGoogle +1\u201d y comp\u00e1rtelo en \u00abFacebook\u00bb y \u201cTwitter\u201d. \u00a1Muchas Gracias!<\/strong><\/em><\/p>\n<p><strong><em>P.D.2: \u00bfQuieres saber c\u00f3mo yo aprend\u00ed a Hablar en P\u00fablico? Haz clic a continuaci\u00f3n:<\/em><\/strong><\/p>\n<p style=\"text-align: center;\"><a title=\"como aprender a hablar en publico y convencer\" href=\"https:\/\/tecnicashablarenpublico.com\/\" target=\"_blank\"><img decoding=\"async\" data-attachment-id=\"1825\" data-permalink=\"https:\/\/tecnicashablarenpublico.com\/blog\/como-caer-bien-a-las-personas-3-pasos-para-tener-empatia\/como-aprender-a-hablar-en-publico-y-convencer\/\" data-orig-file=\"https:\/\/i0.wp.com\/tecnicashablarenpublico.com\/blog\/wp-content\/uploads\/2014\/01\/como-aprender-a-hablar-en-publico-y-convencer.png?fit=380%2C300&amp;ssl=1\" data-orig-size=\"380,300\" data-comments-opened=\"0\" data-image-meta=\"{&quot;aperture&quot;:&quot;0&quot;,&quot;credit&quot;:&quot;&quot;,&quot;camera&quot;:&quot;&quot;,&quot;caption&quot;:&quot;&quot;,&quot;created_timestamp&quot;:&quot;0&quot;,&quot;copyright&quot;:&quot;&quot;,&quot;focal_length&quot;:&quot;0&quot;,&quot;iso&quot;:&quot;0&quot;,&quot;shutter_speed&quot;:&quot;0&quot;,&quot;title&quot;:&quot;&quot;}\" data-image-title=\"Como aprender a hablar en publico y convencer\" data-image-description=\"&lt;p&gt;Como aprender a hablar en publico y convencer&lt;\/p&gt;\n\" data-image-caption=\"\" data-large-file=\"https:\/\/i0.wp.com\/tecnicashablarenpublico.com\/blog\/wp-content\/uploads\/2014\/01\/como-aprender-a-hablar-en-publico-y-convencer.png?fit=380%2C300&amp;ssl=1\" class=\"aligncenter  wp-image-1825 lazyload\" title=\"Como aprender a hablar en publico y convencer\" src=\"data:image\/gif;base64,R0lGODlhAQABAIAAAAAAAP\/\/\/yH5BAEAAAAALAAAAAABAAEAAAIBRAA7\" data-src=\"https:\/\/tecnicashablarenpublico.com\/blog\/wp-content\/uploads\/2014\/01\/como-aprender-a-hablar-en-publico-y-convencer.png\" alt=\"Como aprender a hablar en publico y convencer\" width=\"304\" height=\"240\" \/><noscript><img data-recalc-dims=\"1\" decoding=\"async\" data-attachment-id=\"1825\" data-permalink=\"https:\/\/tecnicashablarenpublico.com\/blog\/como-caer-bien-a-las-personas-3-pasos-para-tener-empatia\/como-aprender-a-hablar-en-publico-y-convencer\/\" data-orig-file=\"https:\/\/i0.wp.com\/tecnicashablarenpublico.com\/blog\/wp-content\/uploads\/2014\/01\/como-aprender-a-hablar-en-publico-y-convencer.png?fit=380%2C300&amp;ssl=1\" data-orig-size=\"380,300\" data-comments-opened=\"0\" data-image-meta=\"{&quot;aperture&quot;:&quot;0&quot;,&quot;credit&quot;:&quot;&quot;,&quot;camera&quot;:&quot;&quot;,&quot;caption&quot;:&quot;&quot;,&quot;created_timestamp&quot;:&quot;0&quot;,&quot;copyright&quot;:&quot;&quot;,&quot;focal_length&quot;:&quot;0&quot;,&quot;iso&quot;:&quot;0&quot;,&quot;shutter_speed&quot;:&quot;0&quot;,&quot;title&quot;:&quot;&quot;}\" data-image-title=\"Como aprender a hablar en publico y convencer\" data-image-description=\"&lt;p&gt;Como aprender a hablar en publico y convencer&lt;\/p&gt;\n\" data-image-caption=\"\" data-large-file=\"https:\/\/i0.wp.com\/tecnicashablarenpublico.com\/blog\/wp-content\/uploads\/2014\/01\/como-aprender-a-hablar-en-publico-y-convencer.png?fit=380%2C300&amp;ssl=1\" class=\"aligncenter  wp-image-1825 lazyload\" title=\"Como aprender a hablar en publico y convencer\" src=\"https:\/\/i0.wp.com\/tecnicashablarenpublico.com\/blog\/wp-content\/uploads\/2014\/01\/como-aprender-a-hablar-en-publico-y-convencer.png?fit=380%2C300&ssl=1\" alt=\"Como aprender a hablar en publico y convencer\" width=\"304\" height=\"240\" srcset=\"https:\/\/i0.wp.com\/tecnicashablarenpublico.com\/blog\/wp-content\/uploads\/2014\/01\/como-aprender-a-hablar-en-publico-y-convencer.png?fit=300%2C236&amp;ssl=1 300w, https:\/\/i0.wp.com\/tecnicashablarenpublico.com\/blog\/wp-content\/uploads\/2014\/01\/como-aprender-a-hablar-en-publico-y-convencer.png?fit=380%2C300&amp;ssl=1 380w\" sizes=\"(max-width: 304px) 100vw, 304px\" \/><\/noscript><\/a><\/p>\n","protected":false},"excerpt":{"rendered":"<p>\u00a1Todos somos especiales! Porque todos hablamos y nos expresamos de una manera \u00fanica&#8230; \u00bfA qu\u00e9 me refiero con hablar frente a un grupo si eres ESPECIAL? Todos pensamos y sentimos de manera diferente, nos mueven diferentes razones, tenemos diferentes sue\u00f1os y hablamos con nuestro estilo propio. Ser \u00fanico y diferente te deber\u00eda causar una gran [&hellip;]<\/p>\n","protected":false},"author":1,"featured_media":0,"comment_status":"open","ping_status":"closed","sticky":false,"template":"","format":"standard","meta":{"jetpack_post_was_ever_published":false,"_jetpack_newsletter_access":"","_jetpack_dont_email_post_to_subs":false,"_jetpack_newsletter_tier_id":0,"_jetpack_memberships_contains_paywalled_content":false,"_jetpack_memberships_contains_paid_content":false,"footnotes":"","jetpack_publicize_message":"","jetpack_publicize_feature_enabled":true,"jetpack_social_post_already_shared":true,"jetpack_social_options":{"image_generator_settings":{"template":"highway","default_image_id":0,"font":"","enabled":false},"version":2}},"categories":[32],"tags":[6,48,25],"class_list":["post-1965","post","type-post","status-publish","format-standard","hentry","category-como-hablar-en-publico-2","tag-como-hablar-en-publico","tag-como-vencer-la-timidez","tag-hablar-con-seguridad-y-confianza","post-wrapper","thrv_wrapper"],"yoast_head":"<!-- This site is optimized with the Yoast SEO plugin v27.5 - https:\/\/yoast.com\/product\/yoast-seo-wordpress\/ -->\n<title>:) C\u00f3mo Hablar Frente a un Grupo si Eres &quot;ESPECIAL&quot; - TecnicasHablarEnPublico.Com<\/title>\n<meta name=\"robots\" content=\"index, follow, max-snippet:-1, max-image-preview:large, max-video-preview:-1\" \/>\n<link rel=\"canonical\" href=\"https:\/\/tecnicashablarenpublico.com\/blog\/como-hablar-frente-a-un-grupo-si-eres-especial\/\" \/>\n<meta property=\"og:locale\" content=\"es_ES\" \/>\n<meta property=\"og:type\" content=\"article\" \/>\n<meta property=\"og:title\" content=\":) C\u00f3mo Hablar Frente a un Grupo si Eres &quot;ESPECIAL&quot; - TecnicasHablarEnPublico.Com\" \/>\n<meta property=\"og:description\" content=\"\u00a1Todos somos especiales! Porque todos hablamos y nos expresamos de una manera \u00fanica&#8230; \u00bfA qu\u00e9 me refiero con hablar frente a un grupo si eres ESPECIAL? Todos pensamos y sentimos de manera diferente, nos mueven diferentes razones, tenemos diferentes sue\u00f1os y hablamos con nuestro estilo propio. Ser \u00fanico y diferente te deber\u00eda causar una gran [&hellip;]\" \/>\n<meta property=\"og:url\" content=\"https:\/\/tecnicashablarenpublico.com\/blog\/como-hablar-frente-a-un-grupo-si-eres-especial\/\" \/>\n<meta property=\"og:site_name\" content=\"TecnicasHablarEnPublico.Com\" \/>\n<meta property=\"article:publisher\" content=\"https:\/\/www.facebook.com\/VictorToscanoOficial\/\" \/>\n<meta property=\"article:author\" content=\"https:\/\/www.facebook.com\/victortoscanooficial\" \/>\n<meta property=\"article:published_time\" content=\"2014-05-14T13:00:50+00:00\" \/>\n<meta property=\"article:modified_time\" content=\"2014-05-14T18:20:44+00:00\" \/>\n<meta property=\"og:image\" content=\"https:\/\/tecnicashablarenpublico.com\/blog\/wp-content\/uploads\/2014\/05\/Como-Hablar-Frente-a-un-Grupo-si-Eres-ESPECIAL.jpg\" \/>\n<meta name=\"author\" content=\"Victor Toscano T V\" \/>\n<meta name=\"twitter:card\" content=\"summary_large_image\" \/>\n<meta name=\"twitter:creator\" content=\"@_victortoscano\" \/>\n<meta name=\"twitter:label1\" content=\"Escrito por\" \/>\n\t<meta name=\"twitter:data1\" content=\"Victor Toscano T V\" \/>\n\t<meta name=\"twitter:label2\" content=\"Tiempo de lectura\" \/>\n\t<meta name=\"twitter:data2\" content=\"4 minutos\" \/>\n<script type=\"application\/ld+json\" class=\"yoast-schema-graph\">{\"@context\":\"https:\\\/\\\/schema.org\",\"@graph\":[{\"@type\":\"Article\",\"@id\":\"https:\\\/\\\/tecnicashablarenpublico.com\\\/blog\\\/como-hablar-frente-a-un-grupo-si-eres-especial\\\/#article\",\"isPartOf\":{\"@id\":\"https:\\\/\\\/tecnicashablarenpublico.com\\\/blog\\\/como-hablar-frente-a-un-grupo-si-eres-especial\\\/\"},\"author\":{\"name\":\"Victor Toscano T V\",\"@id\":\"https:\\\/\\\/tecnicashablarenpublico.com\\\/blog\\\/#\\\/schema\\\/person\\\/f6a96b9bb773de8f08f84e4d6e6cf28f\"},\"headline\":\":) C\u00f3mo Hablar Frente a un Grupo si Eres \u00abESPECIAL\u00bb\",\"datePublished\":\"2014-05-14T13:00:50+00:00\",\"dateModified\":\"2014-05-14T18:20:44+00:00\",\"mainEntityOfPage\":{\"@id\":\"https:\\\/\\\/tecnicashablarenpublico.com\\\/blog\\\/como-hablar-frente-a-un-grupo-si-eres-especial\\\/\"},\"wordCount\":729,\"commentCount\":5446,\"publisher\":{\"@id\":\"https:\\\/\\\/tecnicashablarenpublico.com\\\/blog\\\/#organization\"},\"image\":{\"@id\":\"https:\\\/\\\/tecnicashablarenpublico.com\\\/blog\\\/como-hablar-frente-a-un-grupo-si-eres-especial\\\/#primaryimage\"},\"thumbnailUrl\":\"https:\\\/\\\/tecnicashablarenpublico.com\\\/blog\\\/wp-content\\\/uploads\\\/2014\\\/05\\\/Como-Hablar-Frente-a-un-Grupo-si-Eres-ESPECIAL.jpg\",\"keywords\":[\"como hablar en publico\",\"como vencer la timidez\",\"hablar con seguridad y confianza\"],\"articleSection\":[\"Como Hablar en Publico\"],\"inLanguage\":\"es\"},{\"@type\":\"WebPage\",\"@id\":\"https:\\\/\\\/tecnicashablarenpublico.com\\\/blog\\\/como-hablar-frente-a-un-grupo-si-eres-especial\\\/\",\"url\":\"https:\\\/\\\/tecnicashablarenpublico.com\\\/blog\\\/como-hablar-frente-a-un-grupo-si-eres-especial\\\/\",\"name\":\":) C\u00f3mo Hablar Frente a un Grupo si Eres \\\"ESPECIAL\\\" - TecnicasHablarEnPublico.Com\",\"isPartOf\":{\"@id\":\"https:\\\/\\\/tecnicashablarenpublico.com\\\/blog\\\/#website\"},\"primaryImageOfPage\":{\"@id\":\"https:\\\/\\\/tecnicashablarenpublico.com\\\/blog\\\/como-hablar-frente-a-un-grupo-si-eres-especial\\\/#primaryimage\"},\"image\":{\"@id\":\"https:\\\/\\\/tecnicashablarenpublico.com\\\/blog\\\/como-hablar-frente-a-un-grupo-si-eres-especial\\\/#primaryimage\"},\"thumbnailUrl\":\"https:\\\/\\\/tecnicashablarenpublico.com\\\/blog\\\/wp-content\\\/uploads\\\/2014\\\/05\\\/Como-Hablar-Frente-a-un-Grupo-si-Eres-ESPECIAL.jpg\",\"datePublished\":\"2014-05-14T13:00:50+00:00\",\"dateModified\":\"2014-05-14T18:20:44+00:00\",\"breadcrumb\":{\"@id\":\"https:\\\/\\\/tecnicashablarenpublico.com\\\/blog\\\/como-hablar-frente-a-un-grupo-si-eres-especial\\\/#breadcrumb\"},\"inLanguage\":\"es\",\"potentialAction\":[{\"@type\":\"ReadAction\",\"target\":[\"https:\\\/\\\/tecnicashablarenpublico.com\\\/blog\\\/como-hablar-frente-a-un-grupo-si-eres-especial\\\/\"]}]},{\"@type\":\"ImageObject\",\"inLanguage\":\"es\",\"@id\":\"https:\\\/\\\/tecnicashablarenpublico.com\\\/blog\\\/como-hablar-frente-a-un-grupo-si-eres-especial\\\/#primaryimage\",\"url\":\"https:\\\/\\\/i0.wp.com\\\/tecnicashablarenpublico.com\\\/blog\\\/wp-content\\\/uploads\\\/2014\\\/05\\\/Como-Hablar-Frente-a-un-Grupo-si-Eres-ESPECIAL.jpg?fit=519%2C430&ssl=1\",\"contentUrl\":\"https:\\\/\\\/i0.wp.com\\\/tecnicashablarenpublico.com\\\/blog\\\/wp-content\\\/uploads\\\/2014\\\/05\\\/Como-Hablar-Frente-a-un-Grupo-si-Eres-ESPECIAL.jpg?fit=519%2C430&ssl=1\",\"width\":519,\"height\":430,\"caption\":\":) C\u00f3mo Hablar Frente a un Grupo si Eres \\\"ESPECIAL\\\"\"},{\"@type\":\"BreadcrumbList\",\"@id\":\"https:\\\/\\\/tecnicashablarenpublico.com\\\/blog\\\/como-hablar-frente-a-un-grupo-si-eres-especial\\\/#breadcrumb\",\"itemListElement\":[{\"@type\":\"ListItem\",\"position\":1,\"name\":\"Portada\",\"item\":\"https:\\\/\\\/tecnicashablarenpublico.com\\\/blog\\\/\"},{\"@type\":\"ListItem\",\"position\":2,\"name\":\":) C\u00f3mo Hablar Frente a un Grupo si Eres \u00abESPECIAL\u00bb\"}]},{\"@type\":\"WebSite\",\"@id\":\"https:\\\/\\\/tecnicashablarenpublico.com\\\/blog\\\/#website\",\"url\":\"https:\\\/\\\/tecnicashablarenpublico.com\\\/blog\\\/\",\"name\":\"TecnicasHablarEnPublico.Com\",\"description\":\"Blog\",\"publisher\":{\"@id\":\"https:\\\/\\\/tecnicashablarenpublico.com\\\/blog\\\/#organization\"},\"potentialAction\":[{\"@type\":\"SearchAction\",\"target\":{\"@type\":\"EntryPoint\",\"urlTemplate\":\"https:\\\/\\\/tecnicashablarenpublico.com\\\/blog\\\/?s={search_term_string}\"},\"query-input\":{\"@type\":\"PropertyValueSpecification\",\"valueRequired\":true,\"valueName\":\"search_term_string\"}}],\"inLanguage\":\"es\"},{\"@type\":\"Organization\",\"@id\":\"https:\\\/\\\/tecnicashablarenpublico.com\\\/blog\\\/#organization\",\"name\":\"TecnicasHablarEnPublico\",\"url\":\"https:\\\/\\\/tecnicashablarenpublico.com\\\/blog\\\/\",\"logo\":{\"@type\":\"ImageObject\",\"inLanguage\":\"es\",\"@id\":\"https:\\\/\\\/tecnicashablarenpublico.com\\\/blog\\\/#\\\/schema\\\/logo\\\/image\\\/\",\"url\":\"https:\\\/\\\/i0.wp.com\\\/tecnicashablarenpublico.com\\\/blog\\\/wp-content\\\/uploads\\\/2014\\\/11\\\/logo_cuadrado.png?fit=286%2C255&ssl=1\",\"contentUrl\":\"https:\\\/\\\/i0.wp.com\\\/tecnicashablarenpublico.com\\\/blog\\\/wp-content\\\/uploads\\\/2014\\\/11\\\/logo_cuadrado.png?fit=286%2C255&ssl=1\",\"width\":286,\"height\":255,\"caption\":\"TecnicasHablarEnPublico\"},\"image\":{\"@id\":\"https:\\\/\\\/tecnicashablarenpublico.com\\\/blog\\\/#\\\/schema\\\/logo\\\/image\\\/\"},\"sameAs\":[\"https:\\\/\\\/www.facebook.com\\\/VictorToscanoOficial\\\/\"]},{\"@type\":\"Person\",\"@id\":\"https:\\\/\\\/tecnicashablarenpublico.com\\\/blog\\\/#\\\/schema\\\/person\\\/f6a96b9bb773de8f08f84e4d6e6cf28f\",\"name\":\"Victor Toscano T V\",\"image\":{\"@type\":\"ImageObject\",\"inLanguage\":\"es\",\"@id\":\"https:\\\/\\\/secure.gravatar.com\\\/avatar\\\/e45c6f1f2986615bd1357fd094a24ab45a2ce7ca867817458fbebca30cd78e46?s=96&d=mm&r=g\",\"url\":\"https:\\\/\\\/secure.gravatar.com\\\/avatar\\\/e45c6f1f2986615bd1357fd094a24ab45a2ce7ca867817458fbebca30cd78e46?s=96&d=mm&r=g\",\"contentUrl\":\"https:\\\/\\\/secure.gravatar.com\\\/avatar\\\/e45c6f1f2986615bd1357fd094a24ab45a2ce7ca867817458fbebca30cd78e46?s=96&d=mm&r=g\",\"caption\":\"Victor Toscano T V\"},\"description\":\"Un apasionado en el tema de Hablar en P\u00fablico y el Crecimiento Personal, que pas\u00f3 de \\\"t\u00edmido\\\" a Conferencista Internacional en menos de dos a\u00f1os.\",\"sameAs\":[\"http:\\\/\\\/www.tecnicashablarenpublico.com\",\"https:\\\/\\\/www.facebook.com\\\/victortoscanooficial\",\"http:\\\/\\\/mx.linkedin.com\\\/in\\\/victortoscano\\\/\",\"http:\\\/\\\/www.pinterest.com\\\/victortoscano\\\/\",\"https:\\\/\\\/x.com\\\/_victortoscano\",\"http:\\\/\\\/victortoscano.com.mx\\\/youtube\"],\"url\":\"https:\\\/\\\/tecnicashablarenpublico.com\\\/blog\\\/author\\\/vict26\\\/\"}]}<\/script>\n<!-- \/ Yoast SEO plugin. -->","yoast_head_json":{"title":":) C\u00f3mo Hablar Frente a un Grupo si Eres \"ESPECIAL\" - TecnicasHablarEnPublico.Com","robots":{"index":"index","follow":"follow","max-snippet":"max-snippet:-1","max-image-preview":"max-image-preview:large","max-video-preview":"max-video-preview:-1"},"canonical":"https:\/\/tecnicashablarenpublico.com\/blog\/como-hablar-frente-a-un-grupo-si-eres-especial\/","og_locale":"es_ES","og_type":"article","og_title":":) C\u00f3mo Hablar Frente a un Grupo si Eres \"ESPECIAL\" - TecnicasHablarEnPublico.Com","og_description":"\u00a1Todos somos especiales! Porque todos hablamos y nos expresamos de una manera \u00fanica&#8230; \u00bfA qu\u00e9 me refiero con hablar frente a un grupo si eres ESPECIAL? Todos pensamos y sentimos de manera diferente, nos mueven diferentes razones, tenemos diferentes sue\u00f1os y hablamos con nuestro estilo propio. Ser \u00fanico y diferente te deber\u00eda causar una gran [&hellip;]","og_url":"https:\/\/tecnicashablarenpublico.com\/blog\/como-hablar-frente-a-un-grupo-si-eres-especial\/","og_site_name":"TecnicasHablarEnPublico.Com","article_publisher":"https:\/\/www.facebook.com\/VictorToscanoOficial\/","article_author":"https:\/\/www.facebook.com\/victortoscanooficial","article_published_time":"2014-05-14T13:00:50+00:00","article_modified_time":"2014-05-14T18:20:44+00:00","og_image":[{"url":"https:\/\/tecnicashablarenpublico.com\/blog\/wp-content\/uploads\/2014\/05\/Como-Hablar-Frente-a-un-Grupo-si-Eres-ESPECIAL.jpg","type":"","width":"","height":""}],"author":"Victor Toscano T V","twitter_card":"summary_large_image","twitter_creator":"@_victortoscano","twitter_misc":{"Escrito por":"Victor Toscano T V","Tiempo de lectura":"4 minutos"},"schema":{"@context":"https:\/\/schema.org","@graph":[{"@type":"Article","@id":"https:\/\/tecnicashablarenpublico.com\/blog\/como-hablar-frente-a-un-grupo-si-eres-especial\/#article","isPartOf":{"@id":"https:\/\/tecnicashablarenpublico.com\/blog\/como-hablar-frente-a-un-grupo-si-eres-especial\/"},"author":{"name":"Victor Toscano T V","@id":"https:\/\/tecnicashablarenpublico.com\/blog\/#\/schema\/person\/f6a96b9bb773de8f08f84e4d6e6cf28f"},"headline":":) C\u00f3mo Hablar Frente a un Grupo si Eres \u00abESPECIAL\u00bb","datePublished":"2014-05-14T13:00:50+00:00","dateModified":"2014-05-14T18:20:44+00:00","mainEntityOfPage":{"@id":"https:\/\/tecnicashablarenpublico.com\/blog\/como-hablar-frente-a-un-grupo-si-eres-especial\/"},"wordCount":729,"commentCount":5446,"publisher":{"@id":"https:\/\/tecnicashablarenpublico.com\/blog\/#organization"},"image":{"@id":"https:\/\/tecnicashablarenpublico.com\/blog\/como-hablar-frente-a-un-grupo-si-eres-especial\/#primaryimage"},"thumbnailUrl":"https:\/\/tecnicashablarenpublico.com\/blog\/wp-content\/uploads\/2014\/05\/Como-Hablar-Frente-a-un-Grupo-si-Eres-ESPECIAL.jpg","keywords":["como hablar en publico","como vencer la timidez","hablar con seguridad y confianza"],"articleSection":["Como Hablar en Publico"],"inLanguage":"es"},{"@type":"WebPage","@id":"https:\/\/tecnicashablarenpublico.com\/blog\/como-hablar-frente-a-un-grupo-si-eres-especial\/","url":"https:\/\/tecnicashablarenpublico.com\/blog\/como-hablar-frente-a-un-grupo-si-eres-especial\/","name":":) C\u00f3mo Hablar Frente a un Grupo si Eres \"ESPECIAL\" - TecnicasHablarEnPublico.Com","isPartOf":{"@id":"https:\/\/tecnicashablarenpublico.com\/blog\/#website"},"primaryImageOfPage":{"@id":"https:\/\/tecnicashablarenpublico.com\/blog\/como-hablar-frente-a-un-grupo-si-eres-especial\/#primaryimage"},"image":{"@id":"https:\/\/tecnicashablarenpublico.com\/blog\/como-hablar-frente-a-un-grupo-si-eres-especial\/#primaryimage"},"thumbnailUrl":"https:\/\/tecnicashablarenpublico.com\/blog\/wp-content\/uploads\/2014\/05\/Como-Hablar-Frente-a-un-Grupo-si-Eres-ESPECIAL.jpg","datePublished":"2014-05-14T13:00:50+00:00","dateModified":"2014-05-14T18:20:44+00:00","breadcrumb":{"@id":"https:\/\/tecnicashablarenpublico.com\/blog\/como-hablar-frente-a-un-grupo-si-eres-especial\/#breadcrumb"},"inLanguage":"es","potentialAction":[{"@type":"ReadAction","target":["https:\/\/tecnicashablarenpublico.com\/blog\/como-hablar-frente-a-un-grupo-si-eres-especial\/"]}]},{"@type":"ImageObject","inLanguage":"es","@id":"https:\/\/tecnicashablarenpublico.com\/blog\/como-hablar-frente-a-un-grupo-si-eres-especial\/#primaryimage","url":"https:\/\/i0.wp.com\/tecnicashablarenpublico.com\/blog\/wp-content\/uploads\/2014\/05\/Como-Hablar-Frente-a-un-Grupo-si-Eres-ESPECIAL.jpg?fit=519%2C430&ssl=1","contentUrl":"https:\/\/i0.wp.com\/tecnicashablarenpublico.com\/blog\/wp-content\/uploads\/2014\/05\/Como-Hablar-Frente-a-un-Grupo-si-Eres-ESPECIAL.jpg?fit=519%2C430&ssl=1","width":519,"height":430,"caption":":) C\u00f3mo Hablar Frente a un Grupo si Eres \"ESPECIAL\""},{"@type":"BreadcrumbList","@id":"https:\/\/tecnicashablarenpublico.com\/blog\/como-hablar-frente-a-un-grupo-si-eres-especial\/#breadcrumb","itemListElement":[{"@type":"ListItem","position":1,"name":"Portada","item":"https:\/\/tecnicashablarenpublico.com\/blog\/"},{"@type":"ListItem","position":2,"name":":) C\u00f3mo Hablar Frente a un Grupo si Eres \u00abESPECIAL\u00bb"}]},{"@type":"WebSite","@id":"https:\/\/tecnicashablarenpublico.com\/blog\/#website","url":"https:\/\/tecnicashablarenpublico.com\/blog\/","name":"TecnicasHablarEnPublico.Com","description":"Blog","publisher":{"@id":"https:\/\/tecnicashablarenpublico.com\/blog\/#organization"},"potentialAction":[{"@type":"SearchAction","target":{"@type":"EntryPoint","urlTemplate":"https:\/\/tecnicashablarenpublico.com\/blog\/?s={search_term_string}"},"query-input":{"@type":"PropertyValueSpecification","valueRequired":true,"valueName":"search_term_string"}}],"inLanguage":"es"},{"@type":"Organization","@id":"https:\/\/tecnicashablarenpublico.com\/blog\/#organization","name":"TecnicasHablarEnPublico","url":"https:\/\/tecnicashablarenpublico.com\/blog\/","logo":{"@type":"ImageObject","inLanguage":"es","@id":"https:\/\/tecnicashablarenpublico.com\/blog\/#\/schema\/logo\/image\/","url":"https:\/\/i0.wp.com\/tecnicashablarenpublico.com\/blog\/wp-content\/uploads\/2014\/11\/logo_cuadrado.png?fit=286%2C255&ssl=1","contentUrl":"https:\/\/i0.wp.com\/tecnicashablarenpublico.com\/blog\/wp-content\/uploads\/2014\/11\/logo_cuadrado.png?fit=286%2C255&ssl=1","width":286,"height":255,"caption":"TecnicasHablarEnPublico"},"image":{"@id":"https:\/\/tecnicashablarenpublico.com\/blog\/#\/schema\/logo\/image\/"},"sameAs":["https:\/\/www.facebook.com\/VictorToscanoOficial\/"]},{"@type":"Person","@id":"https:\/\/tecnicashablarenpublico.com\/blog\/#\/schema\/person\/f6a96b9bb773de8f08f84e4d6e6cf28f","name":"Victor Toscano T V","image":{"@type":"ImageObject","inLanguage":"es","@id":"https:\/\/secure.gravatar.com\/avatar\/e45c6f1f2986615bd1357fd094a24ab45a2ce7ca867817458fbebca30cd78e46?s=96&d=mm&r=g","url":"https:\/\/secure.gravatar.com\/avatar\/e45c6f1f2986615bd1357fd094a24ab45a2ce7ca867817458fbebca30cd78e46?s=96&d=mm&r=g","contentUrl":"https:\/\/secure.gravatar.com\/avatar\/e45c6f1f2986615bd1357fd094a24ab45a2ce7ca867817458fbebca30cd78e46?s=96&d=mm&r=g","caption":"Victor Toscano T V"},"description":"Un apasionado en el tema de Hablar en P\u00fablico y el Crecimiento Personal, que pas\u00f3 de \"t\u00edmido\" a Conferencista Internacional en menos de dos a\u00f1os.","sameAs":["http:\/\/www.tecnicashablarenpublico.com","https:\/\/www.facebook.com\/victortoscanooficial","http:\/\/mx.linkedin.com\/in\/victortoscano\/","http:\/\/www.pinterest.com\/victortoscano\/","https:\/\/x.com\/_victortoscano","http:\/\/victortoscano.com.mx\/youtube"],"url":"https:\/\/tecnicashablarenpublico.com\/blog\/author\/vict26\/"}]}},"jetpack_publicize_connections":[],"jetpack_featured_media_url":"","jetpack_shortlink":"https:\/\/wp.me\/p338RC-vH","jetpack-related-posts":[{"id":2211,"url":"https:\/\/tecnicashablarenpublico.com\/blog\/como-perder-el-miedo-escenico-y-controlar-los-nervios-al-hablar-en-publico-curso-de-oratoria\/","url_meta":{"origin":1965,"position":0},"title":"Como Perder el Miedo Esc\u00e9nico y Controlar los Nervios al Hablar en P\u00fablico | Curso de Oratoria","author":"Victor Toscano T V","date":"19\/08\/2015","format":false,"excerpt":"P\u00e1nico Esc\u00e9nico:\u00a0Como Perder el Miedo Esc\u00e9nico, Controlar los Nervios al Hablar en P\u00fablico y Vencer el P\u00e1nico Esc\u00e9nico | Curso de Oratoria... Mira el video aqu\u00ed: \u00a1Suscr\u00edbete a mi canal en YOUTUBE! (V\u00edctor Toscano TV)... \u2022\u2022 Divide y Vencer\u00e1s \u2022\u2022 Hay quienes se confunden y consideran que el miedo y\u2026","rel":"","context":"En \u00abMiedo a Hablar en P\u00fablico\u00bb","block_context":{"text":"Miedo a Hablar en P\u00fablico","link":"https:\/\/tecnicashablarenpublico.com\/blog\/category\/miedo-a-hablar-en-publico\/"},"img":{"alt_text":"","src":"https:\/\/i0.wp.com\/optimizacionpaginasmedia.s3.amazonaws.com\/2023\/06\/PuJKI1ex-como-controlar-los-nervios-al-hablar-en-publico-copia-min.png?fit=500%2C281&ssl=1&resize=350%2C200","width":350,"height":200},"classes":[]},{"id":2185,"url":"https:\/\/tecnicashablarenpublico.com\/blog\/presentaciones-efectivas-como-exponer-en-publico-con-ayudas-visuales-no-electronicas-tema-1\/","url_meta":{"origin":1965,"position":1},"title":"Presentaciones Efectivas: Como Exponer en P\u00fablico con Ayudas Visuales NO Electr\u00f3nicas | TEMA 1","author":"Victor Toscano T V","date":"03\/07\/2015","format":false,"excerpt":"Presentaciones Efectivas: Como Exponer en P\u00fablico con un Rotafolios o Pizarr\u00f3n | Las Ayudas Visuales NO Electr\u00f3nicas... Mira el video ahora: ** Suscr\u00edbete ahora: http:\/\/victor-toscano.com\/youtube \u2022\u2022 Presentaciones Efectivas\u00a0\u2022\u2022 SERIE ACTUAL: C\u00f3mo usar correctamente las ayudas visuales (material de apoyo) al hablar en p\u00fablico. VIDEO 1: Las ayudas visuales que NO\u2026","rel":"","context":"En \u00abComo Hablar en Publico\u00bb","block_context":{"text":"Como Hablar en Publico","link":"https:\/\/tecnicashablarenpublico.com\/blog\/category\/como-hablar-en-publico-2\/"},"img":{"alt_text":"","src":"https:\/\/i0.wp.com\/optimizacionpaginasmedia.s3.amazonaws.com\/2023\/06\/ree4Y6tl-ayudas-visuales-copia-min.png?fit=500%2C281&ssl=1&resize=350%2C200","width":350,"height":200},"classes":[]},{"id":3329,"url":"https:\/\/tecnicashablarenpublico.com\/blog\/como-superar-el-panico-escenico-para-hablar-en-publico\/","url_meta":{"origin":1965,"position":2},"title":"C\u00f3mo Superar el P\u00e1nico Esc\u00e9nico para Hablar en P\u00fablico SIN MIEDO y SIN NERVIOS","author":"Victor Toscano T V","date":"19\/09\/2023","format":false,"excerpt":"Las personas podemos llegar a tener miedo irracional a las ara\u00f1as, a las serpientes, a las alturas, o a los payasos. Pero uno de los miedos m\u00e1s comunes entre la poblaci\u00f3n en general, sobre todo en estudiantes y profesionales, es el miedo a hablar en p\u00fablico, tambi\u00e9n conocido como \u201cGlosofobia\u201d.\u2026","rel":"","context":"En \u00abT\u00e9cnicas Para Hablar En P\u00fablico\u00bb","block_context":{"text":"T\u00e9cnicas Para Hablar En P\u00fablico","link":"https:\/\/tecnicashablarenpublico.com\/blog\/category\/tecnicas-para-hablar-en-publico\/"},"img":{"alt_text":"","src":"https:\/\/i0.wp.com\/optimizacionpaginasmedia.s3.amazonaws.com\/2023\/09\/Q0kQLcSv-Como-Superar-el-Panico-Escenico-Claves-para-Hablar-en-Publico-SIN-MIEDO-y-SIN-NERVIOS-MIN-min.jpg?fit=500%2C281&ssl=1&resize=350%2C200","width":350,"height":200},"classes":[]},{"id":2349,"url":"https:\/\/tecnicashablarenpublico.com\/blog\/como-hablar-en-publico-sin-nervios-y-disfrutarlo\/","url_meta":{"origin":1965,"position":3},"title":"C\u00f3mo Hablar en P\u00fablico Sin Nervios y Disfrutarlo | Curso de Oratoria Tecnicas Para Perder el Miedo","author":"Victor Toscano T V","date":"07\/02\/2017","format":false,"excerpt":"Curso de Oratoria sobre c\u00f3mo perder el miedo a hablar en p\u00fablico sin nervios, clases de oratoria, tecnicas para hablar, exponer y expresarse bien disfrutando el proceso... \u00bb Mira el VIDEO Aqu\u00ed: \u00bb Suscr\u00edbete en Youtube: http:\/\/victor-toscano.com\/youtube \u00bb M\u00e1s videos de Oratoria:\u00a0https:\/\/tecnicashablarenpublico.com C\u00f3mo hacer que hablar en p\u00fablico te produzca\u2026","rel":"","context":"En \u00abT\u00e9cnicas Para Hablar En P\u00fablico\u00bb","block_context":{"text":"T\u00e9cnicas Para Hablar En P\u00fablico","link":"https:\/\/tecnicashablarenpublico.com\/blog\/category\/tecnicas-para-hablar-en-publico\/"},"img":{"alt_text":"","src":"https:\/\/i0.wp.com\/optimizacionpaginasmedia.s3.amazonaws.com\/2023\/06\/ulxGekVx-hablar-en-publico-copia.png?fit=500%2C281&ssl=1&resize=350%2C200","width":350,"height":200},"classes":[]},{"id":554,"url":"https:\/\/tecnicashablarenpublico.com\/blog\/como-lograr-mas-seguridad-y-confianza-al-hablar-en-publico\/","url_meta":{"origin":1965,"position":4},"title":"Como Lograr M\u00e1s Seguridad Y Confianza Al Hablar En P\u00fablico","author":"Victor Toscano T V","date":"09\/01\/2013","format":false,"excerpt":"\u00bfAlguna vez te has visto en la necesidad e Hablar frente a un P\u00fablico? \u00bfTe ha pasado que te llenas de nervios y NO puedes darle a tu voz esa CONVICCI\u00d3N que te gustar\u00eda? En este art\u00edculo voy a compartir contigo 5 consejos que te ayudar\u00e1n a lograr m\u00e1s seguridad\u2026","rel":"","context":"En \u00abT\u00e9cnicas Para Hablar En P\u00fablico\u00bb","block_context":{"text":"T\u00e9cnicas Para Hablar En P\u00fablico","link":"https:\/\/tecnicashablarenpublico.com\/blog\/category\/tecnicas-para-hablar-en-publico\/"},"img":{"alt_text":"","src":"https:\/\/i0.wp.com\/optimizacionpaginasmedia.s3.amazonaws.com\/2023\/06\/mKaYFcjt-3-min.jpg?fit=500%2C333&ssl=1&resize=350%2C200","width":350,"height":200},"classes":[]},{"id":383,"url":"https:\/\/tecnicashablarenpublico.com\/blog\/muletillas-al-hablar-en-publico\/","url_meta":{"origin":1965,"position":5},"title":"Muletillas Al Hablar En P\u00fablico","author":"Victor Toscano T V","date":"06\/09\/2010","format":false,"excerpt":"\u00a0 Todos tenemos nuestro propio estilo para hablar, es lo que nos hace \u00fanicos. \u00bfAlguna vez has o\u00eddo a alguien hacer una observaci\u00f3n sobre la manera tan interesante o acertada como expresaste alguna frase? Aprendemos nuestra manera de hablar de nuestros padres y mentores durante nuestro crecimiento. As\u00ed que si\u2026","rel":"","context":"En \u00abT\u00e9cnicas Para Hablar En P\u00fablico\u00bb","block_context":{"text":"T\u00e9cnicas Para Hablar En P\u00fablico","link":"https:\/\/tecnicashablarenpublico.com\/blog\/category\/tecnicas-para-hablar-en-publico\/"},"img":{"alt_text":"Muletillas Al Hablar En P\u00fablico.","src":"https:\/\/i0.wp.com\/tecnicashablarenpublico.com\/blog\/wp-content\/uploads\/2010\/09\/Muletillas-Al-Hablar-En-P%C3%BAblico.-300x198.jpg?resize=350%2C200&ssl=1","width":350,"height":200},"classes":[]}],"jetpack_sharing_enabled":true,"_links":{"self":[{"href":"https:\/\/tecnicashablarenpublico.com\/blog\/wp-json\/wp\/v2\/posts\/1965","targetHints":{"allow":["GET"]}}],"collection":[{"href":"https:\/\/tecnicashablarenpublico.com\/blog\/wp-json\/wp\/v2\/posts"}],"about":[{"href":"https:\/\/tecnicashablarenpublico.com\/blog\/wp-json\/wp\/v2\/types\/post"}],"author":[{"embeddable":true,"href":"https:\/\/tecnicashablarenpublico.com\/blog\/wp-json\/wp\/v2\/users\/1"}],"replies":[{"embeddable":true,"href":"https:\/\/tecnicashablarenpublico.com\/blog\/wp-json\/wp\/v2\/comments?post=1965"}],"version-history":[{"count":0,"href":"https:\/\/tecnicashablarenpublico.com\/blog\/wp-json\/wp\/v2\/posts\/1965\/revisions"}],"wp:attachment":[{"href":"https:\/\/tecnicashablarenpublico.com\/blog\/wp-json\/wp\/v2\/media?parent=1965"}],"wp:term":[{"taxonomy":"category","embeddable":true,"href":"https:\/\/tecnicashablarenpublico.com\/blog\/wp-json\/wp\/v2\/categories?post=1965"},{"taxonomy":"post_tag","embeddable":true,"href":"https:\/\/tecnicashablarenpublico.com\/blog\/wp-json\/wp\/v2\/tags?post=1965"}],"curies":[{"name":"wp","href":"https:\/\/api.w.org\/{rel}","templated":true}]}}