{"id":1904,"date":"2014-03-18T11:03:43","date_gmt":"2014-03-18T17:03:43","guid":{"rendered":"https:\/\/tecnicashablarenpublico.com\/blog\/?p=1904"},"modified":"2014-03-18T11:09:51","modified_gmt":"2014-03-18T17:09:51","slug":"como-tu-puedes-ser-un-conferencista-internacional","status":"publish","type":"post","link":"https:\/\/tecnicashablarenpublico.com\/blog\/como-tu-puedes-ser-un-conferencista-internacional\/","title":{"rendered":"C\u00f3mo T\u00da Puedes Ser Un Conferencista Internacional"},"content":{"rendered":"<p dir=\"ltr\"><strong><em>\u00bfAlguna vez has tenido el sue\u00f1o de dar\u00a0conferencias ante miles de personas y vivir de ello?<\/em><\/strong><\/p>\n<p><span style=\"line-height: 1.5em;\">O quiz\u00e1 ya est\u00e1s dando conferencias pero\u00a0<\/span>no has logrado darte a conocer a nivel\u00a0internacional\u2026<\/p>\n<address><em>\u00bfTe gustar\u00eda <span style=\"text-decoration: underline;\">empezar hoy<\/span> a prepararte? &#8211;\u00a0<\/em>Mira este video ahora:<\/address>\n<p><iframe class=\"lazyload\" data-src=\"https:\/\/www.youtube.com\/embed\/VvYED0_jd4Y?rel=0&amp;theme=light&amp;autohide=1&amp;showinfo=0&amp;html5=true&amp;controls=1&amp;autoplay=1&amp;modestbranding=1;vq=large\" height=\"360\" width=\"640\" allowfullscreen=\"\" frameborder=\"0\"><\/iframe><\/p>\n<p dir=\"ltr\">[hyperlink_large_centered link=\u00bbhttp:\/\/conferenciasinternacionales.org\/\u00bb + target=\u00bb_blank\u00bb]Haz Clic Aqu\u00ed y Reg\u00edstrate a esta Certificaci\u00f3n de C\u00f3mo Hablar en P\u00fablico Ahora Mismo&#8230;[\/hyperlink_large_centered]<\/p>\n<p dir=\"ltr\">Imagina que logras convertirte en una gran\u00a0celebridad como conferencista, y empiezan\u00a0a solicitar tu presencia en todos los <span style=\"text-decoration: underline;\">grandes eventos<\/span>.<\/p>\n<h2><strong><em><span style=\"line-height: 1.5em;\">\u00bfC\u00f3mo puedes hacer esto una realidad?\u00a0<\/span><\/em><\/strong><\/h2>\n<p dir=\"ltr\">Existen algunas habilidades y conocimientos\u00a0que debes adquirir para poder hablar y\u00a0motivar a grandes audiencias\u2026<\/p>\n<p dir=\"ltr\">Pero adem\u00e1s, tendr\u00e1s que saber qu\u00e9 hacer\u00a0en t\u00e9rminos legales, comerciales, tecnol\u00f3gicos,\u00a0y principalmente:<\/p>\n<p><strong><span style=\"line-height: 1.5em;\">\u201cPosicionar Tu Marca Personal\u201d<\/span><\/strong><\/p>\n<p><span style=\"line-height: 1.5em;\">Por eso, hoy quiero compartir contigo una\u00a0<\/span>serie de videos donde aprender\u00e1s todo\u00a0esto\u2026<\/p>\n<p><span style=\"line-height: 1.5em;\">Lo \u00fanico que tienes que hacer es entrar\u00a0<\/span>a la siguiente p\u00e1gina y registrarte con tu\u00a0nombre y correo electr\u00f3nico:<\/p>\n<p style=\"text-align: center;\"><span style=\"text-decoration: underline;\"><a href=\"http:\/\/conferenciasinternacionales.org\" target=\"_blank\" class=\"broken_link\"><span style=\"line-height: 1.5em;\">Haz Click Aqu\u00ed Para Recibir Los Videos\u00a0<\/span>En Tu Email Ahora Mismo&#8230;<\/a><\/span><\/p>\n<p><a href=\"http:\/\/conferenciasinternacionales.org\" target=\"_blank\" class=\"broken_link\"><img decoding=\"async\" class=\"aligncenter lazyload\" alt=\"Como Hablar en P\u00fablico\" src=\"data:image\/gif;base64,R0lGODlhAQABAIAAAAAAAP\/\/\/yH5BAEAAAAALAAAAAABAAEAAAIBRAA7\" data-src=\"http:\/\/comohablarenpublico.org\/wp-content\/uploads\/2014\/03\/CERTIFICACION.png\" border=\"0\" \/><noscript><img data-recalc-dims=\"1\" decoding=\"async\" class=\"aligncenter lazyload\" alt=\"Como Hablar en P\u00fablico\" src=\"https:\/\/i0.wp.com\/comohablarenpublico.org\/wp-content\/uploads\/2014\/03\/CERTIFICACION.png\" border=\"0\" \/><\/noscript><\/a><\/p>\n<p style=\"text-align: center;\"><span style=\"text-decoration: underline;\"><a href=\"http:\/\/conferenciasinternacionales.org\" target=\"_blank\" class=\"broken_link\">http:\/\/conferenciasinternacionales.org<\/a><\/span><\/p>\n<h2><strong>\u00a0\u00bfDe qui\u00e9n voy a aprender?<\/strong><\/h2>\n<p><span style=\"line-height: 1.5em;\">Este valioso contenido te ser\u00e1 entregado\u00a0<\/span>directamente del presidente de la:<\/p>\n<p dir=\"ltr\"><em><strong><span style=\"line-height: 1.5em;\">\u201cAsociaci\u00f3n de Conferencistas Hispanos\u201d<\/span><\/strong><\/em><span style=\"text-decoration: underline;\">Francisco Ya\u00f1ez<\/span><\/p>\n<p><a href=\"http:\/\/conferenciasinternacionales.org\" target=\"_blank\" class=\"broken_link\"><img decoding=\"async\" class=\"aligncenter lazyload\" alt=\"Como Hablar en P\u00fablico\" src=\"data:image\/gif;base64,R0lGODlhAQABAIAAAAAAAP\/\/\/yH5BAEAAAAALAAAAAABAAEAAAIBRAA7\" data-src=\"http:\/\/www.santiagourquieta.com\/wp-content\/uploads\/2012\/10\/Francisco-Y%C3%A1%C3%B1ez.png\" border=\"0\" \/><noscript><img data-recalc-dims=\"1\" decoding=\"async\" class=\"aligncenter lazyload\" alt=\"Como Hablar en P\u00fablico\" src=\"https:\/\/i0.wp.com\/www.santiagourquieta.com\/wp-content\/uploads\/2012\/10\/Francisco-Y%C3%A1%C3%B1ez.png\" border=\"0\" \/><\/noscript><\/a><\/p>\n<p style=\"text-align: center;\"><span style=\"text-decoration: underline;\"><a href=\"http:\/\/conferenciasinternacionales.org\" target=\"_blank\" class=\"broken_link\">http:\/\/conferenciasinternacionales.org<\/a><\/span><\/p>\n<p><span style=\"line-height: 1.5em;\">Francisco Ya\u00f1ez es un conferencista muy\u00a0<\/span>exitoso a nivel Internacional, y ahora t\u00fa podr\u00e1s&#8230;<\/p>\n<p style=\"text-align: center;\"><strong><span style=\"line-height: 1.5em;\">APRENDER DIRECTAMENTE DE \u00c9L.<\/span><\/strong><\/p>\n<p dir=\"ltr\"><em>Recuerda: \u201cSigue los pasos de aquellos que\u00a0ya lograron la meta que quieres alcanzar.\u201d<\/em><\/p>\n<p>\u00a0Registrate ahora mismo con tu nombre y\u00a0correo electr\u00f3nico, y aprende\u2026<\/p>\n<p>[red_tick_list width=\u00bb100%\u00bb]<\/p>\n<ul>\n<li>\u00a0T\u00e9cnicas de oratoria para conferencias,<\/li>\n<li>Cuestiones de contratos legales,<\/li>\n<li>C\u00f3mo vender tus conferencias,<\/li>\n<li>C\u00f3mo usar el Internet para promoverte,<\/li>\n<li>C\u00f3mo posicionar tu marca personal&#8230;<\/li>\n<\/ul>\n<p>[\/red_tick_list]<\/p>\n<p dir=\"ltr\"><strong>Haz Click Ahora Mismo:<\/strong><\/p>\n<p><a href=\"http:\/\/conferenciasinternacionales.org\" class=\"broken_link\"><img decoding=\"async\" data-attachment-id=\"1917\" data-permalink=\"https:\/\/tecnicashablarenpublico.com\/blog\/como-tu-puedes-ser-un-conferencista-internacional\/boton-registrame\/\" data-orig-file=\"https:\/\/i0.wp.com\/tecnicashablarenpublico.com\/blog\/wp-content\/uploads\/2014\/03\/boton-registrame.png?fit=537%2C161&amp;ssl=1\" data-orig-size=\"537,161\" data-comments-opened=\"0\" data-image-meta=\"{&quot;aperture&quot;:&quot;0&quot;,&quot;credit&quot;:&quot;&quot;,&quot;camera&quot;:&quot;&quot;,&quot;caption&quot;:&quot;&quot;,&quot;created_timestamp&quot;:&quot;0&quot;,&quot;copyright&quot;:&quot;&quot;,&quot;focal_length&quot;:&quot;0&quot;,&quot;iso&quot;:&quot;0&quot;,&quot;shutter_speed&quot;:&quot;0&quot;,&quot;title&quot;:&quot;&quot;}\" data-image-title=\"certificacion como hablar en publico\" data-image-description=\"&lt;p&gt;certificacion como hablar en publico&lt;\/p&gt;\n\" data-image-caption=\"\" data-large-file=\"https:\/\/i0.wp.com\/tecnicashablarenpublico.com\/blog\/wp-content\/uploads\/2014\/03\/boton-registrame.png?fit=537%2C161&amp;ssl=1\" src=\"data:image\/gif;base64,R0lGODlhAQABAIAAAAAAAP\/\/\/yH5BAEAAAAALAAAAAABAAEAAAIBRAA7\" data-src=\"https:\/\/tecnicashablarenpublico.com\/blog\/wp-content\/uploads\/2014\/03\/boton-registrame-300x89.png\" alt=\"certificacion como hablar en publico\" width=\"300\" height=\"89\" class=\"aligncenter size-medium wp-image-1917 lazyload\" \/><noscript><img data-recalc-dims=\"1\" decoding=\"async\" data-attachment-id=\"1917\" data-permalink=\"https:\/\/tecnicashablarenpublico.com\/blog\/como-tu-puedes-ser-un-conferencista-internacional\/boton-registrame\/\" data-orig-file=\"https:\/\/i0.wp.com\/tecnicashablarenpublico.com\/blog\/wp-content\/uploads\/2014\/03\/boton-registrame.png?fit=537%2C161&amp;ssl=1\" data-orig-size=\"537,161\" data-comments-opened=\"0\" data-image-meta=\"{&quot;aperture&quot;:&quot;0&quot;,&quot;credit&quot;:&quot;&quot;,&quot;camera&quot;:&quot;&quot;,&quot;caption&quot;:&quot;&quot;,&quot;created_timestamp&quot;:&quot;0&quot;,&quot;copyright&quot;:&quot;&quot;,&quot;focal_length&quot;:&quot;0&quot;,&quot;iso&quot;:&quot;0&quot;,&quot;shutter_speed&quot;:&quot;0&quot;,&quot;title&quot;:&quot;&quot;}\" data-image-title=\"certificacion como hablar en publico\" data-image-description=\"&lt;p&gt;certificacion como hablar en publico&lt;\/p&gt;\n\" data-image-caption=\"\" data-large-file=\"https:\/\/i0.wp.com\/tecnicashablarenpublico.com\/blog\/wp-content\/uploads\/2014\/03\/boton-registrame.png?fit=537%2C161&amp;ssl=1\" src=\"https:\/\/i0.wp.com\/tecnicashablarenpublico.com\/blog\/wp-content\/uploads\/2014\/03\/boton-registrame.png?fit=300%2C89&ssl=1\" alt=\"certificacion como hablar en publico\" width=\"300\" height=\"89\" class=\"aligncenter size-medium wp-image-1917 lazyload\" srcset=\"https:\/\/i0.wp.com\/tecnicashablarenpublico.com\/blog\/wp-content\/uploads\/2014\/03\/boton-registrame.png?fit=300%2C89&amp;ssl=1 300w, https:\/\/i0.wp.com\/tecnicashablarenpublico.com\/blog\/wp-content\/uploads\/2014\/03\/boton-registrame.png?fit=537%2C161&amp;ssl=1 537w\" sizes=\"(max-width: 300px) 100vw, 300px\" \/><\/noscript><\/a><\/p>\n<p><img decoding=\"async\" class=\"lazyload\" alt=\"Como Hablar en P\u00fablico\" src=\"data:image\/gif;base64,R0lGODlhAQABAIAAAAAAAP\/\/\/yH5BAEAAAAALAAAAAABAAEAAAIBRAA7\" data-src=\"https:\/\/tecnicashablarenpublico.com\/imagenes\/own_firma.jpg\" border=\"0\" \/><noscript><img data-recalc-dims=\"1\" decoding=\"async\" class=\"lazyload\" alt=\"Como Hablar en P\u00fablico\" src=\"https:\/\/i0.wp.com\/tecnicashablarenpublico.com\/imagenes\/own_firma.jpg?ssl=1\" border=\"0\" \/><\/noscript><\/p>\n<p><strong>V\u00edctor Toscano<\/strong><br \/>\n<span style=\"text-decoration: underline;\"><a href=\"http:\/\/conferenciasinternacionales.org\" target=\"_blank\" class=\"broken_link\">ConferenciasInternacionales.org<\/a><\/span><\/p>\n<p><em><strong>P.D: \u00bfQuieres aprender a Hablar en P\u00fablico a\u00fan sin ser Conferencista Internacional? Reg\u00edstrate Ahora:<\/em><\/strong><\/p>\n<p style=\"text-align: center;\">[DKB url=\u00bbhttp:\/\/conferenciasinternacionales.org\/\u00bb text=\u00bb\u00a1Aprende a Hablar Bien en P\u00fablico! \u00a1Haz Clic AQU\u00cd!\u00bb desc=\u00bbInscr\u00edbete a este curso en linea y descubre c\u00f3mo Influir con tus Palabras&#8230;\u00bb style=\u00bbstitched\u00bb color=\u00bb#006dd2&#8243; \u00a0opennewwindow=\u00bbyes\u00bb]<\/p>\n","protected":false},"excerpt":{"rendered":"<p>\u00bfAlguna vez has tenido el sue\u00f1o de dar\u00a0conferencias ante miles de personas y vivir de ello? O quiz\u00e1 ya est\u00e1s dando conferencias pero\u00a0no has logrado darte a conocer a nivel\u00a0internacional\u2026 \u00bfTe gustar\u00eda empezar hoy a prepararte? &#8211;\u00a0Mira este video ahora: [hyperlink_large_centered link=\u00bbhttp:\/\/conferenciasinternacionales.org\/\u00bb + target=\u00bb_blank\u00bb]Haz Clic Aqu\u00ed y Reg\u00edstrate a esta Certificaci\u00f3n de C\u00f3mo Hablar en [&hellip;]<\/p>\n","protected":false},"author":1,"featured_media":0,"comment_status":"open","ping_status":"closed","sticky":false,"template":"","format":"standard","meta":{"jetpack_post_was_ever_published":false,"_jetpack_newsletter_access":"","_jetpack_dont_email_post_to_subs":false,"_jetpack_newsletter_tier_id":0,"_jetpack_memberships_contains_paywalled_content":false,"_jetpack_memberships_contains_paid_content":false,"footnotes":"","jetpack_publicize_message":"","jetpack_publicize_feature_enabled":true,"jetpack_social_post_already_shared":true,"jetpack_social_options":{"image_generator_settings":{"template":"highway","default_image_id":0,"font":"","enabled":false},"version":2}},"categories":[32,37],"tags":[6],"class_list":["post-1904","post","type-post","status-publish","format-standard","hentry","category-como-hablar-en-publico-2","category-curso-de-oratoria-online","tag-como-hablar-en-publico","post-wrapper","thrv_wrapper"],"yoast_head":"<!-- This site is optimized with the Yoast SEO plugin v27.5 - https:\/\/yoast.com\/product\/yoast-seo-wordpress\/ -->\n<title>C\u00f3mo T\u00da Puedes Ser Un Conferencista Internacional - TecnicasHablarEnPublico.Com<\/title>\n<meta name=\"robots\" content=\"index, follow, max-snippet:-1, max-image-preview:large, max-video-preview:-1\" \/>\n<link rel=\"canonical\" href=\"https:\/\/tecnicashablarenpublico.com\/blog\/como-tu-puedes-ser-un-conferencista-internacional\/\" \/>\n<meta property=\"og:locale\" content=\"es_ES\" \/>\n<meta property=\"og:type\" content=\"article\" \/>\n<meta property=\"og:title\" content=\"C\u00f3mo T\u00da Puedes Ser Un Conferencista Internacional - TecnicasHablarEnPublico.Com\" \/>\n<meta property=\"og:description\" content=\"\u00bfAlguna vez has tenido el sue\u00f1o de dar\u00a0conferencias ante miles de personas y vivir de ello? O quiz\u00e1 ya est\u00e1s dando conferencias pero\u00a0no has logrado darte a conocer a nivel\u00a0internacional\u2026 \u00bfTe gustar\u00eda empezar hoy a prepararte? &#8211;\u00a0Mira este video ahora: [hyperlink_large_centered link=\u00bbhttp:\/\/conferenciasinternacionales.org\/\u00bb + target=\u00bb_blank\u00bb]Haz Clic Aqu\u00ed y Reg\u00edstrate a esta Certificaci\u00f3n de C\u00f3mo Hablar en [&hellip;]\" \/>\n<meta property=\"og:url\" content=\"https:\/\/tecnicashablarenpublico.com\/blog\/como-tu-puedes-ser-un-conferencista-internacional\/\" \/>\n<meta property=\"og:site_name\" content=\"TecnicasHablarEnPublico.Com\" \/>\n<meta property=\"article:publisher\" content=\"https:\/\/www.facebook.com\/VictorToscanoOficial\/\" \/>\n<meta property=\"article:author\" content=\"https:\/\/www.facebook.com\/victortoscanooficial\" \/>\n<meta property=\"article:published_time\" content=\"2014-03-18T17:03:43+00:00\" \/>\n<meta property=\"article:modified_time\" content=\"2014-03-18T17:09:51+00:00\" \/>\n<meta property=\"og:image\" content=\"http:\/\/comohablarenpublico.org\/wp-content\/uploads\/2014\/03\/CERTIFICACION.png\" \/>\n<meta name=\"author\" content=\"Victor Toscano T V\" \/>\n<meta name=\"twitter:card\" content=\"summary_large_image\" \/>\n<meta name=\"twitter:creator\" content=\"@_victortoscano\" \/>\n<meta name=\"twitter:label1\" content=\"Escrito por\" \/>\n\t<meta name=\"twitter:data1\" content=\"Victor Toscano T V\" \/>\n\t<meta name=\"twitter:label2\" content=\"Tiempo de lectura\" \/>\n\t<meta name=\"twitter:data2\" content=\"2 minutos\" \/>\n<script type=\"application\/ld+json\" class=\"yoast-schema-graph\">{\"@context\":\"https:\\\/\\\/schema.org\",\"@graph\":[{\"@type\":\"Article\",\"@id\":\"https:\\\/\\\/tecnicashablarenpublico.com\\\/blog\\\/como-tu-puedes-ser-un-conferencista-internacional\\\/#article\",\"isPartOf\":{\"@id\":\"https:\\\/\\\/tecnicashablarenpublico.com\\\/blog\\\/como-tu-puedes-ser-un-conferencista-internacional\\\/\"},\"author\":{\"name\":\"Victor Toscano T V\",\"@id\":\"https:\\\/\\\/tecnicashablarenpublico.com\\\/blog\\\/#\\\/schema\\\/person\\\/f6a96b9bb773de8f08f84e4d6e6cf28f\"},\"headline\":\"C\u00f3mo T\u00da Puedes Ser Un Conferencista Internacional\",\"datePublished\":\"2014-03-18T17:03:43+00:00\",\"dateModified\":\"2014-03-18T17:09:51+00:00\",\"mainEntityOfPage\":{\"@id\":\"https:\\\/\\\/tecnicashablarenpublico.com\\\/blog\\\/como-tu-puedes-ser-un-conferencista-internacional\\\/\"},\"wordCount\":378,\"commentCount\":5446,\"publisher\":{\"@id\":\"https:\\\/\\\/tecnicashablarenpublico.com\\\/blog\\\/#organization\"},\"image\":{\"@id\":\"https:\\\/\\\/tecnicashablarenpublico.com\\\/blog\\\/como-tu-puedes-ser-un-conferencista-internacional\\\/#primaryimage\"},\"thumbnailUrl\":\"http:\\\/\\\/comohablarenpublico.org\\\/wp-content\\\/uploads\\\/2014\\\/03\\\/CERTIFICACION.png\",\"keywords\":[\"como hablar en publico\"],\"articleSection\":[\"Como Hablar en Publico\",\"Curso de Oratoria Online\"],\"inLanguage\":\"es\"},{\"@type\":\"WebPage\",\"@id\":\"https:\\\/\\\/tecnicashablarenpublico.com\\\/blog\\\/como-tu-puedes-ser-un-conferencista-internacional\\\/\",\"url\":\"https:\\\/\\\/tecnicashablarenpublico.com\\\/blog\\\/como-tu-puedes-ser-un-conferencista-internacional\\\/\",\"name\":\"C\u00f3mo T\u00da Puedes Ser Un Conferencista Internacional - TecnicasHablarEnPublico.Com\",\"isPartOf\":{\"@id\":\"https:\\\/\\\/tecnicashablarenpublico.com\\\/blog\\\/#website\"},\"primaryImageOfPage\":{\"@id\":\"https:\\\/\\\/tecnicashablarenpublico.com\\\/blog\\\/como-tu-puedes-ser-un-conferencista-internacional\\\/#primaryimage\"},\"image\":{\"@id\":\"https:\\\/\\\/tecnicashablarenpublico.com\\\/blog\\\/como-tu-puedes-ser-un-conferencista-internacional\\\/#primaryimage\"},\"thumbnailUrl\":\"http:\\\/\\\/comohablarenpublico.org\\\/wp-content\\\/uploads\\\/2014\\\/03\\\/CERTIFICACION.png\",\"datePublished\":\"2014-03-18T17:03:43+00:00\",\"dateModified\":\"2014-03-18T17:09:51+00:00\",\"breadcrumb\":{\"@id\":\"https:\\\/\\\/tecnicashablarenpublico.com\\\/blog\\\/como-tu-puedes-ser-un-conferencista-internacional\\\/#breadcrumb\"},\"inLanguage\":\"es\",\"potentialAction\":[{\"@type\":\"ReadAction\",\"target\":[\"https:\\\/\\\/tecnicashablarenpublico.com\\\/blog\\\/como-tu-puedes-ser-un-conferencista-internacional\\\/\"]}]},{\"@type\":\"ImageObject\",\"inLanguage\":\"es\",\"@id\":\"https:\\\/\\\/tecnicashablarenpublico.com\\\/blog\\\/como-tu-puedes-ser-un-conferencista-internacional\\\/#primaryimage\",\"url\":\"http:\\\/\\\/comohablarenpublico.org\\\/wp-content\\\/uploads\\\/2014\\\/03\\\/CERTIFICACION.png\",\"contentUrl\":\"http:\\\/\\\/comohablarenpublico.org\\\/wp-content\\\/uploads\\\/2014\\\/03\\\/CERTIFICACION.png\"},{\"@type\":\"BreadcrumbList\",\"@id\":\"https:\\\/\\\/tecnicashablarenpublico.com\\\/blog\\\/como-tu-puedes-ser-un-conferencista-internacional\\\/#breadcrumb\",\"itemListElement\":[{\"@type\":\"ListItem\",\"position\":1,\"name\":\"Portada\",\"item\":\"https:\\\/\\\/tecnicashablarenpublico.com\\\/blog\\\/\"},{\"@type\":\"ListItem\",\"position\":2,\"name\":\"C\u00f3mo T\u00da Puedes Ser Un Conferencista Internacional\"}]},{\"@type\":\"WebSite\",\"@id\":\"https:\\\/\\\/tecnicashablarenpublico.com\\\/blog\\\/#website\",\"url\":\"https:\\\/\\\/tecnicashablarenpublico.com\\\/blog\\\/\",\"name\":\"TecnicasHablarEnPublico.Com\",\"description\":\"Blog\",\"publisher\":{\"@id\":\"https:\\\/\\\/tecnicashablarenpublico.com\\\/blog\\\/#organization\"},\"potentialAction\":[{\"@type\":\"SearchAction\",\"target\":{\"@type\":\"EntryPoint\",\"urlTemplate\":\"https:\\\/\\\/tecnicashablarenpublico.com\\\/blog\\\/?s={search_term_string}\"},\"query-input\":{\"@type\":\"PropertyValueSpecification\",\"valueRequired\":true,\"valueName\":\"search_term_string\"}}],\"inLanguage\":\"es\"},{\"@type\":\"Organization\",\"@id\":\"https:\\\/\\\/tecnicashablarenpublico.com\\\/blog\\\/#organization\",\"name\":\"TecnicasHablarEnPublico\",\"url\":\"https:\\\/\\\/tecnicashablarenpublico.com\\\/blog\\\/\",\"logo\":{\"@type\":\"ImageObject\",\"inLanguage\":\"es\",\"@id\":\"https:\\\/\\\/tecnicashablarenpublico.com\\\/blog\\\/#\\\/schema\\\/logo\\\/image\\\/\",\"url\":\"https:\\\/\\\/i0.wp.com\\\/tecnicashablarenpublico.com\\\/blog\\\/wp-content\\\/uploads\\\/2014\\\/11\\\/logo_cuadrado.png?fit=286%2C255&ssl=1\",\"contentUrl\":\"https:\\\/\\\/i0.wp.com\\\/tecnicashablarenpublico.com\\\/blog\\\/wp-content\\\/uploads\\\/2014\\\/11\\\/logo_cuadrado.png?fit=286%2C255&ssl=1\",\"width\":286,\"height\":255,\"caption\":\"TecnicasHablarEnPublico\"},\"image\":{\"@id\":\"https:\\\/\\\/tecnicashablarenpublico.com\\\/blog\\\/#\\\/schema\\\/logo\\\/image\\\/\"},\"sameAs\":[\"https:\\\/\\\/www.facebook.com\\\/VictorToscanoOficial\\\/\"]},{\"@type\":\"Person\",\"@id\":\"https:\\\/\\\/tecnicashablarenpublico.com\\\/blog\\\/#\\\/schema\\\/person\\\/f6a96b9bb773de8f08f84e4d6e6cf28f\",\"name\":\"Victor Toscano T V\",\"image\":{\"@type\":\"ImageObject\",\"inLanguage\":\"es\",\"@id\":\"https:\\\/\\\/secure.gravatar.com\\\/avatar\\\/e45c6f1f2986615bd1357fd094a24ab45a2ce7ca867817458fbebca30cd78e46?s=96&d=mm&r=g\",\"url\":\"https:\\\/\\\/secure.gravatar.com\\\/avatar\\\/e45c6f1f2986615bd1357fd094a24ab45a2ce7ca867817458fbebca30cd78e46?s=96&d=mm&r=g\",\"contentUrl\":\"https:\\\/\\\/secure.gravatar.com\\\/avatar\\\/e45c6f1f2986615bd1357fd094a24ab45a2ce7ca867817458fbebca30cd78e46?s=96&d=mm&r=g\",\"caption\":\"Victor Toscano T V\"},\"description\":\"Un apasionado en el tema de Hablar en P\u00fablico y el Crecimiento Personal, que pas\u00f3 de \\\"t\u00edmido\\\" a Conferencista Internacional en menos de dos a\u00f1os.\",\"sameAs\":[\"http:\\\/\\\/www.tecnicashablarenpublico.com\",\"https:\\\/\\\/www.facebook.com\\\/victortoscanooficial\",\"http:\\\/\\\/mx.linkedin.com\\\/in\\\/victortoscano\\\/\",\"http:\\\/\\\/www.pinterest.com\\\/victortoscano\\\/\",\"https:\\\/\\\/x.com\\\/_victortoscano\",\"http:\\\/\\\/victortoscano.com.mx\\\/youtube\"],\"url\":\"https:\\\/\\\/tecnicashablarenpublico.com\\\/blog\\\/author\\\/vict26\\\/\"}]}<\/script>\n<!-- \/ Yoast SEO plugin. -->","yoast_head_json":{"title":"C\u00f3mo T\u00da Puedes Ser Un Conferencista Internacional - TecnicasHablarEnPublico.Com","robots":{"index":"index","follow":"follow","max-snippet":"max-snippet:-1","max-image-preview":"max-image-preview:large","max-video-preview":"max-video-preview:-1"},"canonical":"https:\/\/tecnicashablarenpublico.com\/blog\/como-tu-puedes-ser-un-conferencista-internacional\/","og_locale":"es_ES","og_type":"article","og_title":"C\u00f3mo T\u00da Puedes Ser Un Conferencista Internacional - TecnicasHablarEnPublico.Com","og_description":"\u00bfAlguna vez has tenido el sue\u00f1o de dar\u00a0conferencias ante miles de personas y vivir de ello? O quiz\u00e1 ya est\u00e1s dando conferencias pero\u00a0no has logrado darte a conocer a nivel\u00a0internacional\u2026 \u00bfTe gustar\u00eda empezar hoy a prepararte? &#8211;\u00a0Mira este video ahora: [hyperlink_large_centered link=\u00bbhttp:\/\/conferenciasinternacionales.org\/\u00bb + target=\u00bb_blank\u00bb]Haz Clic Aqu\u00ed y Reg\u00edstrate a esta Certificaci\u00f3n de C\u00f3mo Hablar en [&hellip;]","og_url":"https:\/\/tecnicashablarenpublico.com\/blog\/como-tu-puedes-ser-un-conferencista-internacional\/","og_site_name":"TecnicasHablarEnPublico.Com","article_publisher":"https:\/\/www.facebook.com\/VictorToscanoOficial\/","article_author":"https:\/\/www.facebook.com\/victortoscanooficial","article_published_time":"2014-03-18T17:03:43+00:00","article_modified_time":"2014-03-18T17:09:51+00:00","og_image":[{"url":"http:\/\/comohablarenpublico.org\/wp-content\/uploads\/2014\/03\/CERTIFICACION.png","type":"","width":"","height":""}],"author":"Victor Toscano T V","twitter_card":"summary_large_image","twitter_creator":"@_victortoscano","twitter_misc":{"Escrito por":"Victor Toscano T V","Tiempo de lectura":"2 minutos"},"schema":{"@context":"https:\/\/schema.org","@graph":[{"@type":"Article","@id":"https:\/\/tecnicashablarenpublico.com\/blog\/como-tu-puedes-ser-un-conferencista-internacional\/#article","isPartOf":{"@id":"https:\/\/tecnicashablarenpublico.com\/blog\/como-tu-puedes-ser-un-conferencista-internacional\/"},"author":{"name":"Victor Toscano T V","@id":"https:\/\/tecnicashablarenpublico.com\/blog\/#\/schema\/person\/f6a96b9bb773de8f08f84e4d6e6cf28f"},"headline":"C\u00f3mo T\u00da Puedes Ser Un Conferencista Internacional","datePublished":"2014-03-18T17:03:43+00:00","dateModified":"2014-03-18T17:09:51+00:00","mainEntityOfPage":{"@id":"https:\/\/tecnicashablarenpublico.com\/blog\/como-tu-puedes-ser-un-conferencista-internacional\/"},"wordCount":378,"commentCount":5446,"publisher":{"@id":"https:\/\/tecnicashablarenpublico.com\/blog\/#organization"},"image":{"@id":"https:\/\/tecnicashablarenpublico.com\/blog\/como-tu-puedes-ser-un-conferencista-internacional\/#primaryimage"},"thumbnailUrl":"http:\/\/comohablarenpublico.org\/wp-content\/uploads\/2014\/03\/CERTIFICACION.png","keywords":["como hablar en publico"],"articleSection":["Como Hablar en Publico","Curso de Oratoria Online"],"inLanguage":"es"},{"@type":"WebPage","@id":"https:\/\/tecnicashablarenpublico.com\/blog\/como-tu-puedes-ser-un-conferencista-internacional\/","url":"https:\/\/tecnicashablarenpublico.com\/blog\/como-tu-puedes-ser-un-conferencista-internacional\/","name":"C\u00f3mo T\u00da Puedes Ser Un Conferencista Internacional - TecnicasHablarEnPublico.Com","isPartOf":{"@id":"https:\/\/tecnicashablarenpublico.com\/blog\/#website"},"primaryImageOfPage":{"@id":"https:\/\/tecnicashablarenpublico.com\/blog\/como-tu-puedes-ser-un-conferencista-internacional\/#primaryimage"},"image":{"@id":"https:\/\/tecnicashablarenpublico.com\/blog\/como-tu-puedes-ser-un-conferencista-internacional\/#primaryimage"},"thumbnailUrl":"http:\/\/comohablarenpublico.org\/wp-content\/uploads\/2014\/03\/CERTIFICACION.png","datePublished":"2014-03-18T17:03:43+00:00","dateModified":"2014-03-18T17:09:51+00:00","breadcrumb":{"@id":"https:\/\/tecnicashablarenpublico.com\/blog\/como-tu-puedes-ser-un-conferencista-internacional\/#breadcrumb"},"inLanguage":"es","potentialAction":[{"@type":"ReadAction","target":["https:\/\/tecnicashablarenpublico.com\/blog\/como-tu-puedes-ser-un-conferencista-internacional\/"]}]},{"@type":"ImageObject","inLanguage":"es","@id":"https:\/\/tecnicashablarenpublico.com\/blog\/como-tu-puedes-ser-un-conferencista-internacional\/#primaryimage","url":"http:\/\/comohablarenpublico.org\/wp-content\/uploads\/2014\/03\/CERTIFICACION.png","contentUrl":"http:\/\/comohablarenpublico.org\/wp-content\/uploads\/2014\/03\/CERTIFICACION.png"},{"@type":"BreadcrumbList","@id":"https:\/\/tecnicashablarenpublico.com\/blog\/como-tu-puedes-ser-un-conferencista-internacional\/#breadcrumb","itemListElement":[{"@type":"ListItem","position":1,"name":"Portada","item":"https:\/\/tecnicashablarenpublico.com\/blog\/"},{"@type":"ListItem","position":2,"name":"C\u00f3mo T\u00da Puedes Ser Un Conferencista Internacional"}]},{"@type":"WebSite","@id":"https:\/\/tecnicashablarenpublico.com\/blog\/#website","url":"https:\/\/tecnicashablarenpublico.com\/blog\/","name":"TecnicasHablarEnPublico.Com","description":"Blog","publisher":{"@id":"https:\/\/tecnicashablarenpublico.com\/blog\/#organization"},"potentialAction":[{"@type":"SearchAction","target":{"@type":"EntryPoint","urlTemplate":"https:\/\/tecnicashablarenpublico.com\/blog\/?s={search_term_string}"},"query-input":{"@type":"PropertyValueSpecification","valueRequired":true,"valueName":"search_term_string"}}],"inLanguage":"es"},{"@type":"Organization","@id":"https:\/\/tecnicashablarenpublico.com\/blog\/#organization","name":"TecnicasHablarEnPublico","url":"https:\/\/tecnicashablarenpublico.com\/blog\/","logo":{"@type":"ImageObject","inLanguage":"es","@id":"https:\/\/tecnicashablarenpublico.com\/blog\/#\/schema\/logo\/image\/","url":"https:\/\/i0.wp.com\/tecnicashablarenpublico.com\/blog\/wp-content\/uploads\/2014\/11\/logo_cuadrado.png?fit=286%2C255&ssl=1","contentUrl":"https:\/\/i0.wp.com\/tecnicashablarenpublico.com\/blog\/wp-content\/uploads\/2014\/11\/logo_cuadrado.png?fit=286%2C255&ssl=1","width":286,"height":255,"caption":"TecnicasHablarEnPublico"},"image":{"@id":"https:\/\/tecnicashablarenpublico.com\/blog\/#\/schema\/logo\/image\/"},"sameAs":["https:\/\/www.facebook.com\/VictorToscanoOficial\/"]},{"@type":"Person","@id":"https:\/\/tecnicashablarenpublico.com\/blog\/#\/schema\/person\/f6a96b9bb773de8f08f84e4d6e6cf28f","name":"Victor Toscano T V","image":{"@type":"ImageObject","inLanguage":"es","@id":"https:\/\/secure.gravatar.com\/avatar\/e45c6f1f2986615bd1357fd094a24ab45a2ce7ca867817458fbebca30cd78e46?s=96&d=mm&r=g","url":"https:\/\/secure.gravatar.com\/avatar\/e45c6f1f2986615bd1357fd094a24ab45a2ce7ca867817458fbebca30cd78e46?s=96&d=mm&r=g","contentUrl":"https:\/\/secure.gravatar.com\/avatar\/e45c6f1f2986615bd1357fd094a24ab45a2ce7ca867817458fbebca30cd78e46?s=96&d=mm&r=g","caption":"Victor Toscano T V"},"description":"Un apasionado en el tema de Hablar en P\u00fablico y el Crecimiento Personal, que pas\u00f3 de \"t\u00edmido\" a Conferencista Internacional en menos de dos a\u00f1os.","sameAs":["http:\/\/www.tecnicashablarenpublico.com","https:\/\/www.facebook.com\/victortoscanooficial","http:\/\/mx.linkedin.com\/in\/victortoscano\/","http:\/\/www.pinterest.com\/victortoscano\/","https:\/\/x.com\/_victortoscano","http:\/\/victortoscano.com.mx\/youtube"],"url":"https:\/\/tecnicashablarenpublico.com\/blog\/author\/vict26\/"}]}},"jetpack_publicize_connections":[],"jetpack_featured_media_url":"","jetpack_shortlink":"https:\/\/wp.me\/p338RC-uI","jetpack-related-posts":[{"id":1017,"url":"https:\/\/tecnicashablarenpublico.com\/blog\/libertad-financiera-robert-kiyosaki-hablar-en-publico-te-permitira-lograrlo\/","url_meta":{"origin":1904,"position":0},"title":"Libertad Financiera Robert Kiyosaki &#8211; Hablar En P\u00fablico Te Permitir\u00e1 Lograrlo :)","author":"Victor Toscano T V","date":"21\/02\/2013","format":false,"excerpt":"Hoy en d\u00eda los paradigmas est\u00e1n cambiando, y muchas personas est\u00e1n buscando activamente su libertad financiera... Yo empec\u00e9 a buscar la m\u00eda cuando le\u00ed el libro de Robert Kiyosaki: \"Padre Rico, Padre Pobre\". Un libro muy recomendable para salir de la carrera de la rata. Pero, \u00bfQu\u00e9 tiene que ver\u2026","rel":"","context":"En \u00abAprender a Hablar en Publico\u00bb","block_context":{"text":"Aprender a Hablar en Publico","link":"https:\/\/tecnicashablarenpublico.com\/blog\/category\/aprender-a-hablar-en-publico\/"},"img":{"alt_text":"Libertad Financiera Robert Kiyosaki - Hablar En P\u00fablico Te Permitir\u00e1 Lograrlo )","src":"https:\/\/i0.wp.com\/tecnicashablarenpublico.com\/blog\/wp-content\/uploads\/2013\/02\/Libertad-Financiera-Robert-Kiyosaki-Hablar-En-Publico-Te-Permitira-Lograrlo-300x189.jpg?resize=350%2C200&ssl=1","width":350,"height":200},"classes":[]},{"id":1127,"url":"https:\/\/tecnicashablarenpublico.com\/blog\/que-es-un-conferencista-conferenciante\/","url_meta":{"origin":1904,"position":1},"title":"\u00bfQue Es Un Conferencista? (conferenciante)","author":"Victor Toscano T V","date":"24\/04\/2013","format":false,"excerpt":"\"Ser conferencista es el mejor trabajo del mundo, y el mejor pagado\"... Imagina lo siguiente: Un d\u00eda recibes una llamada donde alguien te pide dirigir unas palabras frente a un grupo de personas. S\u00f3lo tienes que compartir con ellos tu experiencia y conocimientos sobre lo que a ti te gusta.\u2026","rel":"","context":"En \u00abComo Hablar en Publico\u00bb","block_context":{"text":"Como Hablar en Publico","link":"https:\/\/tecnicashablarenpublico.com\/blog\/category\/como-hablar-en-publico-2\/"},"img":{"alt_text":"","src":"https:\/\/i0.wp.com\/optimizacionpaginasmedia.s3.amazonaws.com\/2023\/06\/4yYWg3EY-7-min.jpg?fit=500%2C333&ssl=1&resize=350%2C200","width":350,"height":200},"classes":[]},{"id":1724,"url":"https:\/\/tecnicashablarenpublico.com\/blog\/quieres-aprender-a-hablar-en-publico-video-entrevista\/","url_meta":{"origin":1904,"position":2},"title":"* \u00bfQuieres Aprender a Hablar en P\u00fablico? * | VIDEO ENTREVISTA","author":"Victor Toscano T V","date":"18\/12\/2013","format":false,"excerpt":"\u00bfTe gustar\u00eda conocer un poco de mi historia al aprender a Hablar en P\u00fablico y unos consejos muy pr\u00e1cticos para que t\u00fa tambi\u00e9n domines esta habilidad? Hace poco me entrevistaron para un programa de radio del conferencista Salvador Santoyo y tuve la oportunidad de grabar mi participaci\u00f3n en video. Ahora\u2026","rel":"","context":"En \u00abComo Hablar en Publico\u00bb","block_context":{"text":"Como Hablar en Publico","link":"https:\/\/tecnicashablarenpublico.com\/blog\/category\/como-hablar-en-publico-2\/"},"img":{"alt_text":"","src":"","width":0,"height":0},"classes":[]},{"id":2251,"url":"https:\/\/tecnicashablarenpublico.com\/blog\/comunicacion-asertiva-como-hablar-correctamente-y-ganar-credibilidad-en-publico-oratorias\/","url_meta":{"origin":1904,"position":3},"title":"Comunicaci\u00f3n Asertiva: C\u00f3mo Hablar Correctamente y Ganar Credibilidad en P\u00fablico | Oratorias","author":"Victor Toscano T V","date":"27\/11\/2015","format":false,"excerpt":"Comunicaci\u00f3n Asertiva: C\u00f3mo hablar en p\u00fablico correctamente de manera profesional; porqu\u00e9 no deber\u00edas usar t\u00e9rminos absolutos | Consejos de oratoria y comunicaci\u00f3n efectiva... \u00bb Mira el VIDEO Aqu\u00ed: \u00bb Suscr\u00edbete en Youtube: http:\/\/victor-toscano.com\/youtube \u00bb M\u00e1s videos de Oratoria:\u00a0https:\/\/tecnicashablarenpublico.com Comunicaci\u00f3n Asertiva: C\u00f3mo Hablar Correctamente en P\u00fablico y Ganar Credibilidad. Debido a\u2026","rel":"","context":"En \u00abComo Hablar en Publico\u00bb","block_context":{"text":"Como Hablar en Publico","link":"https:\/\/tecnicashablarenpublico.com\/blog\/category\/como-hablar-en-publico-2\/"},"img":{"alt_text":"","src":"https:\/\/i0.wp.com\/optimizacionpaginasmedia.s3.amazonaws.com\/2023\/06\/l0PCPMhu-comunicacion-asertiva-en-publico-copia-min.png?fit=500%2C281&ssl=1&resize=350%2C200","width":350,"height":200},"classes":[]},{"id":2262,"url":"https:\/\/tecnicashablarenpublico.com\/blog\/como-ser-un-conferencista-autentico-y-lograr-relaciones-publicas-positivas-curso-de-oratoria\/","url_meta":{"origin":1904,"position":4},"title":"Como Ser Un Conferencista Aut\u00e9ntico y Lograr Relaciones P\u00fablicas Positivas | Curso de Oratoria","author":"Victor Toscano T V","date":"21\/02\/2016","format":false,"excerpt":"C\u00f3mo ser un Conferencista Famoso, Exitoso y Aut\u00e9ntico: A trav\u00e9s de la comunicaci\u00f3n efectiva, la oratoria y las conferencias de motivaci\u00f3n, t\u00fa puedes crear relaciones p\u00fablicas positivas\u2026 \u00bb Mira el VIDEO Aqu\u00ed: \u00bb Suscr\u00edbete en Youtube: http:\/\/victor-toscano.com\/youtube \u00bb M\u00e1s videos de Oratoria:\u00a0https:\/\/tecnicashablarenpublico.com C\u00f3mo Ser Un Conferencista Aut\u00e9ntico y Crear Relaciones\u2026","rel":"","context":"En \u00abT\u00e9cnicas Para Hablar En P\u00fablico\u00bb","block_context":{"text":"T\u00e9cnicas Para Hablar En P\u00fablico","link":"https:\/\/tecnicashablarenpublico.com\/blog\/category\/tecnicas-para-hablar-en-publico\/"},"img":{"alt_text":"","src":"https:\/\/i0.wp.com\/optimizacionpaginasmedia.s3.amazonaws.com\/2023\/06\/jlTcoC6I-como-ser-conferencista-copia-min.png?fit=500%2C281&ssl=1&resize=350%2C200","width":350,"height":200},"classes":[]},{"id":2292,"url":"https:\/\/tecnicashablarenpublico.com\/blog\/como-ser-un-buen-orador-tecnicas-de-oratoria-para-ser-un-conferencista\/","url_meta":{"origin":1904,"position":5},"title":"C\u00f3mo Ser Un Buen Orador: 5 T\u00e9cnicas de Oratoria Para Ser un Conferencista Positivo y Motivador","author":"Victor Toscano T V","date":"14\/05\/2016","format":false,"excerpt":"C\u00f3mo Ser Un Buen Orador\u00a0\u2014 Aprende las t\u00e9cnicas de oratoria: C\u00f3mo ser un conferencista motivacional famoso y motivador | Clases de Oratoria... \u00bb Mira el VIDEO Aqu\u00ed: \u00bb Suscr\u00edbete en Youtube: http:\/\/victor-toscano.com\/youtube \u00bb M\u00e1s videos de Oratoria:\u00a0https:\/\/tecnicashablarenpublico.com Si quieres lograr un cambio positivo, s\u00e9 un conferencista positivo. \u201cDebido a que\u2026","rel":"","context":"En \u00abCurso de Oratoria Online\u00bb","block_context":{"text":"Curso de Oratoria Online","link":"https:\/\/tecnicashablarenpublico.com\/blog\/category\/curso-de-oratoria-online\/"},"img":{"alt_text":"","src":"https:\/\/i0.wp.com\/optimizacionpaginasmedia.s3.amazonaws.com\/2023\/06\/f5p5D0li-3maxresdefault-copia-min.png?fit=500%2C281&ssl=1&resize=350%2C200","width":350,"height":200},"classes":[]}],"jetpack_sharing_enabled":true,"_links":{"self":[{"href":"https:\/\/tecnicashablarenpublico.com\/blog\/wp-json\/wp\/v2\/posts\/1904","targetHints":{"allow":["GET"]}}],"collection":[{"href":"https:\/\/tecnicashablarenpublico.com\/blog\/wp-json\/wp\/v2\/posts"}],"about":[{"href":"https:\/\/tecnicashablarenpublico.com\/blog\/wp-json\/wp\/v2\/types\/post"}],"author":[{"embeddable":true,"href":"https:\/\/tecnicashablarenpublico.com\/blog\/wp-json\/wp\/v2\/users\/1"}],"replies":[{"embeddable":true,"href":"https:\/\/tecnicashablarenpublico.com\/blog\/wp-json\/wp\/v2\/comments?post=1904"}],"version-history":[{"count":0,"href":"https:\/\/tecnicashablarenpublico.com\/blog\/wp-json\/wp\/v2\/posts\/1904\/revisions"}],"wp:attachment":[{"href":"https:\/\/tecnicashablarenpublico.com\/blog\/wp-json\/wp\/v2\/media?parent=1904"}],"wp:term":[{"taxonomy":"category","embeddable":true,"href":"https:\/\/tecnicashablarenpublico.com\/blog\/wp-json\/wp\/v2\/categories?post=1904"},{"taxonomy":"post_tag","embeddable":true,"href":"https:\/\/tecnicashablarenpublico.com\/blog\/wp-json\/wp\/v2\/tags?post=1904"}],"curies":[{"name":"wp","href":"https:\/\/api.w.org\/{rel}","templated":true}]}}