{"id":1893,"date":"2014-03-12T11:00:57","date_gmt":"2014-03-12T17:00:57","guid":{"rendered":"https:\/\/tecnicashablarenpublico.com\/blog\/?p=1893"},"modified":"2020-05-24T10:36:38","modified_gmt":"2020-05-24T16:36:38","slug":"las-5-c-que-todo-orador-debe-aplicar-para-impactar-con-su-mensaje","status":"publish","type":"post","link":"https:\/\/tecnicashablarenpublico.com\/blog\/las-5-c-que-todo-orador-debe-aplicar-para-impactar-con-su-mensaje\/","title":{"rendered":"Las 5 \u00abC\u00bb Que Todo Orador Debe Aplicar Para Impactar Con Su Mensaje"},"content":{"rendered":"\n<div class=\"wp-block-image\"><figure class=\"alignleft is-resized\"><a href=\"https:\/\/tecnicashablarenpublico.com\"><img decoding=\"async\" data-attachment-id=\"1900\" data-permalink=\"https:\/\/tecnicashablarenpublico.com\/blog\/las-5-c-que-todo-orador-debe-aplicar-para-impactar-con-su-mensaje\/las-5-c-que-todo-orador-debe-aplicar-para-impactar-con-su-mensaje\/\" data-orig-file=\"https:\/\/i0.wp.com\/tecnicashablarenpublico.com\/blog\/wp-content\/uploads\/2014\/03\/Las-5-C-Que-Todo-Orador-Debe-Aplicar-Para-Impactar-Con-Su-Mensaje.png?fit=805%2C541&amp;ssl=1\" data-orig-size=\"805,541\" data-comments-opened=\"0\" data-image-meta=\"{&quot;aperture&quot;:&quot;0&quot;,&quot;credit&quot;:&quot;&quot;,&quot;camera&quot;:&quot;&quot;,&quot;caption&quot;:&quot;&quot;,&quot;created_timestamp&quot;:&quot;0&quot;,&quot;copyright&quot;:&quot;&quot;,&quot;focal_length&quot;:&quot;0&quot;,&quot;iso&quot;:&quot;0&quot;,&quot;shutter_speed&quot;:&quot;0&quot;,&quot;title&quot;:&quot;&quot;}\" data-image-title=\"Las 5 C Que Todo Orador Debe Aplicar Para Impactar Con Su Mensaje\" data-image-description=\"&lt;p&gt;Las 5 C Que Todo Orador Debe Aplicar Para Impactar Con Su Mensaje&lt;\/p&gt;\n\" data-image-caption=\"\" data-large-file=\"https:\/\/i0.wp.com\/tecnicashablarenpublico.com\/blog\/wp-content\/uploads\/2014\/03\/Las-5-C-Que-Todo-Orador-Debe-Aplicar-Para-Impactar-Con-Su-Mensaje.png?fit=805%2C541&amp;ssl=1\" src=\"data:image\/gif;base64,R0lGODlhAQABAIAAAAAAAP\/\/\/yH5BAEAAAAALAAAAAABAAEAAAIBRAA7\" data-src=\"https:\/\/tecnicashablarenpublico.com\/blog\/wp-content\/uploads\/2014\/03\/Las-5-C-Que-Todo-Orador-Debe-Aplicar-Para-Impactar-Con-Su-Mensaje-300x201.png\" alt=\"Las 5 C Que Todo Orador Debe Aplicar Para Impactar Con Su Mensaje\" class=\"wp-image-1900 lazyload\" width=\"304\" height=\"204\" title=\"Las 5 C Que Todo Orador Debe Aplicar Para Impactar Con Su Mensaje\"\/><noscript><img data-recalc-dims=\"1\" decoding=\"async\" data-attachment-id=\"1900\" data-permalink=\"https:\/\/tecnicashablarenpublico.com\/blog\/las-5-c-que-todo-orador-debe-aplicar-para-impactar-con-su-mensaje\/las-5-c-que-todo-orador-debe-aplicar-para-impactar-con-su-mensaje\/\" data-orig-file=\"https:\/\/i0.wp.com\/tecnicashablarenpublico.com\/blog\/wp-content\/uploads\/2014\/03\/Las-5-C-Que-Todo-Orador-Debe-Aplicar-Para-Impactar-Con-Su-Mensaje.png?fit=805%2C541&amp;ssl=1\" data-orig-size=\"805,541\" data-comments-opened=\"0\" data-image-meta=\"{&quot;aperture&quot;:&quot;0&quot;,&quot;credit&quot;:&quot;&quot;,&quot;camera&quot;:&quot;&quot;,&quot;caption&quot;:&quot;&quot;,&quot;created_timestamp&quot;:&quot;0&quot;,&quot;copyright&quot;:&quot;&quot;,&quot;focal_length&quot;:&quot;0&quot;,&quot;iso&quot;:&quot;0&quot;,&quot;shutter_speed&quot;:&quot;0&quot;,&quot;title&quot;:&quot;&quot;}\" data-image-title=\"Las 5 C Que Todo Orador Debe Aplicar Para Impactar Con Su Mensaje\" data-image-description=\"&lt;p&gt;Las 5 C Que Todo Orador Debe Aplicar Para Impactar Con Su Mensaje&lt;\/p&gt;\n\" data-image-caption=\"\" data-large-file=\"https:\/\/i0.wp.com\/tecnicashablarenpublico.com\/blog\/wp-content\/uploads\/2014\/03\/Las-5-C-Que-Todo-Orador-Debe-Aplicar-Para-Impactar-Con-Su-Mensaje.png?fit=805%2C541&amp;ssl=1\" src=\"https:\/\/i0.wp.com\/tecnicashablarenpublico.com\/blog\/wp-content\/uploads\/2014\/03\/Las-5-C-Que-Todo-Orador-Debe-Aplicar-Para-Impactar-Con-Su-Mensaje.png?fit=805%2C541&ssl=1\" alt=\"Las 5 C Que Todo Orador Debe Aplicar Para Impactar Con Su Mensaje\" class=\"wp-image-1900 lazyload\" width=\"304\" height=\"204\" title=\"Las 5 C Que Todo Orador Debe Aplicar Para Impactar Con Su Mensaje\" srcset=\"https:\/\/i0.wp.com\/tecnicashablarenpublico.com\/blog\/wp-content\/uploads\/2014\/03\/Las-5-C-Que-Todo-Orador-Debe-Aplicar-Para-Impactar-Con-Su-Mensaje.png?fit=300%2C201&amp;ssl=1 300w, https:\/\/i0.wp.com\/tecnicashablarenpublico.com\/blog\/wp-content\/uploads\/2014\/03\/Las-5-C-Que-Todo-Orador-Debe-Aplicar-Para-Impactar-Con-Su-Mensaje.png?fit=805%2C541&amp;ssl=1 805w\" sizes=\"(max-width: 304px) 100vw, 304px\" \/><\/noscript><\/a><\/figure><\/div>\n\n\n\n<p><strong><em>\u00bfQuieres dejar a tus oyentes totalmente asombrados con tu discurso?<\/em><\/strong><\/p>\n\n\n\n<p>Convertirte en un gran orador te abrir\u00e1 todas las <strong>puertas del \u00e9xito<\/strong> en todos los \u00e1mbitos de tu vida.<\/p>\n\n\n\n<!--more-->\n\n\n\n<p>Muchas personas lo ven como <span style=\"text-decoration: underline;\">un reto casi imposible<\/span> de alcanzar. Pero yo lo veo m\u00e1s bien como un proceso que cualquiera puede seguir con \u00e9xito.<\/p>\n\n\n\n<p>A continuaci\u00f3n voy a compartir contigo las <strong><em>5 \u00abC\u00bb<\/em><\/strong> que te convertir\u00e1n en un <em><strong>GRAN orador<\/strong><\/em>.<\/p>\n\n\n\n<p>Si las aplicas en cada uno de tus discursos, notar\u00e1s un gran cambio en la reacci\u00f3n de las personas, los dejar\u00e1s sorprendidos y hasta te van a felicitar por tu gran participaci\u00f3n&#8230;<\/p>\n\n\n\n<h3 class=\"wp-block-heading\"><strong>1. Crecer.<\/strong><\/h3>\n\n\n\n<p><em>\u00abNadie puede dar lo que no tiene, ni compartir lo que no es.\u00bb<\/em><\/p>\n\n\n\n<p>Tienes que trabajar en un profundo crecimiento personal constantemente. De esta manera lograr\u00e1s transmitir una gran sabidur\u00eda, madurez y mucha autoridad en cada uno de tus mensajes.<\/p>\n\n\n\n<p>Sin importar el tema que vayas a tratar, notar\u00e1s que si te has dedicado a crecer como persona, eso se reflejar\u00e1 en la coherencia de cada una de tus palabras. El resultado final es que cada vez m\u00e1s personas te van a creer y a seguir.<\/p>\n\n\n\n<h3 class=\"wp-block-heading\"><strong>2. Crear.<\/strong><\/h3>\n\n\n\n<p><em>\u00abUn discurso, como una obra de arte, debe de expresar los matices propios del orador.\u00bb<\/em><\/p>\n\n\n\n<p>Al crear tu pr\u00f3ximo discurso debes pensar que est\u00e1s haciendo una obra de arte. Dise\u00f1a tu contenido desde el coraz\u00f3n, y de una manera creativa en que nadie m\u00e1s lo ha presentado.<\/p>\n\n\n\n<p><span style=\"line-height: 1.5em;\">Conecta cada tema a tratar de una manera que haga a las personas decir: <em>\u00ab\u00a1WOW! Nunca lo hab\u00eda visto de ese modo.\u00bb<\/em>&nbsp;Agrega tu propio punto de vista, usando met\u00e1foras y an\u00e9cdotas que aparentemente no tienen mucha relaci\u00f3n con el asunto.<\/span><\/p>\n\n\n\n<h3 class=\"wp-block-heading\"><strong>3. Compartir.<\/strong><\/h3>\n\n\n\n<p><em>\u00abUn discurso que no tiene el toque personal del orador, es un discurso hueco.\u00bb<\/em><\/p>\n\n\n\n<p>Comparte con mucha pasi\u00f3n&#8230;<\/p>\n\n\n\n<ul class=\"wp-block-list\"><li>Tu Historia,<\/li><li>Tu Entusiasmo,<\/li><li>Tus Aprendizajes.<\/li><\/ul>\n\n\n\n<p>A\u00fan si s\u00f3lo vas a presentar un tema para informar sobre un asunto en espec\u00edfico, recuerda siempre incluir tu toque personal.<\/p>\n\n\n\n<p>A tu p\u00fablico le gusta escuchar historias inspiradoras, sobre todo si esa historia tiene una ense\u00f1anza que ellos puedan aprovechar, y si es el propio protagonista el que la cuenta.<\/p>\n\n\n\n<h3 class=\"wp-block-heading\"><strong>4. Conmover.<\/strong><\/h3>\n\n\n\n<p><em>\u00abEllos no recordar\u00e1n lo que les dijiste, ellos recordar\u00e1n lo que les hiciste sentir.\u00bb<\/em><\/p>\n\n\n\n<p>Si de verdad quieres dejar una huella en todas las personas que te escuchen, tienes encontrar la manera de conmover sus emociones.<\/p>\n\n\n\n<p>Contarme tu propia historia puede ser la mejor manera de conmoverme, especialmente si revives esos momentos de dolor o alegr\u00eda, y me haces sentir en carne propia esas emociones intensas al momento de escucharte.<\/p>\n\n\n\n<h3 class=\"wp-block-heading\"><strong>5. Concretar.<\/strong><\/h3>\n\n\n\n<p><em>\u00abNo dejes abierta la puerta de tu propuesta, p\u00eddeles que se queden afuera o adentro, y luego ci\u00e9rrala.\u00bb<\/em><\/p>\n\n\n\n<p>Un buen cierre no puede dar lugar en la mente de tus oyentes a frases como:&nbsp;<em>\u00abVoy a considerarlo\u00bb, \u00abNo te digo que no, pero tampoco que s\u00ed\u00bb, \u00abQue bonito habla, \u00bfy ahora que hago?\u00bb&#8230;<\/em><\/p>\n\n\n\n<p>Realiza un llamado a la acci\u00f3n claro y fuerte. De manera que s\u00f3lo haya dos posibles respuestas en las personas:<\/p>\n\n\n\n<ol class=\"wp-block-list\"><li>\u00abNo, definitivamente no cuentes conmigo\u00bb.<\/li><li>\u00abClaro que s\u00ed\u00bb, \u00abPor supuesto\u00bb, \u00abHag\u00e1moslo\u00bb, \u00ab\u00bfDonde firmo?\u00bb.<\/li><\/ol>\n\n\n\n<h4 class=\"wp-block-heading\"><strong>No temas al rechazo.<\/strong><\/h4>\n\n\n\n<p>Uno de los errores m\u00e1s comunes al presentar una propuesta o una petici\u00f3n en un discurso es tener miedo a que te digan: \u00abNO\u00bb.&nbsp;Pero al tratar de evitar el rechazo tambi\u00e9n estar\u00e1s evitando el \u00e9xito de tu discurso.<\/p>\n\n\n\n<h3 class=\"wp-block-heading\"><strong>Las 5 \u00abC\u00bb que todo orador debe aplicar para impactar con su mensaje.<\/strong><\/h3>\n\n\n\n<p>Ahora que tienes en tu mente esta poderosa informaci\u00f3n, te voy a pedir que tomes una decisi\u00f3n en este momento&#8230;<\/p>\n\n\n\n<p><span style=\"text-decoration: underline;\">Opci\u00f3n 1<\/span>: Olv\u00eddate de esto que acabas de aprender, nunca vuelvas a esta p\u00e1gina y sigue tu vida como hasta ahora, dici\u00e9ndole adi\u00f3s a ese orador exitoso que siempre has querido ser.<\/p>\n\n\n\n<p><span style=\"text-decoration: underline;\">Opci\u00f3n 2<\/span>: Pon en practica estas 5 \u00abC\u00bb en todos tus discursos de ahora en adelante, y convi\u00e9rtete en un orador m\u00e1s exitoso a\u00fan de lo que alguna vez imaginaste.<\/p>\n\n\n\n<figure class=\"wp-block-embed-youtube wp-block-embed is-type-video is-provider-youtube wp-embed-aspect-16-9 wp-has-aspect-ratio\"><div class=\"wp-block-embed__wrapper\">\n<span class=\"embed-youtube\" style=\"text-align:center; display: block;\"><iframe class=\"youtube-player lazyload\" width=\"640\" height=\"360\" data-src=\"https:\/\/www.youtube.com\/embed\/ySH5I60g7q0?version=3&#038;rel=1&#038;showsearch=0&#038;showinfo=1&#038;iv_load_policy=1&#038;fs=1&#038;hl=es-ES&#038;autohide=2&#038;wmode=transparent\" allowfullscreen=\"true\" style=\"border:0;\" sandbox=\"allow-scripts allow-same-origin allow-popups allow-presentation allow-popups-to-escape-sandbox\"><\/iframe><\/span>\n<\/div><\/figure>\n\n\n\n<p class=\"has-text-align-center\"><em>\u00bb <a rel=\"noreferrer noopener\" href=\"https:\/\/www.youtube.com\/user\/mejorarlaautoestima\" target=\"_blank\">Suscr\u00edbete en Youtube<\/a><\/em><\/p>\n\n\n\n<h3 class=\"wp-block-heading\"><span style=\"line-height: 1.5em;\">La decisi\u00f3n est\u00e1 en tus manos&#8230;<\/span><\/h3>\n\n\n\n<ol class=\"wp-block-list\"><li>Crecer.<\/li><li>Crear.<\/li><li>Compartir.<\/li><li>Conmover.<\/li><li>Concretar.<\/li><\/ol>\n\n\n\n<p><strong>V\u00edctor Toscano<\/strong><br><a href=\"https:\/\/TecnicasHablarEnPublico.com\" target=\"_blank\" rel=\"noreferrer noopener\">TecnicasHablarEnPublico.com<\/a><\/p>\n\n\n\n<p><em>P.D: Si te parece \u00fatil esta informaci\u00f3n, comparte&#8230;<\/em><\/p>\n\n\n\n<p><em>P.D.2: \u00bfQuieres saber c\u00f3mo yo aprend\u00ed a Hablar en P\u00fablico? Haz clic a continuaci\u00f3n:<\/em><\/p>\n\n\n\n<div class=\"wp-block-image center-container\"><figure class=\"aligncenter\"><a href=\"https:\/\/tecnicashablarenpublico.com\/\" target=\"_blank\" rel=\"noopener noreferrer\"><img decoding=\"async\" data-attachment-id=\"1825\" data-permalink=\"https:\/\/tecnicashablarenpublico.com\/blog\/como-caer-bien-a-las-personas-3-pasos-para-tener-empatia\/como-aprender-a-hablar-en-publico-y-convencer\/\" data-orig-file=\"https:\/\/i0.wp.com\/tecnicashablarenpublico.com\/blog\/wp-content\/uploads\/2014\/01\/como-aprender-a-hablar-en-publico-y-convencer.png?fit=380%2C300&amp;ssl=1\" data-orig-size=\"380,300\" data-comments-opened=\"0\" data-image-meta=\"{&quot;aperture&quot;:&quot;0&quot;,&quot;credit&quot;:&quot;&quot;,&quot;camera&quot;:&quot;&quot;,&quot;caption&quot;:&quot;&quot;,&quot;created_timestamp&quot;:&quot;0&quot;,&quot;copyright&quot;:&quot;&quot;,&quot;focal_length&quot;:&quot;0&quot;,&quot;iso&quot;:&quot;0&quot;,&quot;shutter_speed&quot;:&quot;0&quot;,&quot;title&quot;:&quot;&quot;}\" data-image-title=\"Como aprender a hablar en publico y convencer\" data-image-description=\"&lt;p&gt;Como aprender a hablar en publico y convencer&lt;\/p&gt;\n\" data-image-caption=\"\" data-large-file=\"https:\/\/i0.wp.com\/tecnicashablarenpublico.com\/blog\/wp-content\/uploads\/2014\/01\/como-aprender-a-hablar-en-publico-y-convencer.png?fit=380%2C300&amp;ssl=1\" src=\"data:image\/gif;base64,R0lGODlhAQABAIAAAAAAAP\/\/\/yH5BAEAAAAALAAAAAABAAEAAAIBRAA7\" data-src=\"https:\/\/tecnicashablarenpublico.com\/blog\/wp-content\/uploads\/2014\/01\/como-aprender-a-hablar-en-publico-y-convencer.png\" alt=\"Como aprender a hablar en publico y convencer\" class=\"wp-image-1825 lazyload\" title=\"Como aprender a hablar en publico y convencer\"\/><noscript><img data-recalc-dims=\"1\" decoding=\"async\" width=\"380\" height=\"300\" data-attachment-id=\"1825\" data-permalink=\"https:\/\/tecnicashablarenpublico.com\/blog\/como-caer-bien-a-las-personas-3-pasos-para-tener-empatia\/como-aprender-a-hablar-en-publico-y-convencer\/\" data-orig-file=\"https:\/\/i0.wp.com\/tecnicashablarenpublico.com\/blog\/wp-content\/uploads\/2014\/01\/como-aprender-a-hablar-en-publico-y-convencer.png?fit=380%2C300&amp;ssl=1\" data-orig-size=\"380,300\" data-comments-opened=\"0\" data-image-meta=\"{&quot;aperture&quot;:&quot;0&quot;,&quot;credit&quot;:&quot;&quot;,&quot;camera&quot;:&quot;&quot;,&quot;caption&quot;:&quot;&quot;,&quot;created_timestamp&quot;:&quot;0&quot;,&quot;copyright&quot;:&quot;&quot;,&quot;focal_length&quot;:&quot;0&quot;,&quot;iso&quot;:&quot;0&quot;,&quot;shutter_speed&quot;:&quot;0&quot;,&quot;title&quot;:&quot;&quot;}\" data-image-title=\"Como aprender a hablar en publico y convencer\" data-image-description=\"&lt;p&gt;Como aprender a hablar en publico y convencer&lt;\/p&gt;\n\" data-image-caption=\"\" data-large-file=\"https:\/\/i0.wp.com\/tecnicashablarenpublico.com\/blog\/wp-content\/uploads\/2014\/01\/como-aprender-a-hablar-en-publico-y-convencer.png?fit=380%2C300&amp;ssl=1\" src=\"https:\/\/i0.wp.com\/tecnicashablarenpublico.com\/blog\/wp-content\/uploads\/2014\/01\/como-aprender-a-hablar-en-publico-y-convencer.png?fit=380%2C300&ssl=1\" alt=\"Como aprender a hablar en publico y convencer\" class=\"wp-image-1825 lazyload\" title=\"Como aprender a hablar en publico y convencer\" srcset=\"https:\/\/i0.wp.com\/tecnicashablarenpublico.com\/blog\/wp-content\/uploads\/2014\/01\/como-aprender-a-hablar-en-publico-y-convencer.png?fit=300%2C236&amp;ssl=1 300w, https:\/\/i0.wp.com\/tecnicashablarenpublico.com\/blog\/wp-content\/uploads\/2014\/01\/como-aprender-a-hablar-en-publico-y-convencer.png?fit=380%2C300&amp;ssl=1 380w\" sizes=\"(max-width: 380px) 100vw, 380px\" \/><\/noscript><\/a><\/figure><\/div>\n","protected":false},"excerpt":{"rendered":"<p>\u00bfQuieres dejar a tus oyentes totalmente asombrados con tu discurso? Convertirte en un gran orador te abrir\u00e1 todas las puertas del \u00e9xito en todos los \u00e1mbitos de tu vida.<\/p>\n","protected":false},"author":1,"featured_media":2955,"comment_status":"open","ping_status":"closed","sticky":false,"template":"","format":"standard","meta":{"jetpack_post_was_ever_published":false,"_jetpack_newsletter_access":"","_jetpack_dont_email_post_to_subs":false,"_jetpack_newsletter_tier_id":0,"_jetpack_memberships_contains_paywalled_content":false,"_jetpack_memberships_contains_paid_content":false,"footnotes":"","jetpack_publicize_message":"","jetpack_publicize_feature_enabled":true,"jetpack_social_post_already_shared":true,"jetpack_social_options":{"image_generator_settings":{"template":"highway","default_image_id":0,"font":"","enabled":false},"version":2}},"categories":[33,34],"tags":[38,42,61,28],"class_list":["post-1893","post","type-post","status-publish","format-standard","has-post-thumbnail","hentry","category-como-aprender-oratoria","category-consejos-de-oratoria","tag-consejos-de-oratoria-2","tag-curso-de-oratoria","tag-curso-de-oratoria-online","tag-hablar-en-publico-tecnicas","post-wrapper","thrv_wrapper"],"yoast_head":"<!-- This site is optimized with the Yoast SEO plugin v27.5 - https:\/\/yoast.com\/product\/yoast-seo-wordpress\/ -->\n<title>Las 5 &quot;C&quot; Que Todo Orador Debe Aplicar Para Impactar Con Su Mensaje - TecnicasHablarEnPublico.Com<\/title>\n<meta name=\"robots\" content=\"index, follow, max-snippet:-1, max-image-preview:large, max-video-preview:-1\" \/>\n<link rel=\"canonical\" href=\"https:\/\/tecnicashablarenpublico.com\/blog\/las-5-c-que-todo-orador-debe-aplicar-para-impactar-con-su-mensaje\/\" \/>\n<meta property=\"og:locale\" content=\"es_ES\" \/>\n<meta property=\"og:type\" content=\"article\" \/>\n<meta property=\"og:title\" content=\"Las 5 &quot;C&quot; Que Todo Orador Debe Aplicar Para Impactar Con Su Mensaje - TecnicasHablarEnPublico.Com\" \/>\n<meta property=\"og:description\" content=\"\u00bfQuieres dejar a tus oyentes totalmente asombrados con tu discurso? Convertirte en un gran orador te abrir\u00e1 todas las puertas del \u00e9xito en todos los \u00e1mbitos de tu vida.\" \/>\n<meta property=\"og:url\" content=\"https:\/\/tecnicashablarenpublico.com\/blog\/las-5-c-que-todo-orador-debe-aplicar-para-impactar-con-su-mensaje\/\" \/>\n<meta property=\"og:site_name\" content=\"TecnicasHablarEnPublico.Com\" \/>\n<meta property=\"article:publisher\" content=\"https:\/\/www.facebook.com\/VictorToscanoOficial\/\" \/>\n<meta property=\"article:author\" content=\"https:\/\/www.facebook.com\/victortoscanooficial\" \/>\n<meta property=\"article:published_time\" content=\"2014-03-12T17:00:57+00:00\" \/>\n<meta property=\"article:modified_time\" content=\"2020-05-24T16:36:38+00:00\" \/>\n<meta property=\"og:image\" content=\"https:\/\/i0.wp.com\/optimizacionpaginasmedia.s3.amazonaws.com\/2020\/05\/las-5-c-que-todo-orador-debe-aplicar-para-impactar-con-su-mensaje.jpg?fit=900%2C516&ssl=1\" \/>\n\t<meta property=\"og:image:width\" content=\"900\" \/>\n\t<meta property=\"og:image:height\" content=\"516\" \/>\n\t<meta property=\"og:image:type\" content=\"image\/jpeg\" \/>\n<meta name=\"author\" content=\"Victor Toscano T V\" \/>\n<meta name=\"twitter:card\" content=\"summary_large_image\" \/>\n<meta name=\"twitter:creator\" content=\"@_victortoscano\" \/>\n<meta name=\"twitter:label1\" content=\"Escrito por\" \/>\n\t<meta name=\"twitter:data1\" content=\"Victor Toscano T V\" \/>\n\t<meta name=\"twitter:label2\" content=\"Tiempo de lectura\" \/>\n\t<meta name=\"twitter:data2\" content=\"4 minutos\" \/>\n<script type=\"application\/ld+json\" class=\"yoast-schema-graph\">{\"@context\":\"https:\\\/\\\/schema.org\",\"@graph\":[{\"@type\":\"Article\",\"@id\":\"https:\\\/\\\/tecnicashablarenpublico.com\\\/blog\\\/las-5-c-que-todo-orador-debe-aplicar-para-impactar-con-su-mensaje\\\/#article\",\"isPartOf\":{\"@id\":\"https:\\\/\\\/tecnicashablarenpublico.com\\\/blog\\\/las-5-c-que-todo-orador-debe-aplicar-para-impactar-con-su-mensaje\\\/\"},\"author\":{\"name\":\"Victor Toscano T V\",\"@id\":\"https:\\\/\\\/tecnicashablarenpublico.com\\\/blog\\\/#\\\/schema\\\/person\\\/f6a96b9bb773de8f08f84e4d6e6cf28f\"},\"headline\":\"Las 5 \u00abC\u00bb Que Todo Orador Debe Aplicar Para Impactar Con Su Mensaje\",\"datePublished\":\"2014-03-12T17:00:57+00:00\",\"dateModified\":\"2020-05-24T16:36:38+00:00\",\"mainEntityOfPage\":{\"@id\":\"https:\\\/\\\/tecnicashablarenpublico.com\\\/blog\\\/las-5-c-que-todo-orador-debe-aplicar-para-impactar-con-su-mensaje\\\/\"},\"wordCount\":769,\"commentCount\":5446,\"publisher\":{\"@id\":\"https:\\\/\\\/tecnicashablarenpublico.com\\\/blog\\\/#organization\"},\"image\":{\"@id\":\"https:\\\/\\\/tecnicashablarenpublico.com\\\/blog\\\/las-5-c-que-todo-orador-debe-aplicar-para-impactar-con-su-mensaje\\\/#primaryimage\"},\"thumbnailUrl\":\"https:\\\/\\\/i0.wp.com\\\/optimizacionpaginasmedia.s3.amazonaws.com\\\/2020\\\/05\\\/las-5-c-que-todo-orador-debe-aplicar-para-impactar-con-su-mensaje.jpg?fit=900%2C516&ssl=1\",\"keywords\":[\"consejos de oratoria\",\"curso de oratoria\",\"Curso de Oratoria Online\",\"hablar en publico tecnicas\"],\"articleSection\":[\"Como Aprender Oratoria\",\"Consejos de Oratoria\"],\"inLanguage\":\"es\"},{\"@type\":\"WebPage\",\"@id\":\"https:\\\/\\\/tecnicashablarenpublico.com\\\/blog\\\/las-5-c-que-todo-orador-debe-aplicar-para-impactar-con-su-mensaje\\\/\",\"url\":\"https:\\\/\\\/tecnicashablarenpublico.com\\\/blog\\\/las-5-c-que-todo-orador-debe-aplicar-para-impactar-con-su-mensaje\\\/\",\"name\":\"Las 5 \\\"C\\\" Que Todo Orador Debe Aplicar Para Impactar Con Su Mensaje - TecnicasHablarEnPublico.Com\",\"isPartOf\":{\"@id\":\"https:\\\/\\\/tecnicashablarenpublico.com\\\/blog\\\/#website\"},\"primaryImageOfPage\":{\"@id\":\"https:\\\/\\\/tecnicashablarenpublico.com\\\/blog\\\/las-5-c-que-todo-orador-debe-aplicar-para-impactar-con-su-mensaje\\\/#primaryimage\"},\"image\":{\"@id\":\"https:\\\/\\\/tecnicashablarenpublico.com\\\/blog\\\/las-5-c-que-todo-orador-debe-aplicar-para-impactar-con-su-mensaje\\\/#primaryimage\"},\"thumbnailUrl\":\"https:\\\/\\\/i0.wp.com\\\/optimizacionpaginasmedia.s3.amazonaws.com\\\/2020\\\/05\\\/las-5-c-que-todo-orador-debe-aplicar-para-impactar-con-su-mensaje.jpg?fit=900%2C516&ssl=1\",\"datePublished\":\"2014-03-12T17:00:57+00:00\",\"dateModified\":\"2020-05-24T16:36:38+00:00\",\"breadcrumb\":{\"@id\":\"https:\\\/\\\/tecnicashablarenpublico.com\\\/blog\\\/las-5-c-que-todo-orador-debe-aplicar-para-impactar-con-su-mensaje\\\/#breadcrumb\"},\"inLanguage\":\"es\",\"potentialAction\":[{\"@type\":\"ReadAction\",\"target\":[\"https:\\\/\\\/tecnicashablarenpublico.com\\\/blog\\\/las-5-c-que-todo-orador-debe-aplicar-para-impactar-con-su-mensaje\\\/\"]}]},{\"@type\":\"ImageObject\",\"inLanguage\":\"es\",\"@id\":\"https:\\\/\\\/tecnicashablarenpublico.com\\\/blog\\\/las-5-c-que-todo-orador-debe-aplicar-para-impactar-con-su-mensaje\\\/#primaryimage\",\"url\":\"https:\\\/\\\/i0.wp.com\\\/optimizacionpaginasmedia.s3.amazonaws.com\\\/2020\\\/05\\\/las-5-c-que-todo-orador-debe-aplicar-para-impactar-con-su-mensaje.jpg?fit=900%2C516&ssl=1\",\"contentUrl\":\"https:\\\/\\\/i0.wp.com\\\/optimizacionpaginasmedia.s3.amazonaws.com\\\/2020\\\/05\\\/las-5-c-que-todo-orador-debe-aplicar-para-impactar-con-su-mensaje.jpg?fit=900%2C516&ssl=1\",\"width\":900,\"height\":516,\"caption\":\"Las 5 C Que Todo Orador Debe Aplicar Para Impactar Con Su Mensaje\"},{\"@type\":\"BreadcrumbList\",\"@id\":\"https:\\\/\\\/tecnicashablarenpublico.com\\\/blog\\\/las-5-c-que-todo-orador-debe-aplicar-para-impactar-con-su-mensaje\\\/#breadcrumb\",\"itemListElement\":[{\"@type\":\"ListItem\",\"position\":1,\"name\":\"Portada\",\"item\":\"https:\\\/\\\/tecnicashablarenpublico.com\\\/blog\\\/\"},{\"@type\":\"ListItem\",\"position\":2,\"name\":\"Las 5 \u00abC\u00bb Que Todo Orador Debe Aplicar Para Impactar Con Su Mensaje\"}]},{\"@type\":\"WebSite\",\"@id\":\"https:\\\/\\\/tecnicashablarenpublico.com\\\/blog\\\/#website\",\"url\":\"https:\\\/\\\/tecnicashablarenpublico.com\\\/blog\\\/\",\"name\":\"TecnicasHablarEnPublico.Com\",\"description\":\"Blog\",\"publisher\":{\"@id\":\"https:\\\/\\\/tecnicashablarenpublico.com\\\/blog\\\/#organization\"},\"potentialAction\":[{\"@type\":\"SearchAction\",\"target\":{\"@type\":\"EntryPoint\",\"urlTemplate\":\"https:\\\/\\\/tecnicashablarenpublico.com\\\/blog\\\/?s={search_term_string}\"},\"query-input\":{\"@type\":\"PropertyValueSpecification\",\"valueRequired\":true,\"valueName\":\"search_term_string\"}}],\"inLanguage\":\"es\"},{\"@type\":\"Organization\",\"@id\":\"https:\\\/\\\/tecnicashablarenpublico.com\\\/blog\\\/#organization\",\"name\":\"TecnicasHablarEnPublico\",\"url\":\"https:\\\/\\\/tecnicashablarenpublico.com\\\/blog\\\/\",\"logo\":{\"@type\":\"ImageObject\",\"inLanguage\":\"es\",\"@id\":\"https:\\\/\\\/tecnicashablarenpublico.com\\\/blog\\\/#\\\/schema\\\/logo\\\/image\\\/\",\"url\":\"https:\\\/\\\/i0.wp.com\\\/tecnicashablarenpublico.com\\\/blog\\\/wp-content\\\/uploads\\\/2014\\\/11\\\/logo_cuadrado.png?fit=286%2C255&ssl=1\",\"contentUrl\":\"https:\\\/\\\/i0.wp.com\\\/tecnicashablarenpublico.com\\\/blog\\\/wp-content\\\/uploads\\\/2014\\\/11\\\/logo_cuadrado.png?fit=286%2C255&ssl=1\",\"width\":286,\"height\":255,\"caption\":\"TecnicasHablarEnPublico\"},\"image\":{\"@id\":\"https:\\\/\\\/tecnicashablarenpublico.com\\\/blog\\\/#\\\/schema\\\/logo\\\/image\\\/\"},\"sameAs\":[\"https:\\\/\\\/www.facebook.com\\\/VictorToscanoOficial\\\/\"]},{\"@type\":\"Person\",\"@id\":\"https:\\\/\\\/tecnicashablarenpublico.com\\\/blog\\\/#\\\/schema\\\/person\\\/f6a96b9bb773de8f08f84e4d6e6cf28f\",\"name\":\"Victor Toscano T V\",\"image\":{\"@type\":\"ImageObject\",\"inLanguage\":\"es\",\"@id\":\"https:\\\/\\\/secure.gravatar.com\\\/avatar\\\/e45c6f1f2986615bd1357fd094a24ab45a2ce7ca867817458fbebca30cd78e46?s=96&d=mm&r=g\",\"url\":\"https:\\\/\\\/secure.gravatar.com\\\/avatar\\\/e45c6f1f2986615bd1357fd094a24ab45a2ce7ca867817458fbebca30cd78e46?s=96&d=mm&r=g\",\"contentUrl\":\"https:\\\/\\\/secure.gravatar.com\\\/avatar\\\/e45c6f1f2986615bd1357fd094a24ab45a2ce7ca867817458fbebca30cd78e46?s=96&d=mm&r=g\",\"caption\":\"Victor Toscano T V\"},\"description\":\"Un apasionado en el tema de Hablar en P\u00fablico y el Crecimiento Personal, que pas\u00f3 de \\\"t\u00edmido\\\" a Conferencista Internacional en menos de dos a\u00f1os.\",\"sameAs\":[\"http:\\\/\\\/www.tecnicashablarenpublico.com\",\"https:\\\/\\\/www.facebook.com\\\/victortoscanooficial\",\"http:\\\/\\\/mx.linkedin.com\\\/in\\\/victortoscano\\\/\",\"http:\\\/\\\/www.pinterest.com\\\/victortoscano\\\/\",\"https:\\\/\\\/x.com\\\/_victortoscano\",\"http:\\\/\\\/victortoscano.com.mx\\\/youtube\"],\"url\":\"https:\\\/\\\/tecnicashablarenpublico.com\\\/blog\\\/author\\\/vict26\\\/\"}]}<\/script>\n<!-- \/ Yoast SEO plugin. -->","yoast_head_json":{"title":"Las 5 \"C\" Que Todo Orador Debe Aplicar Para Impactar Con Su Mensaje - TecnicasHablarEnPublico.Com","robots":{"index":"index","follow":"follow","max-snippet":"max-snippet:-1","max-image-preview":"max-image-preview:large","max-video-preview":"max-video-preview:-1"},"canonical":"https:\/\/tecnicashablarenpublico.com\/blog\/las-5-c-que-todo-orador-debe-aplicar-para-impactar-con-su-mensaje\/","og_locale":"es_ES","og_type":"article","og_title":"Las 5 \"C\" Que Todo Orador Debe Aplicar Para Impactar Con Su Mensaje - TecnicasHablarEnPublico.Com","og_description":"\u00bfQuieres dejar a tus oyentes totalmente asombrados con tu discurso? Convertirte en un gran orador te abrir\u00e1 todas las puertas del \u00e9xito en todos los \u00e1mbitos de tu vida.","og_url":"https:\/\/tecnicashablarenpublico.com\/blog\/las-5-c-que-todo-orador-debe-aplicar-para-impactar-con-su-mensaje\/","og_site_name":"TecnicasHablarEnPublico.Com","article_publisher":"https:\/\/www.facebook.com\/VictorToscanoOficial\/","article_author":"https:\/\/www.facebook.com\/victortoscanooficial","article_published_time":"2014-03-12T17:00:57+00:00","article_modified_time":"2020-05-24T16:36:38+00:00","og_image":[{"width":900,"height":516,"url":"https:\/\/i0.wp.com\/optimizacionpaginasmedia.s3.amazonaws.com\/2020\/05\/las-5-c-que-todo-orador-debe-aplicar-para-impactar-con-su-mensaje.jpg?fit=900%2C516&ssl=1","type":"image\/jpeg"}],"author":"Victor Toscano T V","twitter_card":"summary_large_image","twitter_creator":"@_victortoscano","twitter_misc":{"Escrito por":"Victor Toscano T V","Tiempo de lectura":"4 minutos"},"schema":{"@context":"https:\/\/schema.org","@graph":[{"@type":"Article","@id":"https:\/\/tecnicashablarenpublico.com\/blog\/las-5-c-que-todo-orador-debe-aplicar-para-impactar-con-su-mensaje\/#article","isPartOf":{"@id":"https:\/\/tecnicashablarenpublico.com\/blog\/las-5-c-que-todo-orador-debe-aplicar-para-impactar-con-su-mensaje\/"},"author":{"name":"Victor Toscano T V","@id":"https:\/\/tecnicashablarenpublico.com\/blog\/#\/schema\/person\/f6a96b9bb773de8f08f84e4d6e6cf28f"},"headline":"Las 5 \u00abC\u00bb Que Todo Orador Debe Aplicar Para Impactar Con Su Mensaje","datePublished":"2014-03-12T17:00:57+00:00","dateModified":"2020-05-24T16:36:38+00:00","mainEntityOfPage":{"@id":"https:\/\/tecnicashablarenpublico.com\/blog\/las-5-c-que-todo-orador-debe-aplicar-para-impactar-con-su-mensaje\/"},"wordCount":769,"commentCount":5446,"publisher":{"@id":"https:\/\/tecnicashablarenpublico.com\/blog\/#organization"},"image":{"@id":"https:\/\/tecnicashablarenpublico.com\/blog\/las-5-c-que-todo-orador-debe-aplicar-para-impactar-con-su-mensaje\/#primaryimage"},"thumbnailUrl":"https:\/\/i0.wp.com\/optimizacionpaginasmedia.s3.amazonaws.com\/2020\/05\/las-5-c-que-todo-orador-debe-aplicar-para-impactar-con-su-mensaje.jpg?fit=900%2C516&ssl=1","keywords":["consejos de oratoria","curso de oratoria","Curso de Oratoria Online","hablar en publico tecnicas"],"articleSection":["Como Aprender Oratoria","Consejos de Oratoria"],"inLanguage":"es"},{"@type":"WebPage","@id":"https:\/\/tecnicashablarenpublico.com\/blog\/las-5-c-que-todo-orador-debe-aplicar-para-impactar-con-su-mensaje\/","url":"https:\/\/tecnicashablarenpublico.com\/blog\/las-5-c-que-todo-orador-debe-aplicar-para-impactar-con-su-mensaje\/","name":"Las 5 \"C\" Que Todo Orador Debe Aplicar Para Impactar Con Su Mensaje - TecnicasHablarEnPublico.Com","isPartOf":{"@id":"https:\/\/tecnicashablarenpublico.com\/blog\/#website"},"primaryImageOfPage":{"@id":"https:\/\/tecnicashablarenpublico.com\/blog\/las-5-c-que-todo-orador-debe-aplicar-para-impactar-con-su-mensaje\/#primaryimage"},"image":{"@id":"https:\/\/tecnicashablarenpublico.com\/blog\/las-5-c-que-todo-orador-debe-aplicar-para-impactar-con-su-mensaje\/#primaryimage"},"thumbnailUrl":"https:\/\/i0.wp.com\/optimizacionpaginasmedia.s3.amazonaws.com\/2020\/05\/las-5-c-que-todo-orador-debe-aplicar-para-impactar-con-su-mensaje.jpg?fit=900%2C516&ssl=1","datePublished":"2014-03-12T17:00:57+00:00","dateModified":"2020-05-24T16:36:38+00:00","breadcrumb":{"@id":"https:\/\/tecnicashablarenpublico.com\/blog\/las-5-c-que-todo-orador-debe-aplicar-para-impactar-con-su-mensaje\/#breadcrumb"},"inLanguage":"es","potentialAction":[{"@type":"ReadAction","target":["https:\/\/tecnicashablarenpublico.com\/blog\/las-5-c-que-todo-orador-debe-aplicar-para-impactar-con-su-mensaje\/"]}]},{"@type":"ImageObject","inLanguage":"es","@id":"https:\/\/tecnicashablarenpublico.com\/blog\/las-5-c-que-todo-orador-debe-aplicar-para-impactar-con-su-mensaje\/#primaryimage","url":"https:\/\/i0.wp.com\/optimizacionpaginasmedia.s3.amazonaws.com\/2020\/05\/las-5-c-que-todo-orador-debe-aplicar-para-impactar-con-su-mensaje.jpg?fit=900%2C516&ssl=1","contentUrl":"https:\/\/i0.wp.com\/optimizacionpaginasmedia.s3.amazonaws.com\/2020\/05\/las-5-c-que-todo-orador-debe-aplicar-para-impactar-con-su-mensaje.jpg?fit=900%2C516&ssl=1","width":900,"height":516,"caption":"Las 5 C Que Todo Orador Debe Aplicar Para Impactar Con Su Mensaje"},{"@type":"BreadcrumbList","@id":"https:\/\/tecnicashablarenpublico.com\/blog\/las-5-c-que-todo-orador-debe-aplicar-para-impactar-con-su-mensaje\/#breadcrumb","itemListElement":[{"@type":"ListItem","position":1,"name":"Portada","item":"https:\/\/tecnicashablarenpublico.com\/blog\/"},{"@type":"ListItem","position":2,"name":"Las 5 \u00abC\u00bb Que Todo Orador Debe Aplicar Para Impactar Con Su Mensaje"}]},{"@type":"WebSite","@id":"https:\/\/tecnicashablarenpublico.com\/blog\/#website","url":"https:\/\/tecnicashablarenpublico.com\/blog\/","name":"TecnicasHablarEnPublico.Com","description":"Blog","publisher":{"@id":"https:\/\/tecnicashablarenpublico.com\/blog\/#organization"},"potentialAction":[{"@type":"SearchAction","target":{"@type":"EntryPoint","urlTemplate":"https:\/\/tecnicashablarenpublico.com\/blog\/?s={search_term_string}"},"query-input":{"@type":"PropertyValueSpecification","valueRequired":true,"valueName":"search_term_string"}}],"inLanguage":"es"},{"@type":"Organization","@id":"https:\/\/tecnicashablarenpublico.com\/blog\/#organization","name":"TecnicasHablarEnPublico","url":"https:\/\/tecnicashablarenpublico.com\/blog\/","logo":{"@type":"ImageObject","inLanguage":"es","@id":"https:\/\/tecnicashablarenpublico.com\/blog\/#\/schema\/logo\/image\/","url":"https:\/\/i0.wp.com\/tecnicashablarenpublico.com\/blog\/wp-content\/uploads\/2014\/11\/logo_cuadrado.png?fit=286%2C255&ssl=1","contentUrl":"https:\/\/i0.wp.com\/tecnicashablarenpublico.com\/blog\/wp-content\/uploads\/2014\/11\/logo_cuadrado.png?fit=286%2C255&ssl=1","width":286,"height":255,"caption":"TecnicasHablarEnPublico"},"image":{"@id":"https:\/\/tecnicashablarenpublico.com\/blog\/#\/schema\/logo\/image\/"},"sameAs":["https:\/\/www.facebook.com\/VictorToscanoOficial\/"]},{"@type":"Person","@id":"https:\/\/tecnicashablarenpublico.com\/blog\/#\/schema\/person\/f6a96b9bb773de8f08f84e4d6e6cf28f","name":"Victor Toscano T V","image":{"@type":"ImageObject","inLanguage":"es","@id":"https:\/\/secure.gravatar.com\/avatar\/e45c6f1f2986615bd1357fd094a24ab45a2ce7ca867817458fbebca30cd78e46?s=96&d=mm&r=g","url":"https:\/\/secure.gravatar.com\/avatar\/e45c6f1f2986615bd1357fd094a24ab45a2ce7ca867817458fbebca30cd78e46?s=96&d=mm&r=g","contentUrl":"https:\/\/secure.gravatar.com\/avatar\/e45c6f1f2986615bd1357fd094a24ab45a2ce7ca867817458fbebca30cd78e46?s=96&d=mm&r=g","caption":"Victor Toscano T V"},"description":"Un apasionado en el tema de Hablar en P\u00fablico y el Crecimiento Personal, que pas\u00f3 de \"t\u00edmido\" a Conferencista Internacional en menos de dos a\u00f1os.","sameAs":["http:\/\/www.tecnicashablarenpublico.com","https:\/\/www.facebook.com\/victortoscanooficial","http:\/\/mx.linkedin.com\/in\/victortoscano\/","http:\/\/www.pinterest.com\/victortoscano\/","https:\/\/x.com\/_victortoscano","http:\/\/victortoscano.com.mx\/youtube"],"url":"https:\/\/tecnicashablarenpublico.com\/blog\/author\/vict26\/"}]}},"jetpack_publicize_connections":[],"jetpack_featured_media_url":"https:\/\/i0.wp.com\/optimizacionpaginasmedia.s3.amazonaws.com\/2020\/05\/las-5-c-que-todo-orador-debe-aplicar-para-impactar-con-su-mensaje.jpg?fit=900%2C516&ssl=1","jetpack_shortlink":"https:\/\/wp.me\/p338RC-ux","jetpack-related-posts":[{"id":742,"url":"https:\/\/tecnicashablarenpublico.com\/blog\/consejo-de-oratoria-alimenta-tu-mente-de-conocimiento-para-tu-auditorio\/","url_meta":{"origin":1893,"position":0},"title":"Consejo De Oratoria: Alimenta Tu Mente De Conocimiento Para Tu Auditorio","author":"Victor Toscano T V","date":"18\/01\/2013","format":false,"excerpt":"La oratoria consiste en usar El PODER de la palabra hablada frente a un grupo de personas para lograr un prop\u00f3sito espec\u00edfico. El problema es que muchas personas NO saben utilizar el poder de la palabra a su favor... Y a\u00fan m\u00e1s importante, NO conocen el poder de Aportar Informaci\u00f3n\u2026","rel":"","context":"En \u00abComo Aprender Oratoria\u00bb","block_context":{"text":"Como Aprender Oratoria","link":"https:\/\/tecnicashablarenpublico.com\/blog\/category\/como-aprender-oratoria\/"},"img":{"alt_text":"Consejo De Oratoria Alimenta Tu Mente De Conocimiento Para Tu Auditorio","src":"https:\/\/i0.wp.com\/tecnicashablarenpublico.com\/blog\/wp-content\/uploads\/2013\/01\/Consejo-De-Oratoria-Alimenta-Tu-Mente-De-Conocimiento-Para-Tu-Auditorio.jpg?resize=350%2C200&ssl=1","width":350,"height":200},"classes":[]},{"id":951,"url":"https:\/\/tecnicashablarenpublico.com\/blog\/curso-de-oratoria-gratis-aprendiendo-a-hablar-en-publico\/","url_meta":{"origin":1893,"position":1},"title":"Curso De Oratoria GRATIS &#8211; Aprendiendo A Hablar En P\u00fablico","author":"Victor Toscano T V","date":"14\/02\/2013","format":false,"excerpt":"Hace aproximadamente un mes decid\u00ed grabar 4 VIDEOS donde explico varias t\u00e9cnicas para Hablar en P\u00fablico... Aunque originalmente ten\u00eda pensado ponerlos a la venta como parte de mi nuevo curso de oratoria online, decid\u00ed permitir el acceso Gratis a ellos. Para mi sorpresa, fueron todo un \u00c9xito cuando los publiqu\u00e9\u2026","rel":"","context":"En \u00abAprender a Hablar en Publico\u00bb","block_context":{"text":"Aprender a Hablar en Publico","link":"https:\/\/tecnicashablarenpublico.com\/blog\/category\/aprender-a-hablar-en-publico\/"},"img":{"alt_text":"Curso De Oratoria GRATIS - Aprendiendo A Hablar En P\u00fablico","src":"https:\/\/i0.wp.com\/optimizacionpaginasmedia.s3.amazonaws.com\/2020\/05\/curso-de-oratoria-gratis-aprender-a-hablar-en-publico.jpg?fit=900%2C550&ssl=1&resize=350%2C200","width":350,"height":200,"srcset":"https:\/\/i0.wp.com\/optimizacionpaginasmedia.s3.amazonaws.com\/2020\/05\/curso-de-oratoria-gratis-aprender-a-hablar-en-publico.jpg?fit=900%2C550&ssl=1&resize=350%2C200 1x, https:\/\/i0.wp.com\/optimizacionpaginasmedia.s3.amazonaws.com\/2020\/05\/curso-de-oratoria-gratis-aprender-a-hablar-en-publico.jpg?fit=900%2C550&ssl=1&resize=525%2C300 1.5x, https:\/\/i0.wp.com\/optimizacionpaginasmedia.s3.amazonaws.com\/2020\/05\/curso-de-oratoria-gratis-aprender-a-hablar-en-publico.jpg?fit=900%2C550&ssl=1&resize=700%2C400 2x"},"classes":[]},{"id":1345,"url":"https:\/\/tecnicashablarenpublico.com\/blog\/como-ser-un-buen-orador-los-4-tipos-de-oradores\/","url_meta":{"origin":1893,"position":2},"title":"\u00bfC\u00f3mo ser un Buen Orador? | Los 4 Tipos de Oradores","author":"Victor Toscano T V","date":"17\/07\/2013","format":false,"excerpt":"Los 4 Tipos de Oradores Seguramente has visto oradores muy divertidos que mantienen muy entretenida a la gente, pero tambi\u00e9n has escuchado a otros a quienes es muy dif\u00edcil prestar atenci\u00f3n por mucho tiempo, \u00bfverdad? \u00bfTe gustar\u00eda saber c\u00f3mo puedes mejorar tu estilo de oratoria sin dejar de ser t\u00fa\u2026","rel":"","context":"En \u00abConsejos de Oratoria\u00bb","block_context":{"text":"Consejos de Oratoria","link":"https:\/\/tecnicashablarenpublico.com\/blog\/category\/consejos-de-oratoria\/"},"img":{"alt_text":"\u00bfC\u00f3mo ser un Buen Orador? | Los 4 Tipos de Oradores","src":"https:\/\/i0.wp.com\/optimizacionpaginasmedia.s3.amazonaws.com\/2020\/05\/como-ser-un-buen-orador-tipos-de-oradores.jpg?fit=900%2C477&ssl=1&resize=350%2C200","width":350,"height":200,"srcset":"https:\/\/i0.wp.com\/optimizacionpaginasmedia.s3.amazonaws.com\/2020\/05\/como-ser-un-buen-orador-tipos-de-oradores.jpg?fit=900%2C477&ssl=1&resize=350%2C200 1x, https:\/\/i0.wp.com\/optimizacionpaginasmedia.s3.amazonaws.com\/2020\/05\/como-ser-un-buen-orador-tipos-de-oradores.jpg?fit=900%2C477&ssl=1&resize=525%2C300 1.5x, https:\/\/i0.wp.com\/optimizacionpaginasmedia.s3.amazonaws.com\/2020\/05\/como-ser-un-buen-orador-tipos-de-oradores.jpg?fit=900%2C477&ssl=1&resize=700%2C400 2x"},"classes":[]},{"id":1240,"url":"https:\/\/tecnicashablarenpublico.com\/blog\/curso-como-hablar-en-publico-en-guadalajara-mexico-taller-presencial\/","url_meta":{"origin":1893,"position":3},"title":"Curso Como Hablar en P\u00fablico en Guadalajara, M\u00e9xico (TALLER PRESENCIAL) &#8211; Te Enviamos Capacitaci\u00f3n","author":"Victor Toscano T V","date":"03\/06\/2013","format":false,"excerpt":"\u00bfTe gustar\u00eda Aprender a Hablar en P\u00fablico y Conseguir un Mejor Trabajo?\u00bfNecesitas un Curso de Comunicaci\u00f3n para los Empleados de tu Empresa?\u00bfQuieres Aprender a Usar Mejor tu Voz y Proyectar Seguridad y Convicci\u00f3n? Curso-Taller: \u201cComunicaci\u00f3n Efectiva\u201d Este curso tiene como objetivo ayudar en el desarrollo de habilidades efectivas de comunicaci\u00f3n\u2026","rel":"","context":"En \u00abComo Hablar en Publico\u00bb","block_context":{"text":"Como Hablar en Publico","link":"https:\/\/tecnicashablarenpublico.com\/blog\/category\/como-hablar-en-publico-2\/"},"img":{"alt_text":"CURSO: Como Hablar en P\u00fablico en Guadalajara, M\u00e9xico (taller presencial de comunicaci\u00f3n efectiva)","src":"https:\/\/i0.wp.com\/optimizacionpaginasmedia.s3.amazonaws.com\/2020\/05\/curso-como-hablar-en-publico-en-guadalajara-mexico-taller-presencial-1.jpg?fit=900%2C550&ssl=1&resize=350%2C200","width":350,"height":200,"srcset":"https:\/\/i0.wp.com\/optimizacionpaginasmedia.s3.amazonaws.com\/2020\/05\/curso-como-hablar-en-publico-en-guadalajara-mexico-taller-presencial-1.jpg?fit=900%2C550&ssl=1&resize=350%2C200 1x, https:\/\/i0.wp.com\/optimizacionpaginasmedia.s3.amazonaws.com\/2020\/05\/curso-como-hablar-en-publico-en-guadalajara-mexico-taller-presencial-1.jpg?fit=900%2C550&ssl=1&resize=525%2C300 1.5x, https:\/\/i0.wp.com\/optimizacionpaginasmedia.s3.amazonaws.com\/2020\/05\/curso-como-hablar-en-publico-en-guadalajara-mexico-taller-presencial-1.jpg?fit=900%2C550&ssl=1&resize=700%2C400 2x"},"classes":[]},{"id":1808,"url":"https:\/\/tecnicashablarenpublico.com\/blog\/3-pasos-para-desarrollar-el-caracter-fuerte-de-un-verdadero-lider\/","url_meta":{"origin":1893,"position":4},"title":"3 Pasos Para Desarrollar El Car\u00e1cter Fuerte De Un Verdadero L\u00edder","author":"Victor Toscano T V","date":"22\/01\/2014","format":false,"excerpt":"\u00bfEn serio un verdadero orador y l\u00edder debe tener un car\u00e1cter fuerte? No hablo de mal humor. Hay quienes confunden el car\u00e1cter fuerte con estar de mal humor, enojarse f\u00e1cilmente y ofender a todos. En realidad sucede todo lo contrario.\u00a0Tener mal car\u00e1cter es ser una persona d\u00e9bil, que se deja\u2026","rel":"","context":"En \u00abComo Aprender Oratoria\u00bb","block_context":{"text":"Como Aprender Oratoria","link":"https:\/\/tecnicashablarenpublico.com\/blog\/category\/como-aprender-oratoria\/"},"img":{"alt_text":"","src":"https:\/\/i0.wp.com\/tecnicashablarenpublico.com\/blog\/wp-content\/uploads\/2014\/01\/3-Pasos-Para-Desarrollar-El-Caracter-Fuerte-De-Un-Verdadero-Lider.png?resize=350%2C200&ssl=1","width":350,"height":200,"srcset":"https:\/\/i0.wp.com\/tecnicashablarenpublico.com\/blog\/wp-content\/uploads\/2014\/01\/3-Pasos-Para-Desarrollar-El-Caracter-Fuerte-De-Un-Verdadero-Lider.png?resize=350%2C200&ssl=1 1x, https:\/\/i0.wp.com\/tecnicashablarenpublico.com\/blog\/wp-content\/uploads\/2014\/01\/3-Pasos-Para-Desarrollar-El-Caracter-Fuerte-De-Un-Verdadero-Lider.png?resize=525%2C300&ssl=1 1.5x"},"classes":[]},{"id":1500,"url":"https:\/\/tecnicashablarenpublico.com\/blog\/los-7-ingredientes-vitales-de-tu-discurso-oratoria-practica\/","url_meta":{"origin":1893,"position":5},"title":"Los 7 Ingredientes VITALES de Tu Discurso | Oratoria Pr\u00e1ctica","author":"Victor Toscano T V","date":"03\/10\/2013","format":false,"excerpt":"\u00bfQuieres dise\u00f1ar un Discurso de Oratoria PODEROSO que deje a todos Sorprendidos al Escucharte? En este art\u00edculo aprender\u00e1s c\u00f3mo aprovechar los 7 Ingredientes Vitales que Todo buen Discurso debe tener... Hace poco m\u00e1s de un a\u00f1o tuve la oportunidad de participar en un Concurso Nacional de Oratoria en la Cuidad\u2026","rel":"","context":"En \u00abComo Aprender Oratoria\u00bb","block_context":{"text":"Como Aprender Oratoria","link":"https:\/\/tecnicashablarenpublico.com\/blog\/category\/como-aprender-oratoria\/"},"img":{"alt_text":"Los 7 Ingredientes VITALES de Tu Discurso  Oratoria Practica","src":"https:\/\/miedohablarenpublico.files.wordpress.com\/2013\/10\/los-7-ingredientes-vitales-de-tu-discurso-oratoria-practica.jpg?w=350&h=200&crop=1","width":350,"height":200},"classes":[]}],"jetpack_sharing_enabled":true,"_links":{"self":[{"href":"https:\/\/tecnicashablarenpublico.com\/blog\/wp-json\/wp\/v2\/posts\/1893","targetHints":{"allow":["GET"]}}],"collection":[{"href":"https:\/\/tecnicashablarenpublico.com\/blog\/wp-json\/wp\/v2\/posts"}],"about":[{"href":"https:\/\/tecnicashablarenpublico.com\/blog\/wp-json\/wp\/v2\/types\/post"}],"author":[{"embeddable":true,"href":"https:\/\/tecnicashablarenpublico.com\/blog\/wp-json\/wp\/v2\/users\/1"}],"replies":[{"embeddable":true,"href":"https:\/\/tecnicashablarenpublico.com\/blog\/wp-json\/wp\/v2\/comments?post=1893"}],"version-history":[{"count":0,"href":"https:\/\/tecnicashablarenpublico.com\/blog\/wp-json\/wp\/v2\/posts\/1893\/revisions"}],"wp:featuredmedia":[{"embeddable":true,"href":"https:\/\/tecnicashablarenpublico.com\/blog\/wp-json\/wp\/v2\/media\/2955"}],"wp:attachment":[{"href":"https:\/\/tecnicashablarenpublico.com\/blog\/wp-json\/wp\/v2\/media?parent=1893"}],"wp:term":[{"taxonomy":"category","embeddable":true,"href":"https:\/\/tecnicashablarenpublico.com\/blog\/wp-json\/wp\/v2\/categories?post=1893"},{"taxonomy":"post_tag","embeddable":true,"href":"https:\/\/tecnicashablarenpublico.com\/blog\/wp-json\/wp\/v2\/tags?post=1893"}],"curies":[{"name":"wp","href":"https:\/\/api.w.org\/{rel}","templated":true}]}}