{"id":1837,"date":"2014-02-12T11:32:09","date_gmt":"2014-02-12T17:32:09","guid":{"rendered":"https:\/\/tecnicashablarenpublico.com\/blog\/?p=1837"},"modified":"2014-02-12T11:33:18","modified_gmt":"2014-02-12T17:33:18","slug":"comunicacion-efectiva-el-poder-de-darte-a-entender","status":"publish","type":"post","link":"https:\/\/tecnicashablarenpublico.com\/blog\/comunicacion-efectiva-el-poder-de-darte-a-entender\/","title":{"rendered":"* COMUNICACI\u00d3N EFECTIVA * | El Poder de Darte a Entender"},"content":{"rendered":"<p><strong><em><a href=\"tecnicashablarenpublico.com\/blog\" class=\"broken_link\"><img decoding=\"async\" data-attachment-id=\"1841\" data-permalink=\"https:\/\/tecnicashablarenpublico.com\/blog\/comunicacion-efectiva-el-poder-de-darte-a-entender\/comunicacion-efectiva-el-poder-de-darte-a-entender\/\" data-orig-file=\"https:\/\/i0.wp.com\/tecnicashablarenpublico.com\/blog\/wp-content\/uploads\/2014\/02\/COMUNICACIoN-EFECTIVA-El-Poder-de-Darte-a-Entender.png?fit=619%2C328&amp;ssl=1\" data-orig-size=\"619,328\" data-comments-opened=\"0\" data-image-meta=\"{&quot;aperture&quot;:&quot;0&quot;,&quot;credit&quot;:&quot;&quot;,&quot;camera&quot;:&quot;&quot;,&quot;caption&quot;:&quot;&quot;,&quot;created_timestamp&quot;:&quot;0&quot;,&quot;copyright&quot;:&quot;&quot;,&quot;focal_length&quot;:&quot;0&quot;,&quot;iso&quot;:&quot;0&quot;,&quot;shutter_speed&quot;:&quot;0&quot;,&quot;title&quot;:&quot;&quot;}\" data-image-title=\"COMUNICACIoN EFECTIVA   El Poder de Darte a Entender\" data-image-description=\"&lt;p&gt;COMUNICACIoN EFECTIVA   El Poder de Darte a Entender&lt;\/p&gt;\n\" data-image-caption=\"\" data-large-file=\"https:\/\/i0.wp.com\/tecnicashablarenpublico.com\/blog\/wp-content\/uploads\/2014\/02\/COMUNICACIoN-EFECTIVA-El-Poder-de-Darte-a-Entender.png?fit=619%2C328&amp;ssl=1\" class=\" wp-image-1841 alignleft lazyload\" title=\"COMUNICACIoN EFECTIVA   El Poder de Darte a Entender\" alt=\"COMUNICACIoN EFECTIVA   El Poder de Darte a Entender\" src=\"data:image\/gif;base64,R0lGODlhAQABAIAAAAAAAP\/\/\/yH5BAEAAAAALAAAAAABAAEAAAIBRAA7\" data-src=\"https:\/\/tecnicashablarenpublico.com\/blog\/wp-content\/uploads\/2014\/02\/COMUNICACIoN-EFECTIVA-El-Poder-de-Darte-a-Entender.png\" width=\"433\" height=\"230\" \/><noscript><img data-recalc-dims=\"1\" decoding=\"async\" data-attachment-id=\"1841\" data-permalink=\"https:\/\/tecnicashablarenpublico.com\/blog\/comunicacion-efectiva-el-poder-de-darte-a-entender\/comunicacion-efectiva-el-poder-de-darte-a-entender\/\" data-orig-file=\"https:\/\/i0.wp.com\/tecnicashablarenpublico.com\/blog\/wp-content\/uploads\/2014\/02\/COMUNICACIoN-EFECTIVA-El-Poder-de-Darte-a-Entender.png?fit=619%2C328&amp;ssl=1\" data-orig-size=\"619,328\" data-comments-opened=\"0\" data-image-meta=\"{&quot;aperture&quot;:&quot;0&quot;,&quot;credit&quot;:&quot;&quot;,&quot;camera&quot;:&quot;&quot;,&quot;caption&quot;:&quot;&quot;,&quot;created_timestamp&quot;:&quot;0&quot;,&quot;copyright&quot;:&quot;&quot;,&quot;focal_length&quot;:&quot;0&quot;,&quot;iso&quot;:&quot;0&quot;,&quot;shutter_speed&quot;:&quot;0&quot;,&quot;title&quot;:&quot;&quot;}\" data-image-title=\"COMUNICACIoN EFECTIVA   El Poder de Darte a Entender\" data-image-description=\"&lt;p&gt;COMUNICACIoN EFECTIVA   El Poder de Darte a Entender&lt;\/p&gt;\n\" data-image-caption=\"\" data-large-file=\"https:\/\/i0.wp.com\/tecnicashablarenpublico.com\/blog\/wp-content\/uploads\/2014\/02\/COMUNICACIoN-EFECTIVA-El-Poder-de-Darte-a-Entender.png?fit=619%2C328&amp;ssl=1\" class=\" wp-image-1841 alignleft lazyload\" title=\"COMUNICACIoN EFECTIVA   El Poder de Darte a Entender\" alt=\"COMUNICACIoN EFECTIVA   El Poder de Darte a Entender\" src=\"https:\/\/i0.wp.com\/tecnicashablarenpublico.com\/blog\/wp-content\/uploads\/2014\/02\/COMUNICACIoN-EFECTIVA-El-Poder-de-Darte-a-Entender.png?fit=619%2C328&ssl=1\" width=\"433\" height=\"230\" srcset=\"https:\/\/i0.wp.com\/tecnicashablarenpublico.com\/blog\/wp-content\/uploads\/2014\/02\/COMUNICACIoN-EFECTIVA-El-Poder-de-Darte-a-Entender.png?fit=300%2C158&amp;ssl=1 300w, https:\/\/i0.wp.com\/tecnicashablarenpublico.com\/blog\/wp-content\/uploads\/2014\/02\/COMUNICACIoN-EFECTIVA-El-Poder-de-Darte-a-Entender.png?fit=619%2C328&amp;ssl=1 619w\" sizes=\"(max-width: 433px) 100vw, 433px\" \/><\/noscript><\/a>\u00bfTe ha pasado que a veces tienes tanto que decir pero no encuentras las palabras para decirlo?<\/em><\/strong><\/p>\n<p>El otro d\u00eda una amiga me pregunt\u00f3 lo siguiente:<\/p>\n<p><em>\u00bfPor qu\u00e9 a veces siento que tengo muchas ideas muy importantes que compartir, pero al momento de querer hablar no encuentro c\u00f3mo expresarme, y al final termino por decirlo todo de manera incompleta.<\/em><\/p>\n<p>Me dijo que su problema era que los dem\u00e1s ni la entend\u00edan ni le daban <!--more-->importancia a lo que trataba de decir.<\/p>\n<p><strong>La claridad es la base&#8230;<\/strong><\/p>\n<p>Para poder comunicarte bien y que las personas entiendan tu punto, necesitas primero entenderte t\u00fa mismo.<\/p>\n<p>A veces tenemos mucho qu\u00e9 decir, pero tenemos una gran confusi\u00f3n en nuestra mente. Por eso necesitas estructurar y organizar primero esas ideas que quieres compartir con alguien.<\/p>\n<p>Si la otra persona no te entiende, pierde totalmente el inter\u00e9s en lo que dices. Por eso tienes que aprender a comunicar tus ideas con claridad&#8230;<\/p>\n<p><strong>3 pasos para comunicar tus ideas con claridad:<\/strong><\/p>\n<p>Los siguientes pasos te ayudar\u00e1n a mejorar tu comunicaci\u00f3n en general, y te permitir\u00e1n ser m\u00e1s exacto en lo que quieres transmitir frente a una o miles de personas&#8230;<\/p>\n<p><strong>1. \u00bfQu\u00e9 quieres decir?<\/strong><\/p>\n<p><em>\u00bfTe ha pasado que escuchas a alguien hablar y hablar de un mont\u00f3n de temas y al terminar de escucharlo no sabes realmente lo que te quiso decir?<\/em><\/p>\n<p>Para evitar eso, tienes que definir exactamente cu\u00e1l va a ser tu punto o idea principal. Una vez que decidas lo que vas a decir, mantente centrado en el tema y no trates de abarcar m\u00e1s.<\/p>\n<p>Si quieres decir mucho, terminar\u00e1s diciendo nada, y entonces perder\u00e1s el inter\u00e9s de tus oyentes.<\/p>\n<p><strong>2. \u00bfPara qu\u00e9 lo quieres decir?<\/strong><\/p>\n<p><em>Si no vas a decir algo \u00fatil, mejor mant\u00e9n la boca cerrada.<\/em><\/p>\n<p>Aunque suene un poco duro, esa idea que vas a compartir con tus palabras debe de tener un prop\u00f3sito. Si no, \u00bfpara qu\u00e9 gastar esa valiosa energ\u00eda en darte a entender?<\/p>\n<p>Define bien el objetivo de eso que vas a transmitir. Con el tiempo y la pr\u00e1ctica te vas a dar cuenta que dejar\u00e1s de hablar m\u00e1s de lo necesario, pero cuando lo hagas, tus palabras tendr\u00e1n tanto PODER, que todos querr\u00e1n escucharte.<\/p>\n<p><strong>3. \u00bfC\u00f3mo lo vas a decir?<\/strong><\/p>\n<p><em>\u00abNo me enoja que me digas perro, sino la perra forma en que lo dices\u00bb<\/em>, le dijo un esposo a su mujer&#8230;<\/p>\n<p>Lo m\u00e1s importante no es lo que dices, sino C\u00d3MO lo dices. As\u00ed que determina de qu\u00e9 manera vas a pronunciar ese mensaje para que transmita la intenci\u00f3n adecuada.<\/p>\n<p>Adem\u00e1s, en este punto es donde tienes que buscar apoyos. Esos apoyos pueden ser ejemplos claros y espec\u00edficos que ayuden a que tu punto sea bien comprendido y asimilado.<\/p>\n<p>.<\/p>\n<p><strong>Escucha para ser escuchado.<\/strong><\/p>\n<p>Si defines bien lo que vas a decir y evitas hablar m\u00e1s de lo necesario est\u00e1s respetando el tiempo de la otra persona, y eso te lo agradecer\u00e1 con su inter\u00e9s genuino en lo que t\u00fa dices.<\/p>\n<p>Adem\u00e1s, si t\u00fa tambi\u00e9n la escuchas de verdad, vas a crear una gran empat\u00eda y te permitir\u00e1 mantener una comunicaci\u00f3n muy cercana, directa y poderosa.<\/p>\n<p>Aplica estos 3 pasos la pr\u00f3xima vez que vayas a compartir una idea con los dem\u00e1s, y notar\u00e1s como todos te van a escuchar atentamente.<\/p>\n<p><strong>V\u00edctor Toscano<\/strong><br \/>\n<a href=\"http:\/\/TecnicasHablarEnPublico.com\">TecnicasHablarEnPublico.com<\/a><\/p>\n<p><em><strong>P.D: Si te parece \u00fatil esta informaci\u00f3n, por favor haz clic en \u201cGoogle +1\u201d y comp\u00e1rtelo en \u00abFacebook\u00bb y \u201cTwitter\u201d. \u00a1Muchas Gracias!<\/strong><\/em><\/p>\n<p><strong><em>P.D.2: \u00bfQuieres saber c\u00f3mo yo aprend\u00ed a Hablar en P\u00fablico? Haz clic a continuaci\u00f3n:<\/em><\/strong><\/p>\n<p style=\"text-align: center;\"><a title=\"como aprender a hablar en publico y convencer\" href=\"https:\/\/tecnicashablarenpublico.com\/\" target=\"_blank\"><img decoding=\"async\" data-attachment-id=\"1825\" data-permalink=\"https:\/\/tecnicashablarenpublico.com\/blog\/como-caer-bien-a-las-personas-3-pasos-para-tener-empatia\/como-aprender-a-hablar-en-publico-y-convencer\/\" data-orig-file=\"https:\/\/i0.wp.com\/tecnicashablarenpublico.com\/blog\/wp-content\/uploads\/2014\/01\/como-aprender-a-hablar-en-publico-y-convencer.png?fit=380%2C300&amp;ssl=1\" data-orig-size=\"380,300\" data-comments-opened=\"0\" data-image-meta=\"{&quot;aperture&quot;:&quot;0&quot;,&quot;credit&quot;:&quot;&quot;,&quot;camera&quot;:&quot;&quot;,&quot;caption&quot;:&quot;&quot;,&quot;created_timestamp&quot;:&quot;0&quot;,&quot;copyright&quot;:&quot;&quot;,&quot;focal_length&quot;:&quot;0&quot;,&quot;iso&quot;:&quot;0&quot;,&quot;shutter_speed&quot;:&quot;0&quot;,&quot;title&quot;:&quot;&quot;}\" data-image-title=\"Como aprender a hablar en publico y convencer\" data-image-description=\"&lt;p&gt;Como aprender a hablar en publico y convencer&lt;\/p&gt;\n\" data-image-caption=\"\" data-large-file=\"https:\/\/i0.wp.com\/tecnicashablarenpublico.com\/blog\/wp-content\/uploads\/2014\/01\/como-aprender-a-hablar-en-publico-y-convencer.png?fit=380%2C300&amp;ssl=1\" class=\"aligncenter  wp-image-1825 lazyload\" title=\"Como aprender a hablar en publico y convencer\" alt=\"Como aprender a hablar en publico y convencer\" src=\"data:image\/gif;base64,R0lGODlhAQABAIAAAAAAAP\/\/\/yH5BAEAAAAALAAAAAABAAEAAAIBRAA7\" data-src=\"https:\/\/tecnicashablarenpublico.com\/blog\/wp-content\/uploads\/2014\/01\/como-aprender-a-hablar-en-publico-y-convencer.png\" width=\"304\" height=\"240\" \/><noscript><img data-recalc-dims=\"1\" decoding=\"async\" data-attachment-id=\"1825\" data-permalink=\"https:\/\/tecnicashablarenpublico.com\/blog\/como-caer-bien-a-las-personas-3-pasos-para-tener-empatia\/como-aprender-a-hablar-en-publico-y-convencer\/\" data-orig-file=\"https:\/\/i0.wp.com\/tecnicashablarenpublico.com\/blog\/wp-content\/uploads\/2014\/01\/como-aprender-a-hablar-en-publico-y-convencer.png?fit=380%2C300&amp;ssl=1\" data-orig-size=\"380,300\" data-comments-opened=\"0\" data-image-meta=\"{&quot;aperture&quot;:&quot;0&quot;,&quot;credit&quot;:&quot;&quot;,&quot;camera&quot;:&quot;&quot;,&quot;caption&quot;:&quot;&quot;,&quot;created_timestamp&quot;:&quot;0&quot;,&quot;copyright&quot;:&quot;&quot;,&quot;focal_length&quot;:&quot;0&quot;,&quot;iso&quot;:&quot;0&quot;,&quot;shutter_speed&quot;:&quot;0&quot;,&quot;title&quot;:&quot;&quot;}\" data-image-title=\"Como aprender a hablar en publico y convencer\" data-image-description=\"&lt;p&gt;Como aprender a hablar en publico y convencer&lt;\/p&gt;\n\" data-image-caption=\"\" data-large-file=\"https:\/\/i0.wp.com\/tecnicashablarenpublico.com\/blog\/wp-content\/uploads\/2014\/01\/como-aprender-a-hablar-en-publico-y-convencer.png?fit=380%2C300&amp;ssl=1\" class=\"aligncenter  wp-image-1825 lazyload\" title=\"Como aprender a hablar en publico y convencer\" alt=\"Como aprender a hablar en publico y convencer\" src=\"https:\/\/i0.wp.com\/tecnicashablarenpublico.com\/blog\/wp-content\/uploads\/2014\/01\/como-aprender-a-hablar-en-publico-y-convencer.png?fit=380%2C300&ssl=1\" width=\"304\" height=\"240\" srcset=\"https:\/\/i0.wp.com\/tecnicashablarenpublico.com\/blog\/wp-content\/uploads\/2014\/01\/como-aprender-a-hablar-en-publico-y-convencer.png?fit=300%2C236&amp;ssl=1 300w, https:\/\/i0.wp.com\/tecnicashablarenpublico.com\/blog\/wp-content\/uploads\/2014\/01\/como-aprender-a-hablar-en-publico-y-convencer.png?fit=380%2C300&amp;ssl=1 380w\" sizes=\"(max-width: 304px) 100vw, 304px\" \/><\/noscript><\/a><\/p>\n","protected":false},"excerpt":{"rendered":"<p>\u00bfTe ha pasado que a veces tienes tanto que decir pero no encuentras las palabras para decirlo? El otro d\u00eda una amiga me pregunt\u00f3 lo siguiente: \u00bfPor qu\u00e9 a veces siento que tengo muchas ideas muy importantes que compartir, pero al momento de querer hablar no encuentro c\u00f3mo expresarme, y al final termino por decirlo [&hellip;]<\/p>\n","protected":false},"author":1,"featured_media":0,"comment_status":"open","ping_status":"closed","sticky":false,"template":"","format":"standard","meta":{"jetpack_post_was_ever_published":false,"_jetpack_newsletter_access":"","_jetpack_dont_email_post_to_subs":false,"_jetpack_newsletter_tier_id":0,"_jetpack_memberships_contains_paywalled_content":false,"_jetpack_memberships_contains_paid_content":false,"footnotes":"","jetpack_publicize_message":"","jetpack_publicize_feature_enabled":true,"jetpack_social_post_already_shared":true,"jetpack_social_options":{"image_generator_settings":{"template":"highway","default_image_id":0,"font":"","enabled":false},"version":2}},"categories":[32,3],"tags":[6,26],"class_list":["post-1837","post","type-post","status-publish","format-standard","hentry","category-como-hablar-en-publico-2","category-tecnicas-para-hablar-en-publico","tag-como-hablar-en-publico","tag-consejos-para-hablar-en-publico","post-wrapper","thrv_wrapper"],"yoast_head":"<!-- This site is optimized with the Yoast SEO plugin v27.5 - https:\/\/yoast.com\/product\/yoast-seo-wordpress\/ -->\n<title>* COMUNICACI\u00d3N EFECTIVA * | El Poder de Darte a Entender - TecnicasHablarEnPublico.Com<\/title>\n<meta name=\"robots\" content=\"index, follow, max-snippet:-1, max-image-preview:large, max-video-preview:-1\" \/>\n<link rel=\"canonical\" href=\"https:\/\/tecnicashablarenpublico.com\/blog\/comunicacion-efectiva-el-poder-de-darte-a-entender\/\" \/>\n<meta property=\"og:locale\" content=\"es_ES\" \/>\n<meta property=\"og:type\" content=\"article\" \/>\n<meta property=\"og:title\" content=\"* COMUNICACI\u00d3N EFECTIVA * | El Poder de Darte a Entender - TecnicasHablarEnPublico.Com\" \/>\n<meta property=\"og:description\" content=\"\u00bfTe ha pasado que a veces tienes tanto que decir pero no encuentras las palabras para decirlo? El otro d\u00eda una amiga me pregunt\u00f3 lo siguiente: \u00bfPor qu\u00e9 a veces siento que tengo muchas ideas muy importantes que compartir, pero al momento de querer hablar no encuentro c\u00f3mo expresarme, y al final termino por decirlo [&hellip;]\" \/>\n<meta property=\"og:url\" content=\"https:\/\/tecnicashablarenpublico.com\/blog\/comunicacion-efectiva-el-poder-de-darte-a-entender\/\" \/>\n<meta property=\"og:site_name\" content=\"TecnicasHablarEnPublico.Com\" \/>\n<meta property=\"article:publisher\" content=\"https:\/\/www.facebook.com\/VictorToscanoOficial\/\" \/>\n<meta property=\"article:author\" content=\"https:\/\/www.facebook.com\/victortoscanooficial\" \/>\n<meta property=\"article:published_time\" content=\"2014-02-12T17:32:09+00:00\" \/>\n<meta property=\"article:modified_time\" content=\"2014-02-12T17:33:18+00:00\" \/>\n<meta property=\"og:image\" content=\"https:\/\/tecnicashablarenpublico.com\/blog\/wp-content\/uploads\/2014\/02\/COMUNICACIoN-EFECTIVA-El-Poder-de-Darte-a-Entender.png\" \/>\n<meta name=\"author\" content=\"Victor Toscano T V\" \/>\n<meta name=\"twitter:card\" content=\"summary_large_image\" \/>\n<meta name=\"twitter:creator\" content=\"@_victortoscano\" \/>\n<meta name=\"twitter:label1\" content=\"Escrito por\" \/>\n\t<meta name=\"twitter:data1\" content=\"Victor Toscano T V\" \/>\n\t<meta name=\"twitter:label2\" content=\"Tiempo de lectura\" \/>\n\t<meta name=\"twitter:data2\" content=\"3 minutos\" \/>\n<script type=\"application\/ld+json\" class=\"yoast-schema-graph\">{\"@context\":\"https:\\\/\\\/schema.org\",\"@graph\":[{\"@type\":\"Article\",\"@id\":\"https:\\\/\\\/tecnicashablarenpublico.com\\\/blog\\\/comunicacion-efectiva-el-poder-de-darte-a-entender\\\/#article\",\"isPartOf\":{\"@id\":\"https:\\\/\\\/tecnicashablarenpublico.com\\\/blog\\\/comunicacion-efectiva-el-poder-de-darte-a-entender\\\/\"},\"author\":{\"name\":\"Victor Toscano T V\",\"@id\":\"https:\\\/\\\/tecnicashablarenpublico.com\\\/blog\\\/#\\\/schema\\\/person\\\/f6a96b9bb773de8f08f84e4d6e6cf28f\"},\"headline\":\"* COMUNICACI\u00d3N EFECTIVA * | El Poder de Darte a Entender\",\"datePublished\":\"2014-02-12T17:32:09+00:00\",\"dateModified\":\"2014-02-12T17:33:18+00:00\",\"mainEntityOfPage\":{\"@id\":\"https:\\\/\\\/tecnicashablarenpublico.com\\\/blog\\\/comunicacion-efectiva-el-poder-de-darte-a-entender\\\/\"},\"wordCount\":635,\"commentCount\":5446,\"publisher\":{\"@id\":\"https:\\\/\\\/tecnicashablarenpublico.com\\\/blog\\\/#organization\"},\"image\":{\"@id\":\"https:\\\/\\\/tecnicashablarenpublico.com\\\/blog\\\/comunicacion-efectiva-el-poder-de-darte-a-entender\\\/#primaryimage\"},\"thumbnailUrl\":\"https:\\\/\\\/tecnicashablarenpublico.com\\\/blog\\\/wp-content\\\/uploads\\\/2014\\\/02\\\/COMUNICACIoN-EFECTIVA-El-Poder-de-Darte-a-Entender.png\",\"keywords\":[\"como hablar en publico\",\"consejos para hablar en publico\"],\"articleSection\":[\"Como Hablar en Publico\",\"T\u00e9cnicas Para Hablar En P\u00fablico\"],\"inLanguage\":\"es\"},{\"@type\":\"WebPage\",\"@id\":\"https:\\\/\\\/tecnicashablarenpublico.com\\\/blog\\\/comunicacion-efectiva-el-poder-de-darte-a-entender\\\/\",\"url\":\"https:\\\/\\\/tecnicashablarenpublico.com\\\/blog\\\/comunicacion-efectiva-el-poder-de-darte-a-entender\\\/\",\"name\":\"* COMUNICACI\u00d3N EFECTIVA * | El Poder de Darte a Entender - TecnicasHablarEnPublico.Com\",\"isPartOf\":{\"@id\":\"https:\\\/\\\/tecnicashablarenpublico.com\\\/blog\\\/#website\"},\"primaryImageOfPage\":{\"@id\":\"https:\\\/\\\/tecnicashablarenpublico.com\\\/blog\\\/comunicacion-efectiva-el-poder-de-darte-a-entender\\\/#primaryimage\"},\"image\":{\"@id\":\"https:\\\/\\\/tecnicashablarenpublico.com\\\/blog\\\/comunicacion-efectiva-el-poder-de-darte-a-entender\\\/#primaryimage\"},\"thumbnailUrl\":\"https:\\\/\\\/tecnicashablarenpublico.com\\\/blog\\\/wp-content\\\/uploads\\\/2014\\\/02\\\/COMUNICACIoN-EFECTIVA-El-Poder-de-Darte-a-Entender.png\",\"datePublished\":\"2014-02-12T17:32:09+00:00\",\"dateModified\":\"2014-02-12T17:33:18+00:00\",\"breadcrumb\":{\"@id\":\"https:\\\/\\\/tecnicashablarenpublico.com\\\/blog\\\/comunicacion-efectiva-el-poder-de-darte-a-entender\\\/#breadcrumb\"},\"inLanguage\":\"es\",\"potentialAction\":[{\"@type\":\"ReadAction\",\"target\":[\"https:\\\/\\\/tecnicashablarenpublico.com\\\/blog\\\/comunicacion-efectiva-el-poder-de-darte-a-entender\\\/\"]}]},{\"@type\":\"ImageObject\",\"inLanguage\":\"es\",\"@id\":\"https:\\\/\\\/tecnicashablarenpublico.com\\\/blog\\\/comunicacion-efectiva-el-poder-de-darte-a-entender\\\/#primaryimage\",\"url\":\"https:\\\/\\\/i0.wp.com\\\/tecnicashablarenpublico.com\\\/blog\\\/wp-content\\\/uploads\\\/2014\\\/02\\\/COMUNICACIoN-EFECTIVA-El-Poder-de-Darte-a-Entender.png?fit=619%2C328&ssl=1\",\"contentUrl\":\"https:\\\/\\\/i0.wp.com\\\/tecnicashablarenpublico.com\\\/blog\\\/wp-content\\\/uploads\\\/2014\\\/02\\\/COMUNICACIoN-EFECTIVA-El-Poder-de-Darte-a-Entender.png?fit=619%2C328&ssl=1\",\"width\":619,\"height\":328,\"caption\":\"COMUNICACIoN EFECTIVA El Poder de Darte a Entender\"},{\"@type\":\"BreadcrumbList\",\"@id\":\"https:\\\/\\\/tecnicashablarenpublico.com\\\/blog\\\/comunicacion-efectiva-el-poder-de-darte-a-entender\\\/#breadcrumb\",\"itemListElement\":[{\"@type\":\"ListItem\",\"position\":1,\"name\":\"Portada\",\"item\":\"https:\\\/\\\/tecnicashablarenpublico.com\\\/blog\\\/\"},{\"@type\":\"ListItem\",\"position\":2,\"name\":\"* COMUNICACI\u00d3N EFECTIVA * | El Poder de Darte a Entender\"}]},{\"@type\":\"WebSite\",\"@id\":\"https:\\\/\\\/tecnicashablarenpublico.com\\\/blog\\\/#website\",\"url\":\"https:\\\/\\\/tecnicashablarenpublico.com\\\/blog\\\/\",\"name\":\"TecnicasHablarEnPublico.Com\",\"description\":\"Blog\",\"publisher\":{\"@id\":\"https:\\\/\\\/tecnicashablarenpublico.com\\\/blog\\\/#organization\"},\"potentialAction\":[{\"@type\":\"SearchAction\",\"target\":{\"@type\":\"EntryPoint\",\"urlTemplate\":\"https:\\\/\\\/tecnicashablarenpublico.com\\\/blog\\\/?s={search_term_string}\"},\"query-input\":{\"@type\":\"PropertyValueSpecification\",\"valueRequired\":true,\"valueName\":\"search_term_string\"}}],\"inLanguage\":\"es\"},{\"@type\":\"Organization\",\"@id\":\"https:\\\/\\\/tecnicashablarenpublico.com\\\/blog\\\/#organization\",\"name\":\"TecnicasHablarEnPublico\",\"url\":\"https:\\\/\\\/tecnicashablarenpublico.com\\\/blog\\\/\",\"logo\":{\"@type\":\"ImageObject\",\"inLanguage\":\"es\",\"@id\":\"https:\\\/\\\/tecnicashablarenpublico.com\\\/blog\\\/#\\\/schema\\\/logo\\\/image\\\/\",\"url\":\"https:\\\/\\\/i0.wp.com\\\/tecnicashablarenpublico.com\\\/blog\\\/wp-content\\\/uploads\\\/2014\\\/11\\\/logo_cuadrado.png?fit=286%2C255&ssl=1\",\"contentUrl\":\"https:\\\/\\\/i0.wp.com\\\/tecnicashablarenpublico.com\\\/blog\\\/wp-content\\\/uploads\\\/2014\\\/11\\\/logo_cuadrado.png?fit=286%2C255&ssl=1\",\"width\":286,\"height\":255,\"caption\":\"TecnicasHablarEnPublico\"},\"image\":{\"@id\":\"https:\\\/\\\/tecnicashablarenpublico.com\\\/blog\\\/#\\\/schema\\\/logo\\\/image\\\/\"},\"sameAs\":[\"https:\\\/\\\/www.facebook.com\\\/VictorToscanoOficial\\\/\"]},{\"@type\":\"Person\",\"@id\":\"https:\\\/\\\/tecnicashablarenpublico.com\\\/blog\\\/#\\\/schema\\\/person\\\/f6a96b9bb773de8f08f84e4d6e6cf28f\",\"name\":\"Victor Toscano T V\",\"image\":{\"@type\":\"ImageObject\",\"inLanguage\":\"es\",\"@id\":\"https:\\\/\\\/secure.gravatar.com\\\/avatar\\\/e45c6f1f2986615bd1357fd094a24ab45a2ce7ca867817458fbebca30cd78e46?s=96&d=mm&r=g\",\"url\":\"https:\\\/\\\/secure.gravatar.com\\\/avatar\\\/e45c6f1f2986615bd1357fd094a24ab45a2ce7ca867817458fbebca30cd78e46?s=96&d=mm&r=g\",\"contentUrl\":\"https:\\\/\\\/secure.gravatar.com\\\/avatar\\\/e45c6f1f2986615bd1357fd094a24ab45a2ce7ca867817458fbebca30cd78e46?s=96&d=mm&r=g\",\"caption\":\"Victor Toscano T V\"},\"description\":\"Un apasionado en el tema de Hablar en P\u00fablico y el Crecimiento Personal, que pas\u00f3 de \\\"t\u00edmido\\\" a Conferencista Internacional en menos de dos a\u00f1os.\",\"sameAs\":[\"http:\\\/\\\/www.tecnicashablarenpublico.com\",\"https:\\\/\\\/www.facebook.com\\\/victortoscanooficial\",\"http:\\\/\\\/mx.linkedin.com\\\/in\\\/victortoscano\\\/\",\"http:\\\/\\\/www.pinterest.com\\\/victortoscano\\\/\",\"https:\\\/\\\/x.com\\\/_victortoscano\",\"http:\\\/\\\/victortoscano.com.mx\\\/youtube\"],\"url\":\"https:\\\/\\\/tecnicashablarenpublico.com\\\/blog\\\/author\\\/vict26\\\/\"}]}<\/script>\n<!-- \/ Yoast SEO plugin. -->","yoast_head_json":{"title":"* COMUNICACI\u00d3N EFECTIVA * | El Poder de Darte a Entender - TecnicasHablarEnPublico.Com","robots":{"index":"index","follow":"follow","max-snippet":"max-snippet:-1","max-image-preview":"max-image-preview:large","max-video-preview":"max-video-preview:-1"},"canonical":"https:\/\/tecnicashablarenpublico.com\/blog\/comunicacion-efectiva-el-poder-de-darte-a-entender\/","og_locale":"es_ES","og_type":"article","og_title":"* COMUNICACI\u00d3N EFECTIVA * | El Poder de Darte a Entender - TecnicasHablarEnPublico.Com","og_description":"\u00bfTe ha pasado que a veces tienes tanto que decir pero no encuentras las palabras para decirlo? El otro d\u00eda una amiga me pregunt\u00f3 lo siguiente: \u00bfPor qu\u00e9 a veces siento que tengo muchas ideas muy importantes que compartir, pero al momento de querer hablar no encuentro c\u00f3mo expresarme, y al final termino por decirlo [&hellip;]","og_url":"https:\/\/tecnicashablarenpublico.com\/blog\/comunicacion-efectiva-el-poder-de-darte-a-entender\/","og_site_name":"TecnicasHablarEnPublico.Com","article_publisher":"https:\/\/www.facebook.com\/VictorToscanoOficial\/","article_author":"https:\/\/www.facebook.com\/victortoscanooficial","article_published_time":"2014-02-12T17:32:09+00:00","article_modified_time":"2014-02-12T17:33:18+00:00","og_image":[{"url":"https:\/\/tecnicashablarenpublico.com\/blog\/wp-content\/uploads\/2014\/02\/COMUNICACIoN-EFECTIVA-El-Poder-de-Darte-a-Entender.png","type":"","width":"","height":""}],"author":"Victor Toscano T V","twitter_card":"summary_large_image","twitter_creator":"@_victortoscano","twitter_misc":{"Escrito por":"Victor Toscano T V","Tiempo de lectura":"3 minutos"},"schema":{"@context":"https:\/\/schema.org","@graph":[{"@type":"Article","@id":"https:\/\/tecnicashablarenpublico.com\/blog\/comunicacion-efectiva-el-poder-de-darte-a-entender\/#article","isPartOf":{"@id":"https:\/\/tecnicashablarenpublico.com\/blog\/comunicacion-efectiva-el-poder-de-darte-a-entender\/"},"author":{"name":"Victor Toscano T V","@id":"https:\/\/tecnicashablarenpublico.com\/blog\/#\/schema\/person\/f6a96b9bb773de8f08f84e4d6e6cf28f"},"headline":"* COMUNICACI\u00d3N EFECTIVA * | El Poder de Darte a Entender","datePublished":"2014-02-12T17:32:09+00:00","dateModified":"2014-02-12T17:33:18+00:00","mainEntityOfPage":{"@id":"https:\/\/tecnicashablarenpublico.com\/blog\/comunicacion-efectiva-el-poder-de-darte-a-entender\/"},"wordCount":635,"commentCount":5446,"publisher":{"@id":"https:\/\/tecnicashablarenpublico.com\/blog\/#organization"},"image":{"@id":"https:\/\/tecnicashablarenpublico.com\/blog\/comunicacion-efectiva-el-poder-de-darte-a-entender\/#primaryimage"},"thumbnailUrl":"https:\/\/tecnicashablarenpublico.com\/blog\/wp-content\/uploads\/2014\/02\/COMUNICACIoN-EFECTIVA-El-Poder-de-Darte-a-Entender.png","keywords":["como hablar en publico","consejos para hablar en publico"],"articleSection":["Como Hablar en Publico","T\u00e9cnicas Para Hablar En P\u00fablico"],"inLanguage":"es"},{"@type":"WebPage","@id":"https:\/\/tecnicashablarenpublico.com\/blog\/comunicacion-efectiva-el-poder-de-darte-a-entender\/","url":"https:\/\/tecnicashablarenpublico.com\/blog\/comunicacion-efectiva-el-poder-de-darte-a-entender\/","name":"* COMUNICACI\u00d3N EFECTIVA * | El Poder de Darte a Entender - TecnicasHablarEnPublico.Com","isPartOf":{"@id":"https:\/\/tecnicashablarenpublico.com\/blog\/#website"},"primaryImageOfPage":{"@id":"https:\/\/tecnicashablarenpublico.com\/blog\/comunicacion-efectiva-el-poder-de-darte-a-entender\/#primaryimage"},"image":{"@id":"https:\/\/tecnicashablarenpublico.com\/blog\/comunicacion-efectiva-el-poder-de-darte-a-entender\/#primaryimage"},"thumbnailUrl":"https:\/\/tecnicashablarenpublico.com\/blog\/wp-content\/uploads\/2014\/02\/COMUNICACIoN-EFECTIVA-El-Poder-de-Darte-a-Entender.png","datePublished":"2014-02-12T17:32:09+00:00","dateModified":"2014-02-12T17:33:18+00:00","breadcrumb":{"@id":"https:\/\/tecnicashablarenpublico.com\/blog\/comunicacion-efectiva-el-poder-de-darte-a-entender\/#breadcrumb"},"inLanguage":"es","potentialAction":[{"@type":"ReadAction","target":["https:\/\/tecnicashablarenpublico.com\/blog\/comunicacion-efectiva-el-poder-de-darte-a-entender\/"]}]},{"@type":"ImageObject","inLanguage":"es","@id":"https:\/\/tecnicashablarenpublico.com\/blog\/comunicacion-efectiva-el-poder-de-darte-a-entender\/#primaryimage","url":"https:\/\/i0.wp.com\/tecnicashablarenpublico.com\/blog\/wp-content\/uploads\/2014\/02\/COMUNICACIoN-EFECTIVA-El-Poder-de-Darte-a-Entender.png?fit=619%2C328&ssl=1","contentUrl":"https:\/\/i0.wp.com\/tecnicashablarenpublico.com\/blog\/wp-content\/uploads\/2014\/02\/COMUNICACIoN-EFECTIVA-El-Poder-de-Darte-a-Entender.png?fit=619%2C328&ssl=1","width":619,"height":328,"caption":"COMUNICACIoN EFECTIVA El Poder de Darte a Entender"},{"@type":"BreadcrumbList","@id":"https:\/\/tecnicashablarenpublico.com\/blog\/comunicacion-efectiva-el-poder-de-darte-a-entender\/#breadcrumb","itemListElement":[{"@type":"ListItem","position":1,"name":"Portada","item":"https:\/\/tecnicashablarenpublico.com\/blog\/"},{"@type":"ListItem","position":2,"name":"* COMUNICACI\u00d3N EFECTIVA * | El Poder de Darte a Entender"}]},{"@type":"WebSite","@id":"https:\/\/tecnicashablarenpublico.com\/blog\/#website","url":"https:\/\/tecnicashablarenpublico.com\/blog\/","name":"TecnicasHablarEnPublico.Com","description":"Blog","publisher":{"@id":"https:\/\/tecnicashablarenpublico.com\/blog\/#organization"},"potentialAction":[{"@type":"SearchAction","target":{"@type":"EntryPoint","urlTemplate":"https:\/\/tecnicashablarenpublico.com\/blog\/?s={search_term_string}"},"query-input":{"@type":"PropertyValueSpecification","valueRequired":true,"valueName":"search_term_string"}}],"inLanguage":"es"},{"@type":"Organization","@id":"https:\/\/tecnicashablarenpublico.com\/blog\/#organization","name":"TecnicasHablarEnPublico","url":"https:\/\/tecnicashablarenpublico.com\/blog\/","logo":{"@type":"ImageObject","inLanguage":"es","@id":"https:\/\/tecnicashablarenpublico.com\/blog\/#\/schema\/logo\/image\/","url":"https:\/\/i0.wp.com\/tecnicashablarenpublico.com\/blog\/wp-content\/uploads\/2014\/11\/logo_cuadrado.png?fit=286%2C255&ssl=1","contentUrl":"https:\/\/i0.wp.com\/tecnicashablarenpublico.com\/blog\/wp-content\/uploads\/2014\/11\/logo_cuadrado.png?fit=286%2C255&ssl=1","width":286,"height":255,"caption":"TecnicasHablarEnPublico"},"image":{"@id":"https:\/\/tecnicashablarenpublico.com\/blog\/#\/schema\/logo\/image\/"},"sameAs":["https:\/\/www.facebook.com\/VictorToscanoOficial\/"]},{"@type":"Person","@id":"https:\/\/tecnicashablarenpublico.com\/blog\/#\/schema\/person\/f6a96b9bb773de8f08f84e4d6e6cf28f","name":"Victor Toscano T V","image":{"@type":"ImageObject","inLanguage":"es","@id":"https:\/\/secure.gravatar.com\/avatar\/e45c6f1f2986615bd1357fd094a24ab45a2ce7ca867817458fbebca30cd78e46?s=96&d=mm&r=g","url":"https:\/\/secure.gravatar.com\/avatar\/e45c6f1f2986615bd1357fd094a24ab45a2ce7ca867817458fbebca30cd78e46?s=96&d=mm&r=g","contentUrl":"https:\/\/secure.gravatar.com\/avatar\/e45c6f1f2986615bd1357fd094a24ab45a2ce7ca867817458fbebca30cd78e46?s=96&d=mm&r=g","caption":"Victor Toscano T V"},"description":"Un apasionado en el tema de Hablar en P\u00fablico y el Crecimiento Personal, que pas\u00f3 de \"t\u00edmido\" a Conferencista Internacional en menos de dos a\u00f1os.","sameAs":["http:\/\/www.tecnicashablarenpublico.com","https:\/\/www.facebook.com\/victortoscanooficial","http:\/\/mx.linkedin.com\/in\/victortoscano\/","http:\/\/www.pinterest.com\/victortoscano\/","https:\/\/x.com\/_victortoscano","http:\/\/victortoscano.com.mx\/youtube"],"url":"https:\/\/tecnicashablarenpublico.com\/blog\/author\/vict26\/"}]}},"jetpack_publicize_connections":[],"jetpack_featured_media_url":"","jetpack_shortlink":"https:\/\/wp.me\/p338RC-tD","jetpack-related-posts":[{"id":383,"url":"https:\/\/tecnicashablarenpublico.com\/blog\/muletillas-al-hablar-en-publico\/","url_meta":{"origin":1837,"position":0},"title":"Muletillas Al Hablar En P\u00fablico","author":"Victor Toscano T V","date":"06\/09\/2010","format":false,"excerpt":"\u00a0 Todos tenemos nuestro propio estilo para hablar, es lo que nos hace \u00fanicos. \u00bfAlguna vez has o\u00eddo a alguien hacer una observaci\u00f3n sobre la manera tan interesante o acertada como expresaste alguna frase? Aprendemos nuestra manera de hablar de nuestros padres y mentores durante nuestro crecimiento. As\u00ed que si\u2026","rel":"","context":"En \u00abT\u00e9cnicas Para Hablar En P\u00fablico\u00bb","block_context":{"text":"T\u00e9cnicas Para Hablar En P\u00fablico","link":"https:\/\/tecnicashablarenpublico.com\/blog\/category\/tecnicas-para-hablar-en-publico\/"},"img":{"alt_text":"Muletillas Al Hablar En P\u00fablico.","src":"https:\/\/i0.wp.com\/tecnicashablarenpublico.com\/blog\/wp-content\/uploads\/2010\/09\/Muletillas-Al-Hablar-En-P%C3%BAblico.-300x198.jpg?resize=350%2C200&ssl=1","width":350,"height":200},"classes":[]},{"id":949,"url":"https:\/\/tecnicashablarenpublico.com\/blog\/hablar-en-publico-es-facil-lo-dificil-es\/","url_meta":{"origin":1837,"position":1},"title":"Hablar En P\u00fablico Es F\u00e1cil, Lo Dif\u00edcil Es&#8230;","author":"Victor Toscano T V","date":"19\/04\/2013","format":false,"excerpt":"\u00bfTe gustar\u00eda saber Hablar bien en P\u00fablico y recibir el reconocimiento y la aceptaci\u00f3n de las personas? Un d\u00eda le pregunt\u00e9 a un amigo que si le interesaba aprender a hablar en p\u00fablico y le ped\u00ed que me contara si ten\u00eda miedo esc\u00e9nico, pero \u00bfqu\u00e9 crees que me respondi\u00f3?... Me\u2026","rel":"","context":"En \u00abAprender a Hablar en Publico\u00bb","block_context":{"text":"Aprender a Hablar en Publico","link":"https:\/\/tecnicashablarenpublico.com\/blog\/category\/aprender-a-hablar-en-publico\/"},"img":{"alt_text":"Hablar En P\u00fablico Es F\u00e1cil, Lo Dif\u00edcil Es...","src":"https:\/\/i0.wp.com\/tecnicashablarenpublico.com\/blog\/wp-content\/uploads\/2013\/04\/Hablar-En-Publico-Es-Facil-Lo-Dificil-Es...-300x258.jpg?resize=350%2C200&ssl=1","width":350,"height":200},"classes":[]},{"id":2349,"url":"https:\/\/tecnicashablarenpublico.com\/blog\/como-hablar-en-publico-sin-nervios-y-disfrutarlo\/","url_meta":{"origin":1837,"position":2},"title":"C\u00f3mo Hablar en P\u00fablico Sin Nervios y Disfrutarlo | Curso de Oratoria Tecnicas Para Perder el Miedo","author":"Victor Toscano T V","date":"07\/02\/2017","format":false,"excerpt":"Curso de Oratoria sobre c\u00f3mo perder el miedo a hablar en p\u00fablico sin nervios, clases de oratoria, tecnicas para hablar, exponer y expresarse bien disfrutando el proceso... \u00bb Mira el VIDEO Aqu\u00ed: \u00bb Suscr\u00edbete en Youtube: http:\/\/victor-toscano.com\/youtube \u00bb M\u00e1s videos de Oratoria:\u00a0https:\/\/tecnicashablarenpublico.com C\u00f3mo hacer que hablar en p\u00fablico te produzca\u2026","rel":"","context":"En \u00abT\u00e9cnicas Para Hablar En P\u00fablico\u00bb","block_context":{"text":"T\u00e9cnicas Para Hablar En P\u00fablico","link":"https:\/\/tecnicashablarenpublico.com\/blog\/category\/tecnicas-para-hablar-en-publico\/"},"img":{"alt_text":"","src":"https:\/\/i0.wp.com\/optimizacionpaginasmedia.s3.amazonaws.com\/2023\/06\/ulxGekVx-hablar-en-publico-copia.png?fit=500%2C281&ssl=1&resize=350%2C200","width":350,"height":200},"classes":[]},{"id":1,"url":"https:\/\/tecnicashablarenpublico.com\/blog\/como-generar-interes-al-hablar-en-publico\/","url_meta":{"origin":1837,"position":3},"title":"C\u00f3mo Generar Inter\u00e9s Al Hablar En P\u00fablico","author":"Victor Toscano T V","date":"02\/06\/2010","format":false,"excerpt":"Existe una buena raz\u00f3n para que hablar en p\u00fablico resulte el mejor m\u00e9todo para presentar un material a un grupo, m\u00e1s que el solo hecho de presentarlo simplemente para que lo lean. As\u00ed es, la raz\u00f3n es que cuando lo explicas habl\u00e1ndolo, puedes asegurarte de que \u201clo entiendan\u201d...","rel":"","context":"En \u00abT\u00e9cnicas Para Hablar En P\u00fablico\u00bb","block_context":{"text":"T\u00e9cnicas Para Hablar En P\u00fablico","link":"https:\/\/tecnicashablarenpublico.com\/blog\/category\/tecnicas-para-hablar-en-publico\/"},"img":{"alt_text":"C\u00f3mo Generar Inter\u00e9s Al Hablar En P\u00fablico","src":"https:\/\/i0.wp.com\/tecnicashablarenpublico.com\/blog\/wp-content\/uploads\/2010\/06\/C%C3%B3mo-Generar-Inter%C3%A9s-Al-Hablar-En-P%C3%BAblico.jpg?resize=350%2C200&ssl=1","width":350,"height":200},"classes":[]},{"id":812,"url":"https:\/\/tecnicashablarenpublico.com\/blog\/tecnica-para-dominar-los-nervios-al-hablar-en-publico-5\/","url_meta":{"origin":1837,"position":4},"title":"T\u00e9cnica Para Dominar Los Nervios Al Hablar En P\u00fablico #5","author":"Victor Toscano T V","date":"16\/01\/2013","format":false,"excerpt":"En lugar de preocuparte por c\u00f3mo te ves o como te escuchas, o sobre si est\u00e1s impresionando a tus oyentes,\u00a0concentra tu energ\u00eda en conseguir que el p\u00fablico entienda lo que quieres decir. https:\/\/youtu.be\/HASpsf_G-6I En otras palabras, aseg\u00farate de que tus oyentes est\u00e1n siguiendo el orden de tu exposici\u00f3n y comprenden\u2026","rel":"","context":"En \u00abAprender a Hablar en Publico\u00bb","block_context":{"text":"Aprender a Hablar en Publico","link":"https:\/\/tecnicashablarenpublico.com\/blog\/category\/aprender-a-hablar-en-publico\/"},"img":{"alt_text":"t\u00e9cnica para dominar los nervios 5","src":"https:\/\/i0.wp.com\/optimizacionpaginasmedia.s3.amazonaws.com\/2020\/05\/tecnica-para-dominar-los-nervios-5.jpg?fit=900%2C550&ssl=1&resize=350%2C200","width":350,"height":200,"srcset":"https:\/\/i0.wp.com\/optimizacionpaginasmedia.s3.amazonaws.com\/2020\/05\/tecnica-para-dominar-los-nervios-5.jpg?fit=900%2C550&ssl=1&resize=350%2C200 1x, https:\/\/i0.wp.com\/optimizacionpaginasmedia.s3.amazonaws.com\/2020\/05\/tecnica-para-dominar-los-nervios-5.jpg?fit=900%2C550&ssl=1&resize=525%2C300 1.5x, https:\/\/i0.wp.com\/optimizacionpaginasmedia.s3.amazonaws.com\/2020\/05\/tecnica-para-dominar-los-nervios-5.jpg?fit=900%2C550&ssl=1&resize=700%2C400 2x"},"classes":[]},{"id":806,"url":"https:\/\/tecnicashablarenpublico.com\/blog\/tecnica-para-dominar-los-nervios-al-hablar-en-publico-4\/","url_meta":{"origin":1837,"position":5},"title":"T\u00e9cnica Para Dominar Los Nervios Al Hablar En P\u00fablico #4","author":"Victor Toscano T V","date":"16\/01\/2013","format":false,"excerpt":"\u00a0 [headline_arial_medium_centered color=\"#aa0000\"]\"Prepara Una Introducci\u00f3n Que Te Relaje A Ti Y A Tu P\u00fablico\"[\/headline_arial_medium_centered] La mayor\u00eda de los expositores saben que una vez que consigan una reacci\u00f3n favorable del p\u00fablico, se relajar\u00e1n. Por ello,\u00a0varios expositores empiezan con buen humor\u00a0- esto los relaja a ellos y a su p\u00fablico. Si una\u2026","rel":"","context":"En \u00abAprender a Hablar en Publico\u00bb","block_context":{"text":"Aprender a Hablar en Publico","link":"https:\/\/tecnicashablarenpublico.com\/blog\/category\/aprender-a-hablar-en-publico\/"},"img":{"alt_text":"","src":"https:\/\/i0.wp.com\/tecnicashablarenpublico.com\/blog\/wp-content\/themes\/OptimizePress\/images\/large-signupnow.png?resize=350%2C200&ssl=1","width":350,"height":200},"classes":[]}],"jetpack_sharing_enabled":true,"_links":{"self":[{"href":"https:\/\/tecnicashablarenpublico.com\/blog\/wp-json\/wp\/v2\/posts\/1837","targetHints":{"allow":["GET"]}}],"collection":[{"href":"https:\/\/tecnicashablarenpublico.com\/blog\/wp-json\/wp\/v2\/posts"}],"about":[{"href":"https:\/\/tecnicashablarenpublico.com\/blog\/wp-json\/wp\/v2\/types\/post"}],"author":[{"embeddable":true,"href":"https:\/\/tecnicashablarenpublico.com\/blog\/wp-json\/wp\/v2\/users\/1"}],"replies":[{"embeddable":true,"href":"https:\/\/tecnicashablarenpublico.com\/blog\/wp-json\/wp\/v2\/comments?post=1837"}],"version-history":[{"count":0,"href":"https:\/\/tecnicashablarenpublico.com\/blog\/wp-json\/wp\/v2\/posts\/1837\/revisions"}],"wp:attachment":[{"href":"https:\/\/tecnicashablarenpublico.com\/blog\/wp-json\/wp\/v2\/media?parent=1837"}],"wp:term":[{"taxonomy":"category","embeddable":true,"href":"https:\/\/tecnicashablarenpublico.com\/blog\/wp-json\/wp\/v2\/categories?post=1837"},{"taxonomy":"post_tag","embeddable":true,"href":"https:\/\/tecnicashablarenpublico.com\/blog\/wp-json\/wp\/v2\/tags?post=1837"}],"curies":[{"name":"wp","href":"https:\/\/api.w.org\/{rel}","templated":true}]}}