{"id":1808,"date":"2014-01-22T12:28:42","date_gmt":"2014-01-22T18:28:42","guid":{"rendered":"https:\/\/tecnicashablarenpublico.com\/blog\/?p=1808"},"modified":"2014-01-22T12:30:45","modified_gmt":"2014-01-22T18:30:45","slug":"3-pasos-para-desarrollar-el-caracter-fuerte-de-un-verdadero-lider","status":"publish","type":"post","link":"https:\/\/tecnicashablarenpublico.com\/blog\/3-pasos-para-desarrollar-el-caracter-fuerte-de-un-verdadero-lider\/","title":{"rendered":"3 Pasos Para Desarrollar El Car\u00e1cter Fuerte De Un Verdadero L\u00edder"},"content":{"rendered":"<p><strong><em><img decoding=\"async\" data-attachment-id=\"1814\" data-permalink=\"https:\/\/tecnicashablarenpublico.com\/blog\/3-pasos-para-desarrollar-el-caracter-fuerte-de-un-verdadero-lider\/3-pasos-para-desarrollar-el-caracter-fuerte-de-un-verdadero-lider\/\" data-orig-file=\"https:\/\/i0.wp.com\/tecnicashablarenpublico.com\/blog\/wp-content\/uploads\/2014\/01\/3-Pasos-Para-Desarrollar-El-Caracter-Fuerte-De-Un-Verdadero-Lider.png?fit=602%2C406&amp;ssl=1\" data-orig-size=\"602,406\" data-comments-opened=\"0\" data-image-meta=\"{&quot;aperture&quot;:&quot;0&quot;,&quot;credit&quot;:&quot;&quot;,&quot;camera&quot;:&quot;&quot;,&quot;caption&quot;:&quot;&quot;,&quot;created_timestamp&quot;:&quot;0&quot;,&quot;copyright&quot;:&quot;&quot;,&quot;focal_length&quot;:&quot;0&quot;,&quot;iso&quot;:&quot;0&quot;,&quot;shutter_speed&quot;:&quot;0&quot;,&quot;title&quot;:&quot;&quot;}\" data-image-title=\"3 Pasos Para Desarrollar El Caracter Fuerte De Un Verdadero Lider\" data-image-description=\"\" data-image-caption=\"\" data-large-file=\"https:\/\/i0.wp.com\/tecnicashablarenpublico.com\/blog\/wp-content\/uploads\/2014\/01\/3-Pasos-Para-Desarrollar-El-Caracter-Fuerte-De-Un-Verdadero-Lider.png?fit=602%2C406&amp;ssl=1\" class=\"wp-image-1814 alignright lazyload\" title=\"3 Pasos Para Desarrollar El Caracter Fuerte De Un Verdadero Lider\" alt=\"3 Pasos Para Desarrollar El Caracter Fuerte De Un Verdadero Lider\" src=\"data:image\/gif;base64,R0lGODlhAQABAIAAAAAAAP\/\/\/yH5BAEAAAAALAAAAAABAAEAAAIBRAA7\" data-src=\"https:\/\/tecnicashablarenpublico.com\/blog\/wp-content\/uploads\/2014\/01\/3-Pasos-Para-Desarrollar-El-Caracter-Fuerte-De-Un-Verdadero-Lider.png\" width=\"421\" height=\"284\" \/><noscript><img data-recalc-dims=\"1\" decoding=\"async\" data-attachment-id=\"1814\" data-permalink=\"https:\/\/tecnicashablarenpublico.com\/blog\/3-pasos-para-desarrollar-el-caracter-fuerte-de-un-verdadero-lider\/3-pasos-para-desarrollar-el-caracter-fuerte-de-un-verdadero-lider\/\" data-orig-file=\"https:\/\/i0.wp.com\/tecnicashablarenpublico.com\/blog\/wp-content\/uploads\/2014\/01\/3-Pasos-Para-Desarrollar-El-Caracter-Fuerte-De-Un-Verdadero-Lider.png?fit=602%2C406&amp;ssl=1\" data-orig-size=\"602,406\" data-comments-opened=\"0\" data-image-meta=\"{&quot;aperture&quot;:&quot;0&quot;,&quot;credit&quot;:&quot;&quot;,&quot;camera&quot;:&quot;&quot;,&quot;caption&quot;:&quot;&quot;,&quot;created_timestamp&quot;:&quot;0&quot;,&quot;copyright&quot;:&quot;&quot;,&quot;focal_length&quot;:&quot;0&quot;,&quot;iso&quot;:&quot;0&quot;,&quot;shutter_speed&quot;:&quot;0&quot;,&quot;title&quot;:&quot;&quot;}\" data-image-title=\"3 Pasos Para Desarrollar El Caracter Fuerte De Un Verdadero Lider\" data-image-description=\"\" data-image-caption=\"\" data-large-file=\"https:\/\/i0.wp.com\/tecnicashablarenpublico.com\/blog\/wp-content\/uploads\/2014\/01\/3-Pasos-Para-Desarrollar-El-Caracter-Fuerte-De-Un-Verdadero-Lider.png?fit=602%2C406&amp;ssl=1\" class=\"wp-image-1814 alignright lazyload\" title=\"3 Pasos Para Desarrollar El Caracter Fuerte De Un Verdadero Lider\" alt=\"3 Pasos Para Desarrollar El Caracter Fuerte De Un Verdadero Lider\" src=\"https:\/\/i0.wp.com\/tecnicashablarenpublico.com\/blog\/wp-content\/uploads\/2014\/01\/3-Pasos-Para-Desarrollar-El-Caracter-Fuerte-De-Un-Verdadero-Lider.png?fit=602%2C406&ssl=1\" width=\"421\" height=\"284\" srcset=\"https:\/\/i0.wp.com\/tecnicashablarenpublico.com\/blog\/wp-content\/uploads\/2014\/01\/3-Pasos-Para-Desarrollar-El-Caracter-Fuerte-De-Un-Verdadero-Lider.png?fit=300%2C202&amp;ssl=1 300w, https:\/\/i0.wp.com\/tecnicashablarenpublico.com\/blog\/wp-content\/uploads\/2014\/01\/3-Pasos-Para-Desarrollar-El-Caracter-Fuerte-De-Un-Verdadero-Lider.png?fit=602%2C406&amp;ssl=1 602w\" sizes=\"(max-width: 421px) 100vw, 421px\" \/><\/noscript>\u00bfEn serio un verdadero orador y l\u00edder debe tener un car\u00e1cter fuerte?<\/em><\/strong><\/p>\n<p>No hablo de mal humor. Hay quienes confunden el car\u00e1cter fuerte con estar de mal humor, enojarse f\u00e1cilmente y ofender a todos.<\/p>\n<p>En realidad sucede todo lo contrario.\u00a0Tener mal car\u00e1cter es ser una persona d\u00e9bil, que se deja llevar por sus emociones y que carece totalmente del control de si misma.<\/p>\n<p>En cambio, un car\u00e1cter fuerte es tener un gran dominio de si mismo, capacidad de auto-control, auto-disciplina y auto-confianza.<\/p>\n<p><em><strong>\u00bfCu\u00e1l es la diferencia entre un perdedor y un triunfador?<\/strong><\/em><\/p>\n<p>Definitivamente es la fortaleza de car\u00e1cter una de las principales cualidades de una persona exitosa. Y lo necesitas para convertirte en un l\u00edder capaz de influir positivamente en las personas.<\/p>\n<p>As\u00ed que si quieres ser un ganador, tienes que trabajar en fortalecer tu car\u00e1cter.<\/p>\n<p><strong>3 Pasos para desarrollar un car\u00e1cter fuerte.<\/strong><\/p>\n<p>Los siguientes 3 pasos son un peque\u00f1o resumen de c\u00f3mo he venido avanzando de un car\u00e1cter muy d\u00e9bil a uno cada vez m\u00e1s fuerte.<\/p>\n<p><strong>Paso 1. Desarrolla tu Fe.<\/strong><\/p>\n<p><em>\u00bfTienes claro lo que quieres lograr? \u00bfEst\u00e1s convencido de que eres capaz de lograrlo y de que las circunstancias se van a dar a tu favor tal como tiene que ser?<\/em><\/p>\n<p>Cuando tienes Fe est\u00e1s seguro de que todo va avanzando hacia un estado superior y un bienestar mayor, a\u00fan cuando todo est\u00e9 en contra aparentemente.<\/p>\n<p>De ah\u00ed vas a sacar esa fortaleza para definir bien tus objetivos, adquirir disciplina y seguir adelante a pesar de todo.<\/p>\n<p><strong>Paso 2. Aprovecha la adversidad.<\/strong><\/p>\n<p><em>\u00bfY si las cosas no van como lo planeaste? \u00bfY si no logras controlarte a ti mismo o a las circunstancias?<\/em><\/p>\n<p>Cuando decides emprender algo GRANDE, prep\u00e1rate para recibir muchas pruebas y circunstancias adversas. Es necesario que pases por situaciones dif\u00edciles para que puedas crecer, as\u00ed que no trates de evitarlas, pero siempre aprende la lecci\u00f3n.<\/p>\n<p style=\"text-align: center;\"><em>\u00abEl oro se pone a prueba en el fuego.\u00bb<\/em><\/p>\n<p><strong>Paso 3. Act\u00faa con pasi\u00f3n.<\/strong><\/p>\n<p><em>Sabes bien lo que quieres, tienes Fe y has aprendido de la adversidad. \u00bfQue tal si te entregas por completo a tu prop\u00f3sito?<\/em><\/p>\n<p>Ll\u00e9nate de pasi\u00f3n al pensar, al hablar, al actuar en esa misi\u00f3n que tienes. Deja que los dem\u00e1s se contagien de tu pasi\u00f3n por aquellos temas y acciones en los cuales te has especializado.<\/p>\n<p>Un verdadero orador y l\u00edder NO puede ser tibio. Necesitas desarrollar al m\u00e1ximo tu car\u00e1cter hasta el grado en que te puede ir muy mal, puedes perderlo todo, y al d\u00eda siguiente levantarte y seguir adelante como lo han hecho los m\u00e1s grandes.<\/p>\n<p><strong>Considera lo siguiente:<\/strong><\/p>\n<p>Cuando desarrolles un car\u00e1cter muy fuerte, puedes llegar a provocar inseguridad en personas con car\u00e1cter d\u00e9bil.<\/p>\n<p>Pero eso no es malo, quiz\u00e1 se sientan intimidadas por un momento, pero en el fondo sabr\u00e1n que t\u00fa eres su modelo a seguir. Y aunque no te lo digan, te habr\u00e1s convertido en un l\u00edder digno de seguir para ellos.<\/p>\n<p style=\"text-align: center;\"><em><span style=\"font-family: Arial, Helvetica, sans-serif; font-size: medium;\">\u00abVigila tus pensamientos, porque se convierten en palabras.\u00bb<br \/>\n\u00abVigila tus palabras, porque se convierten en actos.\u00bb<br \/>\n\u00abVigila tus actos, porque se convierten en h\u00e1bitos.\u00bb<br \/>\n\u00abVigila tus h\u00e1bitos, porque se convierten en car\u00e1cter.\u00bb<br \/>\n\u00abVigila tu car\u00e1cter, porque se convierte en tu destino.\u00bb<\/span><\/em><\/p>\n<p style=\"text-align: center;\"><strong>Mahatma Gandhi<\/strong><\/p>\n<p>Desarrolla un car\u00e1cter fuerte y tendr\u00e1s el mundo a tus pies. No para oprimir a la gente, sino para que se dejen guiar y ayudar por ti.\u00a0Ya que s\u00f3lo teniendo un car\u00e1cter fuerte podr\u00e1s lograr tus m\u00e1s grandes anhelos y sue\u00f1os.<\/p>\n<p><strong>V\u00edctor Toscano<\/strong><br \/>\n<a href=\"http:\/\/TecnicasHablarEnPublico.com\">TecnicasHablarEnPublico.com<\/a><\/p>\n<p><em><strong>P.D: Si te parece \u00fatil esta informaci\u00f3n, por favor haz clic en \u201cGoogle +1\u201d y comp\u00e1rtelo en \u00abFacebook\u00bb y \u201cTwitter\u201d. \u00a1Muchas Gracias!<\/strong><\/em><\/p>\n<p><strong><em>P.D.2: \u00bfQuieres saber c\u00f3mo yo aprend\u00ed a Hablar en P\u00fablico? Haz clic a continuaci\u00f3n:<\/em><\/strong><\/p>\n<p style=\"text-align: center;\">[DKB url=\u00bbhttps:\/\/tecnicashablarenpublico.com\/detalles\u00bb text=\u00bb\u00a1Aprende a Hablar Bien en P\u00fablico! \u00a1Haz Clic AQU\u00cd!\u00bb desc=\u00bbInscr\u00edbete a este curso en linea y descubre c\u00f3mo Influir con tus Palabras&#8230;\u00bb style=\u00bbstitched\u00bb color=\u00bb#006dd2&#8243; \u00a0opennewwindow=\u00bbyes\u00bb]<\/p>\n","protected":false},"excerpt":{"rendered":"<p>\u00bfEn serio un verdadero orador y l\u00edder debe tener un car\u00e1cter fuerte? No hablo de mal humor. Hay quienes confunden el car\u00e1cter fuerte con estar de mal humor, enojarse f\u00e1cilmente y ofender a todos. En realidad sucede todo lo contrario.\u00a0Tener mal car\u00e1cter es ser una persona d\u00e9bil, que se deja llevar por sus emociones y [&hellip;]<\/p>\n","protected":false},"author":1,"featured_media":0,"comment_status":"open","ping_status":"closed","sticky":false,"template":"","format":"standard","meta":{"jetpack_post_was_ever_published":false,"_jetpack_newsletter_access":"","_jetpack_dont_email_post_to_subs":false,"_jetpack_newsletter_tier_id":0,"_jetpack_memberships_contains_paywalled_content":false,"_jetpack_memberships_contains_paid_content":false,"footnotes":"","jetpack_publicize_message":"","jetpack_publicize_feature_enabled":true,"jetpack_social_post_already_shared":true,"jetpack_social_options":{"image_generator_settings":{"template":"highway","default_image_id":0,"font":"","enabled":false},"version":2}},"categories":[33,34,51],"tags":[61,40],"class_list":["post-1808","post","type-post","status-publish","format-standard","hentry","category-como-aprender-oratoria","category-consejos-de-oratoria","category-consejos-para-el-exito","tag-curso-de-oratoria-online","tag-oratoria","post-wrapper","thrv_wrapper"],"yoast_head":"<!-- This site is optimized with the Yoast SEO plugin v27.5 - https:\/\/yoast.com\/product\/yoast-seo-wordpress\/ -->\n<title>3 Pasos Para Desarrollar El Car\u00e1cter Fuerte De Un Verdadero L\u00edder - TecnicasHablarEnPublico.Com<\/title>\n<meta name=\"robots\" content=\"index, follow, max-snippet:-1, max-image-preview:large, max-video-preview:-1\" \/>\n<link rel=\"canonical\" href=\"https:\/\/tecnicashablarenpublico.com\/blog\/3-pasos-para-desarrollar-el-caracter-fuerte-de-un-verdadero-lider\/\" \/>\n<meta property=\"og:locale\" content=\"es_ES\" \/>\n<meta property=\"og:type\" content=\"article\" \/>\n<meta property=\"og:title\" content=\"3 Pasos Para Desarrollar El Car\u00e1cter Fuerte De Un Verdadero L\u00edder - TecnicasHablarEnPublico.Com\" \/>\n<meta property=\"og:description\" content=\"\u00bfEn serio un verdadero orador y l\u00edder debe tener un car\u00e1cter fuerte? No hablo de mal humor. Hay quienes confunden el car\u00e1cter fuerte con estar de mal humor, enojarse f\u00e1cilmente y ofender a todos. En realidad sucede todo lo contrario.\u00a0Tener mal car\u00e1cter es ser una persona d\u00e9bil, que se deja llevar por sus emociones y [&hellip;]\" \/>\n<meta property=\"og:url\" content=\"https:\/\/tecnicashablarenpublico.com\/blog\/3-pasos-para-desarrollar-el-caracter-fuerte-de-un-verdadero-lider\/\" \/>\n<meta property=\"og:site_name\" content=\"TecnicasHablarEnPublico.Com\" \/>\n<meta property=\"article:publisher\" content=\"https:\/\/www.facebook.com\/VictorToscanoOficial\/\" \/>\n<meta property=\"article:author\" content=\"https:\/\/www.facebook.com\/victortoscanooficial\" \/>\n<meta property=\"article:published_time\" content=\"2014-01-22T18:28:42+00:00\" \/>\n<meta property=\"article:modified_time\" content=\"2014-01-22T18:30:45+00:00\" \/>\n<meta property=\"og:image\" content=\"https:\/\/tecnicashablarenpublico.com\/blog\/wp-content\/uploads\/2014\/01\/3-Pasos-Para-Desarrollar-El-Caracter-Fuerte-De-Un-Verdadero-Lider.png\" \/>\n<meta name=\"author\" content=\"Victor Toscano T V\" \/>\n<meta name=\"twitter:card\" content=\"summary_large_image\" \/>\n<meta name=\"twitter:creator\" content=\"@_victortoscano\" \/>\n<meta name=\"twitter:label1\" content=\"Escrito por\" \/>\n\t<meta name=\"twitter:data1\" content=\"Victor Toscano T V\" \/>\n\t<meta name=\"twitter:label2\" content=\"Tiempo de lectura\" \/>\n\t<meta name=\"twitter:data2\" content=\"4 minutos\" \/>\n<script type=\"application\/ld+json\" class=\"yoast-schema-graph\">{\"@context\":\"https:\\\/\\\/schema.org\",\"@graph\":[{\"@type\":\"Article\",\"@id\":\"https:\\\/\\\/tecnicashablarenpublico.com\\\/blog\\\/3-pasos-para-desarrollar-el-caracter-fuerte-de-un-verdadero-lider\\\/#article\",\"isPartOf\":{\"@id\":\"https:\\\/\\\/tecnicashablarenpublico.com\\\/blog\\\/3-pasos-para-desarrollar-el-caracter-fuerte-de-un-verdadero-lider\\\/\"},\"author\":{\"name\":\"Victor Toscano T V\",\"@id\":\"https:\\\/\\\/tecnicashablarenpublico.com\\\/blog\\\/#\\\/schema\\\/person\\\/f6a96b9bb773de8f08f84e4d6e6cf28f\"},\"headline\":\"3 Pasos Para Desarrollar El Car\u00e1cter Fuerte De Un Verdadero L\u00edder\",\"datePublished\":\"2014-01-22T18:28:42+00:00\",\"dateModified\":\"2014-01-22T18:30:45+00:00\",\"mainEntityOfPage\":{\"@id\":\"https:\\\/\\\/tecnicashablarenpublico.com\\\/blog\\\/3-pasos-para-desarrollar-el-caracter-fuerte-de-un-verdadero-lider\\\/\"},\"wordCount\":716,\"commentCount\":5446,\"publisher\":{\"@id\":\"https:\\\/\\\/tecnicashablarenpublico.com\\\/blog\\\/#organization\"},\"image\":{\"@id\":\"https:\\\/\\\/tecnicashablarenpublico.com\\\/blog\\\/3-pasos-para-desarrollar-el-caracter-fuerte-de-un-verdadero-lider\\\/#primaryimage\"},\"thumbnailUrl\":\"https:\\\/\\\/tecnicashablarenpublico.com\\\/blog\\\/wp-content\\\/uploads\\\/2014\\\/01\\\/3-Pasos-Para-Desarrollar-El-Caracter-Fuerte-De-Un-Verdadero-Lider.png\",\"keywords\":[\"Curso de Oratoria Online\",\"Oratoria\"],\"articleSection\":[\"Como Aprender Oratoria\",\"Consejos de Oratoria\",\"Consejos para el \u00c9xito\"],\"inLanguage\":\"es\"},{\"@type\":\"WebPage\",\"@id\":\"https:\\\/\\\/tecnicashablarenpublico.com\\\/blog\\\/3-pasos-para-desarrollar-el-caracter-fuerte-de-un-verdadero-lider\\\/\",\"url\":\"https:\\\/\\\/tecnicashablarenpublico.com\\\/blog\\\/3-pasos-para-desarrollar-el-caracter-fuerte-de-un-verdadero-lider\\\/\",\"name\":\"3 Pasos Para Desarrollar El Car\u00e1cter Fuerte De Un Verdadero L\u00edder - TecnicasHablarEnPublico.Com\",\"isPartOf\":{\"@id\":\"https:\\\/\\\/tecnicashablarenpublico.com\\\/blog\\\/#website\"},\"primaryImageOfPage\":{\"@id\":\"https:\\\/\\\/tecnicashablarenpublico.com\\\/blog\\\/3-pasos-para-desarrollar-el-caracter-fuerte-de-un-verdadero-lider\\\/#primaryimage\"},\"image\":{\"@id\":\"https:\\\/\\\/tecnicashablarenpublico.com\\\/blog\\\/3-pasos-para-desarrollar-el-caracter-fuerte-de-un-verdadero-lider\\\/#primaryimage\"},\"thumbnailUrl\":\"https:\\\/\\\/tecnicashablarenpublico.com\\\/blog\\\/wp-content\\\/uploads\\\/2014\\\/01\\\/3-Pasos-Para-Desarrollar-El-Caracter-Fuerte-De-Un-Verdadero-Lider.png\",\"datePublished\":\"2014-01-22T18:28:42+00:00\",\"dateModified\":\"2014-01-22T18:30:45+00:00\",\"breadcrumb\":{\"@id\":\"https:\\\/\\\/tecnicashablarenpublico.com\\\/blog\\\/3-pasos-para-desarrollar-el-caracter-fuerte-de-un-verdadero-lider\\\/#breadcrumb\"},\"inLanguage\":\"es\",\"potentialAction\":[{\"@type\":\"ReadAction\",\"target\":[\"https:\\\/\\\/tecnicashablarenpublico.com\\\/blog\\\/3-pasos-para-desarrollar-el-caracter-fuerte-de-un-verdadero-lider\\\/\"]}]},{\"@type\":\"ImageObject\",\"inLanguage\":\"es\",\"@id\":\"https:\\\/\\\/tecnicashablarenpublico.com\\\/blog\\\/3-pasos-para-desarrollar-el-caracter-fuerte-de-un-verdadero-lider\\\/#primaryimage\",\"url\":\"https:\\\/\\\/i0.wp.com\\\/tecnicashablarenpublico.com\\\/blog\\\/wp-content\\\/uploads\\\/2014\\\/01\\\/3-Pasos-Para-Desarrollar-El-Caracter-Fuerte-De-Un-Verdadero-Lider.png?fit=602%2C406&ssl=1\",\"contentUrl\":\"https:\\\/\\\/i0.wp.com\\\/tecnicashablarenpublico.com\\\/blog\\\/wp-content\\\/uploads\\\/2014\\\/01\\\/3-Pasos-Para-Desarrollar-El-Caracter-Fuerte-De-Un-Verdadero-Lider.png?fit=602%2C406&ssl=1\",\"width\":602,\"height\":406},{\"@type\":\"BreadcrumbList\",\"@id\":\"https:\\\/\\\/tecnicashablarenpublico.com\\\/blog\\\/3-pasos-para-desarrollar-el-caracter-fuerte-de-un-verdadero-lider\\\/#breadcrumb\",\"itemListElement\":[{\"@type\":\"ListItem\",\"position\":1,\"name\":\"Portada\",\"item\":\"https:\\\/\\\/tecnicashablarenpublico.com\\\/blog\\\/\"},{\"@type\":\"ListItem\",\"position\":2,\"name\":\"3 Pasos Para Desarrollar El Car\u00e1cter Fuerte De Un Verdadero L\u00edder\"}]},{\"@type\":\"WebSite\",\"@id\":\"https:\\\/\\\/tecnicashablarenpublico.com\\\/blog\\\/#website\",\"url\":\"https:\\\/\\\/tecnicashablarenpublico.com\\\/blog\\\/\",\"name\":\"TecnicasHablarEnPublico.Com\",\"description\":\"Blog\",\"publisher\":{\"@id\":\"https:\\\/\\\/tecnicashablarenpublico.com\\\/blog\\\/#organization\"},\"potentialAction\":[{\"@type\":\"SearchAction\",\"target\":{\"@type\":\"EntryPoint\",\"urlTemplate\":\"https:\\\/\\\/tecnicashablarenpublico.com\\\/blog\\\/?s={search_term_string}\"},\"query-input\":{\"@type\":\"PropertyValueSpecification\",\"valueRequired\":true,\"valueName\":\"search_term_string\"}}],\"inLanguage\":\"es\"},{\"@type\":\"Organization\",\"@id\":\"https:\\\/\\\/tecnicashablarenpublico.com\\\/blog\\\/#organization\",\"name\":\"TecnicasHablarEnPublico\",\"url\":\"https:\\\/\\\/tecnicashablarenpublico.com\\\/blog\\\/\",\"logo\":{\"@type\":\"ImageObject\",\"inLanguage\":\"es\",\"@id\":\"https:\\\/\\\/tecnicashablarenpublico.com\\\/blog\\\/#\\\/schema\\\/logo\\\/image\\\/\",\"url\":\"https:\\\/\\\/i0.wp.com\\\/tecnicashablarenpublico.com\\\/blog\\\/wp-content\\\/uploads\\\/2014\\\/11\\\/logo_cuadrado.png?fit=286%2C255&ssl=1\",\"contentUrl\":\"https:\\\/\\\/i0.wp.com\\\/tecnicashablarenpublico.com\\\/blog\\\/wp-content\\\/uploads\\\/2014\\\/11\\\/logo_cuadrado.png?fit=286%2C255&ssl=1\",\"width\":286,\"height\":255,\"caption\":\"TecnicasHablarEnPublico\"},\"image\":{\"@id\":\"https:\\\/\\\/tecnicashablarenpublico.com\\\/blog\\\/#\\\/schema\\\/logo\\\/image\\\/\"},\"sameAs\":[\"https:\\\/\\\/www.facebook.com\\\/VictorToscanoOficial\\\/\"]},{\"@type\":\"Person\",\"@id\":\"https:\\\/\\\/tecnicashablarenpublico.com\\\/blog\\\/#\\\/schema\\\/person\\\/f6a96b9bb773de8f08f84e4d6e6cf28f\",\"name\":\"Victor Toscano T V\",\"image\":{\"@type\":\"ImageObject\",\"inLanguage\":\"es\",\"@id\":\"https:\\\/\\\/secure.gravatar.com\\\/avatar\\\/e45c6f1f2986615bd1357fd094a24ab45a2ce7ca867817458fbebca30cd78e46?s=96&d=mm&r=g\",\"url\":\"https:\\\/\\\/secure.gravatar.com\\\/avatar\\\/e45c6f1f2986615bd1357fd094a24ab45a2ce7ca867817458fbebca30cd78e46?s=96&d=mm&r=g\",\"contentUrl\":\"https:\\\/\\\/secure.gravatar.com\\\/avatar\\\/e45c6f1f2986615bd1357fd094a24ab45a2ce7ca867817458fbebca30cd78e46?s=96&d=mm&r=g\",\"caption\":\"Victor Toscano T V\"},\"description\":\"Un apasionado en el tema de Hablar en P\u00fablico y el Crecimiento Personal, que pas\u00f3 de \\\"t\u00edmido\\\" a Conferencista Internacional en menos de dos a\u00f1os.\",\"sameAs\":[\"http:\\\/\\\/www.tecnicashablarenpublico.com\",\"https:\\\/\\\/www.facebook.com\\\/victortoscanooficial\",\"http:\\\/\\\/mx.linkedin.com\\\/in\\\/victortoscano\\\/\",\"http:\\\/\\\/www.pinterest.com\\\/victortoscano\\\/\",\"https:\\\/\\\/x.com\\\/_victortoscano\",\"http:\\\/\\\/victortoscano.com.mx\\\/youtube\"],\"url\":\"https:\\\/\\\/tecnicashablarenpublico.com\\\/blog\\\/author\\\/vict26\\\/\"}]}<\/script>\n<!-- \/ Yoast SEO plugin. -->","yoast_head_json":{"title":"3 Pasos Para Desarrollar El Car\u00e1cter Fuerte De Un Verdadero L\u00edder - TecnicasHablarEnPublico.Com","robots":{"index":"index","follow":"follow","max-snippet":"max-snippet:-1","max-image-preview":"max-image-preview:large","max-video-preview":"max-video-preview:-1"},"canonical":"https:\/\/tecnicashablarenpublico.com\/blog\/3-pasos-para-desarrollar-el-caracter-fuerte-de-un-verdadero-lider\/","og_locale":"es_ES","og_type":"article","og_title":"3 Pasos Para Desarrollar El Car\u00e1cter Fuerte De Un Verdadero L\u00edder - TecnicasHablarEnPublico.Com","og_description":"\u00bfEn serio un verdadero orador y l\u00edder debe tener un car\u00e1cter fuerte? No hablo de mal humor. Hay quienes confunden el car\u00e1cter fuerte con estar de mal humor, enojarse f\u00e1cilmente y ofender a todos. En realidad sucede todo lo contrario.\u00a0Tener mal car\u00e1cter es ser una persona d\u00e9bil, que se deja llevar por sus emociones y [&hellip;]","og_url":"https:\/\/tecnicashablarenpublico.com\/blog\/3-pasos-para-desarrollar-el-caracter-fuerte-de-un-verdadero-lider\/","og_site_name":"TecnicasHablarEnPublico.Com","article_publisher":"https:\/\/www.facebook.com\/VictorToscanoOficial\/","article_author":"https:\/\/www.facebook.com\/victortoscanooficial","article_published_time":"2014-01-22T18:28:42+00:00","article_modified_time":"2014-01-22T18:30:45+00:00","og_image":[{"url":"https:\/\/tecnicashablarenpublico.com\/blog\/wp-content\/uploads\/2014\/01\/3-Pasos-Para-Desarrollar-El-Caracter-Fuerte-De-Un-Verdadero-Lider.png","type":"","width":"","height":""}],"author":"Victor Toscano T V","twitter_card":"summary_large_image","twitter_creator":"@_victortoscano","twitter_misc":{"Escrito por":"Victor Toscano T V","Tiempo de lectura":"4 minutos"},"schema":{"@context":"https:\/\/schema.org","@graph":[{"@type":"Article","@id":"https:\/\/tecnicashablarenpublico.com\/blog\/3-pasos-para-desarrollar-el-caracter-fuerte-de-un-verdadero-lider\/#article","isPartOf":{"@id":"https:\/\/tecnicashablarenpublico.com\/blog\/3-pasos-para-desarrollar-el-caracter-fuerte-de-un-verdadero-lider\/"},"author":{"name":"Victor Toscano T V","@id":"https:\/\/tecnicashablarenpublico.com\/blog\/#\/schema\/person\/f6a96b9bb773de8f08f84e4d6e6cf28f"},"headline":"3 Pasos Para Desarrollar El Car\u00e1cter Fuerte De Un Verdadero L\u00edder","datePublished":"2014-01-22T18:28:42+00:00","dateModified":"2014-01-22T18:30:45+00:00","mainEntityOfPage":{"@id":"https:\/\/tecnicashablarenpublico.com\/blog\/3-pasos-para-desarrollar-el-caracter-fuerte-de-un-verdadero-lider\/"},"wordCount":716,"commentCount":5446,"publisher":{"@id":"https:\/\/tecnicashablarenpublico.com\/blog\/#organization"},"image":{"@id":"https:\/\/tecnicashablarenpublico.com\/blog\/3-pasos-para-desarrollar-el-caracter-fuerte-de-un-verdadero-lider\/#primaryimage"},"thumbnailUrl":"https:\/\/tecnicashablarenpublico.com\/blog\/wp-content\/uploads\/2014\/01\/3-Pasos-Para-Desarrollar-El-Caracter-Fuerte-De-Un-Verdadero-Lider.png","keywords":["Curso de Oratoria Online","Oratoria"],"articleSection":["Como Aprender Oratoria","Consejos de Oratoria","Consejos para el \u00c9xito"],"inLanguage":"es"},{"@type":"WebPage","@id":"https:\/\/tecnicashablarenpublico.com\/blog\/3-pasos-para-desarrollar-el-caracter-fuerte-de-un-verdadero-lider\/","url":"https:\/\/tecnicashablarenpublico.com\/blog\/3-pasos-para-desarrollar-el-caracter-fuerte-de-un-verdadero-lider\/","name":"3 Pasos Para Desarrollar El Car\u00e1cter Fuerte De Un Verdadero L\u00edder - TecnicasHablarEnPublico.Com","isPartOf":{"@id":"https:\/\/tecnicashablarenpublico.com\/blog\/#website"},"primaryImageOfPage":{"@id":"https:\/\/tecnicashablarenpublico.com\/blog\/3-pasos-para-desarrollar-el-caracter-fuerte-de-un-verdadero-lider\/#primaryimage"},"image":{"@id":"https:\/\/tecnicashablarenpublico.com\/blog\/3-pasos-para-desarrollar-el-caracter-fuerte-de-un-verdadero-lider\/#primaryimage"},"thumbnailUrl":"https:\/\/tecnicashablarenpublico.com\/blog\/wp-content\/uploads\/2014\/01\/3-Pasos-Para-Desarrollar-El-Caracter-Fuerte-De-Un-Verdadero-Lider.png","datePublished":"2014-01-22T18:28:42+00:00","dateModified":"2014-01-22T18:30:45+00:00","breadcrumb":{"@id":"https:\/\/tecnicashablarenpublico.com\/blog\/3-pasos-para-desarrollar-el-caracter-fuerte-de-un-verdadero-lider\/#breadcrumb"},"inLanguage":"es","potentialAction":[{"@type":"ReadAction","target":["https:\/\/tecnicashablarenpublico.com\/blog\/3-pasos-para-desarrollar-el-caracter-fuerte-de-un-verdadero-lider\/"]}]},{"@type":"ImageObject","inLanguage":"es","@id":"https:\/\/tecnicashablarenpublico.com\/blog\/3-pasos-para-desarrollar-el-caracter-fuerte-de-un-verdadero-lider\/#primaryimage","url":"https:\/\/i0.wp.com\/tecnicashablarenpublico.com\/blog\/wp-content\/uploads\/2014\/01\/3-Pasos-Para-Desarrollar-El-Caracter-Fuerte-De-Un-Verdadero-Lider.png?fit=602%2C406&ssl=1","contentUrl":"https:\/\/i0.wp.com\/tecnicashablarenpublico.com\/blog\/wp-content\/uploads\/2014\/01\/3-Pasos-Para-Desarrollar-El-Caracter-Fuerte-De-Un-Verdadero-Lider.png?fit=602%2C406&ssl=1","width":602,"height":406},{"@type":"BreadcrumbList","@id":"https:\/\/tecnicashablarenpublico.com\/blog\/3-pasos-para-desarrollar-el-caracter-fuerte-de-un-verdadero-lider\/#breadcrumb","itemListElement":[{"@type":"ListItem","position":1,"name":"Portada","item":"https:\/\/tecnicashablarenpublico.com\/blog\/"},{"@type":"ListItem","position":2,"name":"3 Pasos Para Desarrollar El Car\u00e1cter Fuerte De Un Verdadero L\u00edder"}]},{"@type":"WebSite","@id":"https:\/\/tecnicashablarenpublico.com\/blog\/#website","url":"https:\/\/tecnicashablarenpublico.com\/blog\/","name":"TecnicasHablarEnPublico.Com","description":"Blog","publisher":{"@id":"https:\/\/tecnicashablarenpublico.com\/blog\/#organization"},"potentialAction":[{"@type":"SearchAction","target":{"@type":"EntryPoint","urlTemplate":"https:\/\/tecnicashablarenpublico.com\/blog\/?s={search_term_string}"},"query-input":{"@type":"PropertyValueSpecification","valueRequired":true,"valueName":"search_term_string"}}],"inLanguage":"es"},{"@type":"Organization","@id":"https:\/\/tecnicashablarenpublico.com\/blog\/#organization","name":"TecnicasHablarEnPublico","url":"https:\/\/tecnicashablarenpublico.com\/blog\/","logo":{"@type":"ImageObject","inLanguage":"es","@id":"https:\/\/tecnicashablarenpublico.com\/blog\/#\/schema\/logo\/image\/","url":"https:\/\/i0.wp.com\/tecnicashablarenpublico.com\/blog\/wp-content\/uploads\/2014\/11\/logo_cuadrado.png?fit=286%2C255&ssl=1","contentUrl":"https:\/\/i0.wp.com\/tecnicashablarenpublico.com\/blog\/wp-content\/uploads\/2014\/11\/logo_cuadrado.png?fit=286%2C255&ssl=1","width":286,"height":255,"caption":"TecnicasHablarEnPublico"},"image":{"@id":"https:\/\/tecnicashablarenpublico.com\/blog\/#\/schema\/logo\/image\/"},"sameAs":["https:\/\/www.facebook.com\/VictorToscanoOficial\/"]},{"@type":"Person","@id":"https:\/\/tecnicashablarenpublico.com\/blog\/#\/schema\/person\/f6a96b9bb773de8f08f84e4d6e6cf28f","name":"Victor Toscano T V","image":{"@type":"ImageObject","inLanguage":"es","@id":"https:\/\/secure.gravatar.com\/avatar\/e45c6f1f2986615bd1357fd094a24ab45a2ce7ca867817458fbebca30cd78e46?s=96&d=mm&r=g","url":"https:\/\/secure.gravatar.com\/avatar\/e45c6f1f2986615bd1357fd094a24ab45a2ce7ca867817458fbebca30cd78e46?s=96&d=mm&r=g","contentUrl":"https:\/\/secure.gravatar.com\/avatar\/e45c6f1f2986615bd1357fd094a24ab45a2ce7ca867817458fbebca30cd78e46?s=96&d=mm&r=g","caption":"Victor Toscano T V"},"description":"Un apasionado en el tema de Hablar en P\u00fablico y el Crecimiento Personal, que pas\u00f3 de \"t\u00edmido\" a Conferencista Internacional en menos de dos a\u00f1os.","sameAs":["http:\/\/www.tecnicashablarenpublico.com","https:\/\/www.facebook.com\/victortoscanooficial","http:\/\/mx.linkedin.com\/in\/victortoscano\/","http:\/\/www.pinterest.com\/victortoscano\/","https:\/\/x.com\/_victortoscano","http:\/\/victortoscano.com.mx\/youtube"],"url":"https:\/\/tecnicashablarenpublico.com\/blog\/author\/vict26\/"}]}},"jetpack_publicize_connections":[],"jetpack_featured_media_url":"","jetpack_shortlink":"https:\/\/wp.me\/p338RC-ta","jetpack-related-posts":[{"id":1605,"url":"https:\/\/tecnicashablarenpublico.com\/blog\/liderazgo-al-hablar-en-publico-la-motivacion-de-un-lider\/","url_meta":{"origin":1808,"position":0},"title":"Liderazgo al Hablar en P\u00fablico &#8211; La Motivaci\u00f3n de un L\u00edder","author":"Victor Toscano T V","date":"30\/10\/2013","format":false,"excerpt":"\u00bfTe gustar\u00eda saber como Motivar a las personas como un L\u00edder? A continuaci\u00f3n aprender\u00e1s a motivar a tu p\u00fablico con un verdadero liderazgo. Seguramente has o\u00eddo hablar de aqu\u00e9l famoso discurso de Martin Luther King - \"I have a dream\" (tengo un sue\u00f1o). Es impresionante como esas palabras y la\u2026","rel":"","context":"En \u00abComo Aprender Oratoria\u00bb","block_context":{"text":"Como Aprender Oratoria","link":"https:\/\/tecnicashablarenpublico.com\/blog\/category\/como-aprender-oratoria\/"},"img":{"alt_text":"Liderazgo al Hablar en Publico - La Motivacion de un Lider","src":"https:\/\/miedohablarenpublico.files.wordpress.com\/2013\/10\/liderazgo-al-hablar-en-publico-la-motivacion-de-un-lider.jpg?w=350&h=200&crop=1","width":350,"height":200},"classes":[]},{"id":2419,"url":"https:\/\/tecnicashablarenpublico.com\/blog\/oratoria-y-neurociencia-tecnicas-para-hablar-en-publico\/","url_meta":{"origin":1808,"position":1},"title":"Oratoria y Neuro Ciencia | T\u00e9cnicas para Hablar en P\u00fablico y Herramientas Cient\u00edficas de Comunicaci\u00f3n","author":"Victor Toscano T V","date":"08\/01\/2018","format":false,"excerpt":"En este video te diremos c\u00f3mo aplicar la neuro ciencia en el arte de la oratoria con 5 t\u00e9cnicas para hablar en p\u00fablico muy efectivas... https:\/\/www.youtube.com\/watch?v=sVNKCyzyl8w&feature=youtu.be Oratoria y Neuro Ciencia | T\u00e9cnicas para Hablar en P\u00fablico y Herramientas Cient\u00edficas de Comunicaci\u00f3n. La oratoria es una herramienta que por muchos siglos\u2026","rel":"","context":"En \u00abT\u00e9cnicas Para Hablar En P\u00fablico\u00bb","block_context":{"text":"T\u00e9cnicas Para Hablar En P\u00fablico","link":"https:\/\/tecnicashablarenpublico.com\/blog\/category\/tecnicas-para-hablar-en-publico\/"},"img":{"alt_text":"Oratoria y Neuro Ciencia | T\u00e9cnicas para Hablar en P\u00fablico y Herramientas Cient\u00edficas de Comunicaci\u00f3n","src":"https:\/\/i0.wp.com\/optimizacionpaginasmedia.s3.amazonaws.com\/2020\/05\/oratoriay-neuro-ciencia-tecnicas-para-hablar-en-publico-cientificas.jpg?fit=900%2C601&ssl=1&resize=350%2C200","width":350,"height":200,"srcset":"https:\/\/i0.wp.com\/optimizacionpaginasmedia.s3.amazonaws.com\/2020\/05\/oratoriay-neuro-ciencia-tecnicas-para-hablar-en-publico-cientificas.jpg?fit=900%2C601&ssl=1&resize=350%2C200 1x, https:\/\/i0.wp.com\/optimizacionpaginasmedia.s3.amazonaws.com\/2020\/05\/oratoriay-neuro-ciencia-tecnicas-para-hablar-en-publico-cientificas.jpg?fit=900%2C601&ssl=1&resize=525%2C300 1.5x, https:\/\/i0.wp.com\/optimizacionpaginasmedia.s3.amazonaws.com\/2020\/05\/oratoriay-neuro-ciencia-tecnicas-para-hablar-en-publico-cientificas.jpg?fit=900%2C601&ssl=1&resize=700%2C400 2x"},"classes":[]},{"id":742,"url":"https:\/\/tecnicashablarenpublico.com\/blog\/consejo-de-oratoria-alimenta-tu-mente-de-conocimiento-para-tu-auditorio\/","url_meta":{"origin":1808,"position":2},"title":"Consejo De Oratoria: Alimenta Tu Mente De Conocimiento Para Tu Auditorio","author":"Victor Toscano T V","date":"18\/01\/2013","format":false,"excerpt":"La oratoria consiste en usar El PODER de la palabra hablada frente a un grupo de personas para lograr un prop\u00f3sito espec\u00edfico. El problema es que muchas personas NO saben utilizar el poder de la palabra a su favor... Y a\u00fan m\u00e1s importante, NO conocen el poder de Aportar Informaci\u00f3n\u2026","rel":"","context":"En \u00abComo Aprender Oratoria\u00bb","block_context":{"text":"Como Aprender Oratoria","link":"https:\/\/tecnicashablarenpublico.com\/blog\/category\/como-aprender-oratoria\/"},"img":{"alt_text":"Consejo De Oratoria Alimenta Tu Mente De Conocimiento Para Tu Auditorio","src":"https:\/\/i0.wp.com\/tecnicashablarenpublico.com\/blog\/wp-content\/uploads\/2013\/01\/Consejo-De-Oratoria-Alimenta-Tu-Mente-De-Conocimiento-Para-Tu-Auditorio.jpg?resize=350%2C200&ssl=1","width":350,"height":200},"classes":[]},{"id":864,"url":"https:\/\/tecnicashablarenpublico.com\/blog\/como-aumentar-y-modular-la-voz-para-hablar-mas-fuerte\/","url_meta":{"origin":1808,"position":3},"title":"C\u00f3mo Aumentar Y Modular La Voz Para Hablar M\u00e1s Fuerte","author":"Victor Toscano T V","date":"21\/01\/2013","format":false,"excerpt":"Como Modular Y Dar FUERZA A Tu Voz Esto que te voy a ense\u00f1ar aqu\u00ed, te permitir\u00e1\u00a0hablar en p\u00fablico\u00a0con\u00a0una voz m\u00e1s fuerte, potente y modulada. La\u00a0voz d\u00e9bil\u00a0que nadie escucha, la que es\u00a0mon\u00f3tona, la que\u00a0NO est\u00e1 bien modulada\u00a0y la que\u00a0NO\u00a0transmite\u00a0convicci\u00f3n, es el principal problema de quienes desean hablar bien en p\u00fablico...\u2026","rel":"","context":"En \u00abAprender a Hablar en Publico\u00bb","block_context":{"text":"Aprender a Hablar en Publico","link":"https:\/\/tecnicashablarenpublico.com\/blog\/category\/aprender-a-hablar-en-publico\/"},"img":{"alt_text":"C\u00f3mo Aumentar Y Modular La Voz Para Hablar M\u00e1s Fuerte","src":"https:\/\/i0.wp.com\/optimizacionpaginasmedia.s3.amazonaws.com\/2020\/05\/como-aumentar-y-modular-la-voz-para-hablar-mas-fuerte.jpg?fit=900%2C550&ssl=1&resize=350%2C200","width":350,"height":200,"srcset":"https:\/\/i0.wp.com\/optimizacionpaginasmedia.s3.amazonaws.com\/2020\/05\/como-aumentar-y-modular-la-voz-para-hablar-mas-fuerte.jpg?fit=900%2C550&ssl=1&resize=350%2C200 1x, https:\/\/i0.wp.com\/optimizacionpaginasmedia.s3.amazonaws.com\/2020\/05\/como-aumentar-y-modular-la-voz-para-hablar-mas-fuerte.jpg?fit=900%2C550&ssl=1&resize=525%2C300 1.5x, https:\/\/i0.wp.com\/optimizacionpaginasmedia.s3.amazonaws.com\/2020\/05\/como-aumentar-y-modular-la-voz-para-hablar-mas-fuerte.jpg?fit=900%2C550&ssl=1&resize=700%2C400 2x"},"classes":[]},{"id":2292,"url":"https:\/\/tecnicashablarenpublico.com\/blog\/como-ser-un-buen-orador-tecnicas-de-oratoria-para-ser-un-conferencista\/","url_meta":{"origin":1808,"position":4},"title":"C\u00f3mo Ser Un Buen Orador: 5 T\u00e9cnicas de Oratoria Para Ser un Conferencista Positivo y Motivador","author":"Victor Toscano T V","date":"14\/05\/2016","format":false,"excerpt":"C\u00f3mo Ser Un Buen Orador\u00a0\u2014 Aprende las t\u00e9cnicas de oratoria: C\u00f3mo ser un conferencista motivacional famoso y motivador | Clases de Oratoria... \u00bb Mira el VIDEO Aqu\u00ed: \u00bb Suscr\u00edbete en Youtube: http:\/\/victor-toscano.com\/youtube \u00bb M\u00e1s videos de Oratoria:\u00a0https:\/\/tecnicashablarenpublico.com Si quieres lograr un cambio positivo, s\u00e9 un conferencista positivo. \u201cDebido a que\u2026","rel":"","context":"En \u00abCurso de Oratoria Online\u00bb","block_context":{"text":"Curso de Oratoria Online","link":"https:\/\/tecnicashablarenpublico.com\/blog\/category\/curso-de-oratoria-online\/"},"img":{"alt_text":"","src":"https:\/\/i0.wp.com\/optimizacionpaginasmedia.s3.amazonaws.com\/2023\/06\/f5p5D0li-3maxresdefault-copia-min.png?fit=500%2C281&ssl=1&resize=350%2C200","width":350,"height":200},"classes":[]},{"id":951,"url":"https:\/\/tecnicashablarenpublico.com\/blog\/curso-de-oratoria-gratis-aprendiendo-a-hablar-en-publico\/","url_meta":{"origin":1808,"position":5},"title":"Curso De Oratoria GRATIS &#8211; Aprendiendo A Hablar En P\u00fablico","author":"Victor Toscano T V","date":"14\/02\/2013","format":false,"excerpt":"Hace aproximadamente un mes decid\u00ed grabar 4 VIDEOS donde explico varias t\u00e9cnicas para Hablar en P\u00fablico... Aunque originalmente ten\u00eda pensado ponerlos a la venta como parte de mi nuevo curso de oratoria online, decid\u00ed permitir el acceso Gratis a ellos. Para mi sorpresa, fueron todo un \u00c9xito cuando los publiqu\u00e9\u2026","rel":"","context":"En \u00abAprender a Hablar en Publico\u00bb","block_context":{"text":"Aprender a Hablar en Publico","link":"https:\/\/tecnicashablarenpublico.com\/blog\/category\/aprender-a-hablar-en-publico\/"},"img":{"alt_text":"Curso De Oratoria GRATIS - Aprendiendo A Hablar En P\u00fablico","src":"https:\/\/i0.wp.com\/optimizacionpaginasmedia.s3.amazonaws.com\/2020\/05\/curso-de-oratoria-gratis-aprender-a-hablar-en-publico.jpg?fit=900%2C550&ssl=1&resize=350%2C200","width":350,"height":200,"srcset":"https:\/\/i0.wp.com\/optimizacionpaginasmedia.s3.amazonaws.com\/2020\/05\/curso-de-oratoria-gratis-aprender-a-hablar-en-publico.jpg?fit=900%2C550&ssl=1&resize=350%2C200 1x, https:\/\/i0.wp.com\/optimizacionpaginasmedia.s3.amazonaws.com\/2020\/05\/curso-de-oratoria-gratis-aprender-a-hablar-en-publico.jpg?fit=900%2C550&ssl=1&resize=525%2C300 1.5x, https:\/\/i0.wp.com\/optimizacionpaginasmedia.s3.amazonaws.com\/2020\/05\/curso-de-oratoria-gratis-aprender-a-hablar-en-publico.jpg?fit=900%2C550&ssl=1&resize=700%2C400 2x"},"classes":[]}],"jetpack_sharing_enabled":true,"_links":{"self":[{"href":"https:\/\/tecnicashablarenpublico.com\/blog\/wp-json\/wp\/v2\/posts\/1808","targetHints":{"allow":["GET"]}}],"collection":[{"href":"https:\/\/tecnicashablarenpublico.com\/blog\/wp-json\/wp\/v2\/posts"}],"about":[{"href":"https:\/\/tecnicashablarenpublico.com\/blog\/wp-json\/wp\/v2\/types\/post"}],"author":[{"embeddable":true,"href":"https:\/\/tecnicashablarenpublico.com\/blog\/wp-json\/wp\/v2\/users\/1"}],"replies":[{"embeddable":true,"href":"https:\/\/tecnicashablarenpublico.com\/blog\/wp-json\/wp\/v2\/comments?post=1808"}],"version-history":[{"count":0,"href":"https:\/\/tecnicashablarenpublico.com\/blog\/wp-json\/wp\/v2\/posts\/1808\/revisions"}],"wp:attachment":[{"href":"https:\/\/tecnicashablarenpublico.com\/blog\/wp-json\/wp\/v2\/media?parent=1808"}],"wp:term":[{"taxonomy":"category","embeddable":true,"href":"https:\/\/tecnicashablarenpublico.com\/blog\/wp-json\/wp\/v2\/categories?post=1808"},{"taxonomy":"post_tag","embeddable":true,"href":"https:\/\/tecnicashablarenpublico.com\/blog\/wp-json\/wp\/v2\/tags?post=1808"}],"curies":[{"name":"wp","href":"https:\/\/api.w.org\/{rel}","templated":true}]}}