{"id":1792,"date":"2014-01-15T13:57:50","date_gmt":"2014-01-15T19:57:50","guid":{"rendered":"https:\/\/tecnicashablarenpublico.com\/blog\/?p=1792"},"modified":"2020-05-09T19:48:12","modified_gmt":"2020-05-10T01:48:12","slug":"como-hacer-un-mapa-mental-para-organizar-y-recordar-tu-exposicion","status":"publish","type":"post","link":"https:\/\/tecnicashablarenpublico.com\/blog\/como-hacer-un-mapa-mental-para-organizar-y-recordar-tu-exposicion\/","title":{"rendered":"C\u00f3mo Hacer un Mapa Mental para Organizar y Recordar Tu Exposici\u00f3n"},"content":{"rendered":"\n<div class=\"wp-block-image\"><figure class=\"alignleft\"><img decoding=\"async\" data-attachment-id=\"1804\" data-permalink=\"https:\/\/tecnicashablarenpublico.com\/blog\/como-hacer-un-mapa-mental-para-organizar-y-recordar-tu-exposicion\/mapa-mental-para-hablar-en-publico\/\" data-orig-file=\"https:\/\/i0.wp.com\/tecnicashablarenpublico.com\/blog\/wp-content\/uploads\/2014\/01\/Mapa-mental-para-hablar-en-publico.png?fit=591%2C469&amp;ssl=1\" data-orig-size=\"591,469\" data-comments-opened=\"0\" data-image-meta=\"{&quot;aperture&quot;:&quot;0&quot;,&quot;credit&quot;:&quot;&quot;,&quot;camera&quot;:&quot;&quot;,&quot;caption&quot;:&quot;&quot;,&quot;created_timestamp&quot;:&quot;0&quot;,&quot;copyright&quot;:&quot;&quot;,&quot;focal_length&quot;:&quot;0&quot;,&quot;iso&quot;:&quot;0&quot;,&quot;shutter_speed&quot;:&quot;0&quot;,&quot;title&quot;:&quot;&quot;}\" data-image-title=\"Mapa mental para hablar en publico\" data-image-description=\"&lt;p&gt;Mapa mental para hablar en publico&lt;\/p&gt;\n\" data-image-caption=\"\" data-large-file=\"https:\/\/i0.wp.com\/tecnicashablarenpublico.com\/blog\/wp-content\/uploads\/2014\/01\/Mapa-mental-para-hablar-en-publico.png?fit=591%2C469&amp;ssl=1\" src=\"data:image\/gif;base64,R0lGODlhAQABAIAAAAAAAP\/\/\/yH5BAEAAAAALAAAAAABAAEAAAIBRAA7\" data-src=\"https:\/\/tecnicashablarenpublico.com\/blog\/wp-content\/uploads\/2014\/01\/Mapa-mental-para-hablar-en-publico.png\" alt=\"Mapa mental para hablar en publico\" class=\"wp-image-1804 lazyload\" title=\"Mapa mental para hablar en publico\"\/><noscript><img data-recalc-dims=\"1\" decoding=\"async\" width=\"591\" height=\"469\" data-attachment-id=\"1804\" data-permalink=\"https:\/\/tecnicashablarenpublico.com\/blog\/como-hacer-un-mapa-mental-para-organizar-y-recordar-tu-exposicion\/mapa-mental-para-hablar-en-publico\/\" data-orig-file=\"https:\/\/i0.wp.com\/tecnicashablarenpublico.com\/blog\/wp-content\/uploads\/2014\/01\/Mapa-mental-para-hablar-en-publico.png?fit=591%2C469&amp;ssl=1\" data-orig-size=\"591,469\" data-comments-opened=\"0\" data-image-meta=\"{&quot;aperture&quot;:&quot;0&quot;,&quot;credit&quot;:&quot;&quot;,&quot;camera&quot;:&quot;&quot;,&quot;caption&quot;:&quot;&quot;,&quot;created_timestamp&quot;:&quot;0&quot;,&quot;copyright&quot;:&quot;&quot;,&quot;focal_length&quot;:&quot;0&quot;,&quot;iso&quot;:&quot;0&quot;,&quot;shutter_speed&quot;:&quot;0&quot;,&quot;title&quot;:&quot;&quot;}\" data-image-title=\"Mapa mental para hablar en publico\" data-image-description=\"&lt;p&gt;Mapa mental para hablar en publico&lt;\/p&gt;\n\" data-image-caption=\"\" data-large-file=\"https:\/\/i0.wp.com\/tecnicashablarenpublico.com\/blog\/wp-content\/uploads\/2014\/01\/Mapa-mental-para-hablar-en-publico.png?fit=591%2C469&amp;ssl=1\" src=\"https:\/\/i0.wp.com\/tecnicashablarenpublico.com\/blog\/wp-content\/uploads\/2014\/01\/Mapa-mental-para-hablar-en-publico.png?fit=591%2C469&ssl=1\" alt=\"Mapa mental para hablar en publico\" class=\"wp-image-1804 lazyload\" title=\"Mapa mental para hablar en publico\" srcset=\"https:\/\/i0.wp.com\/tecnicashablarenpublico.com\/blog\/wp-content\/uploads\/2014\/01\/Mapa-mental-para-hablar-en-publico.png?fit=300%2C238&amp;ssl=1 300w, https:\/\/i0.wp.com\/tecnicashablarenpublico.com\/blog\/wp-content\/uploads\/2014\/01\/Mapa-mental-para-hablar-en-publico.png?fit=591%2C469&amp;ssl=1 591w\" sizes=\"(max-width: 591px) 100vw, 591px\" \/><\/noscript><\/figure><\/div>\n\n\n\n<p><strong><em>Cuando preparas una presentaci\u00f3n&#8230; \u00bfSe te dificulta aclarar tus ideas y temas a tratar?<\/em><\/strong><\/p>\n\n\n\n<p>Y a\u00fan m\u00e1s importante: Cuando ya escribiste todo lo que vas a decir&#8230; <em>\u00bfTe cuesta trabajo recordarlo y decirlo como lo hab\u00edas planeado?<\/em><\/p>\n\n\n\n<p>Entonces, la herramienta que voy a compartir contigo el d\u00eda de hoy te cambiar\u00e1 la vida.<\/p>\n\n\n\n<p>Recientemente he estado experimentando con una nueva forma de <span style=\"text-decoration: underline;\">darle forma a mis ideas<\/span> y aclarar mi mente sobre cualquier tema en particular.<\/p>\n\n\n\n<p>Recuerda que si hablas de algo que te genera algo de <strong>CONFUSI\u00d3N<\/strong> o no tienes perfectamente claro, vas a titubear al tratar de explicarlo.<\/p>\n\n\n\n<p>Pero si esas ideas est\u00e1n bien organizadas y claras, notar\u00e1s una gran fluidez y elocuencia en tus palabras.<\/p>\n\n\n\n<p><strong>* La Claridad Mental es la Clave *<\/strong><\/p>\n\n\n\n<p>Seguramente te estar\u00e1s preguntando: \u00bfQu\u00e9 es eso que me ha ayudado a darle una perfecta claridad a mis ideas?<\/p>\n\n\n\n<p>Esta herramienta no es nueva, pero todav\u00eda muy pocos la usan para preparar sus temas de exposici\u00f3n al hablar en p\u00fablico.<\/p>\n\n\n\n<p>Se trata de los Mapas Mentales:<\/p>\n\n\n\n<p><strong>\u00bfPara qu\u00e9 te sirve un mapa mental?<\/strong><\/p>\n\n\n\n<p>Tu mente NO funciona de manera lineal como un libro, m\u00e1s bien es una interconexi\u00f3n de ideas como las hojas de un \u00e1rbol.<\/p>\n\n\n\n<p>Entonces, el hecho de tratar de \u00abescribir\u00bb varias p\u00e1ginas con la informaci\u00f3n que vas a presentar es un error. O al menos te va a ser m\u00e1s dif\u00edcil que comprendas realmente lo que escribes.<\/p>\n\n\n\n<p><span style=\"text-decoration: underline;\">Usa un mapa mental:<\/span><\/p>\n\n\n\n<p><em>\u00bfQu\u00e9 pasar\u00eda si en vez de escribir texto, colocas simplemente las ideas clave y las conectas entre s\u00ed?<\/em><\/p>\n\n\n\n<p>A continuaci\u00f3n te muestro un ejemplo de c\u00f3mo ser\u00eda un mapa mental que te ayudar\u00e1 a definir y organizar tu tema a exponer:<\/p>\n\n\n\n<div class=\"wp-block-image\"><figure class=\"alignleft\"><a href=\"https:\/\/i0.wp.com\/tecnicashablarenpublico.com\/blog\/wp-content\/uploads\/2014\/01\/tecnicashablarenpublico_mapa_mental.png?ssl=1\" rel=\"noopener\"><img decoding=\"async\" data-attachment-id=\"1797\" data-permalink=\"https:\/\/tecnicashablarenpublico.com\/blog\/como-hacer-un-mapa-mental-para-organizar-y-recordar-tu-exposicion\/tecnicashablarenpublico_mapa_mental_1\/\" data-orig-file=\"https:\/\/i0.wp.com\/tecnicashablarenpublico.com\/blog\/wp-content\/uploads\/2014\/01\/tecnicashablarenpublico_mapa_mental_1.png?fit=571%2C364&amp;ssl=1\" data-orig-size=\"571,364\" data-comments-opened=\"0\" data-image-meta=\"{&quot;aperture&quot;:&quot;0&quot;,&quot;credit&quot;:&quot;&quot;,&quot;camera&quot;:&quot;&quot;,&quot;caption&quot;:&quot;&quot;,&quot;created_timestamp&quot;:&quot;0&quot;,&quot;copyright&quot;:&quot;&quot;,&quot;focal_length&quot;:&quot;0&quot;,&quot;iso&quot;:&quot;0&quot;,&quot;shutter_speed&quot;:&quot;0&quot;,&quot;title&quot;:&quot;&quot;}\" data-image-title=\"tecnicashablarenpublico_mapa_mental_1\" data-image-description=\"\" data-image-caption=\"\" data-large-file=\"https:\/\/i0.wp.com\/tecnicashablarenpublico.com\/blog\/wp-content\/uploads\/2014\/01\/tecnicashablarenpublico_mapa_mental_1.png?fit=571%2C364&amp;ssl=1\" src=\"data:image\/gif;base64,R0lGODlhAQABAIAAAAAAAP\/\/\/yH5BAEAAAAALAAAAAABAAEAAAIBRAA7\" data-src=\"https:\/\/tecnicashablarenpublico.com\/blog\/wp-content\/uploads\/2014\/01\/tecnicashablarenpublico_mapa_mental_1.png\" alt=\"tecnicashablarenpublico_mapa_mental_1\" class=\"wp-image-1797 lazyload\"\/><noscript><img data-recalc-dims=\"1\" decoding=\"async\" width=\"571\" height=\"364\" data-attachment-id=\"1797\" data-permalink=\"https:\/\/tecnicashablarenpublico.com\/blog\/como-hacer-un-mapa-mental-para-organizar-y-recordar-tu-exposicion\/tecnicashablarenpublico_mapa_mental_1\/\" data-orig-file=\"https:\/\/i0.wp.com\/tecnicashablarenpublico.com\/blog\/wp-content\/uploads\/2014\/01\/tecnicashablarenpublico_mapa_mental_1.png?fit=571%2C364&amp;ssl=1\" data-orig-size=\"571,364\" data-comments-opened=\"0\" data-image-meta=\"{&quot;aperture&quot;:&quot;0&quot;,&quot;credit&quot;:&quot;&quot;,&quot;camera&quot;:&quot;&quot;,&quot;caption&quot;:&quot;&quot;,&quot;created_timestamp&quot;:&quot;0&quot;,&quot;copyright&quot;:&quot;&quot;,&quot;focal_length&quot;:&quot;0&quot;,&quot;iso&quot;:&quot;0&quot;,&quot;shutter_speed&quot;:&quot;0&quot;,&quot;title&quot;:&quot;&quot;}\" data-image-title=\"tecnicashablarenpublico_mapa_mental_1\" data-image-description=\"\" data-image-caption=\"\" data-large-file=\"https:\/\/i0.wp.com\/tecnicashablarenpublico.com\/blog\/wp-content\/uploads\/2014\/01\/tecnicashablarenpublico_mapa_mental_1.png?fit=571%2C364&amp;ssl=1\" src=\"https:\/\/i0.wp.com\/tecnicashablarenpublico.com\/blog\/wp-content\/uploads\/2014\/01\/tecnicashablarenpublico_mapa_mental_1.png?fit=571%2C364&ssl=1\" alt=\"tecnicashablarenpublico_mapa_mental_1\" class=\"wp-image-1797 lazyload\" srcset=\"https:\/\/i0.wp.com\/tecnicashablarenpublico.com\/blog\/wp-content\/uploads\/2014\/01\/tecnicashablarenpublico_mapa_mental_1.png?fit=300%2C191&amp;ssl=1 300w, https:\/\/i0.wp.com\/tecnicashablarenpublico.com\/blog\/wp-content\/uploads\/2014\/01\/tecnicashablarenpublico_mapa_mental_1.png?fit=571%2C364&amp;ssl=1 571w\" sizes=\"(max-width: 571px) 100vw, 571px\" \/><\/noscript><\/a><figcaption>Una idea central se conecta con ideas relacionadas&#8230;<\/figcaption><\/figure><\/div>\n\n\n\n<p><strong>Paso 1: Escribe tu tema.<\/strong><\/p>\n\n\n\n<p>En el centro de tu mapa mental escribe con letra grande el tema que vas a tratar.<\/p>\n\n\n\n<p><strong>Paso 2: Agrega ideas o puntos clave.<\/strong><\/p>\n\n\n\n<p>Conecta todo aquello que se relacione con tu tema y que consideres relevante.<\/p>\n\n\n\n<p>No te limites en este momento al agregar ideas. Despu\u00e9s podr\u00e1s depurar las que no sean importantes.<\/p>\n\n\n\n<p><strong>Paso 3: Complementa tus puntos clave.<\/strong><\/p>\n\n\n\n<div class=\"wp-block-image\"><figure class=\"alignright\"><a href=\"https:\/\/i0.wp.com\/tecnicashablarenpublico.com\/blog\/wp-content\/uploads\/2014\/01\/tecnicashablarenpublico_mapa_mental.png?ssl=1\" target=\"_blank\" rel=\"noopener noreferrer\"><img decoding=\"async\" data-attachment-id=\"1798\" data-permalink=\"https:\/\/tecnicashablarenpublico.com\/blog\/como-hacer-un-mapa-mental-para-organizar-y-recordar-tu-exposicion\/tecnicashablarenpublico_mapa_mental_2\/\" data-orig-file=\"https:\/\/i0.wp.com\/tecnicashablarenpublico.com\/blog\/wp-content\/uploads\/2014\/01\/tecnicashablarenpublico_mapa_mental_2.png?fit=594%2C364&amp;ssl=1\" data-orig-size=\"594,364\" data-comments-opened=\"0\" data-image-meta=\"{&quot;aperture&quot;:&quot;0&quot;,&quot;credit&quot;:&quot;&quot;,&quot;camera&quot;:&quot;&quot;,&quot;caption&quot;:&quot;&quot;,&quot;created_timestamp&quot;:&quot;0&quot;,&quot;copyright&quot;:&quot;&quot;,&quot;focal_length&quot;:&quot;0&quot;,&quot;iso&quot;:&quot;0&quot;,&quot;shutter_speed&quot;:&quot;0&quot;,&quot;title&quot;:&quot;&quot;}\" data-image-title=\"tecnicashablarenpublico_mapa_mental_2\" data-image-description=\"\" data-image-caption=\"\" data-large-file=\"https:\/\/i0.wp.com\/tecnicashablarenpublico.com\/blog\/wp-content\/uploads\/2014\/01\/tecnicashablarenpublico_mapa_mental_2.png?fit=594%2C364&amp;ssl=1\" src=\"data:image\/gif;base64,R0lGODlhAQABAIAAAAAAAP\/\/\/yH5BAEAAAAALAAAAAABAAEAAAIBRAA7\" data-src=\"https:\/\/tecnicashablarenpublico.com\/blog\/wp-content\/uploads\/2014\/01\/tecnicashablarenpublico_mapa_mental_2.png\" alt=\"tecnicashablarenpublico_mapa_mental_2\" class=\"wp-image-1798 lazyload\"\/><noscript><img data-recalc-dims=\"1\" decoding=\"async\" width=\"594\" height=\"364\" data-attachment-id=\"1798\" data-permalink=\"https:\/\/tecnicashablarenpublico.com\/blog\/como-hacer-un-mapa-mental-para-organizar-y-recordar-tu-exposicion\/tecnicashablarenpublico_mapa_mental_2\/\" data-orig-file=\"https:\/\/i0.wp.com\/tecnicashablarenpublico.com\/blog\/wp-content\/uploads\/2014\/01\/tecnicashablarenpublico_mapa_mental_2.png?fit=594%2C364&amp;ssl=1\" data-orig-size=\"594,364\" data-comments-opened=\"0\" data-image-meta=\"{&quot;aperture&quot;:&quot;0&quot;,&quot;credit&quot;:&quot;&quot;,&quot;camera&quot;:&quot;&quot;,&quot;caption&quot;:&quot;&quot;,&quot;created_timestamp&quot;:&quot;0&quot;,&quot;copyright&quot;:&quot;&quot;,&quot;focal_length&quot;:&quot;0&quot;,&quot;iso&quot;:&quot;0&quot;,&quot;shutter_speed&quot;:&quot;0&quot;,&quot;title&quot;:&quot;&quot;}\" data-image-title=\"tecnicashablarenpublico_mapa_mental_2\" data-image-description=\"\" data-image-caption=\"\" data-large-file=\"https:\/\/i0.wp.com\/tecnicashablarenpublico.com\/blog\/wp-content\/uploads\/2014\/01\/tecnicashablarenpublico_mapa_mental_2.png?fit=594%2C364&amp;ssl=1\" src=\"https:\/\/i0.wp.com\/tecnicashablarenpublico.com\/blog\/wp-content\/uploads\/2014\/01\/tecnicashablarenpublico_mapa_mental_2.png?fit=594%2C364&ssl=1\" alt=\"tecnicashablarenpublico_mapa_mental_2\" class=\"wp-image-1798 lazyload\" srcset=\"https:\/\/i0.wp.com\/tecnicashablarenpublico.com\/blog\/wp-content\/uploads\/2014\/01\/tecnicashablarenpublico_mapa_mental_2.png?fit=300%2C183&amp;ssl=1 300w, https:\/\/i0.wp.com\/tecnicashablarenpublico.com\/blog\/wp-content\/uploads\/2014\/01\/tecnicashablarenpublico_mapa_mental_2.png?fit=594%2C364&amp;ssl=1 594w\" sizes=\"(max-width: 594px) 100vw, 594px\" \/><\/noscript><\/a><\/figure><\/div>\n\n\n\n<p>Por cada punto clave, agrega argumentos, historias, reflexiones, pruebas, met\u00e1foras, ejemplos pr\u00e1cticos y todo aquello que te permita respaldar tus ideas.<\/p>\n\n\n\n<p><strong>Paso 4. Depura lo que no sirve.<\/strong><\/p>\n\n\n\n<p>Ahora que ya tienes un mont\u00f3n de ideas inter-conectadas, es momento de que elimines algunas de ellas.<\/p>\n\n\n\n<p>Este paso es obligatorio, porque no debes tratar de abarcar mucho. Basta con que termines con un peque\u00f1o mapa mental de 3, 5 o m\u00e1ximo 10 puntos clave (dependiendo de la duraci\u00f3n de tu exposici\u00f3n).<\/p>\n\n\n\n<p>3 Puntos clave ser\u00eda suficiente para un tema de 20 minutos.<\/p>\n\n\n\n<p>No abarques demasiado, recuerda que entre m\u00e1s conciso sea tu mapa mental, m\u00e1s f\u00e1cil ser\u00e1 repasarlo, memorizarlo y explicarlo.<\/p>\n\n\n\n<p>.<\/p>\n\n\n\n<h2 class=\"wp-block-heading\"><em><strong>TUTORIAL EN VIDEO: C\u00f3mo hacer un mapa mental (incluye&nbsp;un programa de software gratuito que puedes usar)<\/strong><\/em><\/h2>\n\n\n\n<p><strong><span style=\"text-decoration: underline;\">Mira este nuevo video sobre mapas mentales ahora:<\/span><\/strong><\/p>\n\n\n\n<div class=\"wp-block-image\"><figure class=\"aligncenter\"><a href=\"https:\/\/tecnicashablarenpublico.com\/blog\/como-escribir-y-estructurar-un-discurso-de-oratoria-estructura-ejemplo-de-esquema\/\" target=\"_blank\" rel=\"noopener noreferrer\"><img decoding=\"async\" data-attachment-id=\"2078\" data-permalink=\"https:\/\/tecnicashablarenpublico.com\/blog\/como-hacer-un-mapa-mental-para-organizar-y-recordar-tu-exposicion\/mapas-mentales\/\" data-orig-file=\"https:\/\/i0.wp.com\/tecnicashablarenpublico.com\/blog\/wp-content\/uploads\/2014\/01\/mapas-mentales-e1418313810135.png?fit=640%2C360&amp;ssl=1\" data-orig-size=\"640,360\" data-comments-opened=\"0\" data-image-meta=\"{&quot;aperture&quot;:&quot;0&quot;,&quot;credit&quot;:&quot;&quot;,&quot;camera&quot;:&quot;&quot;,&quot;caption&quot;:&quot;&quot;,&quot;created_timestamp&quot;:&quot;0&quot;,&quot;copyright&quot;:&quot;&quot;,&quot;focal_length&quot;:&quot;0&quot;,&quot;iso&quot;:&quot;0&quot;,&quot;shutter_speed&quot;:&quot;0&quot;,&quot;title&quot;:&quot;&quot;}\" data-image-title=\"Como hacer un mapa mental &#8211; tutorial de mapas mentales para estudiar y recordar un tema\" data-image-description=\"&lt;p&gt;Como hacer un mapa mental &#8211; tutorial de mapas mentales para estudiar y recordar un tema&lt;\/p&gt;\n\" data-image-caption=\"\" data-large-file=\"https:\/\/i0.wp.com\/tecnicashablarenpublico.com\/blog\/wp-content\/uploads\/2014\/01\/mapas-mentales-e1418313810135.png?fit=1024%2C576&amp;ssl=1\" src=\"data:image\/gif;base64,R0lGODlhAQABAIAAAAAAAP\/\/\/yH5BAEAAAAALAAAAAABAAEAAAIBRAA7\" data-src=\"https:\/\/tecnicashablarenpublico.com\/blog\/wp-content\/uploads\/2014\/01\/mapas-mentales.png\" alt=\"Como hacer un mapa mental - tutorial de mapas mentales para estudiar y recordar un tema\" class=\"wp-image-2078 lazyload\"\/><noscript><img data-recalc-dims=\"1\" decoding=\"async\" data-attachment-id=\"2078\" data-permalink=\"https:\/\/tecnicashablarenpublico.com\/blog\/como-hacer-un-mapa-mental-para-organizar-y-recordar-tu-exposicion\/mapas-mentales\/\" data-orig-file=\"https:\/\/i0.wp.com\/tecnicashablarenpublico.com\/blog\/wp-content\/uploads\/2014\/01\/mapas-mentales-e1418313810135.png?fit=640%2C360&amp;ssl=1\" data-orig-size=\"640,360\" data-comments-opened=\"0\" data-image-meta=\"{&quot;aperture&quot;:&quot;0&quot;,&quot;credit&quot;:&quot;&quot;,&quot;camera&quot;:&quot;&quot;,&quot;caption&quot;:&quot;&quot;,&quot;created_timestamp&quot;:&quot;0&quot;,&quot;copyright&quot;:&quot;&quot;,&quot;focal_length&quot;:&quot;0&quot;,&quot;iso&quot;:&quot;0&quot;,&quot;shutter_speed&quot;:&quot;0&quot;,&quot;title&quot;:&quot;&quot;}\" data-image-title=\"Como hacer un mapa mental &#8211; tutorial de mapas mentales para estudiar y recordar un tema\" data-image-description=\"&lt;p&gt;Como hacer un mapa mental &#8211; tutorial de mapas mentales para estudiar y recordar un tema&lt;\/p&gt;\n\" data-image-caption=\"\" data-large-file=\"https:\/\/i0.wp.com\/tecnicashablarenpublico.com\/blog\/wp-content\/uploads\/2014\/01\/mapas-mentales-e1418313810135.png?fit=1024%2C576&amp;ssl=1\" src=\"https:\/\/i0.wp.com\/tecnicashablarenpublico.com\/blog\/wp-content\/uploads\/2014\/01\/mapas-mentales-e1418313810135.png?fit=640%2C360&ssl=1\" alt=\"Como hacer un mapa mental - tutorial de mapas mentales para estudiar y recordar un tema\" class=\"wp-image-2078 lazyload\"\/><\/noscript><\/a><\/figure><\/div>\n\n\n\n<p class=\"has-text-align-center\"><a href=\"https:\/\/tecnicashablarenpublico.com\/blog\/como-escribir-y-estructurar-un-discurso-de-oratoria-estructura-ejemplo-de-esquema\/\" target=\"_blank\" rel=\"noreferrer noopener\"><span style=\"text-decoration: underline;\">Click Aqu\u00ed para Ver el VIDEO: \u00ab4 Pasos Sencillos para Dise\u00f1ar un Mapa Mental\u00bb<\/span><\/a><\/p>\n\n\n\n<div class=\"wp-block-image\"><figure class=\"aligncenter\"><a href=\"https:\/\/tecnicashablarenpublico.com\/blog\/como-escribir-y-estructurar-un-discurso-de-oratoria-estructura-ejemplo-de-esquema\/\" target=\"_blank\" rel=\"noopener noreferrer\"><img decoding=\"async\" data-attachment-id=\"2082\" data-permalink=\"https:\/\/tecnicashablarenpublico.com\/blog\/como-hacer-un-mapa-mental-para-organizar-y-recordar-tu-exposicion\/ver-video-como-hablar-en-publico\/\" data-orig-file=\"https:\/\/i0.wp.com\/tecnicashablarenpublico.com\/blog\/wp-content\/uploads\/2014\/12\/ver-video-como-hablar-en-publico.png?fit=265%2C44&amp;ssl=1\" data-orig-size=\"265,44\" data-comments-opened=\"0\" data-image-meta=\"{&quot;aperture&quot;:&quot;0&quot;,&quot;credit&quot;:&quot;&quot;,&quot;camera&quot;:&quot;&quot;,&quot;caption&quot;:&quot;&quot;,&quot;created_timestamp&quot;:&quot;0&quot;,&quot;copyright&quot;:&quot;&quot;,&quot;focal_length&quot;:&quot;0&quot;,&quot;iso&quot;:&quot;0&quot;,&quot;shutter_speed&quot;:&quot;0&quot;,&quot;title&quot;:&quot;&quot;}\" data-image-title=\"ver-video-como-hablar-en-publico\" data-image-description=\"\" data-image-caption=\"\" data-large-file=\"https:\/\/i0.wp.com\/tecnicashablarenpublico.com\/blog\/wp-content\/uploads\/2014\/12\/ver-video-como-hablar-en-publico.png?fit=265%2C44&amp;ssl=1\" src=\"data:image\/gif;base64,R0lGODlhAQABAIAAAAAAAP\/\/\/yH5BAEAAAAALAAAAAABAAEAAAIBRAA7\" data-src=\"https:\/\/tecnicashablarenpublico.com\/blog\/wp-content\/uploads\/2014\/12\/ver-video-como-hablar-en-publico.png\" alt=\"ver-video-como-hablar-en-publico\" class=\"wp-image-2082 lazyload\"\/><noscript><img data-recalc-dims=\"1\" decoding=\"async\" width=\"265\" height=\"44\" data-attachment-id=\"2082\" data-permalink=\"https:\/\/tecnicashablarenpublico.com\/blog\/como-hacer-un-mapa-mental-para-organizar-y-recordar-tu-exposicion\/ver-video-como-hablar-en-publico\/\" data-orig-file=\"https:\/\/i0.wp.com\/tecnicashablarenpublico.com\/blog\/wp-content\/uploads\/2014\/12\/ver-video-como-hablar-en-publico.png?fit=265%2C44&amp;ssl=1\" data-orig-size=\"265,44\" data-comments-opened=\"0\" data-image-meta=\"{&quot;aperture&quot;:&quot;0&quot;,&quot;credit&quot;:&quot;&quot;,&quot;camera&quot;:&quot;&quot;,&quot;caption&quot;:&quot;&quot;,&quot;created_timestamp&quot;:&quot;0&quot;,&quot;copyright&quot;:&quot;&quot;,&quot;focal_length&quot;:&quot;0&quot;,&quot;iso&quot;:&quot;0&quot;,&quot;shutter_speed&quot;:&quot;0&quot;,&quot;title&quot;:&quot;&quot;}\" data-image-title=\"ver-video-como-hablar-en-publico\" data-image-description=\"\" data-image-caption=\"\" data-large-file=\"https:\/\/i0.wp.com\/tecnicashablarenpublico.com\/blog\/wp-content\/uploads\/2014\/12\/ver-video-como-hablar-en-publico.png?fit=265%2C44&amp;ssl=1\" src=\"https:\/\/i0.wp.com\/tecnicashablarenpublico.com\/blog\/wp-content\/uploads\/2014\/12\/ver-video-como-hablar-en-publico.png?fit=265%2C44&ssl=1\" alt=\"ver-video-como-hablar-en-publico\" class=\"wp-image-2082 lazyload\"\/><\/noscript><\/a><\/figure><\/div>\n\n\n\n<p>.<\/p>\n\n\n\n<p>Espero que te tomes en serio esta herramienta que te acabo de compartir, y la pr\u00f3xima vez que vayas a preparar una exposici\u00f3n <strong><span style=\"text-decoration: underline;\">dibujes un mapa mental<\/span><\/strong> con tus ideas claras y concisas.<\/p>\n\n\n\n<p>Estoy seguro de que al hacer esto, nunca m\u00e1s vas a <em><strong>titubear<\/strong> <\/em>al tratar de explicar una idea o tratar de respaldarla con argumentos fuertes.<\/p>\n\n\n\n<p>Tampoco vas olvidar presentar todos y cada uno de tus puntos clave. Y lo har\u00e1s de una manera muy amena y creativa.<\/p>\n\n\n\n<p class=\"has-text-align-center\">&nbsp;<a href=\"https:\/\/tecnicashablarenpublico.com\/blog\/wp-content\/uploads\/2014\/01\/tecnicashablarenpublico_mapa_mental.png\" target=\"_blank\" rel=\"noopener noreferrer\">Haz click para ver la imagen completa del Mapa Mental<\/a><\/p>\n\n\n\n<p><strong>V\u00edctor Toscano<\/strong><br><a href=\"http:\/\/TecnicasHablarEnPublico.com\">TecnicasHablarEnPublico.com<\/a><\/p>\n\n\n\n<p><em><strong>P.D: Si te parece \u00fatil esta informaci\u00f3n, por favor haz clic en \u201cGoogle +1\u201d y comp\u00e1rtelo en \u00abFacebook\u00bb y \u201cTwitter\u201d. \u00a1Muchas Gracias!<\/strong><\/em><\/p>\n\n\n\n<p><strong><em>P.D.2: \u00bfQuieres saber c\u00f3mo yo aprend\u00ed a Hablar en P\u00fablico? <\/em><\/strong><\/p>\n","protected":false},"excerpt":{"rendered":"<p>Cuando preparas una presentaci\u00f3n&#8230; \u00bfSe te dificulta aclarar tus ideas y temas a tratar? Y a\u00fan m\u00e1s importante: Cuando ya escribiste todo lo que vas a decir&#8230; \u00bfTe cuesta trabajo recordarlo y decirlo como lo hab\u00edas planeado? Entonces, la herramienta que voy a compartir contigo el d\u00eda de hoy te cambiar\u00e1 la vida. Recientemente he [&hellip;]<\/p>\n","protected":false},"author":1,"featured_media":2710,"comment_status":"open","ping_status":"closed","sticky":false,"template":"","format":"standard","meta":{"jetpack_post_was_ever_published":false,"_jetpack_newsletter_access":"","_jetpack_dont_email_post_to_subs":false,"_jetpack_newsletter_tier_id":0,"_jetpack_memberships_contains_paywalled_content":false,"_jetpack_memberships_contains_paid_content":false,"footnotes":"","jetpack_publicize_message":"","jetpack_publicize_feature_enabled":true,"jetpack_social_post_already_shared":true,"jetpack_social_options":{"image_generator_settings":{"template":"highway","default_image_id":0,"font":"","enabled":false},"version":2}},"categories":[3],"tags":[60],"class_list":["post-1792","post","type-post","status-publish","format-standard","has-post-thumbnail","hentry","category-tecnicas-para-hablar-en-publico","tag-tecnicas-para-hablar-en-publico","post-wrapper","thrv_wrapper"],"yoast_head":"<!-- This site is optimized with the Yoast SEO plugin v27.5 - https:\/\/yoast.com\/product\/yoast-seo-wordpress\/ -->\n<title>C\u00f3mo Hacer un Mapa Mental para Organizar y Recordar Tu Exposici\u00f3n - TecnicasHablarEnPublico.Com<\/title>\n<meta name=\"robots\" content=\"index, follow, max-snippet:-1, max-image-preview:large, max-video-preview:-1\" \/>\n<link rel=\"canonical\" href=\"https:\/\/tecnicashablarenpublico.com\/blog\/como-hacer-un-mapa-mental-para-organizar-y-recordar-tu-exposicion\/\" \/>\n<meta property=\"og:locale\" content=\"es_ES\" \/>\n<meta property=\"og:type\" content=\"article\" \/>\n<meta property=\"og:title\" content=\"C\u00f3mo Hacer un Mapa Mental para Organizar y Recordar Tu Exposici\u00f3n - TecnicasHablarEnPublico.Com\" \/>\n<meta property=\"og:description\" content=\"Cuando preparas una presentaci\u00f3n&#8230; \u00bfSe te dificulta aclarar tus ideas y temas a tratar? Y a\u00fan m\u00e1s importante: Cuando ya escribiste todo lo que vas a decir&#8230; \u00bfTe cuesta trabajo recordarlo y decirlo como lo hab\u00edas planeado? Entonces, la herramienta que voy a compartir contigo el d\u00eda de hoy te cambiar\u00e1 la vida. Recientemente he [&hellip;]\" \/>\n<meta property=\"og:url\" content=\"https:\/\/tecnicashablarenpublico.com\/blog\/como-hacer-un-mapa-mental-para-organizar-y-recordar-tu-exposicion\/\" \/>\n<meta property=\"og:site_name\" content=\"TecnicasHablarEnPublico.Com\" \/>\n<meta property=\"article:publisher\" content=\"https:\/\/www.facebook.com\/VictorToscanoOficial\/\" \/>\n<meta property=\"article:author\" content=\"https:\/\/www.facebook.com\/victortoscanooficial\" \/>\n<meta property=\"article:published_time\" content=\"2014-01-15T19:57:50+00:00\" \/>\n<meta property=\"article:modified_time\" content=\"2020-05-10T01:48:12+00:00\" \/>\n<meta property=\"og:image\" content=\"https:\/\/i1.wp.com\/optimizacionpaginasmedia.s3.amazonaws.com\/2020\/05\/Mapa-mental-para-hablar-en-publico-1.png?fit=591%2C469&ssl=1\" \/>\n\t<meta property=\"og:image:width\" content=\"591\" \/>\n\t<meta property=\"og:image:height\" content=\"469\" \/>\n\t<meta property=\"og:image:type\" content=\"image\/png\" \/>\n<meta name=\"author\" content=\"Victor Toscano T V\" \/>\n<meta name=\"twitter:card\" content=\"summary_large_image\" \/>\n<meta name=\"twitter:creator\" content=\"@_victortoscano\" \/>\n<meta name=\"twitter:label1\" content=\"Escrito por\" \/>\n\t<meta name=\"twitter:data1\" content=\"Victor Toscano T V\" \/>\n\t<meta name=\"twitter:label2\" content=\"Tiempo de lectura\" \/>\n\t<meta name=\"twitter:data2\" content=\"3 minutos\" \/>\n<script type=\"application\/ld+json\" class=\"yoast-schema-graph\">{\"@context\":\"https:\\\/\\\/schema.org\",\"@graph\":[{\"@type\":\"Article\",\"@id\":\"https:\\\/\\\/tecnicashablarenpublico.com\\\/blog\\\/como-hacer-un-mapa-mental-para-organizar-y-recordar-tu-exposicion\\\/#article\",\"isPartOf\":{\"@id\":\"https:\\\/\\\/tecnicashablarenpublico.com\\\/blog\\\/como-hacer-un-mapa-mental-para-organizar-y-recordar-tu-exposicion\\\/\"},\"author\":{\"name\":\"Victor Toscano T V\",\"@id\":\"https:\\\/\\\/tecnicashablarenpublico.com\\\/blog\\\/#\\\/schema\\\/person\\\/f6a96b9bb773de8f08f84e4d6e6cf28f\"},\"headline\":\"C\u00f3mo Hacer un Mapa Mental para Organizar y Recordar Tu Exposici\u00f3n\",\"datePublished\":\"2014-01-15T19:57:50+00:00\",\"dateModified\":\"2020-05-10T01:48:12+00:00\",\"mainEntityOfPage\":{\"@id\":\"https:\\\/\\\/tecnicashablarenpublico.com\\\/blog\\\/como-hacer-un-mapa-mental-para-organizar-y-recordar-tu-exposicion\\\/\"},\"wordCount\":679,\"commentCount\":5446,\"publisher\":{\"@id\":\"https:\\\/\\\/tecnicashablarenpublico.com\\\/blog\\\/#organization\"},\"image\":{\"@id\":\"https:\\\/\\\/tecnicashablarenpublico.com\\\/blog\\\/como-hacer-un-mapa-mental-para-organizar-y-recordar-tu-exposicion\\\/#primaryimage\"},\"thumbnailUrl\":\"https:\\\/\\\/i0.wp.com\\\/optimizacionpaginasmedia.s3.amazonaws.com\\\/2020\\\/05\\\/Mapa-mental-para-hablar-en-publico-1.png?fit=591%2C469&ssl=1\",\"keywords\":[\"T\u00e9cnicas Para Hablar En P\u00fablico\"],\"articleSection\":[\"T\u00e9cnicas Para Hablar En P\u00fablico\"],\"inLanguage\":\"es\"},{\"@type\":\"WebPage\",\"@id\":\"https:\\\/\\\/tecnicashablarenpublico.com\\\/blog\\\/como-hacer-un-mapa-mental-para-organizar-y-recordar-tu-exposicion\\\/\",\"url\":\"https:\\\/\\\/tecnicashablarenpublico.com\\\/blog\\\/como-hacer-un-mapa-mental-para-organizar-y-recordar-tu-exposicion\\\/\",\"name\":\"C\u00f3mo Hacer un Mapa Mental para Organizar y Recordar Tu Exposici\u00f3n - TecnicasHablarEnPublico.Com\",\"isPartOf\":{\"@id\":\"https:\\\/\\\/tecnicashablarenpublico.com\\\/blog\\\/#website\"},\"primaryImageOfPage\":{\"@id\":\"https:\\\/\\\/tecnicashablarenpublico.com\\\/blog\\\/como-hacer-un-mapa-mental-para-organizar-y-recordar-tu-exposicion\\\/#primaryimage\"},\"image\":{\"@id\":\"https:\\\/\\\/tecnicashablarenpublico.com\\\/blog\\\/como-hacer-un-mapa-mental-para-organizar-y-recordar-tu-exposicion\\\/#primaryimage\"},\"thumbnailUrl\":\"https:\\\/\\\/i0.wp.com\\\/optimizacionpaginasmedia.s3.amazonaws.com\\\/2020\\\/05\\\/Mapa-mental-para-hablar-en-publico-1.png?fit=591%2C469&ssl=1\",\"datePublished\":\"2014-01-15T19:57:50+00:00\",\"dateModified\":\"2020-05-10T01:48:12+00:00\",\"breadcrumb\":{\"@id\":\"https:\\\/\\\/tecnicashablarenpublico.com\\\/blog\\\/como-hacer-un-mapa-mental-para-organizar-y-recordar-tu-exposicion\\\/#breadcrumb\"},\"inLanguage\":\"es\",\"potentialAction\":[{\"@type\":\"ReadAction\",\"target\":[\"https:\\\/\\\/tecnicashablarenpublico.com\\\/blog\\\/como-hacer-un-mapa-mental-para-organizar-y-recordar-tu-exposicion\\\/\"]}]},{\"@type\":\"ImageObject\",\"inLanguage\":\"es\",\"@id\":\"https:\\\/\\\/tecnicashablarenpublico.com\\\/blog\\\/como-hacer-un-mapa-mental-para-organizar-y-recordar-tu-exposicion\\\/#primaryimage\",\"url\":\"https:\\\/\\\/i0.wp.com\\\/optimizacionpaginasmedia.s3.amazonaws.com\\\/2020\\\/05\\\/Mapa-mental-para-hablar-en-publico-1.png?fit=591%2C469&ssl=1\",\"contentUrl\":\"https:\\\/\\\/i0.wp.com\\\/optimizacionpaginasmedia.s3.amazonaws.com\\\/2020\\\/05\\\/Mapa-mental-para-hablar-en-publico-1.png?fit=591%2C469&ssl=1\",\"width\":591,\"height\":469},{\"@type\":\"BreadcrumbList\",\"@id\":\"https:\\\/\\\/tecnicashablarenpublico.com\\\/blog\\\/como-hacer-un-mapa-mental-para-organizar-y-recordar-tu-exposicion\\\/#breadcrumb\",\"itemListElement\":[{\"@type\":\"ListItem\",\"position\":1,\"name\":\"Portada\",\"item\":\"https:\\\/\\\/tecnicashablarenpublico.com\\\/blog\\\/\"},{\"@type\":\"ListItem\",\"position\":2,\"name\":\"C\u00f3mo Hacer un Mapa Mental para Organizar y Recordar Tu Exposici\u00f3n\"}]},{\"@type\":\"WebSite\",\"@id\":\"https:\\\/\\\/tecnicashablarenpublico.com\\\/blog\\\/#website\",\"url\":\"https:\\\/\\\/tecnicashablarenpublico.com\\\/blog\\\/\",\"name\":\"TecnicasHablarEnPublico.Com\",\"description\":\"Blog\",\"publisher\":{\"@id\":\"https:\\\/\\\/tecnicashablarenpublico.com\\\/blog\\\/#organization\"},\"potentialAction\":[{\"@type\":\"SearchAction\",\"target\":{\"@type\":\"EntryPoint\",\"urlTemplate\":\"https:\\\/\\\/tecnicashablarenpublico.com\\\/blog\\\/?s={search_term_string}\"},\"query-input\":{\"@type\":\"PropertyValueSpecification\",\"valueRequired\":true,\"valueName\":\"search_term_string\"}}],\"inLanguage\":\"es\"},{\"@type\":\"Organization\",\"@id\":\"https:\\\/\\\/tecnicashablarenpublico.com\\\/blog\\\/#organization\",\"name\":\"TecnicasHablarEnPublico\",\"url\":\"https:\\\/\\\/tecnicashablarenpublico.com\\\/blog\\\/\",\"logo\":{\"@type\":\"ImageObject\",\"inLanguage\":\"es\",\"@id\":\"https:\\\/\\\/tecnicashablarenpublico.com\\\/blog\\\/#\\\/schema\\\/logo\\\/image\\\/\",\"url\":\"https:\\\/\\\/i0.wp.com\\\/tecnicashablarenpublico.com\\\/blog\\\/wp-content\\\/uploads\\\/2014\\\/11\\\/logo_cuadrado.png?fit=286%2C255&ssl=1\",\"contentUrl\":\"https:\\\/\\\/i0.wp.com\\\/tecnicashablarenpublico.com\\\/blog\\\/wp-content\\\/uploads\\\/2014\\\/11\\\/logo_cuadrado.png?fit=286%2C255&ssl=1\",\"width\":286,\"height\":255,\"caption\":\"TecnicasHablarEnPublico\"},\"image\":{\"@id\":\"https:\\\/\\\/tecnicashablarenpublico.com\\\/blog\\\/#\\\/schema\\\/logo\\\/image\\\/\"},\"sameAs\":[\"https:\\\/\\\/www.facebook.com\\\/VictorToscanoOficial\\\/\"]},{\"@type\":\"Person\",\"@id\":\"https:\\\/\\\/tecnicashablarenpublico.com\\\/blog\\\/#\\\/schema\\\/person\\\/f6a96b9bb773de8f08f84e4d6e6cf28f\",\"name\":\"Victor Toscano T V\",\"image\":{\"@type\":\"ImageObject\",\"inLanguage\":\"es\",\"@id\":\"https:\\\/\\\/secure.gravatar.com\\\/avatar\\\/e45c6f1f2986615bd1357fd094a24ab45a2ce7ca867817458fbebca30cd78e46?s=96&d=mm&r=g\",\"url\":\"https:\\\/\\\/secure.gravatar.com\\\/avatar\\\/e45c6f1f2986615bd1357fd094a24ab45a2ce7ca867817458fbebca30cd78e46?s=96&d=mm&r=g\",\"contentUrl\":\"https:\\\/\\\/secure.gravatar.com\\\/avatar\\\/e45c6f1f2986615bd1357fd094a24ab45a2ce7ca867817458fbebca30cd78e46?s=96&d=mm&r=g\",\"caption\":\"Victor Toscano T V\"},\"description\":\"Un apasionado en el tema de Hablar en P\u00fablico y el Crecimiento Personal, que pas\u00f3 de \\\"t\u00edmido\\\" a Conferencista Internacional en menos de dos a\u00f1os.\",\"sameAs\":[\"http:\\\/\\\/www.tecnicashablarenpublico.com\",\"https:\\\/\\\/www.facebook.com\\\/victortoscanooficial\",\"http:\\\/\\\/mx.linkedin.com\\\/in\\\/victortoscano\\\/\",\"http:\\\/\\\/www.pinterest.com\\\/victortoscano\\\/\",\"https:\\\/\\\/x.com\\\/_victortoscano\",\"http:\\\/\\\/victortoscano.com.mx\\\/youtube\"],\"url\":\"https:\\\/\\\/tecnicashablarenpublico.com\\\/blog\\\/author\\\/vict26\\\/\"}]}<\/script>\n<!-- \/ Yoast SEO plugin. -->","yoast_head_json":{"title":"C\u00f3mo Hacer un Mapa Mental para Organizar y Recordar Tu Exposici\u00f3n - TecnicasHablarEnPublico.Com","robots":{"index":"index","follow":"follow","max-snippet":"max-snippet:-1","max-image-preview":"max-image-preview:large","max-video-preview":"max-video-preview:-1"},"canonical":"https:\/\/tecnicashablarenpublico.com\/blog\/como-hacer-un-mapa-mental-para-organizar-y-recordar-tu-exposicion\/","og_locale":"es_ES","og_type":"article","og_title":"C\u00f3mo Hacer un Mapa Mental para Organizar y Recordar Tu Exposici\u00f3n - TecnicasHablarEnPublico.Com","og_description":"Cuando preparas una presentaci\u00f3n&#8230; \u00bfSe te dificulta aclarar tus ideas y temas a tratar? Y a\u00fan m\u00e1s importante: Cuando ya escribiste todo lo que vas a decir&#8230; \u00bfTe cuesta trabajo recordarlo y decirlo como lo hab\u00edas planeado? Entonces, la herramienta que voy a compartir contigo el d\u00eda de hoy te cambiar\u00e1 la vida. Recientemente he [&hellip;]","og_url":"https:\/\/tecnicashablarenpublico.com\/blog\/como-hacer-un-mapa-mental-para-organizar-y-recordar-tu-exposicion\/","og_site_name":"TecnicasHablarEnPublico.Com","article_publisher":"https:\/\/www.facebook.com\/VictorToscanoOficial\/","article_author":"https:\/\/www.facebook.com\/victortoscanooficial","article_published_time":"2014-01-15T19:57:50+00:00","article_modified_time":"2020-05-10T01:48:12+00:00","og_image":[{"width":591,"height":469,"url":"https:\/\/i1.wp.com\/optimizacionpaginasmedia.s3.amazonaws.com\/2020\/05\/Mapa-mental-para-hablar-en-publico-1.png?fit=591%2C469&ssl=1","type":"image\/png"}],"author":"Victor Toscano T V","twitter_card":"summary_large_image","twitter_creator":"@_victortoscano","twitter_misc":{"Escrito por":"Victor Toscano T V","Tiempo de lectura":"3 minutos"},"schema":{"@context":"https:\/\/schema.org","@graph":[{"@type":"Article","@id":"https:\/\/tecnicashablarenpublico.com\/blog\/como-hacer-un-mapa-mental-para-organizar-y-recordar-tu-exposicion\/#article","isPartOf":{"@id":"https:\/\/tecnicashablarenpublico.com\/blog\/como-hacer-un-mapa-mental-para-organizar-y-recordar-tu-exposicion\/"},"author":{"name":"Victor Toscano T V","@id":"https:\/\/tecnicashablarenpublico.com\/blog\/#\/schema\/person\/f6a96b9bb773de8f08f84e4d6e6cf28f"},"headline":"C\u00f3mo Hacer un Mapa Mental para Organizar y Recordar Tu Exposici\u00f3n","datePublished":"2014-01-15T19:57:50+00:00","dateModified":"2020-05-10T01:48:12+00:00","mainEntityOfPage":{"@id":"https:\/\/tecnicashablarenpublico.com\/blog\/como-hacer-un-mapa-mental-para-organizar-y-recordar-tu-exposicion\/"},"wordCount":679,"commentCount":5446,"publisher":{"@id":"https:\/\/tecnicashablarenpublico.com\/blog\/#organization"},"image":{"@id":"https:\/\/tecnicashablarenpublico.com\/blog\/como-hacer-un-mapa-mental-para-organizar-y-recordar-tu-exposicion\/#primaryimage"},"thumbnailUrl":"https:\/\/i0.wp.com\/optimizacionpaginasmedia.s3.amazonaws.com\/2020\/05\/Mapa-mental-para-hablar-en-publico-1.png?fit=591%2C469&ssl=1","keywords":["T\u00e9cnicas Para Hablar En P\u00fablico"],"articleSection":["T\u00e9cnicas Para Hablar En P\u00fablico"],"inLanguage":"es"},{"@type":"WebPage","@id":"https:\/\/tecnicashablarenpublico.com\/blog\/como-hacer-un-mapa-mental-para-organizar-y-recordar-tu-exposicion\/","url":"https:\/\/tecnicashablarenpublico.com\/blog\/como-hacer-un-mapa-mental-para-organizar-y-recordar-tu-exposicion\/","name":"C\u00f3mo Hacer un Mapa Mental para Organizar y Recordar Tu Exposici\u00f3n - TecnicasHablarEnPublico.Com","isPartOf":{"@id":"https:\/\/tecnicashablarenpublico.com\/blog\/#website"},"primaryImageOfPage":{"@id":"https:\/\/tecnicashablarenpublico.com\/blog\/como-hacer-un-mapa-mental-para-organizar-y-recordar-tu-exposicion\/#primaryimage"},"image":{"@id":"https:\/\/tecnicashablarenpublico.com\/blog\/como-hacer-un-mapa-mental-para-organizar-y-recordar-tu-exposicion\/#primaryimage"},"thumbnailUrl":"https:\/\/i0.wp.com\/optimizacionpaginasmedia.s3.amazonaws.com\/2020\/05\/Mapa-mental-para-hablar-en-publico-1.png?fit=591%2C469&ssl=1","datePublished":"2014-01-15T19:57:50+00:00","dateModified":"2020-05-10T01:48:12+00:00","breadcrumb":{"@id":"https:\/\/tecnicashablarenpublico.com\/blog\/como-hacer-un-mapa-mental-para-organizar-y-recordar-tu-exposicion\/#breadcrumb"},"inLanguage":"es","potentialAction":[{"@type":"ReadAction","target":["https:\/\/tecnicashablarenpublico.com\/blog\/como-hacer-un-mapa-mental-para-organizar-y-recordar-tu-exposicion\/"]}]},{"@type":"ImageObject","inLanguage":"es","@id":"https:\/\/tecnicashablarenpublico.com\/blog\/como-hacer-un-mapa-mental-para-organizar-y-recordar-tu-exposicion\/#primaryimage","url":"https:\/\/i0.wp.com\/optimizacionpaginasmedia.s3.amazonaws.com\/2020\/05\/Mapa-mental-para-hablar-en-publico-1.png?fit=591%2C469&ssl=1","contentUrl":"https:\/\/i0.wp.com\/optimizacionpaginasmedia.s3.amazonaws.com\/2020\/05\/Mapa-mental-para-hablar-en-publico-1.png?fit=591%2C469&ssl=1","width":591,"height":469},{"@type":"BreadcrumbList","@id":"https:\/\/tecnicashablarenpublico.com\/blog\/como-hacer-un-mapa-mental-para-organizar-y-recordar-tu-exposicion\/#breadcrumb","itemListElement":[{"@type":"ListItem","position":1,"name":"Portada","item":"https:\/\/tecnicashablarenpublico.com\/blog\/"},{"@type":"ListItem","position":2,"name":"C\u00f3mo Hacer un Mapa Mental para Organizar y Recordar Tu Exposici\u00f3n"}]},{"@type":"WebSite","@id":"https:\/\/tecnicashablarenpublico.com\/blog\/#website","url":"https:\/\/tecnicashablarenpublico.com\/blog\/","name":"TecnicasHablarEnPublico.Com","description":"Blog","publisher":{"@id":"https:\/\/tecnicashablarenpublico.com\/blog\/#organization"},"potentialAction":[{"@type":"SearchAction","target":{"@type":"EntryPoint","urlTemplate":"https:\/\/tecnicashablarenpublico.com\/blog\/?s={search_term_string}"},"query-input":{"@type":"PropertyValueSpecification","valueRequired":true,"valueName":"search_term_string"}}],"inLanguage":"es"},{"@type":"Organization","@id":"https:\/\/tecnicashablarenpublico.com\/blog\/#organization","name":"TecnicasHablarEnPublico","url":"https:\/\/tecnicashablarenpublico.com\/blog\/","logo":{"@type":"ImageObject","inLanguage":"es","@id":"https:\/\/tecnicashablarenpublico.com\/blog\/#\/schema\/logo\/image\/","url":"https:\/\/i0.wp.com\/tecnicashablarenpublico.com\/blog\/wp-content\/uploads\/2014\/11\/logo_cuadrado.png?fit=286%2C255&ssl=1","contentUrl":"https:\/\/i0.wp.com\/tecnicashablarenpublico.com\/blog\/wp-content\/uploads\/2014\/11\/logo_cuadrado.png?fit=286%2C255&ssl=1","width":286,"height":255,"caption":"TecnicasHablarEnPublico"},"image":{"@id":"https:\/\/tecnicashablarenpublico.com\/blog\/#\/schema\/logo\/image\/"},"sameAs":["https:\/\/www.facebook.com\/VictorToscanoOficial\/"]},{"@type":"Person","@id":"https:\/\/tecnicashablarenpublico.com\/blog\/#\/schema\/person\/f6a96b9bb773de8f08f84e4d6e6cf28f","name":"Victor Toscano T V","image":{"@type":"ImageObject","inLanguage":"es","@id":"https:\/\/secure.gravatar.com\/avatar\/e45c6f1f2986615bd1357fd094a24ab45a2ce7ca867817458fbebca30cd78e46?s=96&d=mm&r=g","url":"https:\/\/secure.gravatar.com\/avatar\/e45c6f1f2986615bd1357fd094a24ab45a2ce7ca867817458fbebca30cd78e46?s=96&d=mm&r=g","contentUrl":"https:\/\/secure.gravatar.com\/avatar\/e45c6f1f2986615bd1357fd094a24ab45a2ce7ca867817458fbebca30cd78e46?s=96&d=mm&r=g","caption":"Victor Toscano T V"},"description":"Un apasionado en el tema de Hablar en P\u00fablico y el Crecimiento Personal, que pas\u00f3 de \"t\u00edmido\" a Conferencista Internacional en menos de dos a\u00f1os.","sameAs":["http:\/\/www.tecnicashablarenpublico.com","https:\/\/www.facebook.com\/victortoscanooficial","http:\/\/mx.linkedin.com\/in\/victortoscano\/","http:\/\/www.pinterest.com\/victortoscano\/","https:\/\/x.com\/_victortoscano","http:\/\/victortoscano.com.mx\/youtube"],"url":"https:\/\/tecnicashablarenpublico.com\/blog\/author\/vict26\/"}]}},"jetpack_publicize_connections":[],"jetpack_featured_media_url":"https:\/\/i0.wp.com\/optimizacionpaginasmedia.s3.amazonaws.com\/2020\/05\/Mapa-mental-para-hablar-en-publico-1.png?fit=591%2C469&ssl=1","jetpack_shortlink":"https:\/\/wp.me\/p338RC-sU","jetpack-related-posts":[{"id":548,"url":"https:\/\/tecnicashablarenpublico.com\/blog\/5-tecnicas-para-memorizar-tu-presentacion-en-publico\/","url_meta":{"origin":1792,"position":0},"title":"5 T\u00e9cnicas Para Memorizar Tu Presentaci\u00f3n En P\u00fablico","author":"Victor Toscano T V","date":"14\/01\/2013","format":false,"excerpt":"En este art\u00edculo te voy a ense\u00f1ar 5 T\u00e9cnicas Para Memorizar Tu Presentaci\u00f3n En P\u00fablico... Si las pones en pr\u00e1ctica, te salvar\u00e1n de muchos momentos vergonzosos porque ya NO se te va a Olvidar lo que Ibas a Decir. La verdadera clave no est\u00e1 tanto en estudiar y repasar muchas\u2026","rel":"","context":"En \u00abT\u00e9cnicas Para Hablar En P\u00fablico\u00bb","block_context":{"text":"T\u00e9cnicas Para Hablar En P\u00fablico","link":"https:\/\/tecnicashablarenpublico.com\/blog\/category\/tecnicas-para-hablar-en-publico\/"},"img":{"alt_text":"","src":"https:\/\/i0.wp.com\/optimizacionpaginasmedia.s3.amazonaws.com\/2023\/06\/JazuXDci-6-min.jpg?fit=500%2C333&ssl=1&resize=350%2C200","width":350,"height":200},"classes":[]},{"id":437,"url":"https:\/\/tecnicashablarenpublico.com\/blog\/10-tecnicas-para-hablar-en-publico-parte-2\/","url_meta":{"origin":1792,"position":1},"title":"10 T\u00e9cnicas Para Hablar En Publico (Parte 2)","author":"Victor Toscano T V","date":"23\/09\/2010","format":false,"excerpt":"En el art\u00edculo anterior te expliqu\u00e9 las primeras 5 T\u00e9cnicas para Hablar en P\u00fablico m\u00e1s importantes. Si quieres saber cu\u00e1les son, haz clic aqu\u00ed para leer el art\u00edculo anterior. En este art\u00edculo te voy a explicar las siguientes 5 t\u00e9cnicas m\u00e1s importantes para Hablar en P\u00fablico. Es muy importante que\u2026","rel":"","context":"En \u00abT\u00e9cnicas Para Hablar En P\u00fablico\u00bb","block_context":{"text":"T\u00e9cnicas Para Hablar En P\u00fablico","link":"https:\/\/tecnicashablarenpublico.com\/blog\/category\/tecnicas-para-hablar-en-publico\/"},"img":{"alt_text":"","src":"https:\/\/i0.wp.com\/tecnicashablarenpublico.com\/blog\/wp-content\/uploads\/2010\/09\/656339_public_speaking-150x150.jpg?resize=350%2C200&ssl=1","width":350,"height":200},"classes":[]},{"id":768,"url":"https:\/\/tecnicashablarenpublico.com\/blog\/tecnica-para-dominar-los-nervios-al-hablar-en-publico-2\/","url_meta":{"origin":1792,"position":2},"title":"T\u00e9cnica Para Dominar Los Nervios Al Hablar En P\u00fablico #2","author":"Victor Toscano T V","date":"16\/01\/2013","format":false,"excerpt":"[headline_arial_medium_centered color=\"#aa0000\"]\"Calienta Primero\"[\/headline_arial_medium_centered] [order_box_3 width=\"90%\" + border=\"4px\"]ATENCI\u00d3N:\u00a0Antes de seguir leyendo descarga GRATIS la\u00a0Gu\u00eda Pr\u00e1ctica \"10 Pasos Pr\u00e1cticos Para Preparar Una Presentaci\u00f3n\", donde te guiar\u00e9 paso a paso para que te prepares y todo salga muy bien:[membership_download_item_pdf link=\"https:\/\/www.tecnicashablarenpublico.com\/dsk\/descargar.php?f=GuiaPractica.pdf\" + target=\"_self\"]Haz Clic AQU\u00cd para Descargar la Gu\u00eda Pr\u00e1ctica[\/membership_download_item_pdf][\/order_box_3] Los expositores\u00a0no son diferentes\u00a0de\u2026","rel":"","context":"En \u00abAprender a Hablar en Publico\u00bb","block_context":{"text":"Aprender a Hablar en Publico","link":"https:\/\/tecnicashablarenpublico.com\/blog\/category\/aprender-a-hablar-en-publico\/"},"img":{"alt_text":"","src":"https:\/\/i0.wp.com\/tecnicashablarenpublico.com\/blog\/wp-content\/themes\/OptimizePress\/images\/large-signupnow.png?resize=350%2C200&ssl=1","width":350,"height":200},"classes":[]},{"id":951,"url":"https:\/\/tecnicashablarenpublico.com\/blog\/curso-de-oratoria-gratis-aprendiendo-a-hablar-en-publico\/","url_meta":{"origin":1792,"position":3},"title":"Curso De Oratoria GRATIS &#8211; Aprendiendo A Hablar En P\u00fablico","author":"Victor Toscano T V","date":"14\/02\/2013","format":false,"excerpt":"Hace aproximadamente un mes decid\u00ed grabar 4 VIDEOS donde explico varias t\u00e9cnicas para Hablar en P\u00fablico... Aunque originalmente ten\u00eda pensado ponerlos a la venta como parte de mi nuevo curso de oratoria online, decid\u00ed permitir el acceso Gratis a ellos. Para mi sorpresa, fueron todo un \u00c9xito cuando los publiqu\u00e9\u2026","rel":"","context":"En \u00abAprender a Hablar en Publico\u00bb","block_context":{"text":"Aprender a Hablar en Publico","link":"https:\/\/tecnicashablarenpublico.com\/blog\/category\/aprender-a-hablar-en-publico\/"},"img":{"alt_text":"Curso De Oratoria GRATIS - Aprendiendo A Hablar En P\u00fablico","src":"https:\/\/i0.wp.com\/optimizacionpaginasmedia.s3.amazonaws.com\/2020\/05\/curso-de-oratoria-gratis-aprender-a-hablar-en-publico.jpg?fit=900%2C550&ssl=1&resize=350%2C200","width":350,"height":200,"srcset":"https:\/\/i0.wp.com\/optimizacionpaginasmedia.s3.amazonaws.com\/2020\/05\/curso-de-oratoria-gratis-aprender-a-hablar-en-publico.jpg?fit=900%2C550&ssl=1&resize=350%2C200 1x, https:\/\/i0.wp.com\/optimizacionpaginasmedia.s3.amazonaws.com\/2020\/05\/curso-de-oratoria-gratis-aprender-a-hablar-en-publico.jpg?fit=900%2C550&ssl=1&resize=525%2C300 1.5x, https:\/\/i0.wp.com\/optimizacionpaginasmedia.s3.amazonaws.com\/2020\/05\/curso-de-oratoria-gratis-aprender-a-hablar-en-publico.jpg?fit=900%2C550&ssl=1&resize=700%2C400 2x"},"classes":[]},{"id":864,"url":"https:\/\/tecnicashablarenpublico.com\/blog\/como-aumentar-y-modular-la-voz-para-hablar-mas-fuerte\/","url_meta":{"origin":1792,"position":4},"title":"C\u00f3mo Aumentar Y Modular La Voz Para Hablar M\u00e1s Fuerte","author":"Victor Toscano T V","date":"21\/01\/2013","format":false,"excerpt":"Como Modular Y Dar FUERZA A Tu Voz Esto que te voy a ense\u00f1ar aqu\u00ed, te permitir\u00e1\u00a0hablar en p\u00fablico\u00a0con\u00a0una voz m\u00e1s fuerte, potente y modulada. La\u00a0voz d\u00e9bil\u00a0que nadie escucha, la que es\u00a0mon\u00f3tona, la que\u00a0NO est\u00e1 bien modulada\u00a0y la que\u00a0NO\u00a0transmite\u00a0convicci\u00f3n, es el principal problema de quienes desean hablar bien en p\u00fablico...\u2026","rel":"","context":"En \u00abAprender a Hablar en Publico\u00bb","block_context":{"text":"Aprender a Hablar en Publico","link":"https:\/\/tecnicashablarenpublico.com\/blog\/category\/aprender-a-hablar-en-publico\/"},"img":{"alt_text":"C\u00f3mo Aumentar Y Modular La Voz Para Hablar M\u00e1s Fuerte","src":"https:\/\/i0.wp.com\/optimizacionpaginasmedia.s3.amazonaws.com\/2020\/05\/como-aumentar-y-modular-la-voz-para-hablar-mas-fuerte.jpg?fit=900%2C550&ssl=1&resize=350%2C200","width":350,"height":200,"srcset":"https:\/\/i0.wp.com\/optimizacionpaginasmedia.s3.amazonaws.com\/2020\/05\/como-aumentar-y-modular-la-voz-para-hablar-mas-fuerte.jpg?fit=900%2C550&ssl=1&resize=350%2C200 1x, https:\/\/i0.wp.com\/optimizacionpaginasmedia.s3.amazonaws.com\/2020\/05\/como-aumentar-y-modular-la-voz-para-hablar-mas-fuerte.jpg?fit=900%2C550&ssl=1&resize=525%2C300 1.5x, https:\/\/i0.wp.com\/optimizacionpaginasmedia.s3.amazonaws.com\/2020\/05\/como-aumentar-y-modular-la-voz-para-hablar-mas-fuerte.jpg?fit=900%2C550&ssl=1&resize=700%2C400 2x"},"classes":[]},{"id":2349,"url":"https:\/\/tecnicashablarenpublico.com\/blog\/como-hablar-en-publico-sin-nervios-y-disfrutarlo\/","url_meta":{"origin":1792,"position":5},"title":"C\u00f3mo Hablar en P\u00fablico Sin Nervios y Disfrutarlo | Curso de Oratoria Tecnicas Para Perder el Miedo","author":"Victor Toscano T V","date":"07\/02\/2017","format":false,"excerpt":"Curso de Oratoria sobre c\u00f3mo perder el miedo a hablar en p\u00fablico sin nervios, clases de oratoria, tecnicas para hablar, exponer y expresarse bien disfrutando el proceso... \u00bb Mira el VIDEO Aqu\u00ed: \u00bb Suscr\u00edbete en Youtube: http:\/\/victor-toscano.com\/youtube \u00bb M\u00e1s videos de Oratoria:\u00a0https:\/\/tecnicashablarenpublico.com C\u00f3mo hacer que hablar en p\u00fablico te produzca\u2026","rel":"","context":"En \u00abT\u00e9cnicas Para Hablar En P\u00fablico\u00bb","block_context":{"text":"T\u00e9cnicas Para Hablar En P\u00fablico","link":"https:\/\/tecnicashablarenpublico.com\/blog\/category\/tecnicas-para-hablar-en-publico\/"},"img":{"alt_text":"","src":"https:\/\/i0.wp.com\/optimizacionpaginasmedia.s3.amazonaws.com\/2023\/06\/ulxGekVx-hablar-en-publico-copia.png?fit=500%2C281&ssl=1&resize=350%2C200","width":350,"height":200},"classes":[]}],"jetpack_sharing_enabled":true,"_links":{"self":[{"href":"https:\/\/tecnicashablarenpublico.com\/blog\/wp-json\/wp\/v2\/posts\/1792","targetHints":{"allow":["GET"]}}],"collection":[{"href":"https:\/\/tecnicashablarenpublico.com\/blog\/wp-json\/wp\/v2\/posts"}],"about":[{"href":"https:\/\/tecnicashablarenpublico.com\/blog\/wp-json\/wp\/v2\/types\/post"}],"author":[{"embeddable":true,"href":"https:\/\/tecnicashablarenpublico.com\/blog\/wp-json\/wp\/v2\/users\/1"}],"replies":[{"embeddable":true,"href":"https:\/\/tecnicashablarenpublico.com\/blog\/wp-json\/wp\/v2\/comments?post=1792"}],"version-history":[{"count":0,"href":"https:\/\/tecnicashablarenpublico.com\/blog\/wp-json\/wp\/v2\/posts\/1792\/revisions"}],"wp:featuredmedia":[{"embeddable":true,"href":"https:\/\/tecnicashablarenpublico.com\/blog\/wp-json\/wp\/v2\/media\/2710"}],"wp:attachment":[{"href":"https:\/\/tecnicashablarenpublico.com\/blog\/wp-json\/wp\/v2\/media?parent=1792"}],"wp:term":[{"taxonomy":"category","embeddable":true,"href":"https:\/\/tecnicashablarenpublico.com\/blog\/wp-json\/wp\/v2\/categories?post=1792"},{"taxonomy":"post_tag","embeddable":true,"href":"https:\/\/tecnicashablarenpublico.com\/blog\/wp-json\/wp\/v2\/tags?post=1792"}],"curies":[{"name":"wp","href":"https:\/\/api.w.org\/{rel}","templated":true}]}}