{"id":1618,"date":"2013-11-06T12:33:59","date_gmt":"2013-11-06T18:33:59","guid":{"rendered":"https:\/\/tecnicashablarenpublico.com\/blog\/?p=1618"},"modified":"2020-05-20T15:05:00","modified_gmt":"2020-05-20T21:05:00","slug":"palabras-de-agradecimiento-oratoria-practica","status":"publish","type":"post","link":"https:\/\/tecnicashablarenpublico.com\/blog\/palabras-de-agradecimiento-oratoria-practica\/","title":{"rendered":"Palabras De Agradecimiento | Oratoria Pr\u00e1ctica"},"content":{"rendered":"\n<div class=\"wp-block-image\"><figure class=\"alignleft\"><a href=\"https:\/\/i0.wp.com\/tecnicashablarenpublico.com\/blog\/wp-content\/uploads\/2013\/11\/Palabras-De-Agradecimiento-Oratoria-Practica.jpg?ssl=1\"><img decoding=\"async\" data-attachment-id=\"1622\" data-permalink=\"https:\/\/tecnicashablarenpublico.com\/blog\/palabras-de-agradecimiento-oratoria-practica\/palabras-de-agradecimiento-oratoria-practica\/\" data-orig-file=\"https:\/\/i0.wp.com\/tecnicashablarenpublico.com\/blog\/wp-content\/uploads\/2013\/11\/Palabras-De-Agradecimiento-Oratoria-Practica.jpg?fit=298%2C330&amp;ssl=1\" data-orig-size=\"298,330\" data-comments-opened=\"0\" data-image-meta=\"{&quot;aperture&quot;:&quot;0&quot;,&quot;credit&quot;:&quot;&quot;,&quot;camera&quot;:&quot;&quot;,&quot;caption&quot;:&quot;&quot;,&quot;created_timestamp&quot;:&quot;0&quot;,&quot;copyright&quot;:&quot;&quot;,&quot;focal_length&quot;:&quot;0&quot;,&quot;iso&quot;:&quot;0&quot;,&quot;shutter_speed&quot;:&quot;0&quot;,&quot;title&quot;:&quot;&quot;}\" data-image-title=\"Palabras De Agradecimiento  Oratoria Practica\" data-image-description=\"\" data-image-caption=\"\" data-large-file=\"https:\/\/i0.wp.com\/tecnicashablarenpublico.com\/blog\/wp-content\/uploads\/2013\/11\/Palabras-De-Agradecimiento-Oratoria-Practica.jpg?fit=298%2C330&amp;ssl=1\" src=\"data:image\/gif;base64,R0lGODlhAQABAIAAAAAAAP\/\/\/yH5BAEAAAAALAAAAAABAAEAAAIBRAA7\" data-src=\"https:\/\/tecnicashablarenpublico.com\/blog\/wp-content\/uploads\/2013\/11\/Palabras-De-Agradecimiento-Oratoria-Practica.jpg\" alt=\"Palabras De Agradecimiento  Oratoria Practica\" class=\"wp-image-1622 lazyload\"\/><noscript><img data-recalc-dims=\"1\" decoding=\"async\" width=\"298\" height=\"330\" data-attachment-id=\"1622\" data-permalink=\"https:\/\/tecnicashablarenpublico.com\/blog\/palabras-de-agradecimiento-oratoria-practica\/palabras-de-agradecimiento-oratoria-practica\/\" data-orig-file=\"https:\/\/i0.wp.com\/tecnicashablarenpublico.com\/blog\/wp-content\/uploads\/2013\/11\/Palabras-De-Agradecimiento-Oratoria-Practica.jpg?fit=298%2C330&amp;ssl=1\" data-orig-size=\"298,330\" data-comments-opened=\"0\" data-image-meta=\"{&quot;aperture&quot;:&quot;0&quot;,&quot;credit&quot;:&quot;&quot;,&quot;camera&quot;:&quot;&quot;,&quot;caption&quot;:&quot;&quot;,&quot;created_timestamp&quot;:&quot;0&quot;,&quot;copyright&quot;:&quot;&quot;,&quot;focal_length&quot;:&quot;0&quot;,&quot;iso&quot;:&quot;0&quot;,&quot;shutter_speed&quot;:&quot;0&quot;,&quot;title&quot;:&quot;&quot;}\" data-image-title=\"Palabras De Agradecimiento  Oratoria Practica\" data-image-description=\"\" data-image-caption=\"\" data-large-file=\"https:\/\/i0.wp.com\/tecnicashablarenpublico.com\/blog\/wp-content\/uploads\/2013\/11\/Palabras-De-Agradecimiento-Oratoria-Practica.jpg?fit=298%2C330&amp;ssl=1\" src=\"https:\/\/i0.wp.com\/tecnicashablarenpublico.com\/blog\/wp-content\/uploads\/2013\/11\/Palabras-De-Agradecimiento-Oratoria-Practica.jpg?fit=298%2C330&ssl=1\" alt=\"Palabras De Agradecimiento  Oratoria Practica\" class=\"wp-image-1622 lazyload\"\/><\/noscript><\/a><\/figure><\/div>\n\n\n\n<p><strong><em>\u00bfQu\u00e9 debes hacer si te piden dar unas palabras de agradecimiento?<\/em><\/strong><\/p>\n\n\n\n<p>Lo m\u00e1s desafiante cuando te encuentras en esta situaci\u00f3n es que casi siempre te lo van a pedir de imprevisto, es decir:<\/p>\n\n\n\n<p>\u00a1No tendr\u00e1s oportunidad de prepararte!<\/p>\n\n\n\n<p>Hace unos d\u00edas estaba yo participando en <span style=\"text-decoration: underline;\">un evento muy emotivo<\/span>. Pero al final nos pidieron a todos los participantes pasar al frente a dar unas palabras de agradecimiento frente a las <strong>300 personas<\/strong> que estaban ah\u00ed.<\/p>\n\n\n\n<p>Es incre\u00edble la cantidad de <strong>nervios<\/strong> que se experimentan al estar esperando tu turno para pasar a hablar&#8230;<\/p>\n\n\n\n<!--more-->\n\n\n\n<p>Ni siquiera despu\u00e9s de tantas experiencias hablando en p\u00fablico pude deshacerme de ese nerviosismo, aunque la verdad es normal que se siga manifestando.<\/p>\n\n\n\n<h3 class=\"wp-block-heading\"><strong>Pero&#8230; \u00bfQu\u00e9 hice para superarlo?<\/strong><\/h3>\n\n\n\n<p>Aunque hay quienes pueden pensar que al tratarse de un simple \u00abagradecimiento\u00bb s\u00f3lo tienes que decir algunas palabras que salgan de tu coraz\u00f3n y listo; yo creo que siempre es mejor prepararse.<\/p>\n\n\n\n<p>S\u00ed, a\u00fan cuando tu participaci\u00f3n vaya a ser de s\u00f3lo un minuto&#8230;<\/p>\n\n\n\n<p>Mientras estaba sentado esperando, empec\u00e9 a analizar las palabras que ven\u00edan a mi mente y a mi coraz\u00f3n. Entonces defin\u00ed r\u00e1pidamente una estructura que me servir\u00eda de gu\u00eda al estar al frente.<\/p>\n\n\n\n<p>Pas\u00e9 entonces los siguientes 10 minutos repasando mi peque\u00f1o esquema de ideas, y haciendo ejercicios con mis hombros y brazos para liberar la tensi\u00f3n causada por los nervios.<\/p>\n\n\n\n<p>Al final, cuando lleg\u00f3 mi turno me sent\u00ed bastante c\u00f3modo como para <span style=\"text-decoration: underline;\"><strong>dejar fluir esa emoci\u00f3n<\/strong><\/span> y transmitirla en mis palabras. Palabras que tuvieron mucha claridad y coherencia, gracias a esa peque\u00f1a preparaci\u00f3n.<\/p>\n\n\n\n<h3 class=\"wp-block-heading\"><strong>\u00bfC\u00f3mo preparar tus palabras de agradecimiento?<\/strong><\/h3>\n\n\n\n<p>B\u00e1sicamente te voy a compartir c\u00f3mo lo hice yo. Existen 3 principales preguntas que te debes responder cuando vayas a pasar a dar gracias, y las debes de tener muy bien definidas y claras.<\/p>\n\n\n\n<p>Estas son las preguntas:<\/p>\n\n\n\n<h3 class=\"wp-block-heading\"><strong>1. \u00bfA qui\u00e9n vas a dirigir tu agradecimiento?<\/strong><\/h3>\n\n\n\n<p><em>\u00abAgradezco a Dios, a mis padres, a las personas que hicieron posible este evento&#8230;\u00bb<\/em><\/p>\n\n\n\n<p>Es s\u00f3lo un ejemplo de c\u00f3mo puedes empezar a hablar. T\u00fa necesitas definir bien a qui\u00e9n vas a dirigir esas palabras de agradecimiento y hacer ese listado de manera mental, en un pedazo de papel o utilizando tus dedos como referencia.<\/p>\n\n\n\n<h3 class=\"wp-block-heading\"><strong>2. \u00bfQu\u00e9 es lo que agradeces?<\/strong><\/h3>\n\n\n\n<p><em>\u00abMe siento muy agradecido de haber tenido la oportunidad de compartir con ustedes esta maravillosa experiencia de&#8230;\u00bb<\/em><\/p>\n\n\n\n<p>Deber\u00e1s definir bien c\u00f3mo te vas a referir a eso que est\u00e1s agradeciendo, qu\u00e9 tipo de palabras te gustar\u00eda emplear y c\u00f3mo le vas a llamar a eso que agradeces de acuerdo a la forma en que lo viviste.<\/p>\n\n\n\n<h3 class=\"wp-block-heading\"><strong>3. \u00bfC\u00f3mo expresas tu experiencia?<\/strong><\/h3>\n\n\n\n<p><em>\u00abVivir este proceso me ha permitido crecer en todos los \u00e1mbitos, porque ahora tengo m\u00e1s herramientas que me permitir\u00e1n ayudar&#8230;\u00bb<\/em><\/p>\n\n\n\n<p>Aqu\u00ed es donde debes responder a la pregunta: <em>\u00bfQu\u00e9 te llevas de eso que viviste?<\/em><\/p>\n\n\n\n<p>Antes de hablar define y enf\u00f3cate en uno o dos aspectos en los que eso que agradeces te ha cambiado la vida o te ha llevado a convertirte en una mejor persona.<\/p>\n\n\n\n<h3 class=\"wp-block-heading\"><strong>Usa palabras \u00abSencillas\u00bb&#8230;<\/strong><\/h3>\n\n\n\n<p>No te compliques demasiado con el vocabulario ni trates de impresionar a todos utilizando palabras rebuscadas, porque puedes llegar a escucharte FALSO.<\/p>\n\n\n\n<p>Por supuesto, esto depender\u00e1 mucho de la ocasi\u00f3n, pero por lo general entre m\u00e1s simple sea el vocabulario que utilices, m\u00e1s sinceridad vas a proyectar y m\u00e1s personas te van a comprender.<\/p>\n\n\n\n<h3 class=\"wp-block-heading\"><strong>\u00a1No digas \u00abGracias\u00bb!<\/strong><\/h3>\n\n\n\n<p>A\u00fan siendo unas palabras de agradecimiento, no te recomiendo terminar con la palabra \u00abgracias\u00bb. Recuerda que esa nunca debe ser tu \u00faltima palabra al final de un discurso.<\/p>\n\n\n\n<p>Mejor termina tu participaci\u00f3n con alguna <span style=\"text-decoration: underline;\">reflexi\u00f3n o frase que tenga impacto<\/span> y deje a las personas pensando en esas palabras con las que terminaste tu discurso de agradecimiento.<\/p>\n\n\n\n<p>Espero que esta peque\u00f1a gu\u00eda te sea de mucha ayuda la pr\u00f3xima vez que te soliciten dar unas <strong><em>palabras de agradecimiento<\/em><\/strong>.<\/p>\n\n\n\n<p>Si te gust\u00f3 el art\u00edculo, por favor, d\u00e9jame un comentario y cu\u00e9ntame si ya has vivido este tipo de experiencia.<\/p>\n\n\n\n<p><strong>V\u00edctor Toscano y V\u00edctor P\u00e9rez<\/strong><br><a rel=\"noreferrer noopener\" href=\"https:\/\/TecnicasHablarEnPublico.com\" target=\"_blank\">TecnicasHablarEnPublico.com<\/a><\/p>\n\n\n\n<figure class=\"wp-block-embed-youtube wp-block-embed is-type-video is-provider-youtube wp-embed-aspect-16-9 wp-has-aspect-ratio\"><div class=\"wp-block-embed__wrapper\">\n<span class=\"embed-youtube\" style=\"text-align:center; display: block;\"><iframe class=\"youtube-player lazyload\" width=\"640\" height=\"360\" data-src=\"https:\/\/www.youtube.com\/embed\/PmFuykM643c?version=3&#038;rel=1&#038;showsearch=0&#038;showinfo=1&#038;iv_load_policy=1&#038;fs=1&#038;hl=es-ES&#038;autohide=2&#038;wmode=transparent\" allowfullscreen=\"true\" style=\"border:0;\" sandbox=\"allow-scripts allow-same-origin allow-popups allow-presentation allow-popups-to-escape-sandbox\"><\/iframe><\/span>\n<\/div><\/figure>\n\n\n\n<p><em><strong>P.D: Si te parece \u00fatil esta informaci\u00f3n, comparte&#8230;<\/strong><\/em><\/p>\n\n\n\n<div class=\"wp-block-image\"><figure class=\"aligncenter\"><a href=\"https:\/\/tecnicashablarenpublico.com\/\" target=\"_blank\" rel=\"noopener noreferrer\"><img decoding=\"async\" class=\"lazyload\" src=\"data:image\/gif;base64,R0lGODlhAQABAIAAAAAAAP\/\/\/yH5BAEAAAAALAAAAAABAAEAAAIBRAA7\" data-src=\"https:\/\/s3-us-west-1.amazonaws.com\/imagenes-victortoscano\/descarga-2.png\" alt=\"\"\/><noscript><img data-recalc-dims=\"1\" decoding=\"async\" class=\"lazyload\" src=\"https:\/\/i0.wp.com\/s3-us-west-1.amazonaws.com\/imagenes-victortoscano\/descarga-2.png?ssl=1\" alt=\"\"\/><\/noscript><\/a><\/figure><\/div>\n\n\n\n<p><strong><em>P.D.2: \u00bfQuieres saber c\u00f3mo yo aprend\u00ed a Hablar en P\u00fablico? Haz clic a continuaci\u00f3n:<\/em><\/strong><br><\/p>\n\n\n\n<div class=\"wp-block-image center-container\"><figure class=\"aligncenter\"><a href=\"https:\/\/tecnicashablarenpublico.com\/\" target=\"_blank\" rel=\"noopener noreferrer\"><img decoding=\"async\" data-attachment-id=\"1825\" data-permalink=\"https:\/\/tecnicashablarenpublico.com\/blog\/como-caer-bien-a-las-personas-3-pasos-para-tener-empatia\/como-aprender-a-hablar-en-publico-y-convencer\/\" data-orig-file=\"https:\/\/i0.wp.com\/tecnicashablarenpublico.com\/blog\/wp-content\/uploads\/2014\/01\/como-aprender-a-hablar-en-publico-y-convencer.png?fit=380%2C300&amp;ssl=1\" data-orig-size=\"380,300\" data-comments-opened=\"0\" data-image-meta=\"{&quot;aperture&quot;:&quot;0&quot;,&quot;credit&quot;:&quot;&quot;,&quot;camera&quot;:&quot;&quot;,&quot;caption&quot;:&quot;&quot;,&quot;created_timestamp&quot;:&quot;0&quot;,&quot;copyright&quot;:&quot;&quot;,&quot;focal_length&quot;:&quot;0&quot;,&quot;iso&quot;:&quot;0&quot;,&quot;shutter_speed&quot;:&quot;0&quot;,&quot;title&quot;:&quot;&quot;}\" data-image-title=\"Como aprender a hablar en publico y convencer\" data-image-description=\"&lt;p&gt;Como aprender a hablar en publico y convencer&lt;\/p&gt;\n\" data-image-caption=\"\" data-large-file=\"https:\/\/i0.wp.com\/tecnicashablarenpublico.com\/blog\/wp-content\/uploads\/2014\/01\/como-aprender-a-hablar-en-publico-y-convencer.png?fit=380%2C300&amp;ssl=1\" src=\"data:image\/gif;base64,R0lGODlhAQABAIAAAAAAAP\/\/\/yH5BAEAAAAALAAAAAABAAEAAAIBRAA7\" data-src=\"https:\/\/tecnicashablarenpublico.com\/blog\/wp-content\/uploads\/2014\/01\/como-aprender-a-hablar-en-publico-y-convencer.png\" alt=\"Como aprender a hablar en publico y convencer\" class=\"wp-image-1825 lazyload\" title=\"Como aprender a hablar en publico y convencer\"\/><noscript><img data-recalc-dims=\"1\" decoding=\"async\" width=\"380\" height=\"300\" data-attachment-id=\"1825\" data-permalink=\"https:\/\/tecnicashablarenpublico.com\/blog\/como-caer-bien-a-las-personas-3-pasos-para-tener-empatia\/como-aprender-a-hablar-en-publico-y-convencer\/\" data-orig-file=\"https:\/\/i0.wp.com\/tecnicashablarenpublico.com\/blog\/wp-content\/uploads\/2014\/01\/como-aprender-a-hablar-en-publico-y-convencer.png?fit=380%2C300&amp;ssl=1\" data-orig-size=\"380,300\" data-comments-opened=\"0\" data-image-meta=\"{&quot;aperture&quot;:&quot;0&quot;,&quot;credit&quot;:&quot;&quot;,&quot;camera&quot;:&quot;&quot;,&quot;caption&quot;:&quot;&quot;,&quot;created_timestamp&quot;:&quot;0&quot;,&quot;copyright&quot;:&quot;&quot;,&quot;focal_length&quot;:&quot;0&quot;,&quot;iso&quot;:&quot;0&quot;,&quot;shutter_speed&quot;:&quot;0&quot;,&quot;title&quot;:&quot;&quot;}\" data-image-title=\"Como aprender a hablar en publico y convencer\" data-image-description=\"&lt;p&gt;Como aprender a hablar en publico y convencer&lt;\/p&gt;\n\" data-image-caption=\"\" data-large-file=\"https:\/\/i0.wp.com\/tecnicashablarenpublico.com\/blog\/wp-content\/uploads\/2014\/01\/como-aprender-a-hablar-en-publico-y-convencer.png?fit=380%2C300&amp;ssl=1\" src=\"https:\/\/i0.wp.com\/tecnicashablarenpublico.com\/blog\/wp-content\/uploads\/2014\/01\/como-aprender-a-hablar-en-publico-y-convencer.png?fit=380%2C300&ssl=1\" alt=\"Como aprender a hablar en publico y convencer\" class=\"wp-image-1825 lazyload\" title=\"Como aprender a hablar en publico y convencer\" srcset=\"https:\/\/i0.wp.com\/tecnicashablarenpublico.com\/blog\/wp-content\/uploads\/2014\/01\/como-aprender-a-hablar-en-publico-y-convencer.png?fit=300%2C236&amp;ssl=1 300w, https:\/\/i0.wp.com\/tecnicashablarenpublico.com\/blog\/wp-content\/uploads\/2014\/01\/como-aprender-a-hablar-en-publico-y-convencer.png?fit=380%2C300&amp;ssl=1 380w\" sizes=\"(max-width: 380px) 100vw, 380px\" \/><\/noscript><\/a><\/figure><\/div>\n","protected":false},"excerpt":{"rendered":"<p>\u00bfQu\u00e9 debes hacer si te piden dar unas palabras de agradecimiento? Lo m\u00e1s desafiante cuando te encuentras en esta situaci\u00f3n es que casi siempre te lo van a pedir de imprevisto, es decir: \u00a1No tendr\u00e1s oportunidad de prepararte! Hace unos d\u00edas estaba yo participando en un evento muy emotivo. Pero al final nos pidieron a [&hellip;]<\/p>\n","protected":false},"author":1,"featured_media":2917,"comment_status":"open","ping_status":"closed","sticky":false,"template":"","format":"standard","meta":{"jetpack_post_was_ever_published":false,"_jetpack_newsletter_access":"","_jetpack_dont_email_post_to_subs":true,"_jetpack_newsletter_tier_id":0,"_jetpack_memberships_contains_paywalled_content":false,"_jetpack_memberships_contains_paid_content":false,"footnotes":"","jetpack_publicize_message":"","jetpack_publicize_feature_enabled":true,"jetpack_social_post_already_shared":true,"jetpack_social_options":{"image_generator_settings":{"template":"highway","default_image_id":0,"font":"","enabled":false},"version":2}},"categories":[33,34],"tags":[38],"class_list":["post-1618","post","type-post","status-publish","format-standard","has-post-thumbnail","hentry","category-como-aprender-oratoria","category-consejos-de-oratoria","tag-consejos-de-oratoria-2","post-wrapper","thrv_wrapper"],"yoast_head":"<!-- This site is optimized with the Yoast SEO plugin v27.5 - https:\/\/yoast.com\/product\/yoast-seo-wordpress\/ -->\n<title>Palabras De Agradecimiento | Oratoria Pr\u00e1ctica - TecnicasHablarEnPublico.Com<\/title>\n<meta name=\"robots\" content=\"index, follow, max-snippet:-1, max-image-preview:large, max-video-preview:-1\" \/>\n<link rel=\"canonical\" href=\"https:\/\/tecnicashablarenpublico.com\/blog\/palabras-de-agradecimiento-oratoria-practica\/\" \/>\n<meta property=\"og:locale\" content=\"es_ES\" \/>\n<meta property=\"og:type\" content=\"article\" \/>\n<meta property=\"og:title\" content=\"Palabras De Agradecimiento | Oratoria Pr\u00e1ctica - TecnicasHablarEnPublico.Com\" \/>\n<meta property=\"og:description\" content=\"\u00bfQu\u00e9 debes hacer si te piden dar unas palabras de agradecimiento? Lo m\u00e1s desafiante cuando te encuentras en esta situaci\u00f3n es que casi siempre te lo van a pedir de imprevisto, es decir: \u00a1No tendr\u00e1s oportunidad de prepararte! Hace unos d\u00edas estaba yo participando en un evento muy emotivo. Pero al final nos pidieron a [&hellip;]\" \/>\n<meta property=\"og:url\" content=\"https:\/\/tecnicashablarenpublico.com\/blog\/palabras-de-agradecimiento-oratoria-practica\/\" \/>\n<meta property=\"og:site_name\" content=\"TecnicasHablarEnPublico.Com\" \/>\n<meta property=\"article:publisher\" content=\"https:\/\/www.facebook.com\/VictorToscanoOficial\/\" \/>\n<meta property=\"article:author\" content=\"https:\/\/www.facebook.com\/victortoscanooficial\" \/>\n<meta property=\"article:published_time\" content=\"2013-11-06T18:33:59+00:00\" \/>\n<meta property=\"article:modified_time\" content=\"2020-05-20T21:05:00+00:00\" \/>\n<meta property=\"og:image\" content=\"https:\/\/i0.wp.com\/optimizacionpaginasmedia.s3.amazonaws.com\/2020\/05\/palabras-de-agradecimiento-oratoria-practia.jpg?fit=900%2C502&ssl=1\" \/>\n\t<meta property=\"og:image:width\" content=\"900\" \/>\n\t<meta property=\"og:image:height\" content=\"502\" \/>\n\t<meta property=\"og:image:type\" content=\"image\/jpeg\" \/>\n<meta name=\"author\" content=\"Victor Toscano T V\" \/>\n<meta name=\"twitter:card\" content=\"summary_large_image\" \/>\n<meta name=\"twitter:creator\" content=\"@_victortoscano\" \/>\n<meta name=\"twitter:label1\" content=\"Escrito por\" \/>\n\t<meta name=\"twitter:data1\" content=\"Victor Toscano T V\" \/>\n\t<meta name=\"twitter:label2\" content=\"Tiempo de lectura\" \/>\n\t<meta name=\"twitter:data2\" content=\"4 minutos\" \/>\n<script type=\"application\/ld+json\" class=\"yoast-schema-graph\">{\"@context\":\"https:\\\/\\\/schema.org\",\"@graph\":[{\"@type\":\"Article\",\"@id\":\"https:\\\/\\\/tecnicashablarenpublico.com\\\/blog\\\/palabras-de-agradecimiento-oratoria-practica\\\/#article\",\"isPartOf\":{\"@id\":\"https:\\\/\\\/tecnicashablarenpublico.com\\\/blog\\\/palabras-de-agradecimiento-oratoria-practica\\\/\"},\"author\":{\"name\":\"Victor Toscano T V\",\"@id\":\"https:\\\/\\\/tecnicashablarenpublico.com\\\/blog\\\/#\\\/schema\\\/person\\\/f6a96b9bb773de8f08f84e4d6e6cf28f\"},\"headline\":\"Palabras De Agradecimiento | Oratoria Pr\u00e1ctica\",\"datePublished\":\"2013-11-06T18:33:59+00:00\",\"dateModified\":\"2020-05-20T21:05:00+00:00\",\"mainEntityOfPage\":{\"@id\":\"https:\\\/\\\/tecnicashablarenpublico.com\\\/blog\\\/palabras-de-agradecimiento-oratoria-practica\\\/\"},\"wordCount\":752,\"commentCount\":5446,\"publisher\":{\"@id\":\"https:\\\/\\\/tecnicashablarenpublico.com\\\/blog\\\/#organization\"},\"image\":{\"@id\":\"https:\\\/\\\/tecnicashablarenpublico.com\\\/blog\\\/palabras-de-agradecimiento-oratoria-practica\\\/#primaryimage\"},\"thumbnailUrl\":\"https:\\\/\\\/i0.wp.com\\\/optimizacionpaginasmedia.s3.amazonaws.com\\\/2020\\\/05\\\/palabras-de-agradecimiento-oratoria-practia.jpg?fit=900%2C502&ssl=1\",\"keywords\":[\"consejos de oratoria\"],\"articleSection\":[\"Como Aprender Oratoria\",\"Consejos de Oratoria\"],\"inLanguage\":\"es\"},{\"@type\":\"WebPage\",\"@id\":\"https:\\\/\\\/tecnicashablarenpublico.com\\\/blog\\\/palabras-de-agradecimiento-oratoria-practica\\\/\",\"url\":\"https:\\\/\\\/tecnicashablarenpublico.com\\\/blog\\\/palabras-de-agradecimiento-oratoria-practica\\\/\",\"name\":\"Palabras De Agradecimiento | Oratoria Pr\u00e1ctica - TecnicasHablarEnPublico.Com\",\"isPartOf\":{\"@id\":\"https:\\\/\\\/tecnicashablarenpublico.com\\\/blog\\\/#website\"},\"primaryImageOfPage\":{\"@id\":\"https:\\\/\\\/tecnicashablarenpublico.com\\\/blog\\\/palabras-de-agradecimiento-oratoria-practica\\\/#primaryimage\"},\"image\":{\"@id\":\"https:\\\/\\\/tecnicashablarenpublico.com\\\/blog\\\/palabras-de-agradecimiento-oratoria-practica\\\/#primaryimage\"},\"thumbnailUrl\":\"https:\\\/\\\/i0.wp.com\\\/optimizacionpaginasmedia.s3.amazonaws.com\\\/2020\\\/05\\\/palabras-de-agradecimiento-oratoria-practia.jpg?fit=900%2C502&ssl=1\",\"datePublished\":\"2013-11-06T18:33:59+00:00\",\"dateModified\":\"2020-05-20T21:05:00+00:00\",\"breadcrumb\":{\"@id\":\"https:\\\/\\\/tecnicashablarenpublico.com\\\/blog\\\/palabras-de-agradecimiento-oratoria-practica\\\/#breadcrumb\"},\"inLanguage\":\"es\",\"potentialAction\":[{\"@type\":\"ReadAction\",\"target\":[\"https:\\\/\\\/tecnicashablarenpublico.com\\\/blog\\\/palabras-de-agradecimiento-oratoria-practica\\\/\"]}]},{\"@type\":\"ImageObject\",\"inLanguage\":\"es\",\"@id\":\"https:\\\/\\\/tecnicashablarenpublico.com\\\/blog\\\/palabras-de-agradecimiento-oratoria-practica\\\/#primaryimage\",\"url\":\"https:\\\/\\\/i0.wp.com\\\/optimizacionpaginasmedia.s3.amazonaws.com\\\/2020\\\/05\\\/palabras-de-agradecimiento-oratoria-practia.jpg?fit=900%2C502&ssl=1\",\"contentUrl\":\"https:\\\/\\\/i0.wp.com\\\/optimizacionpaginasmedia.s3.amazonaws.com\\\/2020\\\/05\\\/palabras-de-agradecimiento-oratoria-practia.jpg?fit=900%2C502&ssl=1\",\"width\":900,\"height\":502,\"caption\":\"Palabras De Agradecimiento | Oratoria Pr\u00e1ctica\"},{\"@type\":\"BreadcrumbList\",\"@id\":\"https:\\\/\\\/tecnicashablarenpublico.com\\\/blog\\\/palabras-de-agradecimiento-oratoria-practica\\\/#breadcrumb\",\"itemListElement\":[{\"@type\":\"ListItem\",\"position\":1,\"name\":\"Portada\",\"item\":\"https:\\\/\\\/tecnicashablarenpublico.com\\\/blog\\\/\"},{\"@type\":\"ListItem\",\"position\":2,\"name\":\"Palabras De Agradecimiento | Oratoria Pr\u00e1ctica\"}]},{\"@type\":\"WebSite\",\"@id\":\"https:\\\/\\\/tecnicashablarenpublico.com\\\/blog\\\/#website\",\"url\":\"https:\\\/\\\/tecnicashablarenpublico.com\\\/blog\\\/\",\"name\":\"TecnicasHablarEnPublico.Com\",\"description\":\"Blog\",\"publisher\":{\"@id\":\"https:\\\/\\\/tecnicashablarenpublico.com\\\/blog\\\/#organization\"},\"potentialAction\":[{\"@type\":\"SearchAction\",\"target\":{\"@type\":\"EntryPoint\",\"urlTemplate\":\"https:\\\/\\\/tecnicashablarenpublico.com\\\/blog\\\/?s={search_term_string}\"},\"query-input\":{\"@type\":\"PropertyValueSpecification\",\"valueRequired\":true,\"valueName\":\"search_term_string\"}}],\"inLanguage\":\"es\"},{\"@type\":\"Organization\",\"@id\":\"https:\\\/\\\/tecnicashablarenpublico.com\\\/blog\\\/#organization\",\"name\":\"TecnicasHablarEnPublico\",\"url\":\"https:\\\/\\\/tecnicashablarenpublico.com\\\/blog\\\/\",\"logo\":{\"@type\":\"ImageObject\",\"inLanguage\":\"es\",\"@id\":\"https:\\\/\\\/tecnicashablarenpublico.com\\\/blog\\\/#\\\/schema\\\/logo\\\/image\\\/\",\"url\":\"https:\\\/\\\/i0.wp.com\\\/tecnicashablarenpublico.com\\\/blog\\\/wp-content\\\/uploads\\\/2014\\\/11\\\/logo_cuadrado.png?fit=286%2C255&ssl=1\",\"contentUrl\":\"https:\\\/\\\/i0.wp.com\\\/tecnicashablarenpublico.com\\\/blog\\\/wp-content\\\/uploads\\\/2014\\\/11\\\/logo_cuadrado.png?fit=286%2C255&ssl=1\",\"width\":286,\"height\":255,\"caption\":\"TecnicasHablarEnPublico\"},\"image\":{\"@id\":\"https:\\\/\\\/tecnicashablarenpublico.com\\\/blog\\\/#\\\/schema\\\/logo\\\/image\\\/\"},\"sameAs\":[\"https:\\\/\\\/www.facebook.com\\\/VictorToscanoOficial\\\/\"]},{\"@type\":\"Person\",\"@id\":\"https:\\\/\\\/tecnicashablarenpublico.com\\\/blog\\\/#\\\/schema\\\/person\\\/f6a96b9bb773de8f08f84e4d6e6cf28f\",\"name\":\"Victor Toscano T V\",\"image\":{\"@type\":\"ImageObject\",\"inLanguage\":\"es\",\"@id\":\"https:\\\/\\\/secure.gravatar.com\\\/avatar\\\/e45c6f1f2986615bd1357fd094a24ab45a2ce7ca867817458fbebca30cd78e46?s=96&d=mm&r=g\",\"url\":\"https:\\\/\\\/secure.gravatar.com\\\/avatar\\\/e45c6f1f2986615bd1357fd094a24ab45a2ce7ca867817458fbebca30cd78e46?s=96&d=mm&r=g\",\"contentUrl\":\"https:\\\/\\\/secure.gravatar.com\\\/avatar\\\/e45c6f1f2986615bd1357fd094a24ab45a2ce7ca867817458fbebca30cd78e46?s=96&d=mm&r=g\",\"caption\":\"Victor Toscano T V\"},\"description\":\"Un apasionado en el tema de Hablar en P\u00fablico y el Crecimiento Personal, que pas\u00f3 de \\\"t\u00edmido\\\" a Conferencista Internacional en menos de dos a\u00f1os.\",\"sameAs\":[\"http:\\\/\\\/www.tecnicashablarenpublico.com\",\"https:\\\/\\\/www.facebook.com\\\/victortoscanooficial\",\"http:\\\/\\\/mx.linkedin.com\\\/in\\\/victortoscano\\\/\",\"http:\\\/\\\/www.pinterest.com\\\/victortoscano\\\/\",\"https:\\\/\\\/x.com\\\/_victortoscano\",\"http:\\\/\\\/victortoscano.com.mx\\\/youtube\"],\"url\":\"https:\\\/\\\/tecnicashablarenpublico.com\\\/blog\\\/author\\\/vict26\\\/\"}]}<\/script>\n<!-- \/ Yoast SEO plugin. -->","yoast_head_json":{"title":"Palabras De Agradecimiento | Oratoria Pr\u00e1ctica - TecnicasHablarEnPublico.Com","robots":{"index":"index","follow":"follow","max-snippet":"max-snippet:-1","max-image-preview":"max-image-preview:large","max-video-preview":"max-video-preview:-1"},"canonical":"https:\/\/tecnicashablarenpublico.com\/blog\/palabras-de-agradecimiento-oratoria-practica\/","og_locale":"es_ES","og_type":"article","og_title":"Palabras De Agradecimiento | Oratoria Pr\u00e1ctica - TecnicasHablarEnPublico.Com","og_description":"\u00bfQu\u00e9 debes hacer si te piden dar unas palabras de agradecimiento? Lo m\u00e1s desafiante cuando te encuentras en esta situaci\u00f3n es que casi siempre te lo van a pedir de imprevisto, es decir: \u00a1No tendr\u00e1s oportunidad de prepararte! Hace unos d\u00edas estaba yo participando en un evento muy emotivo. Pero al final nos pidieron a [&hellip;]","og_url":"https:\/\/tecnicashablarenpublico.com\/blog\/palabras-de-agradecimiento-oratoria-practica\/","og_site_name":"TecnicasHablarEnPublico.Com","article_publisher":"https:\/\/www.facebook.com\/VictorToscanoOficial\/","article_author":"https:\/\/www.facebook.com\/victortoscanooficial","article_published_time":"2013-11-06T18:33:59+00:00","article_modified_time":"2020-05-20T21:05:00+00:00","og_image":[{"width":900,"height":502,"url":"https:\/\/i0.wp.com\/optimizacionpaginasmedia.s3.amazonaws.com\/2020\/05\/palabras-de-agradecimiento-oratoria-practia.jpg?fit=900%2C502&ssl=1","type":"image\/jpeg"}],"author":"Victor Toscano T V","twitter_card":"summary_large_image","twitter_creator":"@_victortoscano","twitter_misc":{"Escrito por":"Victor Toscano T V","Tiempo de lectura":"4 minutos"},"schema":{"@context":"https:\/\/schema.org","@graph":[{"@type":"Article","@id":"https:\/\/tecnicashablarenpublico.com\/blog\/palabras-de-agradecimiento-oratoria-practica\/#article","isPartOf":{"@id":"https:\/\/tecnicashablarenpublico.com\/blog\/palabras-de-agradecimiento-oratoria-practica\/"},"author":{"name":"Victor Toscano T V","@id":"https:\/\/tecnicashablarenpublico.com\/blog\/#\/schema\/person\/f6a96b9bb773de8f08f84e4d6e6cf28f"},"headline":"Palabras De Agradecimiento | Oratoria Pr\u00e1ctica","datePublished":"2013-11-06T18:33:59+00:00","dateModified":"2020-05-20T21:05:00+00:00","mainEntityOfPage":{"@id":"https:\/\/tecnicashablarenpublico.com\/blog\/palabras-de-agradecimiento-oratoria-practica\/"},"wordCount":752,"commentCount":5446,"publisher":{"@id":"https:\/\/tecnicashablarenpublico.com\/blog\/#organization"},"image":{"@id":"https:\/\/tecnicashablarenpublico.com\/blog\/palabras-de-agradecimiento-oratoria-practica\/#primaryimage"},"thumbnailUrl":"https:\/\/i0.wp.com\/optimizacionpaginasmedia.s3.amazonaws.com\/2020\/05\/palabras-de-agradecimiento-oratoria-practia.jpg?fit=900%2C502&ssl=1","keywords":["consejos de oratoria"],"articleSection":["Como Aprender Oratoria","Consejos de Oratoria"],"inLanguage":"es"},{"@type":"WebPage","@id":"https:\/\/tecnicashablarenpublico.com\/blog\/palabras-de-agradecimiento-oratoria-practica\/","url":"https:\/\/tecnicashablarenpublico.com\/blog\/palabras-de-agradecimiento-oratoria-practica\/","name":"Palabras De Agradecimiento | Oratoria Pr\u00e1ctica - TecnicasHablarEnPublico.Com","isPartOf":{"@id":"https:\/\/tecnicashablarenpublico.com\/blog\/#website"},"primaryImageOfPage":{"@id":"https:\/\/tecnicashablarenpublico.com\/blog\/palabras-de-agradecimiento-oratoria-practica\/#primaryimage"},"image":{"@id":"https:\/\/tecnicashablarenpublico.com\/blog\/palabras-de-agradecimiento-oratoria-practica\/#primaryimage"},"thumbnailUrl":"https:\/\/i0.wp.com\/optimizacionpaginasmedia.s3.amazonaws.com\/2020\/05\/palabras-de-agradecimiento-oratoria-practia.jpg?fit=900%2C502&ssl=1","datePublished":"2013-11-06T18:33:59+00:00","dateModified":"2020-05-20T21:05:00+00:00","breadcrumb":{"@id":"https:\/\/tecnicashablarenpublico.com\/blog\/palabras-de-agradecimiento-oratoria-practica\/#breadcrumb"},"inLanguage":"es","potentialAction":[{"@type":"ReadAction","target":["https:\/\/tecnicashablarenpublico.com\/blog\/palabras-de-agradecimiento-oratoria-practica\/"]}]},{"@type":"ImageObject","inLanguage":"es","@id":"https:\/\/tecnicashablarenpublico.com\/blog\/palabras-de-agradecimiento-oratoria-practica\/#primaryimage","url":"https:\/\/i0.wp.com\/optimizacionpaginasmedia.s3.amazonaws.com\/2020\/05\/palabras-de-agradecimiento-oratoria-practia.jpg?fit=900%2C502&ssl=1","contentUrl":"https:\/\/i0.wp.com\/optimizacionpaginasmedia.s3.amazonaws.com\/2020\/05\/palabras-de-agradecimiento-oratoria-practia.jpg?fit=900%2C502&ssl=1","width":900,"height":502,"caption":"Palabras De Agradecimiento | Oratoria Pr\u00e1ctica"},{"@type":"BreadcrumbList","@id":"https:\/\/tecnicashablarenpublico.com\/blog\/palabras-de-agradecimiento-oratoria-practica\/#breadcrumb","itemListElement":[{"@type":"ListItem","position":1,"name":"Portada","item":"https:\/\/tecnicashablarenpublico.com\/blog\/"},{"@type":"ListItem","position":2,"name":"Palabras De Agradecimiento | Oratoria Pr\u00e1ctica"}]},{"@type":"WebSite","@id":"https:\/\/tecnicashablarenpublico.com\/blog\/#website","url":"https:\/\/tecnicashablarenpublico.com\/blog\/","name":"TecnicasHablarEnPublico.Com","description":"Blog","publisher":{"@id":"https:\/\/tecnicashablarenpublico.com\/blog\/#organization"},"potentialAction":[{"@type":"SearchAction","target":{"@type":"EntryPoint","urlTemplate":"https:\/\/tecnicashablarenpublico.com\/blog\/?s={search_term_string}"},"query-input":{"@type":"PropertyValueSpecification","valueRequired":true,"valueName":"search_term_string"}}],"inLanguage":"es"},{"@type":"Organization","@id":"https:\/\/tecnicashablarenpublico.com\/blog\/#organization","name":"TecnicasHablarEnPublico","url":"https:\/\/tecnicashablarenpublico.com\/blog\/","logo":{"@type":"ImageObject","inLanguage":"es","@id":"https:\/\/tecnicashablarenpublico.com\/blog\/#\/schema\/logo\/image\/","url":"https:\/\/i0.wp.com\/tecnicashablarenpublico.com\/blog\/wp-content\/uploads\/2014\/11\/logo_cuadrado.png?fit=286%2C255&ssl=1","contentUrl":"https:\/\/i0.wp.com\/tecnicashablarenpublico.com\/blog\/wp-content\/uploads\/2014\/11\/logo_cuadrado.png?fit=286%2C255&ssl=1","width":286,"height":255,"caption":"TecnicasHablarEnPublico"},"image":{"@id":"https:\/\/tecnicashablarenpublico.com\/blog\/#\/schema\/logo\/image\/"},"sameAs":["https:\/\/www.facebook.com\/VictorToscanoOficial\/"]},{"@type":"Person","@id":"https:\/\/tecnicashablarenpublico.com\/blog\/#\/schema\/person\/f6a96b9bb773de8f08f84e4d6e6cf28f","name":"Victor Toscano T V","image":{"@type":"ImageObject","inLanguage":"es","@id":"https:\/\/secure.gravatar.com\/avatar\/e45c6f1f2986615bd1357fd094a24ab45a2ce7ca867817458fbebca30cd78e46?s=96&d=mm&r=g","url":"https:\/\/secure.gravatar.com\/avatar\/e45c6f1f2986615bd1357fd094a24ab45a2ce7ca867817458fbebca30cd78e46?s=96&d=mm&r=g","contentUrl":"https:\/\/secure.gravatar.com\/avatar\/e45c6f1f2986615bd1357fd094a24ab45a2ce7ca867817458fbebca30cd78e46?s=96&d=mm&r=g","caption":"Victor Toscano T V"},"description":"Un apasionado en el tema de Hablar en P\u00fablico y el Crecimiento Personal, que pas\u00f3 de \"t\u00edmido\" a Conferencista Internacional en menos de dos a\u00f1os.","sameAs":["http:\/\/www.tecnicashablarenpublico.com","https:\/\/www.facebook.com\/victortoscanooficial","http:\/\/mx.linkedin.com\/in\/victortoscano\/","http:\/\/www.pinterest.com\/victortoscano\/","https:\/\/x.com\/_victortoscano","http:\/\/victortoscano.com.mx\/youtube"],"url":"https:\/\/tecnicashablarenpublico.com\/blog\/author\/vict26\/"}]}},"jetpack_publicize_connections":[],"jetpack_featured_media_url":"https:\/\/i0.wp.com\/optimizacionpaginasmedia.s3.amazonaws.com\/2020\/05\/palabras-de-agradecimiento-oratoria-practia.jpg?fit=900%2C502&ssl=1","jetpack_shortlink":"https:\/\/wp.me\/p338RC-q6","jetpack-related-posts":[{"id":742,"url":"https:\/\/tecnicashablarenpublico.com\/blog\/consejo-de-oratoria-alimenta-tu-mente-de-conocimiento-para-tu-auditorio\/","url_meta":{"origin":1618,"position":0},"title":"Consejo De Oratoria: Alimenta Tu Mente De Conocimiento Para Tu Auditorio","author":"Victor Toscano T V","date":"18\/01\/2013","format":false,"excerpt":"La oratoria consiste en usar El PODER de la palabra hablada frente a un grupo de personas para lograr un prop\u00f3sito espec\u00edfico. El problema es que muchas personas NO saben utilizar el poder de la palabra a su favor... Y a\u00fan m\u00e1s importante, NO conocen el poder de Aportar Informaci\u00f3n\u2026","rel":"","context":"En \u00abComo Aprender Oratoria\u00bb","block_context":{"text":"Como Aprender Oratoria","link":"https:\/\/tecnicashablarenpublico.com\/blog\/category\/como-aprender-oratoria\/"},"img":{"alt_text":"Consejo De Oratoria Alimenta Tu Mente De Conocimiento Para Tu Auditorio","src":"https:\/\/i0.wp.com\/tecnicashablarenpublico.com\/blog\/wp-content\/uploads\/2013\/01\/Consejo-De-Oratoria-Alimenta-Tu-Mente-De-Conocimiento-Para-Tu-Auditorio.jpg?resize=350%2C200&ssl=1","width":350,"height":200},"classes":[]},{"id":951,"url":"https:\/\/tecnicashablarenpublico.com\/blog\/curso-de-oratoria-gratis-aprendiendo-a-hablar-en-publico\/","url_meta":{"origin":1618,"position":1},"title":"Curso De Oratoria GRATIS &#8211; Aprendiendo A Hablar En P\u00fablico","author":"Victor Toscano T V","date":"14\/02\/2013","format":false,"excerpt":"Hace aproximadamente un mes decid\u00ed grabar 4 VIDEOS donde explico varias t\u00e9cnicas para Hablar en P\u00fablico... Aunque originalmente ten\u00eda pensado ponerlos a la venta como parte de mi nuevo curso de oratoria online, decid\u00ed permitir el acceso Gratis a ellos. Para mi sorpresa, fueron todo un \u00c9xito cuando los publiqu\u00e9\u2026","rel":"","context":"En \u00abAprender a Hablar en Publico\u00bb","block_context":{"text":"Aprender a Hablar en Publico","link":"https:\/\/tecnicashablarenpublico.com\/blog\/category\/aprender-a-hablar-en-publico\/"},"img":{"alt_text":"Curso De Oratoria GRATIS - Aprendiendo A Hablar En P\u00fablico","src":"https:\/\/i0.wp.com\/optimizacionpaginasmedia.s3.amazonaws.com\/2020\/05\/curso-de-oratoria-gratis-aprender-a-hablar-en-publico.jpg?fit=900%2C550&ssl=1&resize=350%2C200","width":350,"height":200,"srcset":"https:\/\/i0.wp.com\/optimizacionpaginasmedia.s3.amazonaws.com\/2020\/05\/curso-de-oratoria-gratis-aprender-a-hablar-en-publico.jpg?fit=900%2C550&ssl=1&resize=350%2C200 1x, https:\/\/i0.wp.com\/optimizacionpaginasmedia.s3.amazonaws.com\/2020\/05\/curso-de-oratoria-gratis-aprender-a-hablar-en-publico.jpg?fit=900%2C550&ssl=1&resize=525%2C300 1.5x, https:\/\/i0.wp.com\/optimizacionpaginasmedia.s3.amazonaws.com\/2020\/05\/curso-de-oratoria-gratis-aprender-a-hablar-en-publico.jpg?fit=900%2C550&ssl=1&resize=700%2C400 2x"},"classes":[]},{"id":1500,"url":"https:\/\/tecnicashablarenpublico.com\/blog\/los-7-ingredientes-vitales-de-tu-discurso-oratoria-practica\/","url_meta":{"origin":1618,"position":2},"title":"Los 7 Ingredientes VITALES de Tu Discurso | Oratoria Pr\u00e1ctica","author":"Victor Toscano T V","date":"03\/10\/2013","format":false,"excerpt":"\u00bfQuieres dise\u00f1ar un Discurso de Oratoria PODEROSO que deje a todos Sorprendidos al Escucharte? En este art\u00edculo aprender\u00e1s c\u00f3mo aprovechar los 7 Ingredientes Vitales que Todo buen Discurso debe tener... Hace poco m\u00e1s de un a\u00f1o tuve la oportunidad de participar en un Concurso Nacional de Oratoria en la Cuidad\u2026","rel":"","context":"En \u00abComo Aprender Oratoria\u00bb","block_context":{"text":"Como Aprender Oratoria","link":"https:\/\/tecnicashablarenpublico.com\/blog\/category\/como-aprender-oratoria\/"},"img":{"alt_text":"Los 7 Ingredientes VITALES de Tu Discurso  Oratoria Practica","src":"https:\/\/miedohablarenpublico.files.wordpress.com\/2013\/10\/los-7-ingredientes-vitales-de-tu-discurso-oratoria-practica.jpg?w=350&h=200&crop=1","width":350,"height":200},"classes":[]},{"id":1240,"url":"https:\/\/tecnicashablarenpublico.com\/blog\/curso-como-hablar-en-publico-en-guadalajara-mexico-taller-presencial\/","url_meta":{"origin":1618,"position":3},"title":"Curso Como Hablar en P\u00fablico en Guadalajara, M\u00e9xico (TALLER PRESENCIAL) &#8211; Te Enviamos Capacitaci\u00f3n","author":"Victor Toscano T V","date":"03\/06\/2013","format":false,"excerpt":"\u00bfTe gustar\u00eda Aprender a Hablar en P\u00fablico y Conseguir un Mejor Trabajo?\u00bfNecesitas un Curso de Comunicaci\u00f3n para los Empleados de tu Empresa?\u00bfQuieres Aprender a Usar Mejor tu Voz y Proyectar Seguridad y Convicci\u00f3n? Curso-Taller: \u201cComunicaci\u00f3n Efectiva\u201d Este curso tiene como objetivo ayudar en el desarrollo de habilidades efectivas de comunicaci\u00f3n\u2026","rel":"","context":"En \u00abComo Hablar en Publico\u00bb","block_context":{"text":"Como Hablar en Publico","link":"https:\/\/tecnicashablarenpublico.com\/blog\/category\/como-hablar-en-publico-2\/"},"img":{"alt_text":"CURSO: Como Hablar en P\u00fablico en Guadalajara, M\u00e9xico (taller presencial de comunicaci\u00f3n efectiva)","src":"https:\/\/i0.wp.com\/optimizacionpaginasmedia.s3.amazonaws.com\/2020\/05\/curso-como-hablar-en-publico-en-guadalajara-mexico-taller-presencial-1.jpg?fit=900%2C550&ssl=1&resize=350%2C200","width":350,"height":200,"srcset":"https:\/\/i0.wp.com\/optimizacionpaginasmedia.s3.amazonaws.com\/2020\/05\/curso-como-hablar-en-publico-en-guadalajara-mexico-taller-presencial-1.jpg?fit=900%2C550&ssl=1&resize=350%2C200 1x, https:\/\/i0.wp.com\/optimizacionpaginasmedia.s3.amazonaws.com\/2020\/05\/curso-como-hablar-en-publico-en-guadalajara-mexico-taller-presencial-1.jpg?fit=900%2C550&ssl=1&resize=525%2C300 1.5x, https:\/\/i0.wp.com\/optimizacionpaginasmedia.s3.amazonaws.com\/2020\/05\/curso-como-hablar-en-publico-en-guadalajara-mexico-taller-presencial-1.jpg?fit=900%2C550&ssl=1&resize=700%2C400 2x"},"classes":[]},{"id":872,"url":"https:\/\/tecnicashablarenpublico.com\/blog\/5-sencillos-pasos-para-preparar-un-discurso-extraordinario\/","url_meta":{"origin":1618,"position":4},"title":"5 Sencillos Pasos Para Preparar Un Discurso Extraordinario","author":"Victor Toscano T V","date":"23\/01\/2013","format":false,"excerpt":"IMPORTANTE: La mayor\u00eda de las personas se equivoca al momento de preparar una presentaci\u00f3n en p\u00fablico y por eso todo le sale mal al momento de estar en frente de su auditorio... A continuaci\u00f3n voy a compartir contigo 5 Sencillos pero Efectivos Pasos que te guiar\u00e1n para que prepares y\u2026","rel":"","context":"En \u00abComo Aprender Oratoria\u00bb","block_context":{"text":"Como Aprender Oratoria","link":"https:\/\/tecnicashablarenpublico.com\/blog\/category\/como-aprender-oratoria\/"},"img":{"alt_text":"5 Sencillos Pasos Para Preparar Un Discurso de Oratoria","src":"https:\/\/i0.wp.com\/optimizacionpaginasmedia.s3.amazonaws.com\/2020\/05\/pasos-para-preparar-un-discurso-de-oratoria.jpg?fit=900%2C477&ssl=1&resize=350%2C200","width":350,"height":200,"srcset":"https:\/\/i0.wp.com\/optimizacionpaginasmedia.s3.amazonaws.com\/2020\/05\/pasos-para-preparar-un-discurso-de-oratoria.jpg?fit=900%2C477&ssl=1&resize=350%2C200 1x, https:\/\/i0.wp.com\/optimizacionpaginasmedia.s3.amazonaws.com\/2020\/05\/pasos-para-preparar-un-discurso-de-oratoria.jpg?fit=900%2C477&ssl=1&resize=525%2C300 1.5x, https:\/\/i0.wp.com\/optimizacionpaginasmedia.s3.amazonaws.com\/2020\/05\/pasos-para-preparar-un-discurso-de-oratoria.jpg?fit=900%2C477&ssl=1&resize=700%2C400 2x"},"classes":[]},{"id":1376,"url":"https:\/\/tecnicashablarenpublico.com\/blog\/como-ser-mas-elocuente-y-ampliar-tu-vocabulario-para-hablar-bien\/","url_meta":{"origin":1618,"position":5},"title":"C\u00f3mo ser M\u00e1s Elocuente y Ampliar tu Vocabulario para Hablar Bien","author":"Victor Toscano T V","date":"20\/11\/2013","format":false,"excerpt":"\u00bfTe ha pasado que al tratar de presentar alg\u00fan tema, NO encuentras las palabras indicadas? Te puede llegar a suceder que tienes en tus ideas muy claras en tu mente, pero al tratar de darte a entender no vienen a ti las palabras adecuadas, y sientes que tu vocabulario es\u2026","rel":"","context":"En \u00abComo Aprender Oratoria\u00bb","block_context":{"text":"Como Aprender Oratoria","link":"https:\/\/tecnicashablarenpublico.com\/blog\/category\/como-aprender-oratoria\/"},"img":{"alt_text":"C\u00f3mo ser M\u00e1s Elocuente y Ampliar tu Vocabulario para Hablar Bien","src":"https:\/\/i0.wp.com\/optimizacionpaginasmedia.s3.amazonaws.com\/2020\/05\/como-ser-mas-elocuente-y-ampliar-tu-vocabulario-para-hablar-bien.jpg?fit=900%2C550&ssl=1&resize=350%2C200","width":350,"height":200,"srcset":"https:\/\/i0.wp.com\/optimizacionpaginasmedia.s3.amazonaws.com\/2020\/05\/como-ser-mas-elocuente-y-ampliar-tu-vocabulario-para-hablar-bien.jpg?fit=900%2C550&ssl=1&resize=350%2C200 1x, https:\/\/i0.wp.com\/optimizacionpaginasmedia.s3.amazonaws.com\/2020\/05\/como-ser-mas-elocuente-y-ampliar-tu-vocabulario-para-hablar-bien.jpg?fit=900%2C550&ssl=1&resize=525%2C300 1.5x, https:\/\/i0.wp.com\/optimizacionpaginasmedia.s3.amazonaws.com\/2020\/05\/como-ser-mas-elocuente-y-ampliar-tu-vocabulario-para-hablar-bien.jpg?fit=900%2C550&ssl=1&resize=700%2C400 2x"},"classes":[]}],"jetpack_sharing_enabled":true,"_links":{"self":[{"href":"https:\/\/tecnicashablarenpublico.com\/blog\/wp-json\/wp\/v2\/posts\/1618","targetHints":{"allow":["GET"]}}],"collection":[{"href":"https:\/\/tecnicashablarenpublico.com\/blog\/wp-json\/wp\/v2\/posts"}],"about":[{"href":"https:\/\/tecnicashablarenpublico.com\/blog\/wp-json\/wp\/v2\/types\/post"}],"author":[{"embeddable":true,"href":"https:\/\/tecnicashablarenpublico.com\/blog\/wp-json\/wp\/v2\/users\/1"}],"replies":[{"embeddable":true,"href":"https:\/\/tecnicashablarenpublico.com\/blog\/wp-json\/wp\/v2\/comments?post=1618"}],"version-history":[{"count":0,"href":"https:\/\/tecnicashablarenpublico.com\/blog\/wp-json\/wp\/v2\/posts\/1618\/revisions"}],"wp:featuredmedia":[{"embeddable":true,"href":"https:\/\/tecnicashablarenpublico.com\/blog\/wp-json\/wp\/v2\/media\/2917"}],"wp:attachment":[{"href":"https:\/\/tecnicashablarenpublico.com\/blog\/wp-json\/wp\/v2\/media?parent=1618"}],"wp:term":[{"taxonomy":"category","embeddable":true,"href":"https:\/\/tecnicashablarenpublico.com\/blog\/wp-json\/wp\/v2\/categories?post=1618"},{"taxonomy":"post_tag","embeddable":true,"href":"https:\/\/tecnicashablarenpublico.com\/blog\/wp-json\/wp\/v2\/tags?post=1618"}],"curies":[{"name":"wp","href":"https:\/\/api.w.org\/{rel}","templated":true}]}}