{"id":1500,"date":"2013-10-03T07:49:06","date_gmt":"2013-10-03T13:49:06","guid":{"rendered":"https:\/\/tecnicashablarenpublico.com\/blog\/?p=1500"},"modified":"2015-02-03T16:33:57","modified_gmt":"2015-02-03T22:33:57","slug":"los-7-ingredientes-vitales-de-tu-discurso-oratoria-practica","status":"publish","type":"post","link":"https:\/\/tecnicashablarenpublico.com\/blog\/los-7-ingredientes-vitales-de-tu-discurso-oratoria-practica\/","title":{"rendered":"Los 7 Ingredientes VITALES de Tu Discurso | Oratoria Pr\u00e1ctica"},"content":{"rendered":"<p><strong><em><img decoding=\"async\" class=\"alignleft size-medium wp-image-1226 lazyload\" src=\"data:image\/gif;base64,R0lGODlhAQABAIAAAAAAAP\/\/\/yH5BAEAAAAALAAAAAABAAEAAAIBRAA7\" data-src=\"http:\/\/miedohablarenpublico.files.wordpress.com\/2013\/10\/los-7-ingredientes-vitales-de-tu-discurso-oratoria-practica.jpg?w=300\" alt=\"Los 7 Ingredientes VITALES de Tu Discurso  Oratoria Practica\" width=\"300\" height=\"300\" \/><noscript><img data-recalc-dims=\"1\" decoding=\"async\" class=\"alignleft size-medium wp-image-1226 lazyload\" src=\"http:\/\/miedohablarenpublico.files.wordpress.com\/2013\/10\/los-7-ingredientes-vitales-de-tu-discurso-oratoria-practica.jpg?w=300&#038;resize=300%2C300\" alt=\"Los 7 Ingredientes VITALES de Tu Discurso  Oratoria Practica\" width=\"300\" height=\"300\" \/><\/noscript>\u00bfQuieres dise\u00f1ar un Discurso de Oratoria PODEROSO que deje a todos Sorprendidos al Escucharte?<\/em><\/strong><\/p>\n<p>En este art\u00edculo aprender\u00e1s c\u00f3mo aprovechar los <strong><span style=\"text-decoration: underline;\">7 Ingredientes Vitales<\/span><\/strong> que Todo buen Discurso debe tener&#8230;<\/p>\n<p>Hace poco m\u00e1s de un a\u00f1o tuve la oportunidad de participar en un Concurso Nacional de Oratoria en la Cuidad de M\u00e9xico. Recuerdo que mientras empezaba a prepararme quer\u00eda escribir un discurso muy IMPACTANTE, algo que me permitiera ganar el primer lugar.<\/p>\n<p>Pero al sentarme frente a la computadora, con un <strong><em>documento en blanco<\/em><\/strong> frente a mi, NO ten\u00eda ni la m\u00e1s m\u00ednima idea de <span style=\"text-decoration: underline;\">por donde empezar<\/span>. Ya anteriormente hab\u00eda escrito varios discursos, pero esta vez parec\u00eda que esa presi\u00f3n por querer <!--more-->hacer algo perfecto me estaba bloqueando.<\/p>\n<p><strong>\u00bfQu\u00e9 hice para salir de mi bloqueo y empezar a escribir?<\/strong><\/p>\n<p>Lo primero que hice fue salir a caminar por diez minutos en vez de seguirme forzando a escribir. Al despejar mi mente pude notar que <span style=\"text-decoration: underline;\">la creatividad y las mejores ideas<\/span> surgen en los momentos en que m\u00e1s tranquilo estoy, especialmente, si estoy en contacto con la naturaleza.<\/p>\n<p>Adem\u00e1s, el hecho de caminar y estirarte un poco te ayudar\u00e1 a oxigenar tu cerebro para que trabaje mejor.<\/p>\n<p>Cuando regres\u00e9 y me sent\u00e9 en mi escritorio simplemente empec\u00e9 a escribir. Comenc\u00e9 a plasmar una experiencia real que hab\u00eda vivido, y mientras estaba caminando se me ocurri\u00f3 compartirla con mi p\u00fablico.<\/p>\n<p>A partir de ah\u00ed todo fue tomando forma, porque part\u00ed de uno de los ingredientes m\u00e1s importantes de un discurso: <strong><em>\u00abContar una historia\u00bb<\/em><\/strong>.<\/p>\n<p>As\u00ed que ya s\u00f3lo fue cuesti\u00f3n de incorporar los 6 ingredientes faltantes para que mi discurso tuviera un gran impacto.<\/p>\n<p>A continuaci\u00f3n voy a compartir contigo cu\u00e1les son esos 7 Ingredientes Vitales:<\/p>\n<p style=\"padding-left: 30px;\"><strong>1. El mensaje central.<\/strong><\/p>\n<p style=\"padding-left: 30px;\"><span style=\"text-decoration: underline;\">Preg\u00fantate:<\/span> <em>\u00bfC\u00f3mo resumir\u00edas todo tu discurso en una frase de 5 a 10 palabras?<\/em><\/p>\n<p style=\"padding-left: 30px;\">Al final, cuando las personas terminen de escucharte y les preguntes \u00ab\u00bfDe qu\u00e9 trat\u00f3 mi discurso?\u00bb deber\u00edan responderte con algo muy parecido a esta frase.<\/p>\n<p style=\"padding-left: 30px;\">Por eso es tan importante que tengas bien claro cu\u00e1l ser\u00e1 el <strong><em>mensaje central<\/em><\/strong> de tu presentaci\u00f3n y lo tengas presente en cada momento de tu preparaci\u00f3n para que no te desv\u00edes del tema.<\/p>\n<p style=\"padding-left: 30px;\"><strong>2. El gancho.<\/strong><\/p>\n<p style=\"padding-left: 30px;\"><span style=\"text-decoration: underline;\">Piensa:<\/span> <em>\u00bfC\u00f3mo vas a capturar la atenci\u00f3n de las personas en los primeros 10 segundos?<\/em><\/p>\n<p style=\"padding-left: 30px;\">Haz que las personas se enganchen contigo y sientan inter\u00e9s de escucharte, ya que esos primeros segundos determinar\u00e1n gran parte el \u00c9xito de tu discurso.<\/p>\n<p style=\"padding-left: 30px;\">Busca la manera de soltar tu principal anzuelo en ese momento, compartiendo una frase o dato impactante y dif\u00edcil de creer, haciendo una pregunta que genere <strong><em>mucha curiosidad<\/em><\/strong> o haciendo una afirmaci\u00f3n desafiante y justo despu\u00e9s empezar a contar tu historia.<\/p>\n<p style=\"padding-left: 30px;\"><strong>3. Los argumentos.<\/strong><\/p>\n<p style=\"padding-left: 30px;\"><span style=\"text-decoration: underline;\">Analiza:<\/span> <em>\u00bfCu\u00e1les son los principales argumentos o armas que van a defender tu postura?<\/em><\/p>\n<p style=\"padding-left: 30px;\">Esto incluye que tengas presente los argumentos en contra que podr\u00edan surgir en la mente de tu p\u00fablico y planear c\u00f3mo los vas a rebatir incluso antes de que alguien te manifieste su desacuerdo.<\/p>\n<p style=\"padding-left: 30px;\">Te recomiendo hacer un listado con todos los beneficios de tu propuesta o punto de vista. En otra hoja dividida en dos, escribe las posibles <strong><span style=\"text-decoration: underline;\">objeciones o desventajas<\/span><\/strong> en la primera columna, y en la otra los argumentos que puedes usar para minimizarlas.<\/p>\n<p style=\"padding-left: 30px;\"><strong>4. La historia principal.<\/strong><\/p>\n<p style=\"padding-left: 30px;\"><span style=\"text-decoration: underline;\">Imagina:<\/span> <em>\u00bfC\u00f3mo vas a hacer volar la imaginaci\u00f3n de las personas con una historia?<\/em><\/p>\n<p style=\"padding-left: 30px;\">La mejor manera de mantener entretenido a un ni\u00f1o es cont\u00e1ndole una historia interesante. Y eso mismo aplica con los adultos, adem\u00e1s de que permite que tu mensaje central sea recordado.<\/p>\n<p style=\"padding-left: 30px;\">Imagina una historia o an\u00e9cdota, de preferencia alguna <strong><em>experiencia personal<\/em><\/strong>, que puedas compartir con ellos, y que est\u00e9 muy relacionada con tu mensaje principal. As\u00ed ellos al recordar tu historia, tendr\u00e1n siempre presente tu mensaje.<\/p>\n<p style=\"padding-left: 30px;\"><strong>5. Los ejemplos pr\u00e1cticos.<\/strong><\/p>\n<p style=\"padding-left: 30px;\"><span style=\"text-decoration: underline;\">Encuentra:<\/span> <em>\u00bfQu\u00e9 ejemplos pr\u00e1cticos y espec\u00edficos te pueden ayudar a reforzar tus argumentos?<\/em><\/p>\n<p style=\"padding-left: 30px;\">Tener un ejemplo por cada argumento no s\u00f3lo te ayuda a probar que es verdad lo que dices, sino que adem\u00e1s ayuda a las personas a comprender mejor los conceptos que est\u00e1s tratando de explicar.<\/p>\n<p style=\"padding-left: 30px;\">Busca ejemplos reales y espec\u00edficos que contengan cifras, fechas y nombres. Y recuerda que el mejor ejemplo a seguir eres t\u00fa mismo, as\u00ed que incorpora <strong><em>ejemplos personales<\/em><\/strong> que t\u00fa hayas vivido.<\/p>\n<p style=\"padding-left: 30px;\"><strong>6. La conclusi\u00f3n.<\/strong><\/p>\n<p style=\"padding-left: 30px;\"><span style=\"text-decoration: underline;\">Determina:<\/span> <em>\u00bfCu\u00e1les ser\u00e1n las palabras finales que tu p\u00fablico recordar\u00e1 y que resumen tu mensaje?<\/em><\/p>\n<p style=\"padding-left: 30px;\">As\u00ed como tus primeras palabras conectan a las personas con tu discurso y definen gran parte del \u00e9xito del mismo, tus palabras finales son las que le dar\u00e1n ese IMPACTO que deseas.<\/p>\n<p style=\"padding-left: 30px;\">Dise\u00f1a una conclusi\u00f3n que sea impactante, que lleve a las personas a un estado emocional intenso que casi los haga llorar. Pero al igual que una pel\u00edcula con final feliz, d\u00e9jalos con una sensaci\u00f3n agradable y <strong><em>llenos de inspiraci\u00f3n<\/em><\/strong>.<\/p>\n<p style=\"padding-left: 30px;\"><strong>7. El llamado a la acci\u00f3n.<\/strong><\/p>\n<p style=\"padding-left: 30px;\"><span style=\"text-decoration: underline;\">Especifica:<\/span> <em>\u00bfQu\u00e9 exactamente quieres que hagan al terminar de escucharte?<\/em><\/p>\n<p style=\"padding-left: 30px;\">Si t\u00fa primero no lo tienes claro, ellos con menos raz\u00f3n van a saber qu\u00e9 hacer con alquel mensaje que les has transmitido.<\/p>\n<p style=\"padding-left: 30px;\">Al final tu prop\u00f3sito es que cambien alg\u00fan h\u00e1bito, que vayan y abracen a sus seres queridos, o que tomen la decisi\u00f3n de ser m\u00e1s felices; por poner algunos ejemplos. As\u00ed que especifica y dales esa orden porque <strong><em>NO son adivinos<\/em><\/strong>.<\/p>\n<p>&#8230;<\/p>\n<p>Ahora que ya conoces estos <strong><span style=\"text-decoration: underline;\">7 ingredientes vitales<\/span><\/strong>, debes tener claro que si a tu discurso le falta alguno de ellos, estar\u00e1 incompleto y no lograr\u00e1s el impacto deseado.<\/p>\n<p>Adem\u00e1s, tienes la ventaja de que puedes empezar por <strong>CUALQUIERA<\/strong> de ellos, as\u00ed que no te bloquees al escribir. Sin importar por donde te llegue la inspiraci\u00f3n, atr\u00e1pala y pl\u00e1smala en el papel.<\/p>\n<p>Recuerda que la oratoria es el arte de combinar todos los ingredientes de la palabra hablada para <span style=\"text-decoration: underline;\">influir en un grupo de personas<\/span>.<\/p>\n<p>Por lo tanto, debes buscar siempre la manera de que tus palabras influyan en la forma de pensar o en las acciones de tu auditorio.<\/p>\n<p>Ese es tu <strong><em>principal objetivo<\/em><\/strong>, y ten por seguro que lo vas a lograr si incorporas estos 7 ingredientes la pr\u00f3xima vez que vayas a dise\u00f1ar un discurso de oratoria.<\/p>\n<figure id=\"attachment_1230\" aria-describedby=\"caption-attachment-1230\" style=\"width: 300px\" class=\"wp-caption alignright\"><a href=\"https:\/\/tecnicashablarenpublico.com\/\"><img decoding=\"async\" class=\"size-medium wp-image-1230   lazyload\" title=\"Prepar\u00e1ndome antes de mi Discurso\" src=\"data:image\/gif;base64,R0lGODlhAQABAIAAAAAAAP\/\/\/yH5BAEAAAAALAAAAAABAAEAAAIBRAA7\" data-src=\"http:\/\/miedohablarenpublico.files.wordpress.com\/2013\/10\/preparacion-antes-de-hablar-en-publico-e1380733786389.jpg?w=300\" alt=\"Preparacion antes de Hablar en Publico\" width=\"300\" height=\"155\" \/><figcaption id=\"caption-attachment-1230\" class=\"wp-caption-text\"><noscript><img data-recalc-dims=\"1\" decoding=\"async\" class=\"size-medium wp-image-1230   lazyload\" title=\"Prepar\u00e1ndome antes de mi Discurso\" src=\"http:\/\/miedohablarenpublico.files.wordpress.com\/2013\/10\/preparacion-antes-de-hablar-en-publico-e1380733786389.jpg?w=300&#038;resize=300%2C155\" alt=\"Preparacion antes de Hablar en Publico\" width=\"300\" height=\"155\" \/><\/noscript><\/a> Prepar\u00e1ndome antes de mi Discurso<\/figcaption><\/figure>\n<p><strong>Ahora quiz\u00e1 te est\u00e1s preguntando c\u00f3mo me fue en el Concurso de Oratoria&#8230;<\/strong><\/p>\n<p>Bueno, el resultado fue el tercer lugar a nivel nacional, ya que hubo algunos aspectos en mi expresi\u00f3n corporal y en la manera de contar mi historia que pudieron ser mucho mejores.<\/p>\n<p>Sin embargo, fue una <span style=\"text-decoration: underline;\"><strong>gran experiencia<\/strong><\/span> que disfrut\u00e9 mucho y crec\u00ed de manera incre\u00edble al forzarme a mi mismo a superar mis propios l\u00edmites.<\/p>\n<p>\u00a1Te invito a superar los tuyos y a ser mejor d\u00eda con d\u00eda!<\/p>\n<p>.<\/p>\n<p><strong>Curso de Oratoria Pr\u00e1ctico.<\/strong><\/p>\n<p>La oratoria es una herramienta esencial de comunicaci\u00f3n que T\u00da debes dominar.<strong> <em>Mira este video&#8230;<\/em><\/strong><\/p>\n<p><iframe class=\"lazyload\" data-src=\"https:\/\/www.youtube.com\/embed\/pOBVMolEt1g?rel=0&amp;theme=light&amp;autohide=1&amp;showinfo=0&amp;html5=true&amp;controls=1&amp;autoplay=0&amp;modestbranding=1;vq=large\" width=\"640\" height=\"360\" frameborder=\"0\" allowfullscreen=\"allowfullscreen\"><\/iframe><\/p>\n<h3 style=\"text-align: center;\">Siguiente Video:<\/h3>\n<p align=\"center\"><a class=\"block-button broken_link\" style=\"color: #ffffff; background-color: #2e7ad1; margin: 40px auto 0;\" href=\"http:\/\/comohablarenpublico.me\/curso-de-oratoria-video-1-como-vencer-el-miedo-a-hablar-en-publico\/\" target=\"_blank\">\u00bb VIDEO 1 &#8211; Como Vencer el Miedo<\/a><br \/>\n(disponible ya)<\/p>\n<p>Te invito a dejar un comentario aqu\u00ed debajo&#8230;<\/p>\n<p><strong>V\u00edctor Toscano<\/strong><br \/>\n<a href=\"http:\/\/TecnicasHablarEnPublico.com\">TecnicasHablarEnPublico.com<\/a><\/p>\n<p><em><strong>P.D: Si te parece \u00fatil esta informaci\u00f3n, por favor haz clic en \u201cGoogle +1\u201d y comp\u00e1rtelo en \u00abFacebook\u00bb y \u201cTwitter\u201d. \u00a1Muchas Gracias!<\/strong><\/em><\/p>\n<p><strong><em>P.D.2: \u00bfQuieres saber c\u00f3mo yo aprend\u00ed a Hablar en P\u00fablico? Haz click a continuaci\u00f3n:<\/em><\/strong><\/p>\n<p style=\"text-align: center;\">[DKB url=\u00bbhttps:\/\/tecnicashablarenpublico.com\/detalles\u00bb text=\u00bb\u00a1Aprende a Hablar Bien en P\u00fablico! \u00a1Haz Clic AQU\u00cd!\u00bb desc=\u00bbInscr\u00edbete a este curso en linea y descubre c\u00f3mo Influir con tus Palabras&#8230;\u00bb style=\u00bbstitched\u00bb color=\u00bb#006dd2&#8243; \u00a0opennewwindow=\u00bbyes\u00bb]<\/p>\n","protected":false},"excerpt":{"rendered":"<p>\u00bfQuieres dise\u00f1ar un Discurso de Oratoria PODEROSO que deje a todos Sorprendidos al Escucharte? En este art\u00edculo aprender\u00e1s c\u00f3mo aprovechar los 7 Ingredientes Vitales que Todo buen Discurso debe tener&#8230; Hace poco m\u00e1s de un a\u00f1o tuve la oportunidad de participar en un Concurso Nacional de Oratoria en la Cuidad de M\u00e9xico. Recuerdo que mientras [&hellip;]<\/p>\n","protected":false},"author":1,"featured_media":0,"comment_status":"open","ping_status":"closed","sticky":false,"template":"","format":"standard","meta":{"jetpack_post_was_ever_published":false,"_jetpack_newsletter_access":"","_jetpack_dont_email_post_to_subs":false,"_jetpack_newsletter_tier_id":0,"_jetpack_memberships_contains_paywalled_content":false,"_jetpack_memberships_contains_paid_content":false,"footnotes":"","jetpack_publicize_message":"Los 7 Ingredientes VITALES de Tu Discurso | Oratoria Pr\u00e1ctica https:\/\/tecnicashablarenpublico.com\/blog\/HablaruEQuZ","jetpack_publicize_feature_enabled":true,"jetpack_social_post_already_shared":true,"jetpack_social_options":{"image_generator_settings":{"template":"highway","default_image_id":0,"font":"","enabled":false},"version":2}},"categories":[33,34,37],"tags":[39,38,61,20,17],"class_list":["post-1500","post","type-post","status-publish","format-standard","hentry","category-como-aprender-oratoria","category-consejos-de-oratoria","category-curso-de-oratoria-online","tag-como-aprender-oratoria-2","tag-consejos-de-oratoria-2","tag-curso-de-oratoria-online","tag-discurso-para-oratoria","tag-ejemplos-de-discurso","post-wrapper","thrv_wrapper"],"yoast_head":"<!-- This site is optimized with the Yoast SEO plugin v27.5 - https:\/\/yoast.com\/product\/yoast-seo-wordpress\/ -->\n<title>Los 7 Ingredientes VITALES de Tu Discurso | Oratoria Pr\u00e1ctica - TecnicasHablarEnPublico.Com<\/title>\n<meta name=\"robots\" content=\"index, follow, max-snippet:-1, max-image-preview:large, max-video-preview:-1\" \/>\n<link rel=\"canonical\" href=\"https:\/\/tecnicashablarenpublico.com\/blog\/los-7-ingredientes-vitales-de-tu-discurso-oratoria-practica\/\" \/>\n<meta property=\"og:locale\" content=\"es_ES\" \/>\n<meta property=\"og:type\" content=\"article\" \/>\n<meta property=\"og:title\" content=\"Los 7 Ingredientes VITALES de Tu Discurso | Oratoria Pr\u00e1ctica - TecnicasHablarEnPublico.Com\" \/>\n<meta property=\"og:description\" content=\"\u00bfQuieres dise\u00f1ar un Discurso de Oratoria PODEROSO que deje a todos Sorprendidos al Escucharte? En este art\u00edculo aprender\u00e1s c\u00f3mo aprovechar los 7 Ingredientes Vitales que Todo buen Discurso debe tener&#8230; Hace poco m\u00e1s de un a\u00f1o tuve la oportunidad de participar en un Concurso Nacional de Oratoria en la Cuidad de M\u00e9xico. Recuerdo que mientras [&hellip;]\" \/>\n<meta property=\"og:url\" content=\"https:\/\/tecnicashablarenpublico.com\/blog\/los-7-ingredientes-vitales-de-tu-discurso-oratoria-practica\/\" \/>\n<meta property=\"og:site_name\" content=\"TecnicasHablarEnPublico.Com\" \/>\n<meta property=\"article:publisher\" content=\"https:\/\/www.facebook.com\/VictorToscanoOficial\/\" \/>\n<meta property=\"article:author\" content=\"https:\/\/www.facebook.com\/victortoscanooficial\" \/>\n<meta property=\"article:published_time\" content=\"2013-10-03T13:49:06+00:00\" \/>\n<meta property=\"article:modified_time\" content=\"2015-02-03T22:33:57+00:00\" \/>\n<meta property=\"og:image\" content=\"http:\/\/miedohablarenpublico.files.wordpress.com\/2013\/10\/los-7-ingredientes-vitales-de-tu-discurso-oratoria-practica.jpg?w=300\" \/>\n<meta name=\"author\" content=\"Victor Toscano T V\" \/>\n<meta name=\"twitter:card\" content=\"summary_large_image\" \/>\n<meta name=\"twitter:creator\" content=\"@_victortoscano\" \/>\n<meta name=\"twitter:label1\" content=\"Escrito por\" \/>\n\t<meta name=\"twitter:data1\" content=\"Victor Toscano T V\" \/>\n\t<meta name=\"twitter:label2\" content=\"Tiempo de lectura\" \/>\n\t<meta name=\"twitter:data2\" content=\"7 minutos\" \/>\n<script type=\"application\/ld+json\" class=\"yoast-schema-graph\">{\"@context\":\"https:\\\/\\\/schema.org\",\"@graph\":[{\"@type\":\"Article\",\"@id\":\"https:\\\/\\\/tecnicashablarenpublico.com\\\/blog\\\/los-7-ingredientes-vitales-de-tu-discurso-oratoria-practica\\\/#article\",\"isPartOf\":{\"@id\":\"https:\\\/\\\/tecnicashablarenpublico.com\\\/blog\\\/los-7-ingredientes-vitales-de-tu-discurso-oratoria-practica\\\/\"},\"author\":{\"name\":\"Victor Toscano T V\",\"@id\":\"https:\\\/\\\/tecnicashablarenpublico.com\\\/blog\\\/#\\\/schema\\\/person\\\/f6a96b9bb773de8f08f84e4d6e6cf28f\"},\"headline\":\"Los 7 Ingredientes VITALES de Tu Discurso | Oratoria Pr\u00e1ctica\",\"datePublished\":\"2013-10-03T13:49:06+00:00\",\"dateModified\":\"2015-02-03T22:33:57+00:00\",\"mainEntityOfPage\":{\"@id\":\"https:\\\/\\\/tecnicashablarenpublico.com\\\/blog\\\/los-7-ingredientes-vitales-de-tu-discurso-oratoria-practica\\\/\"},\"wordCount\":1317,\"commentCount\":5446,\"publisher\":{\"@id\":\"https:\\\/\\\/tecnicashablarenpublico.com\\\/blog\\\/#organization\"},\"image\":{\"@id\":\"https:\\\/\\\/tecnicashablarenpublico.com\\\/blog\\\/los-7-ingredientes-vitales-de-tu-discurso-oratoria-practica\\\/#primaryimage\"},\"thumbnailUrl\":\"http:\\\/\\\/miedohablarenpublico.files.wordpress.com\\\/2013\\\/10\\\/los-7-ingredientes-vitales-de-tu-discurso-oratoria-practica.jpg?w=300\",\"keywords\":[\"como aprender oratoria\",\"consejos de oratoria\",\"Curso de Oratoria Online\",\"discurso para oratoria\",\"ejemplos de discurso\"],\"articleSection\":[\"Como Aprender Oratoria\",\"Consejos de Oratoria\",\"Curso de Oratoria Online\"],\"inLanguage\":\"es\"},{\"@type\":\"WebPage\",\"@id\":\"https:\\\/\\\/tecnicashablarenpublico.com\\\/blog\\\/los-7-ingredientes-vitales-de-tu-discurso-oratoria-practica\\\/\",\"url\":\"https:\\\/\\\/tecnicashablarenpublico.com\\\/blog\\\/los-7-ingredientes-vitales-de-tu-discurso-oratoria-practica\\\/\",\"name\":\"Los 7 Ingredientes VITALES de Tu Discurso | Oratoria Pr\u00e1ctica - TecnicasHablarEnPublico.Com\",\"isPartOf\":{\"@id\":\"https:\\\/\\\/tecnicashablarenpublico.com\\\/blog\\\/#website\"},\"primaryImageOfPage\":{\"@id\":\"https:\\\/\\\/tecnicashablarenpublico.com\\\/blog\\\/los-7-ingredientes-vitales-de-tu-discurso-oratoria-practica\\\/#primaryimage\"},\"image\":{\"@id\":\"https:\\\/\\\/tecnicashablarenpublico.com\\\/blog\\\/los-7-ingredientes-vitales-de-tu-discurso-oratoria-practica\\\/#primaryimage\"},\"thumbnailUrl\":\"http:\\\/\\\/miedohablarenpublico.files.wordpress.com\\\/2013\\\/10\\\/los-7-ingredientes-vitales-de-tu-discurso-oratoria-practica.jpg?w=300\",\"datePublished\":\"2013-10-03T13:49:06+00:00\",\"dateModified\":\"2015-02-03T22:33:57+00:00\",\"breadcrumb\":{\"@id\":\"https:\\\/\\\/tecnicashablarenpublico.com\\\/blog\\\/los-7-ingredientes-vitales-de-tu-discurso-oratoria-practica\\\/#breadcrumb\"},\"inLanguage\":\"es\",\"potentialAction\":[{\"@type\":\"ReadAction\",\"target\":[\"https:\\\/\\\/tecnicashablarenpublico.com\\\/blog\\\/los-7-ingredientes-vitales-de-tu-discurso-oratoria-practica\\\/\"]}]},{\"@type\":\"ImageObject\",\"inLanguage\":\"es\",\"@id\":\"https:\\\/\\\/tecnicashablarenpublico.com\\\/blog\\\/los-7-ingredientes-vitales-de-tu-discurso-oratoria-practica\\\/#primaryimage\",\"url\":\"http:\\\/\\\/miedohablarenpublico.files.wordpress.com\\\/2013\\\/10\\\/los-7-ingredientes-vitales-de-tu-discurso-oratoria-practica.jpg?w=300\",\"contentUrl\":\"http:\\\/\\\/miedohablarenpublico.files.wordpress.com\\\/2013\\\/10\\\/los-7-ingredientes-vitales-de-tu-discurso-oratoria-practica.jpg?w=300\"},{\"@type\":\"BreadcrumbList\",\"@id\":\"https:\\\/\\\/tecnicashablarenpublico.com\\\/blog\\\/los-7-ingredientes-vitales-de-tu-discurso-oratoria-practica\\\/#breadcrumb\",\"itemListElement\":[{\"@type\":\"ListItem\",\"position\":1,\"name\":\"Portada\",\"item\":\"https:\\\/\\\/tecnicashablarenpublico.com\\\/blog\\\/\"},{\"@type\":\"ListItem\",\"position\":2,\"name\":\"Los 7 Ingredientes VITALES de Tu Discurso | Oratoria Pr\u00e1ctica\"}]},{\"@type\":\"WebSite\",\"@id\":\"https:\\\/\\\/tecnicashablarenpublico.com\\\/blog\\\/#website\",\"url\":\"https:\\\/\\\/tecnicashablarenpublico.com\\\/blog\\\/\",\"name\":\"TecnicasHablarEnPublico.Com\",\"description\":\"Blog\",\"publisher\":{\"@id\":\"https:\\\/\\\/tecnicashablarenpublico.com\\\/blog\\\/#organization\"},\"potentialAction\":[{\"@type\":\"SearchAction\",\"target\":{\"@type\":\"EntryPoint\",\"urlTemplate\":\"https:\\\/\\\/tecnicashablarenpublico.com\\\/blog\\\/?s={search_term_string}\"},\"query-input\":{\"@type\":\"PropertyValueSpecification\",\"valueRequired\":true,\"valueName\":\"search_term_string\"}}],\"inLanguage\":\"es\"},{\"@type\":\"Organization\",\"@id\":\"https:\\\/\\\/tecnicashablarenpublico.com\\\/blog\\\/#organization\",\"name\":\"TecnicasHablarEnPublico\",\"url\":\"https:\\\/\\\/tecnicashablarenpublico.com\\\/blog\\\/\",\"logo\":{\"@type\":\"ImageObject\",\"inLanguage\":\"es\",\"@id\":\"https:\\\/\\\/tecnicashablarenpublico.com\\\/blog\\\/#\\\/schema\\\/logo\\\/image\\\/\",\"url\":\"https:\\\/\\\/i0.wp.com\\\/tecnicashablarenpublico.com\\\/blog\\\/wp-content\\\/uploads\\\/2014\\\/11\\\/logo_cuadrado.png?fit=286%2C255&ssl=1\",\"contentUrl\":\"https:\\\/\\\/i0.wp.com\\\/tecnicashablarenpublico.com\\\/blog\\\/wp-content\\\/uploads\\\/2014\\\/11\\\/logo_cuadrado.png?fit=286%2C255&ssl=1\",\"width\":286,\"height\":255,\"caption\":\"TecnicasHablarEnPublico\"},\"image\":{\"@id\":\"https:\\\/\\\/tecnicashablarenpublico.com\\\/blog\\\/#\\\/schema\\\/logo\\\/image\\\/\"},\"sameAs\":[\"https:\\\/\\\/www.facebook.com\\\/VictorToscanoOficial\\\/\"]},{\"@type\":\"Person\",\"@id\":\"https:\\\/\\\/tecnicashablarenpublico.com\\\/blog\\\/#\\\/schema\\\/person\\\/f6a96b9bb773de8f08f84e4d6e6cf28f\",\"name\":\"Victor Toscano T V\",\"image\":{\"@type\":\"ImageObject\",\"inLanguage\":\"es\",\"@id\":\"https:\\\/\\\/secure.gravatar.com\\\/avatar\\\/e45c6f1f2986615bd1357fd094a24ab45a2ce7ca867817458fbebca30cd78e46?s=96&d=mm&r=g\",\"url\":\"https:\\\/\\\/secure.gravatar.com\\\/avatar\\\/e45c6f1f2986615bd1357fd094a24ab45a2ce7ca867817458fbebca30cd78e46?s=96&d=mm&r=g\",\"contentUrl\":\"https:\\\/\\\/secure.gravatar.com\\\/avatar\\\/e45c6f1f2986615bd1357fd094a24ab45a2ce7ca867817458fbebca30cd78e46?s=96&d=mm&r=g\",\"caption\":\"Victor Toscano T V\"},\"description\":\"Un apasionado en el tema de Hablar en P\u00fablico y el Crecimiento Personal, que pas\u00f3 de \\\"t\u00edmido\\\" a Conferencista Internacional en menos de dos a\u00f1os.\",\"sameAs\":[\"http:\\\/\\\/www.tecnicashablarenpublico.com\",\"https:\\\/\\\/www.facebook.com\\\/victortoscanooficial\",\"http:\\\/\\\/mx.linkedin.com\\\/in\\\/victortoscano\\\/\",\"http:\\\/\\\/www.pinterest.com\\\/victortoscano\\\/\",\"https:\\\/\\\/x.com\\\/_victortoscano\",\"http:\\\/\\\/victortoscano.com.mx\\\/youtube\"],\"url\":\"https:\\\/\\\/tecnicashablarenpublico.com\\\/blog\\\/author\\\/vict26\\\/\"}]}<\/script>\n<!-- \/ Yoast SEO plugin. -->","yoast_head_json":{"title":"Los 7 Ingredientes VITALES de Tu Discurso | Oratoria Pr\u00e1ctica - TecnicasHablarEnPublico.Com","robots":{"index":"index","follow":"follow","max-snippet":"max-snippet:-1","max-image-preview":"max-image-preview:large","max-video-preview":"max-video-preview:-1"},"canonical":"https:\/\/tecnicashablarenpublico.com\/blog\/los-7-ingredientes-vitales-de-tu-discurso-oratoria-practica\/","og_locale":"es_ES","og_type":"article","og_title":"Los 7 Ingredientes VITALES de Tu Discurso | Oratoria Pr\u00e1ctica - TecnicasHablarEnPublico.Com","og_description":"\u00bfQuieres dise\u00f1ar un Discurso de Oratoria PODEROSO que deje a todos Sorprendidos al Escucharte? En este art\u00edculo aprender\u00e1s c\u00f3mo aprovechar los 7 Ingredientes Vitales que Todo buen Discurso debe tener&#8230; Hace poco m\u00e1s de un a\u00f1o tuve la oportunidad de participar en un Concurso Nacional de Oratoria en la Cuidad de M\u00e9xico. Recuerdo que mientras [&hellip;]","og_url":"https:\/\/tecnicashablarenpublico.com\/blog\/los-7-ingredientes-vitales-de-tu-discurso-oratoria-practica\/","og_site_name":"TecnicasHablarEnPublico.Com","article_publisher":"https:\/\/www.facebook.com\/VictorToscanoOficial\/","article_author":"https:\/\/www.facebook.com\/victortoscanooficial","article_published_time":"2013-10-03T13:49:06+00:00","article_modified_time":"2015-02-03T22:33:57+00:00","og_image":[{"url":"http:\/\/miedohablarenpublico.files.wordpress.com\/2013\/10\/los-7-ingredientes-vitales-de-tu-discurso-oratoria-practica.jpg?w=300","type":"","width":"","height":""}],"author":"Victor Toscano T V","twitter_card":"summary_large_image","twitter_creator":"@_victortoscano","twitter_misc":{"Escrito por":"Victor Toscano T V","Tiempo de lectura":"7 minutos"},"schema":{"@context":"https:\/\/schema.org","@graph":[{"@type":"Article","@id":"https:\/\/tecnicashablarenpublico.com\/blog\/los-7-ingredientes-vitales-de-tu-discurso-oratoria-practica\/#article","isPartOf":{"@id":"https:\/\/tecnicashablarenpublico.com\/blog\/los-7-ingredientes-vitales-de-tu-discurso-oratoria-practica\/"},"author":{"name":"Victor Toscano T V","@id":"https:\/\/tecnicashablarenpublico.com\/blog\/#\/schema\/person\/f6a96b9bb773de8f08f84e4d6e6cf28f"},"headline":"Los 7 Ingredientes VITALES de Tu Discurso | Oratoria Pr\u00e1ctica","datePublished":"2013-10-03T13:49:06+00:00","dateModified":"2015-02-03T22:33:57+00:00","mainEntityOfPage":{"@id":"https:\/\/tecnicashablarenpublico.com\/blog\/los-7-ingredientes-vitales-de-tu-discurso-oratoria-practica\/"},"wordCount":1317,"commentCount":5446,"publisher":{"@id":"https:\/\/tecnicashablarenpublico.com\/blog\/#organization"},"image":{"@id":"https:\/\/tecnicashablarenpublico.com\/blog\/los-7-ingredientes-vitales-de-tu-discurso-oratoria-practica\/#primaryimage"},"thumbnailUrl":"http:\/\/miedohablarenpublico.files.wordpress.com\/2013\/10\/los-7-ingredientes-vitales-de-tu-discurso-oratoria-practica.jpg?w=300","keywords":["como aprender oratoria","consejos de oratoria","Curso de Oratoria Online","discurso para oratoria","ejemplos de discurso"],"articleSection":["Como Aprender Oratoria","Consejos de Oratoria","Curso de Oratoria Online"],"inLanguage":"es"},{"@type":"WebPage","@id":"https:\/\/tecnicashablarenpublico.com\/blog\/los-7-ingredientes-vitales-de-tu-discurso-oratoria-practica\/","url":"https:\/\/tecnicashablarenpublico.com\/blog\/los-7-ingredientes-vitales-de-tu-discurso-oratoria-practica\/","name":"Los 7 Ingredientes VITALES de Tu Discurso | Oratoria Pr\u00e1ctica - TecnicasHablarEnPublico.Com","isPartOf":{"@id":"https:\/\/tecnicashablarenpublico.com\/blog\/#website"},"primaryImageOfPage":{"@id":"https:\/\/tecnicashablarenpublico.com\/blog\/los-7-ingredientes-vitales-de-tu-discurso-oratoria-practica\/#primaryimage"},"image":{"@id":"https:\/\/tecnicashablarenpublico.com\/blog\/los-7-ingredientes-vitales-de-tu-discurso-oratoria-practica\/#primaryimage"},"thumbnailUrl":"http:\/\/miedohablarenpublico.files.wordpress.com\/2013\/10\/los-7-ingredientes-vitales-de-tu-discurso-oratoria-practica.jpg?w=300","datePublished":"2013-10-03T13:49:06+00:00","dateModified":"2015-02-03T22:33:57+00:00","breadcrumb":{"@id":"https:\/\/tecnicashablarenpublico.com\/blog\/los-7-ingredientes-vitales-de-tu-discurso-oratoria-practica\/#breadcrumb"},"inLanguage":"es","potentialAction":[{"@type":"ReadAction","target":["https:\/\/tecnicashablarenpublico.com\/blog\/los-7-ingredientes-vitales-de-tu-discurso-oratoria-practica\/"]}]},{"@type":"ImageObject","inLanguage":"es","@id":"https:\/\/tecnicashablarenpublico.com\/blog\/los-7-ingredientes-vitales-de-tu-discurso-oratoria-practica\/#primaryimage","url":"http:\/\/miedohablarenpublico.files.wordpress.com\/2013\/10\/los-7-ingredientes-vitales-de-tu-discurso-oratoria-practica.jpg?w=300","contentUrl":"http:\/\/miedohablarenpublico.files.wordpress.com\/2013\/10\/los-7-ingredientes-vitales-de-tu-discurso-oratoria-practica.jpg?w=300"},{"@type":"BreadcrumbList","@id":"https:\/\/tecnicashablarenpublico.com\/blog\/los-7-ingredientes-vitales-de-tu-discurso-oratoria-practica\/#breadcrumb","itemListElement":[{"@type":"ListItem","position":1,"name":"Portada","item":"https:\/\/tecnicashablarenpublico.com\/blog\/"},{"@type":"ListItem","position":2,"name":"Los 7 Ingredientes VITALES de Tu Discurso | Oratoria Pr\u00e1ctica"}]},{"@type":"WebSite","@id":"https:\/\/tecnicashablarenpublico.com\/blog\/#website","url":"https:\/\/tecnicashablarenpublico.com\/blog\/","name":"TecnicasHablarEnPublico.Com","description":"Blog","publisher":{"@id":"https:\/\/tecnicashablarenpublico.com\/blog\/#organization"},"potentialAction":[{"@type":"SearchAction","target":{"@type":"EntryPoint","urlTemplate":"https:\/\/tecnicashablarenpublico.com\/blog\/?s={search_term_string}"},"query-input":{"@type":"PropertyValueSpecification","valueRequired":true,"valueName":"search_term_string"}}],"inLanguage":"es"},{"@type":"Organization","@id":"https:\/\/tecnicashablarenpublico.com\/blog\/#organization","name":"TecnicasHablarEnPublico","url":"https:\/\/tecnicashablarenpublico.com\/blog\/","logo":{"@type":"ImageObject","inLanguage":"es","@id":"https:\/\/tecnicashablarenpublico.com\/blog\/#\/schema\/logo\/image\/","url":"https:\/\/i0.wp.com\/tecnicashablarenpublico.com\/blog\/wp-content\/uploads\/2014\/11\/logo_cuadrado.png?fit=286%2C255&ssl=1","contentUrl":"https:\/\/i0.wp.com\/tecnicashablarenpublico.com\/blog\/wp-content\/uploads\/2014\/11\/logo_cuadrado.png?fit=286%2C255&ssl=1","width":286,"height":255,"caption":"TecnicasHablarEnPublico"},"image":{"@id":"https:\/\/tecnicashablarenpublico.com\/blog\/#\/schema\/logo\/image\/"},"sameAs":["https:\/\/www.facebook.com\/VictorToscanoOficial\/"]},{"@type":"Person","@id":"https:\/\/tecnicashablarenpublico.com\/blog\/#\/schema\/person\/f6a96b9bb773de8f08f84e4d6e6cf28f","name":"Victor Toscano T V","image":{"@type":"ImageObject","inLanguage":"es","@id":"https:\/\/secure.gravatar.com\/avatar\/e45c6f1f2986615bd1357fd094a24ab45a2ce7ca867817458fbebca30cd78e46?s=96&d=mm&r=g","url":"https:\/\/secure.gravatar.com\/avatar\/e45c6f1f2986615bd1357fd094a24ab45a2ce7ca867817458fbebca30cd78e46?s=96&d=mm&r=g","contentUrl":"https:\/\/secure.gravatar.com\/avatar\/e45c6f1f2986615bd1357fd094a24ab45a2ce7ca867817458fbebca30cd78e46?s=96&d=mm&r=g","caption":"Victor Toscano T V"},"description":"Un apasionado en el tema de Hablar en P\u00fablico y el Crecimiento Personal, que pas\u00f3 de \"t\u00edmido\" a Conferencista Internacional en menos de dos a\u00f1os.","sameAs":["http:\/\/www.tecnicashablarenpublico.com","https:\/\/www.facebook.com\/victortoscanooficial","http:\/\/mx.linkedin.com\/in\/victortoscano\/","http:\/\/www.pinterest.com\/victortoscano\/","https:\/\/x.com\/_victortoscano","http:\/\/victortoscano.com.mx\/youtube"],"url":"https:\/\/tecnicashablarenpublico.com\/blog\/author\/vict26\/"}]}},"jetpack_publicize_connections":[],"jetpack_featured_media_url":"","jetpack_shortlink":"https:\/\/wp.me\/p338RC-oc","jetpack-related-posts":[{"id":872,"url":"https:\/\/tecnicashablarenpublico.com\/blog\/5-sencillos-pasos-para-preparar-un-discurso-extraordinario\/","url_meta":{"origin":1500,"position":0},"title":"5 Sencillos Pasos Para Preparar Un Discurso Extraordinario","author":"Victor Toscano T V","date":"23\/01\/2013","format":false,"excerpt":"IMPORTANTE: La mayor\u00eda de las personas se equivoca al momento de preparar una presentaci\u00f3n en p\u00fablico y por eso todo le sale mal al momento de estar en frente de su auditorio... A continuaci\u00f3n voy a compartir contigo 5 Sencillos pero Efectivos Pasos que te guiar\u00e1n para que prepares y\u2026","rel":"","context":"En \u00abComo Aprender Oratoria\u00bb","block_context":{"text":"Como Aprender Oratoria","link":"https:\/\/tecnicashablarenpublico.com\/blog\/category\/como-aprender-oratoria\/"},"img":{"alt_text":"5 Sencillos Pasos Para Preparar Un Discurso de Oratoria","src":"https:\/\/i0.wp.com\/optimizacionpaginasmedia.s3.amazonaws.com\/2020\/05\/pasos-para-preparar-un-discurso-de-oratoria.jpg?fit=900%2C477&ssl=1&resize=350%2C200","width":350,"height":200,"srcset":"https:\/\/i0.wp.com\/optimizacionpaginasmedia.s3.amazonaws.com\/2020\/05\/pasos-para-preparar-un-discurso-de-oratoria.jpg?fit=900%2C477&ssl=1&resize=350%2C200 1x, https:\/\/i0.wp.com\/optimizacionpaginasmedia.s3.amazonaws.com\/2020\/05\/pasos-para-preparar-un-discurso-de-oratoria.jpg?fit=900%2C477&ssl=1&resize=525%2C300 1.5x, https:\/\/i0.wp.com\/optimizacionpaginasmedia.s3.amazonaws.com\/2020\/05\/pasos-para-preparar-un-discurso-de-oratoria.jpg?fit=900%2C477&ssl=1&resize=700%2C400 2x"},"classes":[]},{"id":951,"url":"https:\/\/tecnicashablarenpublico.com\/blog\/curso-de-oratoria-gratis-aprendiendo-a-hablar-en-publico\/","url_meta":{"origin":1500,"position":1},"title":"Curso De Oratoria GRATIS &#8211; Aprendiendo A Hablar En P\u00fablico","author":"Victor Toscano T V","date":"14\/02\/2013","format":false,"excerpt":"Hace aproximadamente un mes decid\u00ed grabar 4 VIDEOS donde explico varias t\u00e9cnicas para Hablar en P\u00fablico... Aunque originalmente ten\u00eda pensado ponerlos a la venta como parte de mi nuevo curso de oratoria online, decid\u00ed permitir el acceso Gratis a ellos. Para mi sorpresa, fueron todo un \u00c9xito cuando los publiqu\u00e9\u2026","rel":"","context":"En \u00abAprender a Hablar en Publico\u00bb","block_context":{"text":"Aprender a Hablar en Publico","link":"https:\/\/tecnicashablarenpublico.com\/blog\/category\/aprender-a-hablar-en-publico\/"},"img":{"alt_text":"Curso De Oratoria GRATIS - Aprendiendo A Hablar En P\u00fablico","src":"https:\/\/i0.wp.com\/optimizacionpaginasmedia.s3.amazonaws.com\/2020\/05\/curso-de-oratoria-gratis-aprender-a-hablar-en-publico.jpg?fit=900%2C550&ssl=1&resize=350%2C200","width":350,"height":200,"srcset":"https:\/\/i0.wp.com\/optimizacionpaginasmedia.s3.amazonaws.com\/2020\/05\/curso-de-oratoria-gratis-aprender-a-hablar-en-publico.jpg?fit=900%2C550&ssl=1&resize=350%2C200 1x, https:\/\/i0.wp.com\/optimizacionpaginasmedia.s3.amazonaws.com\/2020\/05\/curso-de-oratoria-gratis-aprender-a-hablar-en-publico.jpg?fit=900%2C550&ssl=1&resize=525%2C300 1.5x, https:\/\/i0.wp.com\/optimizacionpaginasmedia.s3.amazonaws.com\/2020\/05\/curso-de-oratoria-gratis-aprender-a-hablar-en-publico.jpg?fit=900%2C550&ssl=1&resize=700%2C400 2x"},"classes":[]},{"id":2386,"url":"https:\/\/tecnicashablarenpublico.com\/blog\/7-tecnicas-para-hablar-en-publico-muy-efectivas\/","url_meta":{"origin":1500,"position":2},"title":"7 T\u00e9cnicas para Hablar en P\u00fablico (Muy Efectivas)  | Curso de Oratoria y Liderazgo","author":"Victor Toscano T V","date":"30\/06\/2017","format":false,"excerpt":"7 t\u00e9cnicas para hablar en p\u00fablico de manera adecuada | En este curso de oratoria y liderazgo aprender\u00e1s t\u00e9cnicas cient\u00edficas y trucos de c\u00f3mo hablar bien en p\u00fablico... \u00bb Mira el VIDEO Aqu\u00ed: \u00bb Suscr\u00edbete en Youtube: https:\/\/www.youtube.com\/@VictorToscano \u00bb M\u00e1s videos de Oratoria:\u00a0https:\/\/tecnicashablarenpublico.com 7 t\u00e9cnicas de oratoria y liderazgo para\u2026","rel":"","context":"En \u00abT\u00e9cnicas Para Hablar En P\u00fablico\u00bb","block_context":{"text":"T\u00e9cnicas Para Hablar En P\u00fablico","link":"https:\/\/tecnicashablarenpublico.com\/blog\/category\/tecnicas-para-hablar-en-publico\/"},"img":{"alt_text":"","src":"https:\/\/i0.wp.com\/optimizacionpaginasmedia.s3.amazonaws.com\/2023\/06\/7uC2wni6-7-tecnicas-para-hablar-en-publico-copia-min.png?fit=500%2C281&ssl=1&resize=350%2C200","width":350,"height":200},"classes":[]},{"id":1893,"url":"https:\/\/tecnicashablarenpublico.com\/blog\/las-5-c-que-todo-orador-debe-aplicar-para-impactar-con-su-mensaje\/","url_meta":{"origin":1500,"position":3},"title":"Las 5 \u00abC\u00bb Que Todo Orador Debe Aplicar Para Impactar Con Su Mensaje","author":"Victor Toscano T V","date":"12\/03\/2014","format":false,"excerpt":"\u00bfQuieres dejar a tus oyentes totalmente asombrados con tu discurso? Convertirte en un gran orador te abrir\u00e1 todas las puertas del \u00e9xito en todos los \u00e1mbitos de tu vida. Muchas personas lo ven como un reto casi imposible de alcanzar. Pero yo lo veo m\u00e1s bien como un proceso que\u2026","rel":"","context":"En \u00abComo Aprender Oratoria\u00bb","block_context":{"text":"Como Aprender Oratoria","link":"https:\/\/tecnicashablarenpublico.com\/blog\/category\/como-aprender-oratoria\/"},"img":{"alt_text":"Las 5 C Que Todo Orador Debe Aplicar Para Impactar Con Su Mensaje","src":"https:\/\/i0.wp.com\/optimizacionpaginasmedia.s3.amazonaws.com\/2020\/05\/las-5-c-que-todo-orador-debe-aplicar-para-impactar-con-su-mensaje.jpg?fit=900%2C516&ssl=1&resize=350%2C200","width":350,"height":200,"srcset":"https:\/\/i0.wp.com\/optimizacionpaginasmedia.s3.amazonaws.com\/2020\/05\/las-5-c-que-todo-orador-debe-aplicar-para-impactar-con-su-mensaje.jpg?fit=900%2C516&ssl=1&resize=350%2C200 1x, https:\/\/i0.wp.com\/optimizacionpaginasmedia.s3.amazonaws.com\/2020\/05\/las-5-c-que-todo-orador-debe-aplicar-para-impactar-con-su-mensaje.jpg?fit=900%2C516&ssl=1&resize=525%2C300 1.5x, https:\/\/i0.wp.com\/optimizacionpaginasmedia.s3.amazonaws.com\/2020\/05\/las-5-c-que-todo-orador-debe-aplicar-para-impactar-con-su-mensaje.jpg?fit=900%2C516&ssl=1&resize=700%2C400 2x"},"classes":[]},{"id":742,"url":"https:\/\/tecnicashablarenpublico.com\/blog\/consejo-de-oratoria-alimenta-tu-mente-de-conocimiento-para-tu-auditorio\/","url_meta":{"origin":1500,"position":4},"title":"Consejo De Oratoria: Alimenta Tu Mente De Conocimiento Para Tu Auditorio","author":"Victor Toscano T V","date":"18\/01\/2013","format":false,"excerpt":"La oratoria consiste en usar El PODER de la palabra hablada frente a un grupo de personas para lograr un prop\u00f3sito espec\u00edfico. El problema es que muchas personas NO saben utilizar el poder de la palabra a su favor... Y a\u00fan m\u00e1s importante, NO conocen el poder de Aportar Informaci\u00f3n\u2026","rel":"","context":"En \u00abComo Aprender Oratoria\u00bb","block_context":{"text":"Como Aprender Oratoria","link":"https:\/\/tecnicashablarenpublico.com\/blog\/category\/como-aprender-oratoria\/"},"img":{"alt_text":"Consejo De Oratoria Alimenta Tu Mente De Conocimiento Para Tu Auditorio","src":"https:\/\/i0.wp.com\/tecnicashablarenpublico.com\/blog\/wp-content\/uploads\/2013\/01\/Consejo-De-Oratoria-Alimenta-Tu-Mente-De-Conocimiento-Para-Tu-Auditorio.jpg?resize=350%2C200&ssl=1","width":350,"height":200},"classes":[]},{"id":1618,"url":"https:\/\/tecnicashablarenpublico.com\/blog\/palabras-de-agradecimiento-oratoria-practica\/","url_meta":{"origin":1500,"position":5},"title":"Palabras De Agradecimiento | Oratoria Pr\u00e1ctica","author":"Victor Toscano T V","date":"06\/11\/2013","format":false,"excerpt":"\u00bfQu\u00e9 debes hacer si te piden dar unas palabras de agradecimiento? Lo m\u00e1s desafiante cuando te encuentras en esta situaci\u00f3n es que casi siempre te lo van a pedir de imprevisto, es decir: \u00a1No tendr\u00e1s oportunidad de prepararte! Hace unos d\u00edas estaba yo participando en un evento muy emotivo. Pero\u2026","rel":"","context":"En \u00abComo Aprender Oratoria\u00bb","block_context":{"text":"Como Aprender Oratoria","link":"https:\/\/tecnicashablarenpublico.com\/blog\/category\/como-aprender-oratoria\/"},"img":{"alt_text":"Palabras De Agradecimiento | Oratoria Pr\u00e1ctica","src":"https:\/\/i0.wp.com\/optimizacionpaginasmedia.s3.amazonaws.com\/2020\/05\/palabras-de-agradecimiento-oratoria-practia.jpg?fit=900%2C502&ssl=1&resize=350%2C200","width":350,"height":200,"srcset":"https:\/\/i0.wp.com\/optimizacionpaginasmedia.s3.amazonaws.com\/2020\/05\/palabras-de-agradecimiento-oratoria-practia.jpg?fit=900%2C502&ssl=1&resize=350%2C200 1x, https:\/\/i0.wp.com\/optimizacionpaginasmedia.s3.amazonaws.com\/2020\/05\/palabras-de-agradecimiento-oratoria-practia.jpg?fit=900%2C502&ssl=1&resize=525%2C300 1.5x, https:\/\/i0.wp.com\/optimizacionpaginasmedia.s3.amazonaws.com\/2020\/05\/palabras-de-agradecimiento-oratoria-practia.jpg?fit=900%2C502&ssl=1&resize=700%2C400 2x"},"classes":[]}],"jetpack_sharing_enabled":true,"_links":{"self":[{"href":"https:\/\/tecnicashablarenpublico.com\/blog\/wp-json\/wp\/v2\/posts\/1500","targetHints":{"allow":["GET"]}}],"collection":[{"href":"https:\/\/tecnicashablarenpublico.com\/blog\/wp-json\/wp\/v2\/posts"}],"about":[{"href":"https:\/\/tecnicashablarenpublico.com\/blog\/wp-json\/wp\/v2\/types\/post"}],"author":[{"embeddable":true,"href":"https:\/\/tecnicashablarenpublico.com\/blog\/wp-json\/wp\/v2\/users\/1"}],"replies":[{"embeddable":true,"href":"https:\/\/tecnicashablarenpublico.com\/blog\/wp-json\/wp\/v2\/comments?post=1500"}],"version-history":[{"count":0,"href":"https:\/\/tecnicashablarenpublico.com\/blog\/wp-json\/wp\/v2\/posts\/1500\/revisions"}],"wp:attachment":[{"href":"https:\/\/tecnicashablarenpublico.com\/blog\/wp-json\/wp\/v2\/media?parent=1500"}],"wp:term":[{"taxonomy":"category","embeddable":true,"href":"https:\/\/tecnicashablarenpublico.com\/blog\/wp-json\/wp\/v2\/categories?post=1500"},{"taxonomy":"post_tag","embeddable":true,"href":"https:\/\/tecnicashablarenpublico.com\/blog\/wp-json\/wp\/v2\/tags?post=1500"}],"curies":[{"name":"wp","href":"https:\/\/api.w.org\/{rel}","templated":true}]}}