{"id":1240,"date":"2013-06-03T08:40:12","date_gmt":"2013-06-03T14:40:12","guid":{"rendered":"https:\/\/tecnicashablarenpublico.com\/blog\/?p=1240"},"modified":"2022-05-18T10:47:26","modified_gmt":"2022-05-18T16:47:26","slug":"curso-como-hablar-en-publico-en-guadalajara-mexico-taller-presencial","status":"publish","type":"post","link":"https:\/\/tecnicashablarenpublico.com\/blog\/curso-como-hablar-en-publico-en-guadalajara-mexico-taller-presencial\/","title":{"rendered":"Curso Como Hablar en P\u00fablico en Guadalajara, M\u00e9xico (TALLER PRESENCIAL) &#8211; Te Enviamos Capacitaci\u00f3n"},"content":{"rendered":"\n<ul class=\"wp-block-list\"><li><em>\u00bfTe gustar\u00eda Aprender a Hablar en P\u00fablico y Conseguir un Mejor Trabajo?<\/em><\/li><li><em>\u00bfNecesitas un Curso de Comunicaci\u00f3n para los Empleados de tu Empresa?<\/em><\/li><li><em>\u00bfQuieres Aprender a Usar Mejor tu Voz y Proyectar Seguridad y Convicci\u00f3n?<\/em><\/li><\/ul>\n\n\n\n<h2 class=\"wp-block-heading\"><strong>Curso-Taller: \u201cComunicaci\u00f3n Efectiva\u201d<\/strong><\/h2>\n\n\n\n<div class=\"wp-block-image\"><figure class=\"alignleft size-large is-resized\"><img decoding=\"async\" data-attachment-id=\"2858\" data-permalink=\"https:\/\/tecnicashablarenpublico.com\/blog\/curso-como-hablar-en-publico-en-guadalajara-mexico-taller-presencial\/curso-hablar-en-publico-presencial-taller-de-comunicacion\/\" data-orig-file=\"https:\/\/i0.wp.com\/optimizacionpaginasmedia.s3.amazonaws.com\/2020\/05\/curso-hablar-en-publico-presencial-taller-de-comunicacion.jpg?fit=900%2C550&amp;ssl=1\" data-orig-size=\"900,550\" data-comments-opened=\"0\" data-image-meta=\"{&quot;aperture&quot;:&quot;0&quot;,&quot;credit&quot;:&quot;&quot;,&quot;camera&quot;:&quot;&quot;,&quot;caption&quot;:&quot;&quot;,&quot;created_timestamp&quot;:&quot;0&quot;,&quot;copyright&quot;:&quot;&quot;,&quot;focal_length&quot;:&quot;0&quot;,&quot;iso&quot;:&quot;0&quot;,&quot;shutter_speed&quot;:&quot;0&quot;,&quot;title&quot;:&quot;&quot;,&quot;orientation&quot;:&quot;0&quot;}\" data-image-title=\"curso-hablar-en-publico-presencial-taller-de-comunicacion\" data-image-description=\"\" data-image-caption=\"\" data-large-file=\"https:\/\/i0.wp.com\/optimizacionpaginasmedia.s3.amazonaws.com\/2020\/05\/curso-hablar-en-publico-presencial-taller-de-comunicacion.jpg?fit=900%2C550&amp;ssl=1\" src=\"data:image\/gif;base64,R0lGODlhAQABAIAAAAAAAP\/\/\/yH5BAEAAAAALAAAAAABAAEAAAIBRAA7\" data-src=\"https:\/\/optimizacionpaginasmedia.s3.amazonaws.com\/2020\/05\/curso-hablar-en-publico-presencial-taller-de-comunicacion.jpg\" alt=\"\" class=\"wp-image-2858 lazyload\" width=\"419\" height=\"255\"\/><noscript><img data-recalc-dims=\"1\" decoding=\"async\" data-attachment-id=\"2858\" data-permalink=\"https:\/\/tecnicashablarenpublico.com\/blog\/curso-como-hablar-en-publico-en-guadalajara-mexico-taller-presencial\/curso-hablar-en-publico-presencial-taller-de-comunicacion\/\" data-orig-file=\"https:\/\/i0.wp.com\/optimizacionpaginasmedia.s3.amazonaws.com\/2020\/05\/curso-hablar-en-publico-presencial-taller-de-comunicacion.jpg?fit=900%2C550&amp;ssl=1\" data-orig-size=\"900,550\" data-comments-opened=\"0\" data-image-meta=\"{&quot;aperture&quot;:&quot;0&quot;,&quot;credit&quot;:&quot;&quot;,&quot;camera&quot;:&quot;&quot;,&quot;caption&quot;:&quot;&quot;,&quot;created_timestamp&quot;:&quot;0&quot;,&quot;copyright&quot;:&quot;&quot;,&quot;focal_length&quot;:&quot;0&quot;,&quot;iso&quot;:&quot;0&quot;,&quot;shutter_speed&quot;:&quot;0&quot;,&quot;title&quot;:&quot;&quot;,&quot;orientation&quot;:&quot;0&quot;}\" data-image-title=\"curso-hablar-en-publico-presencial-taller-de-comunicacion\" data-image-description=\"\" data-image-caption=\"\" data-large-file=\"https:\/\/i0.wp.com\/optimizacionpaginasmedia.s3.amazonaws.com\/2020\/05\/curso-hablar-en-publico-presencial-taller-de-comunicacion.jpg?fit=900%2C550&amp;ssl=1\" src=\"https:\/\/i0.wp.com\/optimizacionpaginasmedia.s3.amazonaws.com\/2020\/05\/curso-hablar-en-publico-presencial-taller-de-comunicacion.jpg?fit=900%2C550&ssl=1\" alt=\"\" class=\"wp-image-2858 lazyload\" width=\"419\" height=\"255\" srcset=\"https:\/\/optimizacionpaginasmedia.s3.amazonaws.com\/2020\/05\/curso-hablar-en-publico-presencial-taller-de-comunicacion-300x183.jpg 300w, https:\/\/optimizacionpaginasmedia.s3.amazonaws.com\/2020\/05\/curso-hablar-en-publico-presencial-taller-de-comunicacion-768x469.jpg 768w, https:\/\/i0.wp.com\/optimizacionpaginasmedia.s3.amazonaws.com\/2020\/05\/curso-hablar-en-publico-presencial-taller-de-comunicacion.jpg?fit=900%2C550&amp;ssl=1 900w\" sizes=\"(max-width: 419px) 100vw, 419px\" \/><\/noscript><\/figure><\/div>\n\n\n\n<p>Este curso tiene como objetivo ayudar en el desarrollo de habilidades efectivas de comunicaci\u00f3n para el <strong><span style=\"text-decoration: underline;\">logro de objetivos<\/span><\/strong> en el \u00e1rea laboral principalmente, reflej\u00e1ndose los beneficios en todos los aspectos de la vida.<\/p>\n\n\n\n<p>Al final del curso el participante ser\u00e1 capaz de estructurar mejor sus ideas para expresarlas, hablar con mayor <strong><em>seguridad y convicci\u00f3n<\/em><\/strong>, usar efectivamente <strong>la voz<\/strong>, aprovechar su <span style=\"text-decoration: underline;\">lenguaje corporal<\/span>, influir mejor con sus palabras y demostrar una mayor capacidad de <strong><span style=\"text-decoration: underline;\">liderazgo<\/span><\/strong>.<\/p>\n\n\n\n<p><strong>En este curso aprender\u00e1s a:<\/strong><\/p>\n\n\n\n<ul class=\"wp-block-list\"><li>Estructurar tus Ideas para expresarlas,<\/li><li>Hablar con Seguridad y Confianza,<\/li><li>Dominar los nervios,<\/li><li>Usar correctamente tu Voz,<\/li><li>Aprovechar tu Lenguaje Corporal,<\/li><li>Influir con tus Palabras,<\/li><li>Conducir &nbsp;eventos,<\/li><li>Y mucho m\u00e1s&#8230;<\/li><\/ul>\n\n\n\n<p><strong>Detalles del Curso-Taller presencial:<\/strong><\/p>\n\n\n\n<h1 class=\"has-text-align-center wp-block-heading\">Comunicaci\u00f3n Efectiva<\/h1>\n\n\n\n<h3 class=\"has-text-align-center wp-block-heading\">presentado por Herman Worm<\/h3>\n\n\n\n<p><strong style=\"line-height: 1.5em;\">Costo por Persona:<\/strong><\/p>\n\n\n\n<p>$4,500 pesos MXN por persona.<\/p>\n\n\n\n<p><strong>Duraci\u00f3n del Curso:&nbsp;<\/strong>5 sesiones sabatinas de 4 horas de duraci\u00f3n.<\/p>\n\n\n\n<p><strong>Horario:<\/strong>&nbsp;S\u00e1bados por la ma\u00f1ana o s\u00e1bados por la tarde.<\/p>\n\n\n\n<p><strong>Lugar:<\/strong> Centro Praxis, Calle Ing. Tello Norte No. 4, casi esquina con Av. Hidalgo, Col. Lindavista, Tlaquepaque, Jalisco, M\u00e9xico.<\/p>\n\n\n\n<p><strong>Cont\u00e1ctanos:<\/strong><\/p>\n\n\n\n<ul class=\"wp-block-list\"><li>Tel\u00e9fono: (33) 38 60 05 20<\/li><li>Whatssapp:&nbsp;33 13 50 41 75<\/li><\/ul>\n\n\n\n<p><strong>Pr\u00f3ximas Fechas de inicio:<\/strong><\/p>\n\n\n\n<ul class=\"wp-block-list\"><li>25 de Junio de 2022<\/li><\/ul>\n\n\n\n<h2 class=\"has-text-align-center wp-block-heading\">Menciona esta p\u00e1gina y recibe el <span style=\"background-color: yellow;\">10% de DESCUENTO&#8230;<\/span><\/h2>\n\n\n\n<h2 class=\"has-text-align-center wp-block-heading\"><em>Llama al tel\u00e9fono: <span class=\"has-inline-color has-vivid-cyan-blue-color\">(33) 38 60 05 20<\/span><\/em><\/h2>\n\n\n\n<figure class=\"wp-block-embed aligncenter is-type-video is-provider-youtube wp-block-embed-youtube center-container wp-embed-aspect-16-9 wp-has-aspect-ratio\"><div class=\"wp-block-embed__wrapper\">\n<span class=\"embed-youtube\" style=\"text-align:center; display: block;\"><iframe class=\"youtube-player lazyload\" width=\"640\" height=\"360\" data-src=\"https:\/\/www.youtube.com\/embed\/OMQv1QuvO0Y?version=3&#038;rel=1&#038;showsearch=0&#038;showinfo=1&#038;iv_load_policy=1&#038;fs=1&#038;hl=es-ES&#038;autohide=2&#038;wmode=transparent\" allowfullscreen=\"true\" style=\"border:0;\" sandbox=\"allow-scripts allow-same-origin allow-popups allow-presentation allow-popups-to-escape-sandbox\"><\/iframe><\/span>\n<\/div><\/figure>\n\n\n\n<div class=\"wp-block-image center-container\"><figure class=\"aligncenter\"><a href=\"https:\/\/tecnicashablarenpublico.com\/blog\/aparta-tu-lugar\/\" target=\"_blank\" rel=\"noopener noreferrer\"><img decoding=\"async\" data-attachment-id=\"1929\" data-permalink=\"https:\/\/tecnicashablarenpublico.com\/blog\/aparta-tu-lugar\/llama_ahora\/\" data-orig-file=\"https:\/\/i0.wp.com\/tecnicashablarenpublico.com\/blog\/wp-content\/uploads\/2014\/03\/llama_ahora.jpg?fit=400%2C159&amp;ssl=1\" data-orig-size=\"400,159\" data-comments-opened=\"0\" data-image-meta=\"{&quot;aperture&quot;:&quot;0&quot;,&quot;credit&quot;:&quot;&quot;,&quot;camera&quot;:&quot;&quot;,&quot;caption&quot;:&quot;&quot;,&quot;created_timestamp&quot;:&quot;0&quot;,&quot;copyright&quot;:&quot;&quot;,&quot;focal_length&quot;:&quot;0&quot;,&quot;iso&quot;:&quot;0&quot;,&quot;shutter_speed&quot;:&quot;0&quot;,&quot;title&quot;:&quot;&quot;}\" data-image-title=\"llama_ahora\" data-image-description=\"\" data-image-caption=\"\" data-large-file=\"https:\/\/i0.wp.com\/tecnicashablarenpublico.com\/blog\/wp-content\/uploads\/2014\/03\/llama_ahora.jpg?fit=400%2C159&amp;ssl=1\" src=\"data:image\/gif;base64,R0lGODlhAQABAIAAAAAAAP\/\/\/yH5BAEAAAAALAAAAAABAAEAAAIBRAA7\" data-src=\"https:\/\/tecnicashablarenpublico.com\/blog\/wp-content\/uploads\/2014\/03\/llama_ahora.jpg\" alt=\"llama_ahora\" class=\"wp-image-1929 lazyload\"\/><noscript><img data-recalc-dims=\"1\" decoding=\"async\" width=\"400\" height=\"159\" data-attachment-id=\"1929\" data-permalink=\"https:\/\/tecnicashablarenpublico.com\/blog\/aparta-tu-lugar\/llama_ahora\/\" data-orig-file=\"https:\/\/i0.wp.com\/tecnicashablarenpublico.com\/blog\/wp-content\/uploads\/2014\/03\/llama_ahora.jpg?fit=400%2C159&amp;ssl=1\" data-orig-size=\"400,159\" data-comments-opened=\"0\" data-image-meta=\"{&quot;aperture&quot;:&quot;0&quot;,&quot;credit&quot;:&quot;&quot;,&quot;camera&quot;:&quot;&quot;,&quot;caption&quot;:&quot;&quot;,&quot;created_timestamp&quot;:&quot;0&quot;,&quot;copyright&quot;:&quot;&quot;,&quot;focal_length&quot;:&quot;0&quot;,&quot;iso&quot;:&quot;0&quot;,&quot;shutter_speed&quot;:&quot;0&quot;,&quot;title&quot;:&quot;&quot;}\" data-image-title=\"llama_ahora\" data-image-description=\"\" data-image-caption=\"\" data-large-file=\"https:\/\/i0.wp.com\/tecnicashablarenpublico.com\/blog\/wp-content\/uploads\/2014\/03\/llama_ahora.jpg?fit=400%2C159&amp;ssl=1\" src=\"https:\/\/i0.wp.com\/tecnicashablarenpublico.com\/blog\/wp-content\/uploads\/2014\/03\/llama_ahora.jpg?fit=400%2C159&ssl=1\" alt=\"llama_ahora\" class=\"wp-image-1929 lazyload\" srcset=\"https:\/\/i0.wp.com\/tecnicashablarenpublico.com\/blog\/wp-content\/uploads\/2014\/03\/llama_ahora.jpg?fit=300%2C119&amp;ssl=1 300w, https:\/\/i0.wp.com\/tecnicashablarenpublico.com\/blog\/wp-content\/uploads\/2014\/03\/llama_ahora.jpg?fit=400%2C159&amp;ssl=1 400w\" sizes=\"(max-width: 400px) 100vw, 400px\" \/><\/noscript><\/a><\/figure><\/div>\n\n\n\n<p class=\"has-text-align-center\">(Menciona que te recomend\u00f3:&nbsp;<span style=\"text-decoration: underline;\"><strong>V\u00edctor Toscano<\/strong><\/span> para obtener tu descuento)<\/p>\n\n\n\n<p class=\"has-text-align-center\"><strong>\u00a1Aparta tu lugar&nbsp;Ahora Mismo!<\/strong><\/p>\n","protected":false},"excerpt":{"rendered":"<p>\u00bfTe gustar\u00eda Aprender a Hablar en P\u00fablico y Conseguir un Mejor Trabajo? \u00bfNecesitas un Curso de Comunicaci\u00f3n para los Empleados de tu Empresa? \u00bfQuieres Aprender a Usar Mejor tu Voz y Proyectar Seguridad y Convicci\u00f3n? Curso-Taller: \u201cComunicaci\u00f3n Efectiva\u201d Este curso tiene como objetivo ayudar en el desarrollo de habilidades efectivas de comunicaci\u00f3n para el logro [&hellip;]<\/p>\n","protected":false},"author":1,"featured_media":2720,"comment_status":"open","ping_status":"closed","sticky":false,"template":"","format":"standard","meta":{"jetpack_post_was_ever_published":false,"_jetpack_newsletter_access":"","_jetpack_dont_email_post_to_subs":true,"_jetpack_newsletter_tier_id":0,"_jetpack_memberships_contains_paywalled_content":false,"_jetpack_memberships_contains_paid_content":false,"footnotes":"","jetpack_publicize_message":"","jetpack_publicize_feature_enabled":true,"jetpack_social_post_already_shared":true,"jetpack_social_options":{"image_generator_settings":{"template":"highway","default_image_id":0,"font":"","enabled":false},"version":2}},"categories":[32,34,52,37],"tags":[62],"class_list":["post-1240","post","type-post","status-publish","format-standard","has-post-thumbnail","hentry","category-como-hablar-en-publico-2","category-consejos-de-oratoria","category-curso-de-oratoria-en-guadalajara","category-curso-de-oratoria-online","tag-curso-de-oratoria-en-guadalajara","post-wrapper","thrv_wrapper"],"yoast_head":"<!-- This site is optimized with the Yoast SEO plugin v27.5 - https:\/\/yoast.com\/product\/yoast-seo-wordpress\/ -->\n<title>Curso Como Hablar en P\u00fablico en Guadalajara, M\u00e9xico (TALLER PRESENCIAL) - Te Enviamos Capacitaci\u00f3n - TecnicasHablarEnPublico.Com<\/title>\n<meta name=\"robots\" content=\"index, follow, max-snippet:-1, max-image-preview:large, max-video-preview:-1\" \/>\n<link rel=\"canonical\" href=\"https:\/\/tecnicashablarenpublico.com\/blog\/curso-como-hablar-en-publico-en-guadalajara-mexico-taller-presencial\/\" \/>\n<meta property=\"og:locale\" content=\"es_ES\" \/>\n<meta property=\"og:type\" content=\"article\" \/>\n<meta property=\"og:title\" content=\"Curso Como Hablar en P\u00fablico en Guadalajara, M\u00e9xico (TALLER PRESENCIAL) - Te Enviamos Capacitaci\u00f3n - TecnicasHablarEnPublico.Com\" \/>\n<meta property=\"og:description\" content=\"\u00bfTe gustar\u00eda Aprender a Hablar en P\u00fablico y Conseguir un Mejor Trabajo? \u00bfNecesitas un Curso de Comunicaci\u00f3n para los Empleados de tu Empresa? \u00bfQuieres Aprender a Usar Mejor tu Voz y Proyectar Seguridad y Convicci\u00f3n? Curso-Taller: \u201cComunicaci\u00f3n Efectiva\u201d Este curso tiene como objetivo ayudar en el desarrollo de habilidades efectivas de comunicaci\u00f3n para el logro [&hellip;]\" \/>\n<meta property=\"og:url\" content=\"https:\/\/tecnicashablarenpublico.com\/blog\/curso-como-hablar-en-publico-en-guadalajara-mexico-taller-presencial\/\" \/>\n<meta property=\"og:site_name\" content=\"TecnicasHablarEnPublico.Com\" \/>\n<meta property=\"article:publisher\" content=\"https:\/\/www.facebook.com\/VictorToscanoOficial\/\" \/>\n<meta property=\"article:author\" content=\"https:\/\/www.facebook.com\/victortoscanooficial\" \/>\n<meta property=\"article:published_time\" content=\"2013-06-03T14:40:12+00:00\" \/>\n<meta property=\"article:modified_time\" content=\"2022-05-18T16:47:26+00:00\" \/>\n<meta property=\"og:image\" content=\"https:\/\/optimizacionpaginasmedia.s3.amazonaws.com\/2020\/05\/curso-como-hablar-en-publico-en-guadalajara-mexico-taller-presencial-1.jpg\" \/>\n\t<meta property=\"og:image:width\" content=\"900\" \/>\n\t<meta property=\"og:image:height\" content=\"550\" \/>\n\t<meta property=\"og:image:type\" content=\"image\/jpeg\" \/>\n<meta name=\"author\" content=\"Victor Toscano T V\" \/>\n<meta name=\"twitter:card\" content=\"summary_large_image\" \/>\n<meta name=\"twitter:creator\" content=\"@_victortoscano\" \/>\n<meta name=\"twitter:label1\" content=\"Escrito por\" \/>\n\t<meta name=\"twitter:data1\" content=\"Victor Toscano T V\" \/>\n\t<meta name=\"twitter:label2\" content=\"Tiempo de lectura\" \/>\n\t<meta name=\"twitter:data2\" content=\"2 minutos\" \/>\n<script type=\"application\/ld+json\" class=\"yoast-schema-graph\">{\"@context\":\"https:\\\/\\\/schema.org\",\"@graph\":[{\"@type\":\"Article\",\"@id\":\"https:\\\/\\\/tecnicashablarenpublico.com\\\/blog\\\/curso-como-hablar-en-publico-en-guadalajara-mexico-taller-presencial\\\/#article\",\"isPartOf\":{\"@id\":\"https:\\\/\\\/tecnicashablarenpublico.com\\\/blog\\\/curso-como-hablar-en-publico-en-guadalajara-mexico-taller-presencial\\\/\"},\"author\":{\"name\":\"Victor Toscano T V\",\"@id\":\"https:\\\/\\\/tecnicashablarenpublico.com\\\/blog\\\/#\\\/schema\\\/person\\\/f6a96b9bb773de8f08f84e4d6e6cf28f\"},\"headline\":\"Curso Como Hablar en P\u00fablico en Guadalajara, M\u00e9xico (TALLER PRESENCIAL) &#8211; Te Enviamos Capacitaci\u00f3n\",\"datePublished\":\"2013-06-03T14:40:12+00:00\",\"dateModified\":\"2022-05-18T16:47:26+00:00\",\"mainEntityOfPage\":{\"@id\":\"https:\\\/\\\/tecnicashablarenpublico.com\\\/blog\\\/curso-como-hablar-en-publico-en-guadalajara-mexico-taller-presencial\\\/\"},\"wordCount\":290,\"commentCount\":5446,\"publisher\":{\"@id\":\"https:\\\/\\\/tecnicashablarenpublico.com\\\/blog\\\/#organization\"},\"image\":{\"@id\":\"https:\\\/\\\/tecnicashablarenpublico.com\\\/blog\\\/curso-como-hablar-en-publico-en-guadalajara-mexico-taller-presencial\\\/#primaryimage\"},\"thumbnailUrl\":\"https:\\\/\\\/i0.wp.com\\\/optimizacionpaginasmedia.s3.amazonaws.com\\\/2020\\\/05\\\/curso-como-hablar-en-publico-en-guadalajara-mexico-taller-presencial-1.jpg?fit=900%2C550&ssl=1\",\"keywords\":[\"Curso de Oratoria en Guadalajara\"],\"articleSection\":[\"Como Hablar en Publico\",\"Consejos de Oratoria\",\"Curso de Oratoria en Guadalajara\",\"Curso de Oratoria Online\"],\"inLanguage\":\"es\"},{\"@type\":\"WebPage\",\"@id\":\"https:\\\/\\\/tecnicashablarenpublico.com\\\/blog\\\/curso-como-hablar-en-publico-en-guadalajara-mexico-taller-presencial\\\/\",\"url\":\"https:\\\/\\\/tecnicashablarenpublico.com\\\/blog\\\/curso-como-hablar-en-publico-en-guadalajara-mexico-taller-presencial\\\/\",\"name\":\"Curso Como Hablar en P\u00fablico en Guadalajara, M\u00e9xico (TALLER PRESENCIAL) - Te Enviamos Capacitaci\u00f3n - TecnicasHablarEnPublico.Com\",\"isPartOf\":{\"@id\":\"https:\\\/\\\/tecnicashablarenpublico.com\\\/blog\\\/#website\"},\"primaryImageOfPage\":{\"@id\":\"https:\\\/\\\/tecnicashablarenpublico.com\\\/blog\\\/curso-como-hablar-en-publico-en-guadalajara-mexico-taller-presencial\\\/#primaryimage\"},\"image\":{\"@id\":\"https:\\\/\\\/tecnicashablarenpublico.com\\\/blog\\\/curso-como-hablar-en-publico-en-guadalajara-mexico-taller-presencial\\\/#primaryimage\"},\"thumbnailUrl\":\"https:\\\/\\\/i0.wp.com\\\/optimizacionpaginasmedia.s3.amazonaws.com\\\/2020\\\/05\\\/curso-como-hablar-en-publico-en-guadalajara-mexico-taller-presencial-1.jpg?fit=900%2C550&ssl=1\",\"datePublished\":\"2013-06-03T14:40:12+00:00\",\"dateModified\":\"2022-05-18T16:47:26+00:00\",\"breadcrumb\":{\"@id\":\"https:\\\/\\\/tecnicashablarenpublico.com\\\/blog\\\/curso-como-hablar-en-publico-en-guadalajara-mexico-taller-presencial\\\/#breadcrumb\"},\"inLanguage\":\"es\",\"potentialAction\":[{\"@type\":\"ReadAction\",\"target\":[\"https:\\\/\\\/tecnicashablarenpublico.com\\\/blog\\\/curso-como-hablar-en-publico-en-guadalajara-mexico-taller-presencial\\\/\"]}]},{\"@type\":\"ImageObject\",\"inLanguage\":\"es\",\"@id\":\"https:\\\/\\\/tecnicashablarenpublico.com\\\/blog\\\/curso-como-hablar-en-publico-en-guadalajara-mexico-taller-presencial\\\/#primaryimage\",\"url\":\"https:\\\/\\\/i0.wp.com\\\/optimizacionpaginasmedia.s3.amazonaws.com\\\/2020\\\/05\\\/curso-como-hablar-en-publico-en-guadalajara-mexico-taller-presencial-1.jpg?fit=900%2C550&ssl=1\",\"contentUrl\":\"https:\\\/\\\/i0.wp.com\\\/optimizacionpaginasmedia.s3.amazonaws.com\\\/2020\\\/05\\\/curso-como-hablar-en-publico-en-guadalajara-mexico-taller-presencial-1.jpg?fit=900%2C550&ssl=1\",\"width\":900,\"height\":550,\"caption\":\"CURSO: Como Hablar en P\u00fablico en Guadalajara, M\u00e9xico (taller presencial de comunicaci\u00f3n efectiva)\"},{\"@type\":\"BreadcrumbList\",\"@id\":\"https:\\\/\\\/tecnicashablarenpublico.com\\\/blog\\\/curso-como-hablar-en-publico-en-guadalajara-mexico-taller-presencial\\\/#breadcrumb\",\"itemListElement\":[{\"@type\":\"ListItem\",\"position\":1,\"name\":\"Portada\",\"item\":\"https:\\\/\\\/tecnicashablarenpublico.com\\\/blog\\\/\"},{\"@type\":\"ListItem\",\"position\":2,\"name\":\"Curso Como Hablar en P\u00fablico en Guadalajara, M\u00e9xico (TALLER PRESENCIAL) &#8211; Te Enviamos Capacitaci\u00f3n\"}]},{\"@type\":\"WebSite\",\"@id\":\"https:\\\/\\\/tecnicashablarenpublico.com\\\/blog\\\/#website\",\"url\":\"https:\\\/\\\/tecnicashablarenpublico.com\\\/blog\\\/\",\"name\":\"TecnicasHablarEnPublico.Com\",\"description\":\"Blog\",\"publisher\":{\"@id\":\"https:\\\/\\\/tecnicashablarenpublico.com\\\/blog\\\/#organization\"},\"potentialAction\":[{\"@type\":\"SearchAction\",\"target\":{\"@type\":\"EntryPoint\",\"urlTemplate\":\"https:\\\/\\\/tecnicashablarenpublico.com\\\/blog\\\/?s={search_term_string}\"},\"query-input\":{\"@type\":\"PropertyValueSpecification\",\"valueRequired\":true,\"valueName\":\"search_term_string\"}}],\"inLanguage\":\"es\"},{\"@type\":\"Organization\",\"@id\":\"https:\\\/\\\/tecnicashablarenpublico.com\\\/blog\\\/#organization\",\"name\":\"TecnicasHablarEnPublico\",\"url\":\"https:\\\/\\\/tecnicashablarenpublico.com\\\/blog\\\/\",\"logo\":{\"@type\":\"ImageObject\",\"inLanguage\":\"es\",\"@id\":\"https:\\\/\\\/tecnicashablarenpublico.com\\\/blog\\\/#\\\/schema\\\/logo\\\/image\\\/\",\"url\":\"https:\\\/\\\/i0.wp.com\\\/tecnicashablarenpublico.com\\\/blog\\\/wp-content\\\/uploads\\\/2014\\\/11\\\/logo_cuadrado.png?fit=286%2C255&ssl=1\",\"contentUrl\":\"https:\\\/\\\/i0.wp.com\\\/tecnicashablarenpublico.com\\\/blog\\\/wp-content\\\/uploads\\\/2014\\\/11\\\/logo_cuadrado.png?fit=286%2C255&ssl=1\",\"width\":286,\"height\":255,\"caption\":\"TecnicasHablarEnPublico\"},\"image\":{\"@id\":\"https:\\\/\\\/tecnicashablarenpublico.com\\\/blog\\\/#\\\/schema\\\/logo\\\/image\\\/\"},\"sameAs\":[\"https:\\\/\\\/www.facebook.com\\\/VictorToscanoOficial\\\/\"]},{\"@type\":\"Person\",\"@id\":\"https:\\\/\\\/tecnicashablarenpublico.com\\\/blog\\\/#\\\/schema\\\/person\\\/f6a96b9bb773de8f08f84e4d6e6cf28f\",\"name\":\"Victor Toscano T V\",\"image\":{\"@type\":\"ImageObject\",\"inLanguage\":\"es\",\"@id\":\"https:\\\/\\\/secure.gravatar.com\\\/avatar\\\/e45c6f1f2986615bd1357fd094a24ab45a2ce7ca867817458fbebca30cd78e46?s=96&d=mm&r=g\",\"url\":\"https:\\\/\\\/secure.gravatar.com\\\/avatar\\\/e45c6f1f2986615bd1357fd094a24ab45a2ce7ca867817458fbebca30cd78e46?s=96&d=mm&r=g\",\"contentUrl\":\"https:\\\/\\\/secure.gravatar.com\\\/avatar\\\/e45c6f1f2986615bd1357fd094a24ab45a2ce7ca867817458fbebca30cd78e46?s=96&d=mm&r=g\",\"caption\":\"Victor Toscano T V\"},\"description\":\"Un apasionado en el tema de Hablar en P\u00fablico y el Crecimiento Personal, que pas\u00f3 de \\\"t\u00edmido\\\" a Conferencista Internacional en menos de dos a\u00f1os.\",\"sameAs\":[\"http:\\\/\\\/www.tecnicashablarenpublico.com\",\"https:\\\/\\\/www.facebook.com\\\/victortoscanooficial\",\"http:\\\/\\\/mx.linkedin.com\\\/in\\\/victortoscano\\\/\",\"http:\\\/\\\/www.pinterest.com\\\/victortoscano\\\/\",\"https:\\\/\\\/x.com\\\/_victortoscano\",\"http:\\\/\\\/victortoscano.com.mx\\\/youtube\"],\"url\":\"https:\\\/\\\/tecnicashablarenpublico.com\\\/blog\\\/author\\\/vict26\\\/\"}]}<\/script>\n<!-- \/ Yoast SEO plugin. -->","yoast_head_json":{"title":"Curso Como Hablar en P\u00fablico en Guadalajara, M\u00e9xico (TALLER PRESENCIAL) - Te Enviamos Capacitaci\u00f3n - TecnicasHablarEnPublico.Com","robots":{"index":"index","follow":"follow","max-snippet":"max-snippet:-1","max-image-preview":"max-image-preview:large","max-video-preview":"max-video-preview:-1"},"canonical":"https:\/\/tecnicashablarenpublico.com\/blog\/curso-como-hablar-en-publico-en-guadalajara-mexico-taller-presencial\/","og_locale":"es_ES","og_type":"article","og_title":"Curso Como Hablar en P\u00fablico en Guadalajara, M\u00e9xico (TALLER PRESENCIAL) - Te Enviamos Capacitaci\u00f3n - TecnicasHablarEnPublico.Com","og_description":"\u00bfTe gustar\u00eda Aprender a Hablar en P\u00fablico y Conseguir un Mejor Trabajo? \u00bfNecesitas un Curso de Comunicaci\u00f3n para los Empleados de tu Empresa? \u00bfQuieres Aprender a Usar Mejor tu Voz y Proyectar Seguridad y Convicci\u00f3n? Curso-Taller: \u201cComunicaci\u00f3n Efectiva\u201d Este curso tiene como objetivo ayudar en el desarrollo de habilidades efectivas de comunicaci\u00f3n para el logro [&hellip;]","og_url":"https:\/\/tecnicashablarenpublico.com\/blog\/curso-como-hablar-en-publico-en-guadalajara-mexico-taller-presencial\/","og_site_name":"TecnicasHablarEnPublico.Com","article_publisher":"https:\/\/www.facebook.com\/VictorToscanoOficial\/","article_author":"https:\/\/www.facebook.com\/victortoscanooficial","article_published_time":"2013-06-03T14:40:12+00:00","article_modified_time":"2022-05-18T16:47:26+00:00","og_image":[{"width":900,"height":550,"url":"https:\/\/optimizacionpaginasmedia.s3.amazonaws.com\/2020\/05\/curso-como-hablar-en-publico-en-guadalajara-mexico-taller-presencial-1.jpg","type":"image\/jpeg"}],"author":"Victor Toscano T V","twitter_card":"summary_large_image","twitter_creator":"@_victortoscano","twitter_misc":{"Escrito por":"Victor Toscano T V","Tiempo de lectura":"2 minutos"},"schema":{"@context":"https:\/\/schema.org","@graph":[{"@type":"Article","@id":"https:\/\/tecnicashablarenpublico.com\/blog\/curso-como-hablar-en-publico-en-guadalajara-mexico-taller-presencial\/#article","isPartOf":{"@id":"https:\/\/tecnicashablarenpublico.com\/blog\/curso-como-hablar-en-publico-en-guadalajara-mexico-taller-presencial\/"},"author":{"name":"Victor Toscano T V","@id":"https:\/\/tecnicashablarenpublico.com\/blog\/#\/schema\/person\/f6a96b9bb773de8f08f84e4d6e6cf28f"},"headline":"Curso Como Hablar en P\u00fablico en Guadalajara, M\u00e9xico (TALLER PRESENCIAL) &#8211; Te Enviamos Capacitaci\u00f3n","datePublished":"2013-06-03T14:40:12+00:00","dateModified":"2022-05-18T16:47:26+00:00","mainEntityOfPage":{"@id":"https:\/\/tecnicashablarenpublico.com\/blog\/curso-como-hablar-en-publico-en-guadalajara-mexico-taller-presencial\/"},"wordCount":290,"commentCount":5446,"publisher":{"@id":"https:\/\/tecnicashablarenpublico.com\/blog\/#organization"},"image":{"@id":"https:\/\/tecnicashablarenpublico.com\/blog\/curso-como-hablar-en-publico-en-guadalajara-mexico-taller-presencial\/#primaryimage"},"thumbnailUrl":"https:\/\/i0.wp.com\/optimizacionpaginasmedia.s3.amazonaws.com\/2020\/05\/curso-como-hablar-en-publico-en-guadalajara-mexico-taller-presencial-1.jpg?fit=900%2C550&ssl=1","keywords":["Curso de Oratoria en Guadalajara"],"articleSection":["Como Hablar en Publico","Consejos de Oratoria","Curso de Oratoria en Guadalajara","Curso de Oratoria Online"],"inLanguage":"es"},{"@type":"WebPage","@id":"https:\/\/tecnicashablarenpublico.com\/blog\/curso-como-hablar-en-publico-en-guadalajara-mexico-taller-presencial\/","url":"https:\/\/tecnicashablarenpublico.com\/blog\/curso-como-hablar-en-publico-en-guadalajara-mexico-taller-presencial\/","name":"Curso Como Hablar en P\u00fablico en Guadalajara, M\u00e9xico (TALLER PRESENCIAL) - Te Enviamos Capacitaci\u00f3n - TecnicasHablarEnPublico.Com","isPartOf":{"@id":"https:\/\/tecnicashablarenpublico.com\/blog\/#website"},"primaryImageOfPage":{"@id":"https:\/\/tecnicashablarenpublico.com\/blog\/curso-como-hablar-en-publico-en-guadalajara-mexico-taller-presencial\/#primaryimage"},"image":{"@id":"https:\/\/tecnicashablarenpublico.com\/blog\/curso-como-hablar-en-publico-en-guadalajara-mexico-taller-presencial\/#primaryimage"},"thumbnailUrl":"https:\/\/i0.wp.com\/optimizacionpaginasmedia.s3.amazonaws.com\/2020\/05\/curso-como-hablar-en-publico-en-guadalajara-mexico-taller-presencial-1.jpg?fit=900%2C550&ssl=1","datePublished":"2013-06-03T14:40:12+00:00","dateModified":"2022-05-18T16:47:26+00:00","breadcrumb":{"@id":"https:\/\/tecnicashablarenpublico.com\/blog\/curso-como-hablar-en-publico-en-guadalajara-mexico-taller-presencial\/#breadcrumb"},"inLanguage":"es","potentialAction":[{"@type":"ReadAction","target":["https:\/\/tecnicashablarenpublico.com\/blog\/curso-como-hablar-en-publico-en-guadalajara-mexico-taller-presencial\/"]}]},{"@type":"ImageObject","inLanguage":"es","@id":"https:\/\/tecnicashablarenpublico.com\/blog\/curso-como-hablar-en-publico-en-guadalajara-mexico-taller-presencial\/#primaryimage","url":"https:\/\/i0.wp.com\/optimizacionpaginasmedia.s3.amazonaws.com\/2020\/05\/curso-como-hablar-en-publico-en-guadalajara-mexico-taller-presencial-1.jpg?fit=900%2C550&ssl=1","contentUrl":"https:\/\/i0.wp.com\/optimizacionpaginasmedia.s3.amazonaws.com\/2020\/05\/curso-como-hablar-en-publico-en-guadalajara-mexico-taller-presencial-1.jpg?fit=900%2C550&ssl=1","width":900,"height":550,"caption":"CURSO: Como Hablar en P\u00fablico en Guadalajara, M\u00e9xico (taller presencial de comunicaci\u00f3n efectiva)"},{"@type":"BreadcrumbList","@id":"https:\/\/tecnicashablarenpublico.com\/blog\/curso-como-hablar-en-publico-en-guadalajara-mexico-taller-presencial\/#breadcrumb","itemListElement":[{"@type":"ListItem","position":1,"name":"Portada","item":"https:\/\/tecnicashablarenpublico.com\/blog\/"},{"@type":"ListItem","position":2,"name":"Curso Como Hablar en P\u00fablico en Guadalajara, M\u00e9xico (TALLER PRESENCIAL) &#8211; Te Enviamos Capacitaci\u00f3n"}]},{"@type":"WebSite","@id":"https:\/\/tecnicashablarenpublico.com\/blog\/#website","url":"https:\/\/tecnicashablarenpublico.com\/blog\/","name":"TecnicasHablarEnPublico.Com","description":"Blog","publisher":{"@id":"https:\/\/tecnicashablarenpublico.com\/blog\/#organization"},"potentialAction":[{"@type":"SearchAction","target":{"@type":"EntryPoint","urlTemplate":"https:\/\/tecnicashablarenpublico.com\/blog\/?s={search_term_string}"},"query-input":{"@type":"PropertyValueSpecification","valueRequired":true,"valueName":"search_term_string"}}],"inLanguage":"es"},{"@type":"Organization","@id":"https:\/\/tecnicashablarenpublico.com\/blog\/#organization","name":"TecnicasHablarEnPublico","url":"https:\/\/tecnicashablarenpublico.com\/blog\/","logo":{"@type":"ImageObject","inLanguage":"es","@id":"https:\/\/tecnicashablarenpublico.com\/blog\/#\/schema\/logo\/image\/","url":"https:\/\/i0.wp.com\/tecnicashablarenpublico.com\/blog\/wp-content\/uploads\/2014\/11\/logo_cuadrado.png?fit=286%2C255&ssl=1","contentUrl":"https:\/\/i0.wp.com\/tecnicashablarenpublico.com\/blog\/wp-content\/uploads\/2014\/11\/logo_cuadrado.png?fit=286%2C255&ssl=1","width":286,"height":255,"caption":"TecnicasHablarEnPublico"},"image":{"@id":"https:\/\/tecnicashablarenpublico.com\/blog\/#\/schema\/logo\/image\/"},"sameAs":["https:\/\/www.facebook.com\/VictorToscanoOficial\/"]},{"@type":"Person","@id":"https:\/\/tecnicashablarenpublico.com\/blog\/#\/schema\/person\/f6a96b9bb773de8f08f84e4d6e6cf28f","name":"Victor Toscano T V","image":{"@type":"ImageObject","inLanguage":"es","@id":"https:\/\/secure.gravatar.com\/avatar\/e45c6f1f2986615bd1357fd094a24ab45a2ce7ca867817458fbebca30cd78e46?s=96&d=mm&r=g","url":"https:\/\/secure.gravatar.com\/avatar\/e45c6f1f2986615bd1357fd094a24ab45a2ce7ca867817458fbebca30cd78e46?s=96&d=mm&r=g","contentUrl":"https:\/\/secure.gravatar.com\/avatar\/e45c6f1f2986615bd1357fd094a24ab45a2ce7ca867817458fbebca30cd78e46?s=96&d=mm&r=g","caption":"Victor Toscano T V"},"description":"Un apasionado en el tema de Hablar en P\u00fablico y el Crecimiento Personal, que pas\u00f3 de \"t\u00edmido\" a Conferencista Internacional en menos de dos a\u00f1os.","sameAs":["http:\/\/www.tecnicashablarenpublico.com","https:\/\/www.facebook.com\/victortoscanooficial","http:\/\/mx.linkedin.com\/in\/victortoscano\/","http:\/\/www.pinterest.com\/victortoscano\/","https:\/\/x.com\/_victortoscano","http:\/\/victortoscano.com.mx\/youtube"],"url":"https:\/\/tecnicashablarenpublico.com\/blog\/author\/vict26\/"}]}},"jetpack_publicize_connections":[],"jetpack_featured_media_url":"https:\/\/i0.wp.com\/optimizacionpaginasmedia.s3.amazonaws.com\/2020\/05\/curso-como-hablar-en-publico-en-guadalajara-mexico-taller-presencial-1.jpg?fit=900%2C550&ssl=1","jetpack_shortlink":"https:\/\/wp.me\/p338RC-k0","jetpack-related-posts":[{"id":2204,"url":"https:\/\/tecnicashablarenpublico.com\/blog\/curso-como-hablar-en-publico-en-guadalajara-mexico-taller-presencial-de-comunicacion-efectiva\/","url_meta":{"origin":1240,"position":0},"title":"CURSO: Como Hablar en P\u00fablico en Guadalajara, M\u00e9xico (taller presencial de comunicaci\u00f3n efectiva)","author":"Victor Toscano T V","date":"23\/07\/2015","format":false,"excerpt":"Curso-Taller presencial para Hablar en P\u00fablico en Guadalajara, M\u00e9xico: \"Comunicaci\u00f3n Efectiva\". Recomendado por V\u00edctor Toscano, e impartido por Germ\u00e1n Barrag\u00e1n Herman Worm... https:\/\/youtu.be\/OMQv1QuvO0Y Llama al tel\u00e9fono: (33) 38 60 05 20Menciona esta p\u00e1gina y recibe el 10% de DESCUENTO\u2026 \u2022\u2022 Curso-Taller de Comunicaci\u00f3n Efectiva en Guadalajara, M\u00e9xico\u00a0\u2022\u2022 Se entrega diploma\u2026","rel":"","context":"En \u00abCurso de Oratoria en Guadalajara\u00bb","block_context":{"text":"Curso de Oratoria en Guadalajara","link":"https:\/\/tecnicashablarenpublico.com\/blog\/category\/curso-de-oratoria-en-guadalajara\/"},"img":{"alt_text":"CURSO: Como Hablar en P\u00fablico en Guadalajara, M\u00e9xico (taller presencial de comunicaci\u00f3n efectiva)","src":"https:\/\/i0.wp.com\/optimizacionpaginasmedia.s3.amazonaws.com\/2020\/05\/curso-como-hablar-en-publico-en-guadalajara-mexico-taller-presencial-1.jpg?fit=900%2C550&ssl=1&resize=350%2C200","width":350,"height":200,"srcset":"https:\/\/i0.wp.com\/optimizacionpaginasmedia.s3.amazonaws.com\/2020\/05\/curso-como-hablar-en-publico-en-guadalajara-mexico-taller-presencial-1.jpg?fit=900%2C550&ssl=1&resize=350%2C200 1x, https:\/\/i0.wp.com\/optimizacionpaginasmedia.s3.amazonaws.com\/2020\/05\/curso-como-hablar-en-publico-en-guadalajara-mexico-taller-presencial-1.jpg?fit=900%2C550&ssl=1&resize=525%2C300 1.5x, https:\/\/i0.wp.com\/optimizacionpaginasmedia.s3.amazonaws.com\/2020\/05\/curso-como-hablar-en-publico-en-guadalajara-mexico-taller-presencial-1.jpg?fit=900%2C550&ssl=1&resize=700%2C400 2x"},"classes":[]},{"id":951,"url":"https:\/\/tecnicashablarenpublico.com\/blog\/curso-de-oratoria-gratis-aprendiendo-a-hablar-en-publico\/","url_meta":{"origin":1240,"position":1},"title":"Curso De Oratoria GRATIS &#8211; Aprendiendo A Hablar En P\u00fablico","author":"Victor Toscano T V","date":"14\/02\/2013","format":false,"excerpt":"Hace aproximadamente un mes decid\u00ed grabar 4 VIDEOS donde explico varias t\u00e9cnicas para Hablar en P\u00fablico... Aunque originalmente ten\u00eda pensado ponerlos a la venta como parte de mi nuevo curso de oratoria online, decid\u00ed permitir el acceso Gratis a ellos. Para mi sorpresa, fueron todo un \u00c9xito cuando los publiqu\u00e9\u2026","rel":"","context":"En \u00abAprender a Hablar en Publico\u00bb","block_context":{"text":"Aprender a Hablar en Publico","link":"https:\/\/tecnicashablarenpublico.com\/blog\/category\/aprender-a-hablar-en-publico\/"},"img":{"alt_text":"Curso De Oratoria GRATIS - Aprendiendo A Hablar En P\u00fablico","src":"https:\/\/i0.wp.com\/optimizacionpaginasmedia.s3.amazonaws.com\/2020\/05\/curso-de-oratoria-gratis-aprender-a-hablar-en-publico.jpg?fit=900%2C550&ssl=1&resize=350%2C200","width":350,"height":200,"srcset":"https:\/\/i0.wp.com\/optimizacionpaginasmedia.s3.amazonaws.com\/2020\/05\/curso-de-oratoria-gratis-aprender-a-hablar-en-publico.jpg?fit=900%2C550&ssl=1&resize=350%2C200 1x, https:\/\/i0.wp.com\/optimizacionpaginasmedia.s3.amazonaws.com\/2020\/05\/curso-de-oratoria-gratis-aprender-a-hablar-en-publico.jpg?fit=900%2C550&ssl=1&resize=525%2C300 1.5x, https:\/\/i0.wp.com\/optimizacionpaginasmedia.s3.amazonaws.com\/2020\/05\/curso-de-oratoria-gratis-aprender-a-hablar-en-publico.jpg?fit=900%2C550&ssl=1&resize=700%2C400 2x"},"classes":[]},{"id":1330,"url":"https:\/\/tecnicashablarenpublico.com\/blog\/como-usar-tu-lenguaje-corporal-al-hablar-en-publico-comunicacion-no-verbal\/","url_meta":{"origin":1240,"position":2},"title":"C\u00f3mo Usar Tu Lenguaje Corporal al Hablar en P\u00fablico | Comunicaci\u00f3n NO Verbal","author":"Victor Toscano T V","date":"23\/06\/2013","format":false,"excerpt":"La comunicaci\u00f3n NO verbal como los Movimientos de Manos, gestos faciales y posturas son de vital importancia para tu presentaci\u00f3n. Imagina que quieres entregar un mensaje muy importante a las personas y dise\u00f1as un discurso cuyas palabras intentan decir algo pero tu lenguaje no verbal dice otra cosa muy diferente.\u2026","rel":"","context":"En \u00abConsejos de Oratoria\u00bb","block_context":{"text":"Consejos de Oratoria","link":"https:\/\/tecnicashablarenpublico.com\/blog\/category\/consejos-de-oratoria\/"},"img":{"alt_text":"C\u00f3mo Usar las Manos al Hablar en P\u00fablico (Lenguaje Corporal)","src":"https:\/\/miedohablarenpublico.files.wordpress.com\/2013\/06\/como-usar-las-manos-al-hablar-en-publico-lenguaje-corporal.jpg?w=350&h=200&crop=1","width":350,"height":200},"classes":[]},{"id":1500,"url":"https:\/\/tecnicashablarenpublico.com\/blog\/los-7-ingredientes-vitales-de-tu-discurso-oratoria-practica\/","url_meta":{"origin":1240,"position":3},"title":"Los 7 Ingredientes VITALES de Tu Discurso | Oratoria Pr\u00e1ctica","author":"Victor Toscano T V","date":"03\/10\/2013","format":false,"excerpt":"\u00bfQuieres dise\u00f1ar un Discurso de Oratoria PODEROSO que deje a todos Sorprendidos al Escucharte? En este art\u00edculo aprender\u00e1s c\u00f3mo aprovechar los 7 Ingredientes Vitales que Todo buen Discurso debe tener... Hace poco m\u00e1s de un a\u00f1o tuve la oportunidad de participar en un Concurso Nacional de Oratoria en la Cuidad\u2026","rel":"","context":"En \u00abComo Aprender Oratoria\u00bb","block_context":{"text":"Como Aprender Oratoria","link":"https:\/\/tecnicashablarenpublico.com\/blog\/category\/como-aprender-oratoria\/"},"img":{"alt_text":"Los 7 Ingredientes VITALES de Tu Discurso  Oratoria Practica","src":"https:\/\/miedohablarenpublico.files.wordpress.com\/2013\/10\/los-7-ingredientes-vitales-de-tu-discurso-oratoria-practica.jpg?w=350&h=200&crop=1","width":350,"height":200},"classes":[]},{"id":872,"url":"https:\/\/tecnicashablarenpublico.com\/blog\/5-sencillos-pasos-para-preparar-un-discurso-extraordinario\/","url_meta":{"origin":1240,"position":4},"title":"5 Sencillos Pasos Para Preparar Un Discurso Extraordinario","author":"Victor Toscano T V","date":"23\/01\/2013","format":false,"excerpt":"IMPORTANTE: La mayor\u00eda de las personas se equivoca al momento de preparar una presentaci\u00f3n en p\u00fablico y por eso todo le sale mal al momento de estar en frente de su auditorio... A continuaci\u00f3n voy a compartir contigo 5 Sencillos pero Efectivos Pasos que te guiar\u00e1n para que prepares y\u2026","rel":"","context":"En \u00abComo Aprender Oratoria\u00bb","block_context":{"text":"Como Aprender Oratoria","link":"https:\/\/tecnicashablarenpublico.com\/blog\/category\/como-aprender-oratoria\/"},"img":{"alt_text":"5 Sencillos Pasos Para Preparar Un Discurso de Oratoria","src":"https:\/\/i0.wp.com\/optimizacionpaginasmedia.s3.amazonaws.com\/2020\/05\/pasos-para-preparar-un-discurso-de-oratoria.jpg?fit=900%2C477&ssl=1&resize=350%2C200","width":350,"height":200,"srcset":"https:\/\/i0.wp.com\/optimizacionpaginasmedia.s3.amazonaws.com\/2020\/05\/pasos-para-preparar-un-discurso-de-oratoria.jpg?fit=900%2C477&ssl=1&resize=350%2C200 1x, https:\/\/i0.wp.com\/optimizacionpaginasmedia.s3.amazonaws.com\/2020\/05\/pasos-para-preparar-un-discurso-de-oratoria.jpg?fit=900%2C477&ssl=1&resize=525%2C300 1.5x, https:\/\/i0.wp.com\/optimizacionpaginasmedia.s3.amazonaws.com\/2020\/05\/pasos-para-preparar-un-discurso-de-oratoria.jpg?fit=900%2C477&ssl=1&resize=700%2C400 2x"},"classes":[]},{"id":2419,"url":"https:\/\/tecnicashablarenpublico.com\/blog\/oratoria-y-neurociencia-tecnicas-para-hablar-en-publico\/","url_meta":{"origin":1240,"position":5},"title":"Oratoria y Neuro Ciencia | T\u00e9cnicas para Hablar en P\u00fablico y Herramientas Cient\u00edficas de Comunicaci\u00f3n","author":"Victor Toscano T V","date":"08\/01\/2018","format":false,"excerpt":"En este video te diremos c\u00f3mo aplicar la neuro ciencia en el arte de la oratoria con 5 t\u00e9cnicas para hablar en p\u00fablico muy efectivas... https:\/\/www.youtube.com\/watch?v=sVNKCyzyl8w&feature=youtu.be Oratoria y Neuro Ciencia | T\u00e9cnicas para Hablar en P\u00fablico y Herramientas Cient\u00edficas de Comunicaci\u00f3n. La oratoria es una herramienta que por muchos siglos\u2026","rel":"","context":"En \u00abT\u00e9cnicas Para Hablar En P\u00fablico\u00bb","block_context":{"text":"T\u00e9cnicas Para Hablar En P\u00fablico","link":"https:\/\/tecnicashablarenpublico.com\/blog\/category\/tecnicas-para-hablar-en-publico\/"},"img":{"alt_text":"Oratoria y Neuro Ciencia | T\u00e9cnicas para Hablar en P\u00fablico y Herramientas Cient\u00edficas de Comunicaci\u00f3n","src":"https:\/\/i0.wp.com\/optimizacionpaginasmedia.s3.amazonaws.com\/2020\/05\/oratoriay-neuro-ciencia-tecnicas-para-hablar-en-publico-cientificas.jpg?fit=900%2C601&ssl=1&resize=350%2C200","width":350,"height":200,"srcset":"https:\/\/i0.wp.com\/optimizacionpaginasmedia.s3.amazonaws.com\/2020\/05\/oratoriay-neuro-ciencia-tecnicas-para-hablar-en-publico-cientificas.jpg?fit=900%2C601&ssl=1&resize=350%2C200 1x, https:\/\/i0.wp.com\/optimizacionpaginasmedia.s3.amazonaws.com\/2020\/05\/oratoriay-neuro-ciencia-tecnicas-para-hablar-en-publico-cientificas.jpg?fit=900%2C601&ssl=1&resize=525%2C300 1.5x, https:\/\/i0.wp.com\/optimizacionpaginasmedia.s3.amazonaws.com\/2020\/05\/oratoriay-neuro-ciencia-tecnicas-para-hablar-en-publico-cientificas.jpg?fit=900%2C601&ssl=1&resize=700%2C400 2x"},"classes":[]}],"jetpack_sharing_enabled":true,"_links":{"self":[{"href":"https:\/\/tecnicashablarenpublico.com\/blog\/wp-json\/wp\/v2\/posts\/1240","targetHints":{"allow":["GET"]}}],"collection":[{"href":"https:\/\/tecnicashablarenpublico.com\/blog\/wp-json\/wp\/v2\/posts"}],"about":[{"href":"https:\/\/tecnicashablarenpublico.com\/blog\/wp-json\/wp\/v2\/types\/post"}],"author":[{"embeddable":true,"href":"https:\/\/tecnicashablarenpublico.com\/blog\/wp-json\/wp\/v2\/users\/1"}],"replies":[{"embeddable":true,"href":"https:\/\/tecnicashablarenpublico.com\/blog\/wp-json\/wp\/v2\/comments?post=1240"}],"version-history":[{"count":0,"href":"https:\/\/tecnicashablarenpublico.com\/blog\/wp-json\/wp\/v2\/posts\/1240\/revisions"}],"wp:featuredmedia":[{"embeddable":true,"href":"https:\/\/tecnicashablarenpublico.com\/blog\/wp-json\/wp\/v2\/media\/2720"}],"wp:attachment":[{"href":"https:\/\/tecnicashablarenpublico.com\/blog\/wp-json\/wp\/v2\/media?parent=1240"}],"wp:term":[{"taxonomy":"category","embeddable":true,"href":"https:\/\/tecnicashablarenpublico.com\/blog\/wp-json\/wp\/v2\/categories?post=1240"},{"taxonomy":"post_tag","embeddable":true,"href":"https:\/\/tecnicashablarenpublico.com\/blog\/wp-json\/wp\/v2\/tags?post=1240"}],"curies":[{"name":"wp","href":"https:\/\/api.w.org\/{rel}","templated":true}]}}