{"id":1163,"date":"2013-05-02T07:08:07","date_gmt":"2013-05-02T13:08:07","guid":{"rendered":"https:\/\/tecnicashablarenpublico.com\/blog\/?p=1163"},"modified":"2013-11-19T10:40:53","modified_gmt":"2013-11-19T16:40:53","slug":"al-hablar-en-publico-funciona-imaginarlos-desnudos","status":"publish","type":"post","link":"https:\/\/tecnicashablarenpublico.com\/blog\/al-hablar-en-publico-funciona-imaginarlos-desnudos\/","title":{"rendered":"Al Hablar En P\u00fablico, \u00bfFunciona Imaginarlos Desnudos?"},"content":{"rendered":"<figure id=\"attachment_1166\" aria-describedby=\"caption-attachment-1166\" style=\"width: 300px\" class=\"wp-caption alignleft\"><a href=\"https:\/\/tecnicashablarenpublico.com\"><img decoding=\"async\" data-attachment-id=\"1166\" data-permalink=\"https:\/\/tecnicashablarenpublico.com\/blog\/al-hablar-en-publico-funciona-imaginarlos-desnudos\/al-hablar-en-publico-funciona-imaginarlos-desnudos\/\" data-orig-file=\"https:\/\/i0.wp.com\/tecnicashablarenpublico.com\/blog\/wp-content\/uploads\/2013\/04\/Al-Hablar-En-Publico-Funciona-Imaginarlos-Desnudos.jpg?fit=380%2C232&amp;ssl=1\" data-orig-size=\"380,232\" data-comments-opened=\"0\" data-image-meta=\"{&quot;aperture&quot;:&quot;0&quot;,&quot;credit&quot;:&quot;&quot;,&quot;camera&quot;:&quot;&quot;,&quot;caption&quot;:&quot;&quot;,&quot;created_timestamp&quot;:&quot;0&quot;,&quot;copyright&quot;:&quot;&quot;,&quot;focal_length&quot;:&quot;0&quot;,&quot;iso&quot;:&quot;0&quot;,&quot;shutter_speed&quot;:&quot;0&quot;,&quot;title&quot;:&quot;&quot;}\" data-image-title=\"Al Hablar En Publico, Funciona Imaginarlos Desnudos\" data-image-description=\"&lt;p&gt;Al Hablar En P\u00fablico, \u00bfFunciona Imaginarlos Desnudos&lt;\/p&gt;\n\" data-image-caption=\"&lt;p&gt;\u00bfFunciona Imaginarlos Desnudos?&lt;\/p&gt;\n\" data-large-file=\"https:\/\/i0.wp.com\/tecnicashablarenpublico.com\/blog\/wp-content\/uploads\/2013\/04\/Al-Hablar-En-Publico-Funciona-Imaginarlos-Desnudos.jpg?fit=380%2C232&amp;ssl=1\" class=\"size-medium wp-image-1166 lazyload\" alt=\"Al Hablar En P\u00fablico, \u00bfFunciona Imaginarlos Desnudos\" src=\"data:image\/gif;base64,R0lGODlhAQABAIAAAAAAAP\/\/\/yH5BAEAAAAALAAAAAABAAEAAAIBRAA7\" data-src=\"https:\/\/tecnicashablarenpublico.com\/blog\/wp-content\/uploads\/2013\/04\/Al-Hablar-En-Publico-Funciona-Imaginarlos-Desnudos-300x183.jpg\" width=\"300\" height=\"183\" \/><figcaption id=\"caption-attachment-1166\" class=\"wp-caption-text\"><noscript><img data-recalc-dims=\"1\" decoding=\"async\" data-attachment-id=\"1166\" data-permalink=\"https:\/\/tecnicashablarenpublico.com\/blog\/al-hablar-en-publico-funciona-imaginarlos-desnudos\/al-hablar-en-publico-funciona-imaginarlos-desnudos\/\" data-orig-file=\"https:\/\/i0.wp.com\/tecnicashablarenpublico.com\/blog\/wp-content\/uploads\/2013\/04\/Al-Hablar-En-Publico-Funciona-Imaginarlos-Desnudos.jpg?fit=380%2C232&amp;ssl=1\" data-orig-size=\"380,232\" data-comments-opened=\"0\" data-image-meta=\"{&quot;aperture&quot;:&quot;0&quot;,&quot;credit&quot;:&quot;&quot;,&quot;camera&quot;:&quot;&quot;,&quot;caption&quot;:&quot;&quot;,&quot;created_timestamp&quot;:&quot;0&quot;,&quot;copyright&quot;:&quot;&quot;,&quot;focal_length&quot;:&quot;0&quot;,&quot;iso&quot;:&quot;0&quot;,&quot;shutter_speed&quot;:&quot;0&quot;,&quot;title&quot;:&quot;&quot;}\" data-image-title=\"Al Hablar En Publico, Funciona Imaginarlos Desnudos\" data-image-description=\"&lt;p&gt;Al Hablar En P\u00fablico, \u00bfFunciona Imaginarlos Desnudos&lt;\/p&gt;\n\" data-image-caption=\"&lt;p&gt;\u00bfFunciona Imaginarlos Desnudos?&lt;\/p&gt;\n\" data-large-file=\"https:\/\/i0.wp.com\/tecnicashablarenpublico.com\/blog\/wp-content\/uploads\/2013\/04\/Al-Hablar-En-Publico-Funciona-Imaginarlos-Desnudos.jpg?fit=380%2C232&amp;ssl=1\" class=\"size-medium wp-image-1166 lazyload\" alt=\"Al Hablar En P\u00fablico, \u00bfFunciona Imaginarlos Desnudos\" src=\"https:\/\/i0.wp.com\/tecnicashablarenpublico.com\/blog\/wp-content\/uploads\/2013\/04\/Al-Hablar-En-Publico-Funciona-Imaginarlos-Desnudos.jpg?fit=300%2C183&ssl=1\" width=\"300\" height=\"183\" srcset=\"https:\/\/i0.wp.com\/tecnicashablarenpublico.com\/blog\/wp-content\/uploads\/2013\/04\/Al-Hablar-En-Publico-Funciona-Imaginarlos-Desnudos.jpg?fit=300%2C183&amp;ssl=1 300w, https:\/\/i0.wp.com\/tecnicashablarenpublico.com\/blog\/wp-content\/uploads\/2013\/04\/Al-Hablar-En-Publico-Funciona-Imaginarlos-Desnudos.jpg?fit=380%2C232&amp;ssl=1 380w\" sizes=\"(max-width: 300px) 100vw, 300px\" \/><\/noscript><\/a> \u00bfFunciona Imaginarlos Desnudos?<\/figcaption><\/figure>\n<p>\u00bfAlguna vez has escuchado el <span style=\"text-decoration: underline;\">siguiente consejo<\/span>?&#8230;<\/p>\n<p><em>\u00abCuando Hables en P\u00fablico s\u00f3lo tienes que imaginar a las personas DESNUDAS, as\u00ed te vas a olvidar de estar nervioso.\u00bb<\/em><\/p>\n<p>La verdad <strong><span style=\"text-decoration: underline;\">NO te lo recomiendo<\/span><\/strong>: \u00bfPor qu\u00e9? Sigue leyendo y te explico&#8230;<\/p>\n<p>En una ocasi\u00f3n ten\u00eda que realizar una presentaci\u00f3n en p\u00fablico que me ten\u00eda muy ansioso. Se acercaba la hora de hablar y <strong><em>mis nervios<\/em><\/strong> se hac\u00edan cada vez m\u00e1s fuertes.<\/p>\n<p>Cuando estaba a punto de pasar al frente record\u00e9 esta t\u00e9cnica y decid\u00ed intentarlo. Cuando estaba parado frente a las personas sent\u00eda mucho miedo, p\u00e1nico; y al imaginarlos a <strong>todos sin ropa<\/strong>, s\u00f3lo consegu\u00ed sentirme peor&#8230;<\/p>\n<p>Lo que pas\u00f3 fue que al pensar en ellos desnudos me distraje totalmente del tema y del mensaje que quer\u00eda transmitir, eso me puso <span style=\"text-decoration: underline;\">m\u00e1s nervioso<\/span> y me impidi\u00f3 lograr mi objetivo.<\/p>\n<p>As\u00ed fue como aprend\u00ed que la clave <strong>NO<\/strong> est\u00e1 en las personas que te escuchan, ni lo que ellos piensen, ni en c\u00f3mo te los imagines.<\/p>\n<p><strong>La CLAVE est\u00e1 en tu preparaci\u00f3n&#8230;<\/strong><\/p>\n<p>Descubr\u00ed as\u00ed que el tener \u00c9xito en mis presentaciones no depend\u00eda de mi p\u00fablico, sino de m\u00ed mismo y de mi preparaci\u00f3n.<\/p>\n<p>Es por eso que ahora voy a compartir contigo los pasos que yo utilizo para prepararme antes de hablar en p\u00fablico:<\/p>\n<p><strong>1. Delimita muy bien tu tema.<\/strong><\/p>\n<p>Haz tu tema lo m\u00e1s espec\u00edfico posible y decide bien lo que vas a abarcar y lo que no.<\/p>\n<p><strong>2. Haz un listado de puntos a tratar.<\/strong><\/p>\n<p>En base al tema ya delimitado, escribe una serie de SUBTEMAS de los cuales deseas hablar.<\/p>\n<p><strong>3. Dise\u00f1a un esquema bien organizado.<\/strong><\/p>\n<p>El esquema incluye los puntos a tratar, escritos de una manera muy bien ordenada y de manera que se conecten unos con otros.<\/p>\n<p><strong>4. Complementa con ilustraciones.<\/strong><\/p>\n<p>Para dar a entender tu mensaje, necesitas ilustrarlo con ejemplos, datos e historias. Piensa en c\u00f3mo vas a ilustrar tu presentaci\u00f3n y escr\u00edbelo en tu esquema.<\/p>\n<p><strong>5. Crea un buen inicio que te de seguridad.<\/strong><\/p>\n<p>Las primeras palabras son\u00a0cruciales, as\u00ed que debes de dise\u00f1ar muy bien el inicio de tu presentaci\u00f3n para que comiences a hablar con plena seguridad y fuerza.<\/p>\n<p><strong>6. Piensa en un cierre que sea memorable.<\/strong><\/p>\n<p>\u00bfQu\u00e9 es aquello que quieres las personas m\u00e1s recuerden de tu presentaci\u00f3n? Dise\u00f1a una muy <span style=\"text-decoration: underline;\">buena conclusi\u00f3n<\/span> que refuerce tu mensaje y pron\u00fanciala con mucha fuerza.<\/p>\n<p>Recuerda que presentarse ante un p\u00fablico medio preparado es como prepararse <strong><em>medio desnudo<\/em><\/strong>. Por eso te reto a que sigas estos 6 pasos la pr\u00f3xima vez que vayas a dise\u00f1ar una presentaci\u00f3n en p\u00fablico.<\/p>\n<p>Si te preparas bien, no s\u00f3lo ser\u00e1 f\u00e1cil dominar tus nervios, sino que adem\u00e1s, lograr\u00e1s el objetivo de tu presentaci\u00f3n en p\u00fablico.<\/p>\n<p style=\"text-align: center;\">[DKB url=\u00bbhttps:\/\/tecnicashablarenpublico.com\/detalles\u00bb text=\u00bb\u00a1Haz Clic AQU\u00cd Para Aprender a Hablar Bien en P\u00fablico!\u00bb desc=\u00bbInscr\u00edbete a este curso en linea y descubre c\u00f3mo Influir con tus Palabras&#8230;\u00bb style=\u00bbstitched\u00bb color=\u00bb#006dd2&#8243; \u00a0opennewwindow=\u00bbyes\u00bb]<\/p>\n<p><strong>V\u00edctor Toscano<\/strong><br \/>\n<a href=\"https:\/\/tecnicashablarenpublico.com\/\" target=\"_blank\">TecnicasHablarEnPublico.com<\/a><\/p>\n<p><em><strong>P.D: Si te parece \u00fatil esta informaci\u00f3n, por favor haz clic en \u201cGoogle +1\u201d y comp\u00e1rtelo en \u00abFacebook\u00bb y \u201cTwitter\u201d. \u00a1Muchas Gracias!<\/strong><\/em><\/p>\n<p><strong><em>P.D.2: \u00bfQuieres saber c\u00f3mo yo aprend\u00ed a Hablar en P\u00fablico? Haz clic a continuaci\u00f3n:<\/em><\/strong><\/p>\n<p style=\"text-align: center;\">[DKB url=\u00bbhttps:\/\/tecnicashablarenpublico.com\/detalles\u00bb text=\u00bb\u00a1Aprende a Hablar Bien en P\u00fablico! \u00a1Haz Clic AQU\u00cd!\u00bb desc=\u00bbInscr\u00edbete a este curso en linea y descubre c\u00f3mo Influir con tus Palabras&#8230;\u00bb style=\u00bbstitched\u00bb color=\u00bb#006dd2&#8243; \u00a0opennewwindow=\u00bbyes\u00bb]<\/p>\n","protected":false},"excerpt":{"rendered":"<p>\u00bfAlguna vez has escuchado el siguiente consejo?&#8230; \u00abCuando Hables en P\u00fablico s\u00f3lo tienes que imaginar a las personas DESNUDAS, as\u00ed te vas a olvidar de estar nervioso.\u00bb La verdad NO te lo recomiendo: \u00bfPor qu\u00e9? Sigue leyendo y te explico&#8230; En una ocasi\u00f3n ten\u00eda que realizar una presentaci\u00f3n en p\u00fablico que me ten\u00eda muy ansioso. [&hellip;]<\/p>\n","protected":false},"author":1,"featured_media":0,"comment_status":"open","ping_status":"closed","sticky":false,"template":"","format":"standard","meta":{"jetpack_post_was_ever_published":false,"_jetpack_newsletter_access":"","_jetpack_dont_email_post_to_subs":false,"_jetpack_newsletter_tier_id":0,"_jetpack_memberships_contains_paywalled_content":false,"_jetpack_memberships_contains_paid_content":false,"footnotes":"","jetpack_publicize_message":"","jetpack_publicize_feature_enabled":true,"jetpack_social_post_already_shared":true,"jetpack_social_options":{"image_generator_settings":{"template":"highway","default_image_id":0,"font":"","enabled":false},"version":2}},"categories":[21,3],"tags":[6,4,22],"class_list":["post-1163","post","type-post","status-publish","format-standard","hentry","category-miedo-a-hablar-en-publico","category-tecnicas-para-hablar-en-publico","tag-como-hablar-en-publico","tag-hablar-en-publico","tag-miedo-a-hablar-en-publico-2","post-wrapper","thrv_wrapper"],"yoast_head":"<!-- This site is optimized with the Yoast SEO plugin v27.5 - https:\/\/yoast.com\/product\/yoast-seo-wordpress\/ -->\n<title>Al Hablar En P\u00fablico, \u00bfFunciona Imaginarlos Desnudos? - TecnicasHablarEnPublico.Com<\/title>\n<meta name=\"robots\" content=\"index, follow, max-snippet:-1, max-image-preview:large, max-video-preview:-1\" \/>\n<link rel=\"canonical\" href=\"https:\/\/tecnicashablarenpublico.com\/blog\/al-hablar-en-publico-funciona-imaginarlos-desnudos\/\" \/>\n<meta property=\"og:locale\" content=\"es_ES\" \/>\n<meta property=\"og:type\" content=\"article\" \/>\n<meta property=\"og:title\" content=\"Al Hablar En P\u00fablico, \u00bfFunciona Imaginarlos Desnudos? - TecnicasHablarEnPublico.Com\" \/>\n<meta property=\"og:description\" content=\"\u00bfAlguna vez has escuchado el siguiente consejo?&#8230; \u00abCuando Hables en P\u00fablico s\u00f3lo tienes que imaginar a las personas DESNUDAS, as\u00ed te vas a olvidar de estar nervioso.\u00bb La verdad NO te lo recomiendo: \u00bfPor qu\u00e9? Sigue leyendo y te explico&#8230; En una ocasi\u00f3n ten\u00eda que realizar una presentaci\u00f3n en p\u00fablico que me ten\u00eda muy ansioso. [&hellip;]\" \/>\n<meta property=\"og:url\" content=\"https:\/\/tecnicashablarenpublico.com\/blog\/al-hablar-en-publico-funciona-imaginarlos-desnudos\/\" \/>\n<meta property=\"og:site_name\" content=\"TecnicasHablarEnPublico.Com\" \/>\n<meta property=\"article:publisher\" content=\"https:\/\/www.facebook.com\/VictorToscanoOficial\/\" \/>\n<meta property=\"article:author\" content=\"https:\/\/www.facebook.com\/victortoscanooficial\" \/>\n<meta property=\"article:published_time\" content=\"2013-05-02T13:08:07+00:00\" \/>\n<meta property=\"article:modified_time\" content=\"2013-11-19T16:40:53+00:00\" \/>\n<meta property=\"og:image\" content=\"https:\/\/tecnicashablarenpublico.com\/blog\/wp-content\/uploads\/2013\/04\/Al-Hablar-En-Publico-Funciona-Imaginarlos-Desnudos-300x183.jpg\" \/>\n<meta name=\"author\" content=\"Victor Toscano T V\" \/>\n<meta name=\"twitter:card\" content=\"summary_large_image\" \/>\n<meta name=\"twitter:creator\" content=\"@_victortoscano\" \/>\n<meta name=\"twitter:label1\" content=\"Escrito por\" \/>\n\t<meta name=\"twitter:data1\" content=\"Victor Toscano T V\" \/>\n\t<meta name=\"twitter:label2\" content=\"Tiempo de lectura\" \/>\n\t<meta name=\"twitter:data2\" content=\"3 minutos\" \/>\n<script type=\"application\/ld+json\" class=\"yoast-schema-graph\">{\"@context\":\"https:\\\/\\\/schema.org\",\"@graph\":[{\"@type\":\"Article\",\"@id\":\"https:\\\/\\\/tecnicashablarenpublico.com\\\/blog\\\/al-hablar-en-publico-funciona-imaginarlos-desnudos\\\/#article\",\"isPartOf\":{\"@id\":\"https:\\\/\\\/tecnicashablarenpublico.com\\\/blog\\\/al-hablar-en-publico-funciona-imaginarlos-desnudos\\\/\"},\"author\":{\"name\":\"Victor Toscano T V\",\"@id\":\"https:\\\/\\\/tecnicashablarenpublico.com\\\/blog\\\/#\\\/schema\\\/person\\\/f6a96b9bb773de8f08f84e4d6e6cf28f\"},\"headline\":\"Al Hablar En P\u00fablico, \u00bfFunciona Imaginarlos Desnudos?\",\"datePublished\":\"2013-05-02T13:08:07+00:00\",\"dateModified\":\"2013-11-19T16:40:53+00:00\",\"mainEntityOfPage\":{\"@id\":\"https:\\\/\\\/tecnicashablarenpublico.com\\\/blog\\\/al-hablar-en-publico-funciona-imaginarlos-desnudos\\\/\"},\"wordCount\":629,\"commentCount\":5446,\"publisher\":{\"@id\":\"https:\\\/\\\/tecnicashablarenpublico.com\\\/blog\\\/#organization\"},\"image\":{\"@id\":\"https:\\\/\\\/tecnicashablarenpublico.com\\\/blog\\\/al-hablar-en-publico-funciona-imaginarlos-desnudos\\\/#primaryimage\"},\"thumbnailUrl\":\"https:\\\/\\\/tecnicashablarenpublico.com\\\/blog\\\/wp-content\\\/uploads\\\/2013\\\/04\\\/Al-Hablar-En-Publico-Funciona-Imaginarlos-Desnudos-300x183.jpg\",\"keywords\":[\"como hablar en publico\",\"hablar en publico\",\"miedo a hablar en publico\"],\"articleSection\":[\"Miedo a Hablar en P\u00fablico\",\"T\u00e9cnicas Para Hablar En P\u00fablico\"],\"inLanguage\":\"es\"},{\"@type\":\"WebPage\",\"@id\":\"https:\\\/\\\/tecnicashablarenpublico.com\\\/blog\\\/al-hablar-en-publico-funciona-imaginarlos-desnudos\\\/\",\"url\":\"https:\\\/\\\/tecnicashablarenpublico.com\\\/blog\\\/al-hablar-en-publico-funciona-imaginarlos-desnudos\\\/\",\"name\":\"Al Hablar En P\u00fablico, \u00bfFunciona Imaginarlos Desnudos? - TecnicasHablarEnPublico.Com\",\"isPartOf\":{\"@id\":\"https:\\\/\\\/tecnicashablarenpublico.com\\\/blog\\\/#website\"},\"primaryImageOfPage\":{\"@id\":\"https:\\\/\\\/tecnicashablarenpublico.com\\\/blog\\\/al-hablar-en-publico-funciona-imaginarlos-desnudos\\\/#primaryimage\"},\"image\":{\"@id\":\"https:\\\/\\\/tecnicashablarenpublico.com\\\/blog\\\/al-hablar-en-publico-funciona-imaginarlos-desnudos\\\/#primaryimage\"},\"thumbnailUrl\":\"https:\\\/\\\/tecnicashablarenpublico.com\\\/blog\\\/wp-content\\\/uploads\\\/2013\\\/04\\\/Al-Hablar-En-Publico-Funciona-Imaginarlos-Desnudos-300x183.jpg\",\"datePublished\":\"2013-05-02T13:08:07+00:00\",\"dateModified\":\"2013-11-19T16:40:53+00:00\",\"breadcrumb\":{\"@id\":\"https:\\\/\\\/tecnicashablarenpublico.com\\\/blog\\\/al-hablar-en-publico-funciona-imaginarlos-desnudos\\\/#breadcrumb\"},\"inLanguage\":\"es\",\"potentialAction\":[{\"@type\":\"ReadAction\",\"target\":[\"https:\\\/\\\/tecnicashablarenpublico.com\\\/blog\\\/al-hablar-en-publico-funciona-imaginarlos-desnudos\\\/\"]}]},{\"@type\":\"ImageObject\",\"inLanguage\":\"es\",\"@id\":\"https:\\\/\\\/tecnicashablarenpublico.com\\\/blog\\\/al-hablar-en-publico-funciona-imaginarlos-desnudos\\\/#primaryimage\",\"url\":\"https:\\\/\\\/i0.wp.com\\\/tecnicashablarenpublico.com\\\/blog\\\/wp-content\\\/uploads\\\/2013\\\/04\\\/Al-Hablar-En-Publico-Funciona-Imaginarlos-Desnudos.jpg?fit=380%2C232&ssl=1\",\"contentUrl\":\"https:\\\/\\\/i0.wp.com\\\/tecnicashablarenpublico.com\\\/blog\\\/wp-content\\\/uploads\\\/2013\\\/04\\\/Al-Hablar-En-Publico-Funciona-Imaginarlos-Desnudos.jpg?fit=380%2C232&ssl=1\",\"width\":380,\"height\":232,\"caption\":\"\u00bfFunciona Imaginarlos Desnudos?\"},{\"@type\":\"BreadcrumbList\",\"@id\":\"https:\\\/\\\/tecnicashablarenpublico.com\\\/blog\\\/al-hablar-en-publico-funciona-imaginarlos-desnudos\\\/#breadcrumb\",\"itemListElement\":[{\"@type\":\"ListItem\",\"position\":1,\"name\":\"Portada\",\"item\":\"https:\\\/\\\/tecnicashablarenpublico.com\\\/blog\\\/\"},{\"@type\":\"ListItem\",\"position\":2,\"name\":\"Al Hablar En P\u00fablico, \u00bfFunciona Imaginarlos Desnudos?\"}]},{\"@type\":\"WebSite\",\"@id\":\"https:\\\/\\\/tecnicashablarenpublico.com\\\/blog\\\/#website\",\"url\":\"https:\\\/\\\/tecnicashablarenpublico.com\\\/blog\\\/\",\"name\":\"TecnicasHablarEnPublico.Com\",\"description\":\"Blog\",\"publisher\":{\"@id\":\"https:\\\/\\\/tecnicashablarenpublico.com\\\/blog\\\/#organization\"},\"potentialAction\":[{\"@type\":\"SearchAction\",\"target\":{\"@type\":\"EntryPoint\",\"urlTemplate\":\"https:\\\/\\\/tecnicashablarenpublico.com\\\/blog\\\/?s={search_term_string}\"},\"query-input\":{\"@type\":\"PropertyValueSpecification\",\"valueRequired\":true,\"valueName\":\"search_term_string\"}}],\"inLanguage\":\"es\"},{\"@type\":\"Organization\",\"@id\":\"https:\\\/\\\/tecnicashablarenpublico.com\\\/blog\\\/#organization\",\"name\":\"TecnicasHablarEnPublico\",\"url\":\"https:\\\/\\\/tecnicashablarenpublico.com\\\/blog\\\/\",\"logo\":{\"@type\":\"ImageObject\",\"inLanguage\":\"es\",\"@id\":\"https:\\\/\\\/tecnicashablarenpublico.com\\\/blog\\\/#\\\/schema\\\/logo\\\/image\\\/\",\"url\":\"https:\\\/\\\/i0.wp.com\\\/tecnicashablarenpublico.com\\\/blog\\\/wp-content\\\/uploads\\\/2014\\\/11\\\/logo_cuadrado.png?fit=286%2C255&ssl=1\",\"contentUrl\":\"https:\\\/\\\/i0.wp.com\\\/tecnicashablarenpublico.com\\\/blog\\\/wp-content\\\/uploads\\\/2014\\\/11\\\/logo_cuadrado.png?fit=286%2C255&ssl=1\",\"width\":286,\"height\":255,\"caption\":\"TecnicasHablarEnPublico\"},\"image\":{\"@id\":\"https:\\\/\\\/tecnicashablarenpublico.com\\\/blog\\\/#\\\/schema\\\/logo\\\/image\\\/\"},\"sameAs\":[\"https:\\\/\\\/www.facebook.com\\\/VictorToscanoOficial\\\/\"]},{\"@type\":\"Person\",\"@id\":\"https:\\\/\\\/tecnicashablarenpublico.com\\\/blog\\\/#\\\/schema\\\/person\\\/f6a96b9bb773de8f08f84e4d6e6cf28f\",\"name\":\"Victor Toscano T V\",\"image\":{\"@type\":\"ImageObject\",\"inLanguage\":\"es\",\"@id\":\"https:\\\/\\\/secure.gravatar.com\\\/avatar\\\/e45c6f1f2986615bd1357fd094a24ab45a2ce7ca867817458fbebca30cd78e46?s=96&d=mm&r=g\",\"url\":\"https:\\\/\\\/secure.gravatar.com\\\/avatar\\\/e45c6f1f2986615bd1357fd094a24ab45a2ce7ca867817458fbebca30cd78e46?s=96&d=mm&r=g\",\"contentUrl\":\"https:\\\/\\\/secure.gravatar.com\\\/avatar\\\/e45c6f1f2986615bd1357fd094a24ab45a2ce7ca867817458fbebca30cd78e46?s=96&d=mm&r=g\",\"caption\":\"Victor Toscano T V\"},\"description\":\"Un apasionado en el tema de Hablar en P\u00fablico y el Crecimiento Personal, que pas\u00f3 de \\\"t\u00edmido\\\" a Conferencista Internacional en menos de dos a\u00f1os.\",\"sameAs\":[\"http:\\\/\\\/www.tecnicashablarenpublico.com\",\"https:\\\/\\\/www.facebook.com\\\/victortoscanooficial\",\"http:\\\/\\\/mx.linkedin.com\\\/in\\\/victortoscano\\\/\",\"http:\\\/\\\/www.pinterest.com\\\/victortoscano\\\/\",\"https:\\\/\\\/x.com\\\/_victortoscano\",\"http:\\\/\\\/victortoscano.com.mx\\\/youtube\"],\"url\":\"https:\\\/\\\/tecnicashablarenpublico.com\\\/blog\\\/author\\\/vict26\\\/\"}]}<\/script>\n<!-- \/ Yoast SEO plugin. -->","yoast_head_json":{"title":"Al Hablar En P\u00fablico, \u00bfFunciona Imaginarlos Desnudos? - TecnicasHablarEnPublico.Com","robots":{"index":"index","follow":"follow","max-snippet":"max-snippet:-1","max-image-preview":"max-image-preview:large","max-video-preview":"max-video-preview:-1"},"canonical":"https:\/\/tecnicashablarenpublico.com\/blog\/al-hablar-en-publico-funciona-imaginarlos-desnudos\/","og_locale":"es_ES","og_type":"article","og_title":"Al Hablar En P\u00fablico, \u00bfFunciona Imaginarlos Desnudos? - TecnicasHablarEnPublico.Com","og_description":"\u00bfAlguna vez has escuchado el siguiente consejo?&#8230; \u00abCuando Hables en P\u00fablico s\u00f3lo tienes que imaginar a las personas DESNUDAS, as\u00ed te vas a olvidar de estar nervioso.\u00bb La verdad NO te lo recomiendo: \u00bfPor qu\u00e9? Sigue leyendo y te explico&#8230; En una ocasi\u00f3n ten\u00eda que realizar una presentaci\u00f3n en p\u00fablico que me ten\u00eda muy ansioso. [&hellip;]","og_url":"https:\/\/tecnicashablarenpublico.com\/blog\/al-hablar-en-publico-funciona-imaginarlos-desnudos\/","og_site_name":"TecnicasHablarEnPublico.Com","article_publisher":"https:\/\/www.facebook.com\/VictorToscanoOficial\/","article_author":"https:\/\/www.facebook.com\/victortoscanooficial","article_published_time":"2013-05-02T13:08:07+00:00","article_modified_time":"2013-11-19T16:40:53+00:00","og_image":[{"url":"https:\/\/tecnicashablarenpublico.com\/blog\/wp-content\/uploads\/2013\/04\/Al-Hablar-En-Publico-Funciona-Imaginarlos-Desnudos-300x183.jpg","type":"","width":"","height":""}],"author":"Victor Toscano T V","twitter_card":"summary_large_image","twitter_creator":"@_victortoscano","twitter_misc":{"Escrito por":"Victor Toscano T V","Tiempo de lectura":"3 minutos"},"schema":{"@context":"https:\/\/schema.org","@graph":[{"@type":"Article","@id":"https:\/\/tecnicashablarenpublico.com\/blog\/al-hablar-en-publico-funciona-imaginarlos-desnudos\/#article","isPartOf":{"@id":"https:\/\/tecnicashablarenpublico.com\/blog\/al-hablar-en-publico-funciona-imaginarlos-desnudos\/"},"author":{"name":"Victor Toscano T V","@id":"https:\/\/tecnicashablarenpublico.com\/blog\/#\/schema\/person\/f6a96b9bb773de8f08f84e4d6e6cf28f"},"headline":"Al Hablar En P\u00fablico, \u00bfFunciona Imaginarlos Desnudos?","datePublished":"2013-05-02T13:08:07+00:00","dateModified":"2013-11-19T16:40:53+00:00","mainEntityOfPage":{"@id":"https:\/\/tecnicashablarenpublico.com\/blog\/al-hablar-en-publico-funciona-imaginarlos-desnudos\/"},"wordCount":629,"commentCount":5446,"publisher":{"@id":"https:\/\/tecnicashablarenpublico.com\/blog\/#organization"},"image":{"@id":"https:\/\/tecnicashablarenpublico.com\/blog\/al-hablar-en-publico-funciona-imaginarlos-desnudos\/#primaryimage"},"thumbnailUrl":"https:\/\/tecnicashablarenpublico.com\/blog\/wp-content\/uploads\/2013\/04\/Al-Hablar-En-Publico-Funciona-Imaginarlos-Desnudos-300x183.jpg","keywords":["como hablar en publico","hablar en publico","miedo a hablar en publico"],"articleSection":["Miedo a Hablar en P\u00fablico","T\u00e9cnicas Para Hablar En P\u00fablico"],"inLanguage":"es"},{"@type":"WebPage","@id":"https:\/\/tecnicashablarenpublico.com\/blog\/al-hablar-en-publico-funciona-imaginarlos-desnudos\/","url":"https:\/\/tecnicashablarenpublico.com\/blog\/al-hablar-en-publico-funciona-imaginarlos-desnudos\/","name":"Al Hablar En P\u00fablico, \u00bfFunciona Imaginarlos Desnudos? - TecnicasHablarEnPublico.Com","isPartOf":{"@id":"https:\/\/tecnicashablarenpublico.com\/blog\/#website"},"primaryImageOfPage":{"@id":"https:\/\/tecnicashablarenpublico.com\/blog\/al-hablar-en-publico-funciona-imaginarlos-desnudos\/#primaryimage"},"image":{"@id":"https:\/\/tecnicashablarenpublico.com\/blog\/al-hablar-en-publico-funciona-imaginarlos-desnudos\/#primaryimage"},"thumbnailUrl":"https:\/\/tecnicashablarenpublico.com\/blog\/wp-content\/uploads\/2013\/04\/Al-Hablar-En-Publico-Funciona-Imaginarlos-Desnudos-300x183.jpg","datePublished":"2013-05-02T13:08:07+00:00","dateModified":"2013-11-19T16:40:53+00:00","breadcrumb":{"@id":"https:\/\/tecnicashablarenpublico.com\/blog\/al-hablar-en-publico-funciona-imaginarlos-desnudos\/#breadcrumb"},"inLanguage":"es","potentialAction":[{"@type":"ReadAction","target":["https:\/\/tecnicashablarenpublico.com\/blog\/al-hablar-en-publico-funciona-imaginarlos-desnudos\/"]}]},{"@type":"ImageObject","inLanguage":"es","@id":"https:\/\/tecnicashablarenpublico.com\/blog\/al-hablar-en-publico-funciona-imaginarlos-desnudos\/#primaryimage","url":"https:\/\/i0.wp.com\/tecnicashablarenpublico.com\/blog\/wp-content\/uploads\/2013\/04\/Al-Hablar-En-Publico-Funciona-Imaginarlos-Desnudos.jpg?fit=380%2C232&ssl=1","contentUrl":"https:\/\/i0.wp.com\/tecnicashablarenpublico.com\/blog\/wp-content\/uploads\/2013\/04\/Al-Hablar-En-Publico-Funciona-Imaginarlos-Desnudos.jpg?fit=380%2C232&ssl=1","width":380,"height":232,"caption":"\u00bfFunciona Imaginarlos Desnudos?"},{"@type":"BreadcrumbList","@id":"https:\/\/tecnicashablarenpublico.com\/blog\/al-hablar-en-publico-funciona-imaginarlos-desnudos\/#breadcrumb","itemListElement":[{"@type":"ListItem","position":1,"name":"Portada","item":"https:\/\/tecnicashablarenpublico.com\/blog\/"},{"@type":"ListItem","position":2,"name":"Al Hablar En P\u00fablico, \u00bfFunciona Imaginarlos Desnudos?"}]},{"@type":"WebSite","@id":"https:\/\/tecnicashablarenpublico.com\/blog\/#website","url":"https:\/\/tecnicashablarenpublico.com\/blog\/","name":"TecnicasHablarEnPublico.Com","description":"Blog","publisher":{"@id":"https:\/\/tecnicashablarenpublico.com\/blog\/#organization"},"potentialAction":[{"@type":"SearchAction","target":{"@type":"EntryPoint","urlTemplate":"https:\/\/tecnicashablarenpublico.com\/blog\/?s={search_term_string}"},"query-input":{"@type":"PropertyValueSpecification","valueRequired":true,"valueName":"search_term_string"}}],"inLanguage":"es"},{"@type":"Organization","@id":"https:\/\/tecnicashablarenpublico.com\/blog\/#organization","name":"TecnicasHablarEnPublico","url":"https:\/\/tecnicashablarenpublico.com\/blog\/","logo":{"@type":"ImageObject","inLanguage":"es","@id":"https:\/\/tecnicashablarenpublico.com\/blog\/#\/schema\/logo\/image\/","url":"https:\/\/i0.wp.com\/tecnicashablarenpublico.com\/blog\/wp-content\/uploads\/2014\/11\/logo_cuadrado.png?fit=286%2C255&ssl=1","contentUrl":"https:\/\/i0.wp.com\/tecnicashablarenpublico.com\/blog\/wp-content\/uploads\/2014\/11\/logo_cuadrado.png?fit=286%2C255&ssl=1","width":286,"height":255,"caption":"TecnicasHablarEnPublico"},"image":{"@id":"https:\/\/tecnicashablarenpublico.com\/blog\/#\/schema\/logo\/image\/"},"sameAs":["https:\/\/www.facebook.com\/VictorToscanoOficial\/"]},{"@type":"Person","@id":"https:\/\/tecnicashablarenpublico.com\/blog\/#\/schema\/person\/f6a96b9bb773de8f08f84e4d6e6cf28f","name":"Victor Toscano T V","image":{"@type":"ImageObject","inLanguage":"es","@id":"https:\/\/secure.gravatar.com\/avatar\/e45c6f1f2986615bd1357fd094a24ab45a2ce7ca867817458fbebca30cd78e46?s=96&d=mm&r=g","url":"https:\/\/secure.gravatar.com\/avatar\/e45c6f1f2986615bd1357fd094a24ab45a2ce7ca867817458fbebca30cd78e46?s=96&d=mm&r=g","contentUrl":"https:\/\/secure.gravatar.com\/avatar\/e45c6f1f2986615bd1357fd094a24ab45a2ce7ca867817458fbebca30cd78e46?s=96&d=mm&r=g","caption":"Victor Toscano T V"},"description":"Un apasionado en el tema de Hablar en P\u00fablico y el Crecimiento Personal, que pas\u00f3 de \"t\u00edmido\" a Conferencista Internacional en menos de dos a\u00f1os.","sameAs":["http:\/\/www.tecnicashablarenpublico.com","https:\/\/www.facebook.com\/victortoscanooficial","http:\/\/mx.linkedin.com\/in\/victortoscano\/","http:\/\/www.pinterest.com\/victortoscano\/","https:\/\/x.com\/_victortoscano","http:\/\/victortoscano.com.mx\/youtube"],"url":"https:\/\/tecnicashablarenpublico.com\/blog\/author\/vict26\/"}]}},"jetpack_publicize_connections":[],"jetpack_featured_media_url":"","jetpack_shortlink":"https:\/\/wp.me\/p338RC-iL","jetpack-related-posts":[{"id":1188,"url":"https:\/\/tecnicashablarenpublico.com\/blog\/como-empezar-a-hablar-en-tu-presentacion-en-publico-tecnica-efectiva\/","url_meta":{"origin":1163,"position":0},"title":"C\u00f3mo Empezar a Hablar en tu Presentaci\u00f3n En P\u00fablico &#8211; T\u00e9cnica Efectiva","author":"Victor Toscano T V","date":"09\/05\/2013","format":false,"excerpt":"Esta es una T\u00e9cnica \"M\u00c1GICA\" para empezar a Hablar en P\u00fablico: Hace un par de d\u00edas me present\u00e9 ante un p\u00fablico para dar una pl\u00e1tica motivacional y realmente quer\u00eda entregar todo mi entusiasmo, pero estaba un poco nervioso y mi energ\u00eda no estaba al m\u00e1ximo... \u00bfQu\u00e9 fue lo que hice?\u2026","rel":"","context":"En \u00abT\u00e9cnicas Para Hablar En P\u00fablico\u00bb","block_context":{"text":"T\u00e9cnicas Para Hablar En P\u00fablico","link":"https:\/\/tecnicashablarenpublico.com\/blog\/category\/tecnicas-para-hablar-en-publico\/"},"img":{"alt_text":"C\u00f3mo Empezar a Hablar en tu Presentaci\u00f3n En P\u00fablico - T\u00e9cnica Efectiva","src":"https:\/\/i0.wp.com\/tecnicashablarenpublico.com\/blog\/wp-content\/uploads\/2013\/05\/C%C3%B3mo-Empezar-a-Hablar-en-tu-Presentaci%C3%B3n-En-P%C3%BAblico-T%C3%A9cnica-Efectiva-300x294.png?resize=350%2C200&ssl=1","width":350,"height":200},"classes":[]},{"id":570,"url":"https:\/\/tecnicashablarenpublico.com\/blog\/tengo-miedo-a-hablar-en-publico-que-hago\/","url_meta":{"origin":1163,"position":1},"title":"Tengo Miedo A Hablar En P\u00fablico, \u00bfQu\u00e9 Hago?","author":"Victor Toscano T V","date":"08\/11\/2012","format":false,"excerpt":"Esa era la misma pregunta que yo me hac\u00eda hace 4 a\u00f1os, porque mi\u00a0miedo a hablar en p\u00fablico\u00a0era\u00a0TERRIBLE. Si t\u00fa tambi\u00e9n quieres perder tu miedo, esto te interesa mucho... Durante mis estudios, tuve que enfrentar y soportar muchas veces mi miedo a\u00a0exponer en clase. La mayor\u00eda de las veces, lo\u2026","rel":"","context":"En \u00abMiedo a Hablar en P\u00fablico\u00bb","block_context":{"text":"Miedo a Hablar en P\u00fablico","link":"https:\/\/tecnicashablarenpublico.com\/blog\/category\/miedo-a-hablar-en-publico\/"},"img":{"alt_text":"Tengo Miedo a Hablar en P\u00fablico, Que Hago","src":"https:\/\/miedohablarenpublico.files.wordpress.com\/2012\/11\/tengo-miedo-a-hablar-en-pc3bablico-c2bfquc3a9-hago.jpg?w=350&h=200&crop=1","width":350,"height":200},"classes":[]},{"id":837,"url":"https:\/\/tecnicashablarenpublico.com\/blog\/tecnica-especial-para-dominar-el-miedo-a-hablar-en-publico\/","url_meta":{"origin":1163,"position":2},"title":"T\u00e9cnica Especial Para Dominar El Miedo A Hablar En P\u00fablico","author":"Victor Toscano T V","date":"16\/01\/2013","format":false,"excerpt":"\u00a0 [headline_arial_medium_centered color=\"#aa0000\"]\"C\u00f3mo Vencer El Miedo\"[\/headline_arial_medium_centered] Hay tres soluciones principales para ayudarte a reducir el miedo y hacer que\u00a0funcione a tu favor\u00a0y no en tu contra: [headline_arial_small_centered color=\"#000000\"]1. Ac\u00e9ptalo como una manera natural de ayudarte a ti.[\/headline_arial_small_centered] No tienes por qu\u00e9 estar aterrado del miedo cuando aceptas que\u00a0es una forma\u2026","rel":"","context":"En \u00abAprender a Hablar en Publico\u00bb","block_context":{"text":"Aprender a Hablar en Publico","link":"https:\/\/tecnicashablarenpublico.com\/blog\/category\/aprender-a-hablar-en-publico\/"},"img":{"alt_text":"","src":"https:\/\/i0.wp.com\/tecnicashablarenpublico.com\/blog\/wp-content\/themes\/OptimizePress\/images\/large-signupnow.png?resize=350%2C200&ssl=1","width":350,"height":200},"classes":[]},{"id":806,"url":"https:\/\/tecnicashablarenpublico.com\/blog\/tecnica-para-dominar-los-nervios-al-hablar-en-publico-4\/","url_meta":{"origin":1163,"position":3},"title":"T\u00e9cnica Para Dominar Los Nervios Al Hablar En P\u00fablico #4","author":"Victor Toscano T V","date":"16\/01\/2013","format":false,"excerpt":"\u00a0 [headline_arial_medium_centered color=\"#aa0000\"]\"Prepara Una Introducci\u00f3n Que Te Relaje A Ti Y A Tu P\u00fablico\"[\/headline_arial_medium_centered] La mayor\u00eda de los expositores saben que una vez que consigan una reacci\u00f3n favorable del p\u00fablico, se relajar\u00e1n. Por ello,\u00a0varios expositores empiezan con buen humor\u00a0- esto los relaja a ellos y a su p\u00fablico. Si una\u2026","rel":"","context":"En \u00abAprender a Hablar en Publico\u00bb","block_context":{"text":"Aprender a Hablar en Publico","link":"https:\/\/tecnicashablarenpublico.com\/blog\/category\/aprender-a-hablar-en-publico\/"},"img":{"alt_text":"","src":"https:\/\/i0.wp.com\/tecnicashablarenpublico.com\/blog\/wp-content\/themes\/OptimizePress\/images\/large-signupnow.png?resize=350%2C200&ssl=1","width":350,"height":200},"classes":[]},{"id":2177,"url":"https:\/\/tecnicashablarenpublico.com\/blog\/como-hablar-en-publico-como-un-profesional-sin-miedo-y-sin-nervios-descarga-gratis-libro-pdf\/","url_meta":{"origin":1163,"position":4},"title":"C\u00f3mo Hablar en P\u00fablico Como Un Profesional: Sin Miedo y Sin Nervios | Descarga Gratis Libro PDF","author":"Victor Toscano T V","date":"24\/06\/2015","format":false,"excerpt":"\u00bfC\u00f3mo Hablar en P\u00fablico? C\u00f3mo Hablar en P\u00fablico Sin Miedo y Sin Nervios. Descarga Gratis este Libro en PDF por V\u00edctor Toscano, y Accede al Curso de Oratoria Moderna Online... https:\/\/youtu.be\/WuxxwXEW06Q Descarga GRATIS este Libro en PDF de C\u00f3mo Hablar en P\u00fablico por V\u00edctor Toscano y Accede sin costo al\u2026","rel":"","context":"En \u00abComo Hablar en Publico\u00bb","block_context":{"text":"Como Hablar en Publico","link":"https:\/\/tecnicashablarenpublico.com\/blog\/category\/como-hablar-en-publico-2\/"},"img":{"alt_text":"Como hablar en p\u00fablico sin miedo y controlar los nervios","src":"https:\/\/i0.wp.com\/optimizacionpaginasmedia.s3.amazonaws.com\/2020\/05\/como-hablar-en-publico-sin-miedo-y-controlar-los-nervios.jpg?fit=900%2C550&ssl=1&resize=350%2C200","width":350,"height":200,"srcset":"https:\/\/i0.wp.com\/optimizacionpaginasmedia.s3.amazonaws.com\/2020\/05\/como-hablar-en-publico-sin-miedo-y-controlar-los-nervios.jpg?fit=900%2C550&ssl=1&resize=350%2C200 1x, https:\/\/i0.wp.com\/optimizacionpaginasmedia.s3.amazonaws.com\/2020\/05\/como-hablar-en-publico-sin-miedo-y-controlar-los-nervios.jpg?fit=900%2C550&ssl=1&resize=525%2C300 1.5x, https:\/\/i0.wp.com\/optimizacionpaginasmedia.s3.amazonaws.com\/2020\/05\/como-hablar-en-publico-sin-miedo-y-controlar-los-nervios.jpg?fit=900%2C550&ssl=1&resize=700%2C400 2x"},"classes":[]},{"id":901,"url":"https:\/\/tecnicashablarenpublico.com\/blog\/como-superar-el-panico-escenico-en-3-semanas\/","url_meta":{"origin":1163,"position":5},"title":"C\u00f3mo Superar El P\u00e1nico Esc\u00e9nico En 3 Semanas","author":"Victor Toscano T V","date":"29\/01\/2013","format":false,"excerpt":"Si eres de esas personas que sufren de p\u00e1nico esc\u00e9nico, sudan, tiemblan y su voz se quiebra cuando hablan en p\u00fablico, esto te interesa... El p\u00e1nico esc\u00e9nico se puede superar en tan s\u00f3lo 3 semanas si sigues los siguientes pasos: Un d\u00eda hace varios a\u00f1os estaba yo sentado en la\u2026","rel":"","context":"En \u00abComo Hablar en Publico\u00bb","block_context":{"text":"Como Hablar en Publico","link":"https:\/\/tecnicashablarenpublico.com\/blog\/category\/como-hablar-en-publico-2\/"},"img":{"alt_text":"C\u00f3mo Superar El P\u00e1nico Esc\u00e9nico En 3 Semanas","src":"https:\/\/i0.wp.com\/tecnicashablarenpublico.com\/blog\/wp-content\/uploads\/2013\/01\/C%C3%B3mo-Superar-El-P%C3%A1nico-Esc%C3%A9nico-En-3-Semanas-300x211.jpg?resize=350%2C200&ssl=1","width":350,"height":200},"classes":[]}],"jetpack_sharing_enabled":true,"_links":{"self":[{"href":"https:\/\/tecnicashablarenpublico.com\/blog\/wp-json\/wp\/v2\/posts\/1163","targetHints":{"allow":["GET"]}}],"collection":[{"href":"https:\/\/tecnicashablarenpublico.com\/blog\/wp-json\/wp\/v2\/posts"}],"about":[{"href":"https:\/\/tecnicashablarenpublico.com\/blog\/wp-json\/wp\/v2\/types\/post"}],"author":[{"embeddable":true,"href":"https:\/\/tecnicashablarenpublico.com\/blog\/wp-json\/wp\/v2\/users\/1"}],"replies":[{"embeddable":true,"href":"https:\/\/tecnicashablarenpublico.com\/blog\/wp-json\/wp\/v2\/comments?post=1163"}],"version-history":[{"count":0,"href":"https:\/\/tecnicashablarenpublico.com\/blog\/wp-json\/wp\/v2\/posts\/1163\/revisions"}],"wp:attachment":[{"href":"https:\/\/tecnicashablarenpublico.com\/blog\/wp-json\/wp\/v2\/media?parent=1163"}],"wp:term":[{"taxonomy":"category","embeddable":true,"href":"https:\/\/tecnicashablarenpublico.com\/blog\/wp-json\/wp\/v2\/categories?post=1163"},{"taxonomy":"post_tag","embeddable":true,"href":"https:\/\/tecnicashablarenpublico.com\/blog\/wp-json\/wp\/v2\/tags?post=1163"}],"curies":[{"name":"wp","href":"https:\/\/api.w.org\/{rel}","templated":true}]}}