{"id":1127,"date":"2013-04-24T07:45:37","date_gmt":"2013-04-24T13:45:37","guid":{"rendered":"https:\/\/tecnicashablarenpublico.com\/blog\/?p=1127"},"modified":"2023-06-14T15:27:10","modified_gmt":"2023-06-14T21:27:10","slug":"que-es-un-conferencista-conferenciante","status":"publish","type":"post","link":"https:\/\/tecnicashablarenpublico.com\/blog\/que-es-un-conferencista-conferenciante\/","title":{"rendered":"\u00bfQue Es Un Conferencista? (conferenciante)"},"content":{"rendered":"<figure id=\"attachment_1135\" aria-describedby=\"caption-attachment-1135\" style=\"width: 259px\" class=\"wp-caption alignleft\"><a href=\"https:\/\/tecnicashablarenpublico.com\/\"><img decoding=\"async\" data-attachment-id=\"1135\" data-permalink=\"https:\/\/tecnicashablarenpublico.com\/blog\/que-es-un-conferencista-conferenciante\/que-es-un-conferencista-conferenciante\/\" data-orig-file=\"https:\/\/i0.wp.com\/tecnicashablarenpublico.com\/blog\/wp-content\/uploads\/2013\/04\/Que-Es-Un-Conferencista-Conferenciante.jpg?fit=259%2C194&amp;ssl=1\" data-orig-size=\"259,194\" data-comments-opened=\"0\" data-image-meta=\"{&quot;aperture&quot;:&quot;0&quot;,&quot;credit&quot;:&quot;&quot;,&quot;camera&quot;:&quot;&quot;,&quot;caption&quot;:&quot;&quot;,&quot;created_timestamp&quot;:&quot;0&quot;,&quot;copyright&quot;:&quot;&quot;,&quot;focal_length&quot;:&quot;0&quot;,&quot;iso&quot;:&quot;0&quot;,&quot;shutter_speed&quot;:&quot;0&quot;,&quot;title&quot;:&quot;&quot;}\" data-image-title=\"Que Es Un Conferencista (Conferenciante)\" data-image-description=\"&lt;p&gt;\u00bfQue Es Un Conferencista &#8211; (Conferenciante)&lt;\/p&gt;\n\" data-image-caption=\"&lt;p&gt;\u00bfQue Es Un Conferencista?&lt;\/p&gt;\n\" data-large-file=\"https:\/\/i0.wp.com\/tecnicashablarenpublico.com\/blog\/wp-content\/uploads\/2013\/04\/Que-Es-Un-Conferencista-Conferenciante.jpg?fit=259%2C194&amp;ssl=1\" class=\"size-full wp-image-1135  lazyload\" title=\"\u00bfQue Es Un Conferencista - (Conferenciante)\" alt=\"\u00bfQue Es Un Conferencista - (Conferenciante)\" src=\"data:image\/gif;base64,R0lGODlhAQABAIAAAAAAAP\/\/\/yH5BAEAAAAALAAAAAABAAEAAAIBRAA7\" data-src=\"https:\/\/tecnicashablarenpublico.com\/blog\/wp-content\/uploads\/2013\/04\/Que-Es-Un-Conferencista-Conferenciante.jpg\" width=\"259\" height=\"194\"><figcaption id=\"caption-attachment-1135\" class=\"wp-caption-text\"><noscript><img data-recalc-dims=\"1\" decoding=\"async\" data-attachment-id=\"1135\" data-permalink=\"https:\/\/tecnicashablarenpublico.com\/blog\/que-es-un-conferencista-conferenciante\/que-es-un-conferencista-conferenciante\/\" data-orig-file=\"https:\/\/i0.wp.com\/tecnicashablarenpublico.com\/blog\/wp-content\/uploads\/2013\/04\/Que-Es-Un-Conferencista-Conferenciante.jpg?fit=259%2C194&amp;ssl=1\" data-orig-size=\"259,194\" data-comments-opened=\"0\" data-image-meta=\"{&quot;aperture&quot;:&quot;0&quot;,&quot;credit&quot;:&quot;&quot;,&quot;camera&quot;:&quot;&quot;,&quot;caption&quot;:&quot;&quot;,&quot;created_timestamp&quot;:&quot;0&quot;,&quot;copyright&quot;:&quot;&quot;,&quot;focal_length&quot;:&quot;0&quot;,&quot;iso&quot;:&quot;0&quot;,&quot;shutter_speed&quot;:&quot;0&quot;,&quot;title&quot;:&quot;&quot;}\" data-image-title=\"Que Es Un Conferencista (Conferenciante)\" data-image-description=\"&lt;p&gt;\u00bfQue Es Un Conferencista &#8211; (Conferenciante)&lt;\/p&gt;\n\" data-image-caption=\"&lt;p&gt;\u00bfQue Es Un Conferencista?&lt;\/p&gt;\n\" data-large-file=\"https:\/\/i0.wp.com\/tecnicashablarenpublico.com\/blog\/wp-content\/uploads\/2013\/04\/Que-Es-Un-Conferencista-Conferenciante.jpg?fit=259%2C194&amp;ssl=1\" class=\"size-full wp-image-1135  lazyload\" title=\"\u00bfQue Es Un Conferencista - (Conferenciante)\" alt=\"\u00bfQue Es Un Conferencista - (Conferenciante)\" src=\"https:\/\/i0.wp.com\/tecnicashablarenpublico.com\/blog\/wp-content\/uploads\/2013\/04\/Que-Es-Un-Conferencista-Conferenciante.jpg?fit=259%2C194&ssl=1\" width=\"259\" height=\"194\"><\/noscript><\/a> \u00bfQue Es Un Conferencista?<\/figcaption><\/figure>\n<p><strong><em>\u00abSer conferencista es el mejor trabajo del mundo, y el mejor pagado\u00bb&#8230;<\/em><\/strong><\/p>\n<p>Imagina lo siguiente:<\/p>\n<p>Un d\u00eda recibes una llamada donde alguien te pide dirigir unas palabras frente a un grupo de personas. S\u00f3lo tienes que <span style=\"text-decoration: underline;\">compartir con ellos tu experiencia<\/span> y conocimientos sobre lo que a ti te gusta. Vas a compartir con ellos tu <strong>PASI\u00d3N<\/strong>.<\/p>\n<p>Pero adem\u00e1s, te van a pagar <strong><span style=\"text-decoration: underline;\">$3,000 d\u00f3lares<\/span><\/strong> m\u00e1s todos los gastos del viaje. <em>\u00bfLo puedes creer?<\/em> Te van a pagar por hacer algo que te gusta, realizar una conferencia de 45 minutos en frente de una multitud deseosa de escucharte&#8230;<\/p>\n<p><em><strong>\u00bfImaginas recibir el sueldo de todo un mes en s\u00f3lo 45 minutos?<\/strong><\/em><\/p>\n<p>Pero no solo eso, sino que adem\u00e1s, vas a recibir el <span style=\"text-decoration: underline;\"><strong>agradecimiento<\/strong><\/span> de todas esas personas a quienes les est\u00e1s ayudando a mejorar sus vidas, a ver las cosas desde otro punto de vista y avanzar con ayuda de tu experiencia.<\/p>\n<p>Tu vas a pronunciar tus palabras UNA SOLA VEZ, pero si en la sala hay 500 personas, esas palabras ser\u00e1n escuchadas <strong>500 veces<\/strong>&#8230;<\/p>\n<p>Es por eso que un conferencista tiene en sus manos un gran <span style=\"text-decoration: underline;\">poder para INFLUIR<\/span> en la vida de muchas personas para bien, ese es su principal objetivo.<\/p>\n<p><strong>La vida siempre te recompensa&#8230;<\/strong><\/p>\n<p>Si un d\u00eda ayudas a una persona, la vida te dar\u00e1 una <span style=\"text-decoration: underline;\">gratificaci\u00f3n en el futuro<\/span>. Ahora imagina que ayudas a miles y miles de personas a mejorar sus vidas con tus palabras, tu motivaci\u00f3n, tu ense\u00f1anza, tus ejercicios y tu experiencia transmitida.<\/p>\n<p>Es por eso que se trata de uno de los trabajos <strong><em>mejor pagados<\/em><\/strong>&#8230;<\/p>\n<p>&#8230;Porque te da la oportunidad de APORTAR Valor en una enorme cantidad. Y como ya lo sabes, entre mayor valor aportes con tus acciones, m\u00e1s valor vas a recibir en forma de gratificaci\u00f3n a largo plazo.<\/p>\n<p><strong>Pero entonces, \u00bfQu\u00e9 es un conferencista?<\/strong><\/p>\n<p>Como no me quiero meter en cuestiones demasiado te\u00f3ricas, no te voy a dar la definici\u00f3n del diccionario, pero s\u00ed voy a compartir contigo algunas caracter\u00edsticas importantes que debe cumplir un conferencista.<\/p>\n<p><strong><em>Caracter\u00edsticas que definen a un CONFERENCISTA:<\/em><\/strong><\/p>\n<p style=\"padding-left: 30px;\"><strong>1.<\/strong> Es una persona que ha vivido alguna <strong><span style=\"text-decoration: underline;\">situaci\u00f3n problem\u00e1tica<\/span><\/strong> en su vida, y a trav\u00e9s de una serie de estrategias, una buena actitud y perseverancia, ha logrado transformar su vida para bien.<\/p>\n<p style=\"padding-left: 30px;\"><strong>2.<\/strong> Es una persona que ha descubierto <strong><span style=\"text-decoration: underline;\">su prop\u00f3sito en esta vida<\/span><\/strong>, y est\u00e1 cumpliendo con gran PASI\u00d3N ese prop\u00f3sito enfocado a su \u00e1mbito, el cual tiene como objetivo final ayudar a otros.<\/p>\n<p style=\"padding-left: 30px;\"><strong>3.<\/strong> Es una persona que tiene un <strong><span style=\"text-decoration: underline;\">deseo genuino de AYUDAR<\/span><\/strong> a otras personas a mejorar de alguna manera sus vidas, y busca siempre la manera de lograr este objetivo con estrategias de desarrollo personal.<\/p>\n<p style=\"padding-left: 30px;\"><strong>4.<\/strong> Es alguien que est\u00e1 trabajando con disciplina en <strong><span style=\"text-decoration: underline;\">mejorar cada vez m\u00e1s<\/span><\/strong> su habilidad para comunicarse en p\u00fablico, transmitir sus ideas, persuadir a las personas e influir con sus palabras.<\/p>\n<p style=\"padding-left: 30px;\"><strong>5.<\/strong> Esa persona est\u00e1 <strong><span style=\"text-decoration: underline;\">vendiendo su experiencia<\/span><\/strong> y para ello necesita dise\u00f1ar y promocionar su imagen con estrategias de mercadotecnia, ya que si nadie lo conoce, no tendr\u00e1 la oportunidad de aportar su valor.<\/p>\n<p>Estas cinco caracter\u00edsticas que acabo de compartir contigo son la clave para definir a una persona como conferencista (o conferenciante).<\/p>\n<p>Y si entre tus <strong><em>sue\u00f1os o planes<\/em><\/strong> de vida est\u00e1 el llegar a ser un conferencista, te recomiendo tomar nota de estas 5 caracter\u00edsticas que te ayudar\u00e1n a definir aquellos aspectos de tu vida en los que puedes trabajar.<\/p>\n<p>Adem\u00e1s, las puedes tomar como base para crear tu propio <span style=\"text-decoration: underline;\">plan de trabajo<\/span> con el objetivo de materializar este gran SUE\u00d1O en tu vida.<\/p>\n<p>No esperes m\u00e1s, empieza a tomar acci\u00f3n ahora mismo y da el primer paso hacia tu meta.<\/p>\n<p style=\"text-align: center;\">[DKB url=\u00bbhttps:\/\/tecnicashablarenpublico.com\/detalles-suscriptores\u00bb text=\u00bb\u00a1Haz Clic AQU\u00cd y Aprende a Hablar en P\u00fablico para Influir Hoy Mismo!\u00bb desc=\u00bbInscr\u00edbete a este curso en linea y descubre c\u00f3mo Influir con tus Palabras&#8230;\u00bb style=\u00bbstitched\u00bb color=\u00bb#006dd2&#8243; &nbsp;opennewwindow=\u00bbyes\u00bb]<\/p>\n<p>&nbsp;<strong>V\u00edctor Toscano<\/strong><\/p>\n<p><a href=\"https:\/\/tecnicashablarenpublico.com\/\" target=\"_blank\" rel=\"noopener\">TecnicasHablarEnPublico.com<\/a><\/p>\n<p><em><strong>P.D: Si te parece \u00fatil esta informaci\u00f3n, por favor haz clic en \u201cGoogle +1\u201d y comp\u00e1rtelo en \u00abFacebook\u00bb y \u201cTwitter\u201d. \u00a1Muchas Gracias!<\/strong><\/em><\/p>\n","protected":false},"excerpt":{"rendered":"<p>\u00abSer conferencista es el mejor trabajo del mundo, y el mejor pagado\u00bb&#8230; Imagina lo siguiente: Un d\u00eda recibes una llamada donde alguien te pide dirigir unas palabras frente a un grupo de personas. S\u00f3lo tienes que compartir con ellos tu experiencia y conocimientos sobre lo que a ti te gusta. Vas a compartir con ellos [&hellip;]<\/p>\n","protected":false},"author":1,"featured_media":3302,"comment_status":"open","ping_status":"closed","sticky":false,"template":"","format":"standard","meta":{"jetpack_post_was_ever_published":false,"_jetpack_newsletter_access":"","_jetpack_dont_email_post_to_subs":false,"_jetpack_newsletter_tier_id":0,"_jetpack_memberships_contains_paywalled_content":false,"_jetpack_memberships_contains_paid_content":false,"footnotes":"","jetpack_publicize_message":"","jetpack_publicize_feature_enabled":true,"jetpack_social_post_already_shared":true,"jetpack_social_options":{"image_generator_settings":{"template":"highway","default_image_id":0,"font":"","enabled":false},"version":2}},"categories":[32,3],"tags":[9,6],"class_list":["post-1127","post","type-post","status-publish","format-standard","has-post-thumbnail","hentry","category-como-hablar-en-publico-2","category-tecnicas-para-hablar-en-publico","tag-como-agradar-a-tu-publico","tag-como-hablar-en-publico","post-wrapper","thrv_wrapper"],"yoast_head":"<!-- This site is optimized with the Yoast SEO plugin v27.5 - https:\/\/yoast.com\/product\/yoast-seo-wordpress\/ -->\n<title>\u00bfQue Es Un Conferencista? (conferenciante) - TecnicasHablarEnPublico.Com<\/title>\n<meta name=\"robots\" content=\"index, follow, max-snippet:-1, max-image-preview:large, max-video-preview:-1\" \/>\n<link rel=\"canonical\" href=\"https:\/\/tecnicashablarenpublico.com\/blog\/que-es-un-conferencista-conferenciante\/\" \/>\n<meta property=\"og:locale\" content=\"es_ES\" \/>\n<meta property=\"og:type\" content=\"article\" \/>\n<meta property=\"og:title\" content=\"\u00bfQue Es Un Conferencista? (conferenciante) - TecnicasHablarEnPublico.Com\" \/>\n<meta property=\"og:description\" content=\"\u00abSer conferencista es el mejor trabajo del mundo, y el mejor pagado\u00bb&#8230; Imagina lo siguiente: Un d\u00eda recibes una llamada donde alguien te pide dirigir unas palabras frente a un grupo de personas. S\u00f3lo tienes que compartir con ellos tu experiencia y conocimientos sobre lo que a ti te gusta. Vas a compartir con ellos [&hellip;]\" \/>\n<meta property=\"og:url\" content=\"https:\/\/tecnicashablarenpublico.com\/blog\/que-es-un-conferencista-conferenciante\/\" \/>\n<meta property=\"og:site_name\" content=\"TecnicasHablarEnPublico.Com\" \/>\n<meta property=\"article:publisher\" content=\"https:\/\/www.facebook.com\/VictorToscanoOficial\/\" \/>\n<meta property=\"article:author\" content=\"https:\/\/www.facebook.com\/victortoscanooficial\" \/>\n<meta property=\"article:published_time\" content=\"2013-04-24T13:45:37+00:00\" \/>\n<meta property=\"article:modified_time\" content=\"2023-06-14T21:27:10+00:00\" \/>\n<meta property=\"og:image\" content=\"https:\/\/optimizacionpaginasmedia.s3.amazonaws.com\/2023\/06\/4yYWg3EY-7-min.jpg\" \/>\n\t<meta property=\"og:image:width\" content=\"500\" \/>\n\t<meta property=\"og:image:height\" content=\"333\" \/>\n\t<meta property=\"og:image:type\" content=\"image\/jpeg\" \/>\n<meta name=\"author\" content=\"Victor Toscano T V\" \/>\n<meta name=\"twitter:card\" content=\"summary_large_image\" \/>\n<meta name=\"twitter:creator\" content=\"@_victortoscano\" \/>\n<meta name=\"twitter:label1\" content=\"Escrito por\" \/>\n\t<meta name=\"twitter:data1\" content=\"Victor Toscano T V\" \/>\n\t<meta name=\"twitter:label2\" content=\"Tiempo de lectura\" \/>\n\t<meta name=\"twitter:data2\" content=\"4 minutos\" \/>\n<script type=\"application\/ld+json\" class=\"yoast-schema-graph\">{\"@context\":\"https:\\\/\\\/schema.org\",\"@graph\":[{\"@type\":\"Article\",\"@id\":\"https:\\\/\\\/tecnicashablarenpublico.com\\\/blog\\\/que-es-un-conferencista-conferenciante\\\/#article\",\"isPartOf\":{\"@id\":\"https:\\\/\\\/tecnicashablarenpublico.com\\\/blog\\\/que-es-un-conferencista-conferenciante\\\/\"},\"author\":{\"name\":\"Victor Toscano T V\",\"@id\":\"https:\\\/\\\/tecnicashablarenpublico.com\\\/blog\\\/#\\\/schema\\\/person\\\/f6a96b9bb773de8f08f84e4d6e6cf28f\"},\"headline\":\"\u00bfQue Es Un Conferencista? (conferenciante)\",\"datePublished\":\"2013-04-24T13:45:37+00:00\",\"dateModified\":\"2023-06-14T21:27:10+00:00\",\"mainEntityOfPage\":{\"@id\":\"https:\\\/\\\/tecnicashablarenpublico.com\\\/blog\\\/que-es-un-conferencista-conferenciante\\\/\"},\"wordCount\":725,\"commentCount\":5446,\"publisher\":{\"@id\":\"https:\\\/\\\/tecnicashablarenpublico.com\\\/blog\\\/#organization\"},\"image\":{\"@id\":\"https:\\\/\\\/tecnicashablarenpublico.com\\\/blog\\\/que-es-un-conferencista-conferenciante\\\/#primaryimage\"},\"thumbnailUrl\":\"https:\\\/\\\/i0.wp.com\\\/optimizacionpaginasmedia.s3.amazonaws.com\\\/2023\\\/06\\\/4yYWg3EY-7-min.jpg?fit=500%2C333&ssl=1\",\"keywords\":[\"como agradar a tu publico\",\"como hablar en publico\"],\"articleSection\":[\"Como Hablar en Publico\",\"T\u00e9cnicas Para Hablar En P\u00fablico\"],\"inLanguage\":\"es\"},{\"@type\":\"WebPage\",\"@id\":\"https:\\\/\\\/tecnicashablarenpublico.com\\\/blog\\\/que-es-un-conferencista-conferenciante\\\/\",\"url\":\"https:\\\/\\\/tecnicashablarenpublico.com\\\/blog\\\/que-es-un-conferencista-conferenciante\\\/\",\"name\":\"\u00bfQue Es Un Conferencista? (conferenciante) - TecnicasHablarEnPublico.Com\",\"isPartOf\":{\"@id\":\"https:\\\/\\\/tecnicashablarenpublico.com\\\/blog\\\/#website\"},\"primaryImageOfPage\":{\"@id\":\"https:\\\/\\\/tecnicashablarenpublico.com\\\/blog\\\/que-es-un-conferencista-conferenciante\\\/#primaryimage\"},\"image\":{\"@id\":\"https:\\\/\\\/tecnicashablarenpublico.com\\\/blog\\\/que-es-un-conferencista-conferenciante\\\/#primaryimage\"},\"thumbnailUrl\":\"https:\\\/\\\/i0.wp.com\\\/optimizacionpaginasmedia.s3.amazonaws.com\\\/2023\\\/06\\\/4yYWg3EY-7-min.jpg?fit=500%2C333&ssl=1\",\"datePublished\":\"2013-04-24T13:45:37+00:00\",\"dateModified\":\"2023-06-14T21:27:10+00:00\",\"breadcrumb\":{\"@id\":\"https:\\\/\\\/tecnicashablarenpublico.com\\\/blog\\\/que-es-un-conferencista-conferenciante\\\/#breadcrumb\"},\"inLanguage\":\"es\",\"potentialAction\":[{\"@type\":\"ReadAction\",\"target\":[\"https:\\\/\\\/tecnicashablarenpublico.com\\\/blog\\\/que-es-un-conferencista-conferenciante\\\/\"]}]},{\"@type\":\"ImageObject\",\"inLanguage\":\"es\",\"@id\":\"https:\\\/\\\/tecnicashablarenpublico.com\\\/blog\\\/que-es-un-conferencista-conferenciante\\\/#primaryimage\",\"url\":\"https:\\\/\\\/i0.wp.com\\\/optimizacionpaginasmedia.s3.amazonaws.com\\\/2023\\\/06\\\/4yYWg3EY-7-min.jpg?fit=500%2C333&ssl=1\",\"contentUrl\":\"https:\\\/\\\/i0.wp.com\\\/optimizacionpaginasmedia.s3.amazonaws.com\\\/2023\\\/06\\\/4yYWg3EY-7-min.jpg?fit=500%2C333&ssl=1\",\"width\":500,\"height\":333},{\"@type\":\"BreadcrumbList\",\"@id\":\"https:\\\/\\\/tecnicashablarenpublico.com\\\/blog\\\/que-es-un-conferencista-conferenciante\\\/#breadcrumb\",\"itemListElement\":[{\"@type\":\"ListItem\",\"position\":1,\"name\":\"Portada\",\"item\":\"https:\\\/\\\/tecnicashablarenpublico.com\\\/blog\\\/\"},{\"@type\":\"ListItem\",\"position\":2,\"name\":\"\u00bfQue Es Un Conferencista? (conferenciante)\"}]},{\"@type\":\"WebSite\",\"@id\":\"https:\\\/\\\/tecnicashablarenpublico.com\\\/blog\\\/#website\",\"url\":\"https:\\\/\\\/tecnicashablarenpublico.com\\\/blog\\\/\",\"name\":\"TecnicasHablarEnPublico.Com\",\"description\":\"Blog\",\"publisher\":{\"@id\":\"https:\\\/\\\/tecnicashablarenpublico.com\\\/blog\\\/#organization\"},\"potentialAction\":[{\"@type\":\"SearchAction\",\"target\":{\"@type\":\"EntryPoint\",\"urlTemplate\":\"https:\\\/\\\/tecnicashablarenpublico.com\\\/blog\\\/?s={search_term_string}\"},\"query-input\":{\"@type\":\"PropertyValueSpecification\",\"valueRequired\":true,\"valueName\":\"search_term_string\"}}],\"inLanguage\":\"es\"},{\"@type\":\"Organization\",\"@id\":\"https:\\\/\\\/tecnicashablarenpublico.com\\\/blog\\\/#organization\",\"name\":\"TecnicasHablarEnPublico\",\"url\":\"https:\\\/\\\/tecnicashablarenpublico.com\\\/blog\\\/\",\"logo\":{\"@type\":\"ImageObject\",\"inLanguage\":\"es\",\"@id\":\"https:\\\/\\\/tecnicashablarenpublico.com\\\/blog\\\/#\\\/schema\\\/logo\\\/image\\\/\",\"url\":\"https:\\\/\\\/i0.wp.com\\\/tecnicashablarenpublico.com\\\/blog\\\/wp-content\\\/uploads\\\/2014\\\/11\\\/logo_cuadrado.png?fit=286%2C255&ssl=1\",\"contentUrl\":\"https:\\\/\\\/i0.wp.com\\\/tecnicashablarenpublico.com\\\/blog\\\/wp-content\\\/uploads\\\/2014\\\/11\\\/logo_cuadrado.png?fit=286%2C255&ssl=1\",\"width\":286,\"height\":255,\"caption\":\"TecnicasHablarEnPublico\"},\"image\":{\"@id\":\"https:\\\/\\\/tecnicashablarenpublico.com\\\/blog\\\/#\\\/schema\\\/logo\\\/image\\\/\"},\"sameAs\":[\"https:\\\/\\\/www.facebook.com\\\/VictorToscanoOficial\\\/\"]},{\"@type\":\"Person\",\"@id\":\"https:\\\/\\\/tecnicashablarenpublico.com\\\/blog\\\/#\\\/schema\\\/person\\\/f6a96b9bb773de8f08f84e4d6e6cf28f\",\"name\":\"Victor Toscano T V\",\"image\":{\"@type\":\"ImageObject\",\"inLanguage\":\"es\",\"@id\":\"https:\\\/\\\/secure.gravatar.com\\\/avatar\\\/e45c6f1f2986615bd1357fd094a24ab45a2ce7ca867817458fbebca30cd78e46?s=96&d=mm&r=g\",\"url\":\"https:\\\/\\\/secure.gravatar.com\\\/avatar\\\/e45c6f1f2986615bd1357fd094a24ab45a2ce7ca867817458fbebca30cd78e46?s=96&d=mm&r=g\",\"contentUrl\":\"https:\\\/\\\/secure.gravatar.com\\\/avatar\\\/e45c6f1f2986615bd1357fd094a24ab45a2ce7ca867817458fbebca30cd78e46?s=96&d=mm&r=g\",\"caption\":\"Victor Toscano T V\"},\"description\":\"Un apasionado en el tema de Hablar en P\u00fablico y el Crecimiento Personal, que pas\u00f3 de \\\"t\u00edmido\\\" a Conferencista Internacional en menos de dos a\u00f1os.\",\"sameAs\":[\"http:\\\/\\\/www.tecnicashablarenpublico.com\",\"https:\\\/\\\/www.facebook.com\\\/victortoscanooficial\",\"http:\\\/\\\/mx.linkedin.com\\\/in\\\/victortoscano\\\/\",\"http:\\\/\\\/www.pinterest.com\\\/victortoscano\\\/\",\"https:\\\/\\\/x.com\\\/_victortoscano\",\"http:\\\/\\\/victortoscano.com.mx\\\/youtube\"],\"url\":\"https:\\\/\\\/tecnicashablarenpublico.com\\\/blog\\\/author\\\/vict26\\\/\"}]}<\/script>\n<!-- \/ Yoast SEO plugin. -->","yoast_head_json":{"title":"\u00bfQue Es Un Conferencista? (conferenciante) - TecnicasHablarEnPublico.Com","robots":{"index":"index","follow":"follow","max-snippet":"max-snippet:-1","max-image-preview":"max-image-preview:large","max-video-preview":"max-video-preview:-1"},"canonical":"https:\/\/tecnicashablarenpublico.com\/blog\/que-es-un-conferencista-conferenciante\/","og_locale":"es_ES","og_type":"article","og_title":"\u00bfQue Es Un Conferencista? (conferenciante) - TecnicasHablarEnPublico.Com","og_description":"\u00abSer conferencista es el mejor trabajo del mundo, y el mejor pagado\u00bb&#8230; Imagina lo siguiente: Un d\u00eda recibes una llamada donde alguien te pide dirigir unas palabras frente a un grupo de personas. S\u00f3lo tienes que compartir con ellos tu experiencia y conocimientos sobre lo que a ti te gusta. Vas a compartir con ellos [&hellip;]","og_url":"https:\/\/tecnicashablarenpublico.com\/blog\/que-es-un-conferencista-conferenciante\/","og_site_name":"TecnicasHablarEnPublico.Com","article_publisher":"https:\/\/www.facebook.com\/VictorToscanoOficial\/","article_author":"https:\/\/www.facebook.com\/victortoscanooficial","article_published_time":"2013-04-24T13:45:37+00:00","article_modified_time":"2023-06-14T21:27:10+00:00","og_image":[{"width":500,"height":333,"url":"https:\/\/optimizacionpaginasmedia.s3.amazonaws.com\/2023\/06\/4yYWg3EY-7-min.jpg","type":"image\/jpeg"}],"author":"Victor Toscano T V","twitter_card":"summary_large_image","twitter_creator":"@_victortoscano","twitter_misc":{"Escrito por":"Victor Toscano T V","Tiempo de lectura":"4 minutos"},"schema":{"@context":"https:\/\/schema.org","@graph":[{"@type":"Article","@id":"https:\/\/tecnicashablarenpublico.com\/blog\/que-es-un-conferencista-conferenciante\/#article","isPartOf":{"@id":"https:\/\/tecnicashablarenpublico.com\/blog\/que-es-un-conferencista-conferenciante\/"},"author":{"name":"Victor Toscano T V","@id":"https:\/\/tecnicashablarenpublico.com\/blog\/#\/schema\/person\/f6a96b9bb773de8f08f84e4d6e6cf28f"},"headline":"\u00bfQue Es Un Conferencista? (conferenciante)","datePublished":"2013-04-24T13:45:37+00:00","dateModified":"2023-06-14T21:27:10+00:00","mainEntityOfPage":{"@id":"https:\/\/tecnicashablarenpublico.com\/blog\/que-es-un-conferencista-conferenciante\/"},"wordCount":725,"commentCount":5446,"publisher":{"@id":"https:\/\/tecnicashablarenpublico.com\/blog\/#organization"},"image":{"@id":"https:\/\/tecnicashablarenpublico.com\/blog\/que-es-un-conferencista-conferenciante\/#primaryimage"},"thumbnailUrl":"https:\/\/i0.wp.com\/optimizacionpaginasmedia.s3.amazonaws.com\/2023\/06\/4yYWg3EY-7-min.jpg?fit=500%2C333&ssl=1","keywords":["como agradar a tu publico","como hablar en publico"],"articleSection":["Como Hablar en Publico","T\u00e9cnicas Para Hablar En P\u00fablico"],"inLanguage":"es"},{"@type":"WebPage","@id":"https:\/\/tecnicashablarenpublico.com\/blog\/que-es-un-conferencista-conferenciante\/","url":"https:\/\/tecnicashablarenpublico.com\/blog\/que-es-un-conferencista-conferenciante\/","name":"\u00bfQue Es Un Conferencista? (conferenciante) - TecnicasHablarEnPublico.Com","isPartOf":{"@id":"https:\/\/tecnicashablarenpublico.com\/blog\/#website"},"primaryImageOfPage":{"@id":"https:\/\/tecnicashablarenpublico.com\/blog\/que-es-un-conferencista-conferenciante\/#primaryimage"},"image":{"@id":"https:\/\/tecnicashablarenpublico.com\/blog\/que-es-un-conferencista-conferenciante\/#primaryimage"},"thumbnailUrl":"https:\/\/i0.wp.com\/optimizacionpaginasmedia.s3.amazonaws.com\/2023\/06\/4yYWg3EY-7-min.jpg?fit=500%2C333&ssl=1","datePublished":"2013-04-24T13:45:37+00:00","dateModified":"2023-06-14T21:27:10+00:00","breadcrumb":{"@id":"https:\/\/tecnicashablarenpublico.com\/blog\/que-es-un-conferencista-conferenciante\/#breadcrumb"},"inLanguage":"es","potentialAction":[{"@type":"ReadAction","target":["https:\/\/tecnicashablarenpublico.com\/blog\/que-es-un-conferencista-conferenciante\/"]}]},{"@type":"ImageObject","inLanguage":"es","@id":"https:\/\/tecnicashablarenpublico.com\/blog\/que-es-un-conferencista-conferenciante\/#primaryimage","url":"https:\/\/i0.wp.com\/optimizacionpaginasmedia.s3.amazonaws.com\/2023\/06\/4yYWg3EY-7-min.jpg?fit=500%2C333&ssl=1","contentUrl":"https:\/\/i0.wp.com\/optimizacionpaginasmedia.s3.amazonaws.com\/2023\/06\/4yYWg3EY-7-min.jpg?fit=500%2C333&ssl=1","width":500,"height":333},{"@type":"BreadcrumbList","@id":"https:\/\/tecnicashablarenpublico.com\/blog\/que-es-un-conferencista-conferenciante\/#breadcrumb","itemListElement":[{"@type":"ListItem","position":1,"name":"Portada","item":"https:\/\/tecnicashablarenpublico.com\/blog\/"},{"@type":"ListItem","position":2,"name":"\u00bfQue Es Un Conferencista? (conferenciante)"}]},{"@type":"WebSite","@id":"https:\/\/tecnicashablarenpublico.com\/blog\/#website","url":"https:\/\/tecnicashablarenpublico.com\/blog\/","name":"TecnicasHablarEnPublico.Com","description":"Blog","publisher":{"@id":"https:\/\/tecnicashablarenpublico.com\/blog\/#organization"},"potentialAction":[{"@type":"SearchAction","target":{"@type":"EntryPoint","urlTemplate":"https:\/\/tecnicashablarenpublico.com\/blog\/?s={search_term_string}"},"query-input":{"@type":"PropertyValueSpecification","valueRequired":true,"valueName":"search_term_string"}}],"inLanguage":"es"},{"@type":"Organization","@id":"https:\/\/tecnicashablarenpublico.com\/blog\/#organization","name":"TecnicasHablarEnPublico","url":"https:\/\/tecnicashablarenpublico.com\/blog\/","logo":{"@type":"ImageObject","inLanguage":"es","@id":"https:\/\/tecnicashablarenpublico.com\/blog\/#\/schema\/logo\/image\/","url":"https:\/\/i0.wp.com\/tecnicashablarenpublico.com\/blog\/wp-content\/uploads\/2014\/11\/logo_cuadrado.png?fit=286%2C255&ssl=1","contentUrl":"https:\/\/i0.wp.com\/tecnicashablarenpublico.com\/blog\/wp-content\/uploads\/2014\/11\/logo_cuadrado.png?fit=286%2C255&ssl=1","width":286,"height":255,"caption":"TecnicasHablarEnPublico"},"image":{"@id":"https:\/\/tecnicashablarenpublico.com\/blog\/#\/schema\/logo\/image\/"},"sameAs":["https:\/\/www.facebook.com\/VictorToscanoOficial\/"]},{"@type":"Person","@id":"https:\/\/tecnicashablarenpublico.com\/blog\/#\/schema\/person\/f6a96b9bb773de8f08f84e4d6e6cf28f","name":"Victor Toscano T V","image":{"@type":"ImageObject","inLanguage":"es","@id":"https:\/\/secure.gravatar.com\/avatar\/e45c6f1f2986615bd1357fd094a24ab45a2ce7ca867817458fbebca30cd78e46?s=96&d=mm&r=g","url":"https:\/\/secure.gravatar.com\/avatar\/e45c6f1f2986615bd1357fd094a24ab45a2ce7ca867817458fbebca30cd78e46?s=96&d=mm&r=g","contentUrl":"https:\/\/secure.gravatar.com\/avatar\/e45c6f1f2986615bd1357fd094a24ab45a2ce7ca867817458fbebca30cd78e46?s=96&d=mm&r=g","caption":"Victor Toscano T V"},"description":"Un apasionado en el tema de Hablar en P\u00fablico y el Crecimiento Personal, que pas\u00f3 de \"t\u00edmido\" a Conferencista Internacional en menos de dos a\u00f1os.","sameAs":["http:\/\/www.tecnicashablarenpublico.com","https:\/\/www.facebook.com\/victortoscanooficial","http:\/\/mx.linkedin.com\/in\/victortoscano\/","http:\/\/www.pinterest.com\/victortoscano\/","https:\/\/x.com\/_victortoscano","http:\/\/victortoscano.com.mx\/youtube"],"url":"https:\/\/tecnicashablarenpublico.com\/blog\/author\/vict26\/"}]}},"jetpack_publicize_connections":[],"jetpack_featured_media_url":"https:\/\/i0.wp.com\/optimizacionpaginasmedia.s3.amazonaws.com\/2023\/06\/4yYWg3EY-7-min.jpg?fit=500%2C333&ssl=1","jetpack_shortlink":"https:\/\/wp.me\/p338RC-ib","jetpack-related-posts":[{"id":1904,"url":"https:\/\/tecnicashablarenpublico.com\/blog\/como-tu-puedes-ser-un-conferencista-internacional\/","url_meta":{"origin":1127,"position":0},"title":"C\u00f3mo T\u00da Puedes Ser Un Conferencista Internacional","author":"Victor Toscano T V","date":"18\/03\/2014","format":false,"excerpt":"\u00bfAlguna vez has tenido el sue\u00f1o de dar\u00a0conferencias ante miles de personas y vivir de ello? O quiz\u00e1 ya est\u00e1s dando conferencias pero\u00a0no has logrado darte a conocer a nivel\u00a0internacional\u2026 \u00bfTe gustar\u00eda empezar hoy a prepararte? -\u00a0Mira este video ahora: [hyperlink_large_centered link=\"http:\/\/conferenciasinternacionales.org\/\" + target=\"_blank\"]Haz Clic Aqu\u00ed y Reg\u00edstrate a esta\u2026","rel":"","context":"En \u00abComo Hablar en Publico\u00bb","block_context":{"text":"Como Hablar en Publico","link":"https:\/\/tecnicashablarenpublico.com\/blog\/category\/como-hablar-en-publico-2\/"},"img":{"alt_text":"certificacion como hablar en publico","src":"https:\/\/i0.wp.com\/tecnicashablarenpublico.com\/blog\/wp-content\/uploads\/2014\/03\/boton-registrame-300x89.png?resize=350%2C200&ssl=1","width":350,"height":200},"classes":[]},{"id":2292,"url":"https:\/\/tecnicashablarenpublico.com\/blog\/como-ser-un-buen-orador-tecnicas-de-oratoria-para-ser-un-conferencista\/","url_meta":{"origin":1127,"position":1},"title":"C\u00f3mo Ser Un Buen Orador: 5 T\u00e9cnicas de Oratoria Para Ser un Conferencista Positivo y Motivador","author":"Victor Toscano T V","date":"14\/05\/2016","format":false,"excerpt":"C\u00f3mo Ser Un Buen Orador\u00a0\u2014 Aprende las t\u00e9cnicas de oratoria: C\u00f3mo ser un conferencista motivacional famoso y motivador | Clases de Oratoria... \u00bb Mira el VIDEO Aqu\u00ed: \u00bb Suscr\u00edbete en Youtube: http:\/\/victor-toscano.com\/youtube \u00bb M\u00e1s videos de Oratoria:\u00a0https:\/\/tecnicashablarenpublico.com Si quieres lograr un cambio positivo, s\u00e9 un conferencista positivo. \u201cDebido a que\u2026","rel":"","context":"En \u00abCurso de Oratoria Online\u00bb","block_context":{"text":"Curso de Oratoria Online","link":"https:\/\/tecnicashablarenpublico.com\/blog\/category\/curso-de-oratoria-online\/"},"img":{"alt_text":"","src":"https:\/\/i0.wp.com\/optimizacionpaginasmedia.s3.amazonaws.com\/2023\/06\/f5p5D0li-3maxresdefault-copia-min.png?fit=500%2C281&ssl=1&resize=350%2C200","width":350,"height":200},"classes":[]},{"id":2511,"url":"https:\/\/tecnicashablarenpublico.com\/blog\/oratoria-4-de-4-como-ser-carismatico-al-hablar-en-publico\/","url_meta":{"origin":1127,"position":2},"title":"4 de 4 | C\u00f3mo Ser Carism\u00e1tico y Mejorar tu Comunicaci\u00f3n Para Influir al Hablar en P\u00fablico","author":"Victor Toscano T V","date":"10\/10\/2019","format":false,"excerpt":"https:\/\/youtu.be\/6HucDJz8LAg VIDEO 4 de 4 C\u00f3mo mostrar autenticidad y pasi\u00f3n al hablar en p\u00fablico para influir positivamente en las personas... Algunos le llaman, carisma. Otros se refieren a esta habilidad para encantar al p\u00fablico como: \u201ctener \u00e1ngel\u201d. La verdad es que existen presentadores que tienen el poder de ganarse nuestra\u2026","rel":"","context":"En \u00abT\u00e9cnicas Para Hablar En P\u00fablico\u00bb","block_context":{"text":"T\u00e9cnicas Para Hablar En P\u00fablico","link":"https:\/\/tecnicashablarenpublico.com\/blog\/category\/tecnicas-para-hablar-en-publico\/"},"img":{"alt_text":"C\u00f3mo ser carismatico al hablar en publico","src":"https:\/\/i0.wp.com\/optimizacionpaginasmedia.s3.amazonaws.com\/2020\/05\/como-ser-carismatico-al-hablar-en-publico-opt.jpg?fit=900%2C550&ssl=1&resize=350%2C200","width":350,"height":200,"srcset":"https:\/\/i0.wp.com\/optimizacionpaginasmedia.s3.amazonaws.com\/2020\/05\/como-ser-carismatico-al-hablar-en-publico-opt.jpg?fit=900%2C550&ssl=1&resize=350%2C200 1x, https:\/\/i0.wp.com\/optimizacionpaginasmedia.s3.amazonaws.com\/2020\/05\/como-ser-carismatico-al-hablar-en-publico-opt.jpg?fit=900%2C550&ssl=1&resize=525%2C300 1.5x, https:\/\/i0.wp.com\/optimizacionpaginasmedia.s3.amazonaws.com\/2020\/05\/como-ser-carismatico-al-hablar-en-publico-opt.jpg?fit=900%2C550&ssl=1&resize=700%2C400 2x"},"classes":[]},{"id":2262,"url":"https:\/\/tecnicashablarenpublico.com\/blog\/como-ser-un-conferencista-autentico-y-lograr-relaciones-publicas-positivas-curso-de-oratoria\/","url_meta":{"origin":1127,"position":3},"title":"Como Ser Un Conferencista Aut\u00e9ntico y Lograr Relaciones P\u00fablicas Positivas | Curso de Oratoria","author":"Victor Toscano T V","date":"21\/02\/2016","format":false,"excerpt":"C\u00f3mo ser un Conferencista Famoso, Exitoso y Aut\u00e9ntico: A trav\u00e9s de la comunicaci\u00f3n efectiva, la oratoria y las conferencias de motivaci\u00f3n, t\u00fa puedes crear relaciones p\u00fablicas positivas\u2026 \u00bb Mira el VIDEO Aqu\u00ed: \u00bb Suscr\u00edbete en Youtube: http:\/\/victor-toscano.com\/youtube \u00bb M\u00e1s videos de Oratoria:\u00a0https:\/\/tecnicashablarenpublico.com C\u00f3mo Ser Un Conferencista Aut\u00e9ntico y Crear Relaciones\u2026","rel":"","context":"En \u00abT\u00e9cnicas Para Hablar En P\u00fablico\u00bb","block_context":{"text":"T\u00e9cnicas Para Hablar En P\u00fablico","link":"https:\/\/tecnicashablarenpublico.com\/blog\/category\/tecnicas-para-hablar-en-publico\/"},"img":{"alt_text":"","src":"https:\/\/i0.wp.com\/optimizacionpaginasmedia.s3.amazonaws.com\/2023\/06\/jlTcoC6I-como-ser-conferencista-copia-min.png?fit=500%2C281&ssl=1&resize=350%2C200","width":350,"height":200},"classes":[]},{"id":1017,"url":"https:\/\/tecnicashablarenpublico.com\/blog\/libertad-financiera-robert-kiyosaki-hablar-en-publico-te-permitira-lograrlo\/","url_meta":{"origin":1127,"position":4},"title":"Libertad Financiera Robert Kiyosaki &#8211; Hablar En P\u00fablico Te Permitir\u00e1 Lograrlo :)","author":"Victor Toscano T V","date":"21\/02\/2013","format":false,"excerpt":"Hoy en d\u00eda los paradigmas est\u00e1n cambiando, y muchas personas est\u00e1n buscando activamente su libertad financiera... Yo empec\u00e9 a buscar la m\u00eda cuando le\u00ed el libro de Robert Kiyosaki: \"Padre Rico, Padre Pobre\". Un libro muy recomendable para salir de la carrera de la rata. Pero, \u00bfQu\u00e9 tiene que ver\u2026","rel":"","context":"En \u00abAprender a Hablar en Publico\u00bb","block_context":{"text":"Aprender a Hablar en Publico","link":"https:\/\/tecnicashablarenpublico.com\/blog\/category\/aprender-a-hablar-en-publico\/"},"img":{"alt_text":"Libertad Financiera Robert Kiyosaki - Hablar En P\u00fablico Te Permitir\u00e1 Lograrlo )","src":"https:\/\/i0.wp.com\/tecnicashablarenpublico.com\/blog\/wp-content\/uploads\/2013\/02\/Libertad-Financiera-Robert-Kiyosaki-Hablar-En-Publico-Te-Permitira-Lograrlo-300x189.jpg?resize=350%2C200&ssl=1","width":350,"height":200},"classes":[]},{"id":1724,"url":"https:\/\/tecnicashablarenpublico.com\/blog\/quieres-aprender-a-hablar-en-publico-video-entrevista\/","url_meta":{"origin":1127,"position":5},"title":"* \u00bfQuieres Aprender a Hablar en P\u00fablico? * | VIDEO ENTREVISTA","author":"Victor Toscano T V","date":"18\/12\/2013","format":false,"excerpt":"\u00bfTe gustar\u00eda conocer un poco de mi historia al aprender a Hablar en P\u00fablico y unos consejos muy pr\u00e1cticos para que t\u00fa tambi\u00e9n domines esta habilidad? Hace poco me entrevistaron para un programa de radio del conferencista Salvador Santoyo y tuve la oportunidad de grabar mi participaci\u00f3n en video. Ahora\u2026","rel":"","context":"En \u00abComo Hablar en Publico\u00bb","block_context":{"text":"Como Hablar en Publico","link":"https:\/\/tecnicashablarenpublico.com\/blog\/category\/como-hablar-en-publico-2\/"},"img":{"alt_text":"","src":"","width":0,"height":0},"classes":[]}],"jetpack_sharing_enabled":true,"_links":{"self":[{"href":"https:\/\/tecnicashablarenpublico.com\/blog\/wp-json\/wp\/v2\/posts\/1127","targetHints":{"allow":["GET"]}}],"collection":[{"href":"https:\/\/tecnicashablarenpublico.com\/blog\/wp-json\/wp\/v2\/posts"}],"about":[{"href":"https:\/\/tecnicashablarenpublico.com\/blog\/wp-json\/wp\/v2\/types\/post"}],"author":[{"embeddable":true,"href":"https:\/\/tecnicashablarenpublico.com\/blog\/wp-json\/wp\/v2\/users\/1"}],"replies":[{"embeddable":true,"href":"https:\/\/tecnicashablarenpublico.com\/blog\/wp-json\/wp\/v2\/comments?post=1127"}],"version-history":[{"count":0,"href":"https:\/\/tecnicashablarenpublico.com\/blog\/wp-json\/wp\/v2\/posts\/1127\/revisions"}],"wp:featuredmedia":[{"embeddable":true,"href":"https:\/\/tecnicashablarenpublico.com\/blog\/wp-json\/wp\/v2\/media\/3302"}],"wp:attachment":[{"href":"https:\/\/tecnicashablarenpublico.com\/blog\/wp-json\/wp\/v2\/media?parent=1127"}],"wp:term":[{"taxonomy":"category","embeddable":true,"href":"https:\/\/tecnicashablarenpublico.com\/blog\/wp-json\/wp\/v2\/categories?post=1127"},{"taxonomy":"post_tag","embeddable":true,"href":"https:\/\/tecnicashablarenpublico.com\/blog\/wp-json\/wp\/v2\/tags?post=1127"}],"curies":[{"name":"wp","href":"https:\/\/api.w.org\/{rel}","templated":true}]}}